{"id":3697,"date":"2015-03-13T10:07:09","date_gmt":"2015-03-13T09:07:09","guid":{"rendered":"https:\/\/www.noidiqua.it\/Agliana\/?p=3697"},"modified":"2022-12-21T11:38:20","modified_gmt":"2022-12-21T10:38:20","slug":"i-brevi-nodiqua","status":"publish","type":"post","link":"https:\/\/www.noidiqua.it\/Agliana\/i-brevi-nodiqua\/","title":{"rendered":"I brevi di Nodiqua"},"content":{"rendered":"<p><em>di\u00a0Piera Salvi<br \/>\n<\/em><\/p>\n<p>marzo 2015<\/p>\n<p><a href=\"https:\/\/www.noidiqua.it\/Agliana\/wp-content\/uploads\/2018\/03\/Logo-Noidiqua.png\" rel=\"wp-prettyPhoto[3697]\"><img loading=\"lazy\" decoding=\"async\" class=\"aligncenter size-full wp-image-6781\" src=\"https:\/\/www.noidiqua.it\/Agliana\/wp-content\/uploads\/2018\/03\/Logo-Noidiqua.png\" alt=\"\" width=\"488\" height=\"344\" srcset=\"https:\/\/www.noidiqua.it\/Agliana\/wp-content\/uploads\/2018\/03\/Logo-Noidiqua.png 488w, https:\/\/www.noidiqua.it\/Agliana\/wp-content\/uploads\/2018\/03\/Logo-Noidiqua-300x211.png 300w\" sizes=\"auto, (max-width: 488px) 100vw, 488px\" \/><\/a><\/p>\n<p>&nbsp;<\/p>\n<p class=\"p1\" style=\"text-align: justify;\"><span class=\"s1\"><b>Da luned\u00ec 2 febbraio il centro di raccolta \u201cMaciste\u201d, ubicato presso la sede Cis di Montale, in via Tobagi, 16\/A, ha ampliato l\u2019orario di apertura anche al pomeriggio, per tre giorni alla settimana. <\/b><\/span><span class=\"s2\">Con questo ulteriore servizio, Cis accoglie la richiesta dei Comuni serviti (Montale, Agliana e Quarrata), al fine di agevolare i conferimenti dei rifiuti da parte dei cittadini.\u00a0<\/span>Questo il nuovo orario: dal luned\u00ec al sabato dalle 8 alle 12.45, il luned\u00ec, mercoled\u00ec e venerd\u00ec apertura anche al pomeriggio dalle 14 alle 16.30. La consegna dei kit e dei sacchi utili alla raccolta porta a porta, viene effettuata solo al mattino. Dunque Cis amplia il servizio alla piattaforma ecologica Maciste, attrezzata per lo smistamento dei rifiuti affinch\u00e9 vengano recuperati, riciclati o smaltiti pi\u00f9 agevolmente, e dove si possono conferire anche gli ingombranti. A Maciste si possono portare gratuitamente scarti derivanti da piccole demolizioni domestiche, arredi ed elettrodomestici, legname, cassette, pallettes, mobili, residui da potature, sfalci, foglie, carta e cartone, vetro, materiali in ferro, lattine ed alluminio, plastica, gomma e pneumatici, abiti smessi, beni durevoli dismessi. Insomma tutto quello che viene abbandonato selvaggiamente, di solito in luoghi periferici del territorio.<\/p>\n<p>&nbsp;<\/p>\n<p>&nbsp;<\/p>\n<p class=\"p1\" style=\"text-align: justify;\"><span class=\"s1\"><b>I notevoli interventi effettuati e in corso sui fossi minori e sui torrenti, dovrebbero portare miglioramenti al rischio idrogeologico nel territorio aglianese<\/b><\/span>. In particolare, il Comune si \u00e8 impegnato a risolvere i problemi nelle zone che negli ultimi anni sono risultate pi\u00f9 critiche: da via Ferrucci a via Panaro e l\u2019area di via Garcigliana, che sono le pi\u00f9 soggette ad allagamenti. L\u2019assessore alla protezione civile e rischio idrogeologico, Italo Fontana, informa che nel sottopasso di via Ferrucci \u00e8 stata individuata la causa degli allagamenti: un tubo rotto che \u00e8 stato sostituito. Per quanto riguarda i lavori sui torrenti, sull\u2019argine della Brana (lato Ferruccia) \u00e8 in corso l\u2019intervento finanziato dalla Regione ed eseguito dal Consorzio di bonifica Medio Valdarno; nel tratto tra Ponte dei Pepponi e il torrente Calice, per il ringrosso arginale esterno. A primavera sono previsti i lavori all\u2019interno dell\u2019alveo. La Provincia ha completato quello sulla Brana a monte e a valle del Ponte di Berlicche, dove \u00e8 stato riparato anche uno scascio che si era aperto di recente. Sulla Bure, ripristino di un tratto di muro sulla vecchia Provinciale, in prossimit\u00e0 del parco Pertini, sempre a cura del Consorzio, che ha completato anche il lavoro sull\u2019Ombrone fra Casone dei Giacomelli e Guado dei Sarti (sul confine Agliana-Pistoia). Fra gli interventi prioritari da effettuare \u00e8 in valutazione, da parte della conferenza permanente regionale, il progetto preliminare di alcune casse di espansione lungo il fosso Settola.<\/p>\n<p>&nbsp;<\/p>\n<p>&nbsp;<\/p>\n<p class=\"p1\" style=\"text-align: justify;\"><span class=\"s1\"><b>Presentazioni di libri e visite guidate: ecco le proposte dei volontari della Bibliocoop di Agliana fino a giugno<\/b><\/span>. Il 10 aprile (ore 17.30) sar\u00e0 presentato il libro dell\u2019aglianese Virgilio Dominici \u201cHo imparato a nuotare con una zucca\u201d. Con l\u2019autore sar\u00e0 presente il professor Renato Risaliti, ex sindaco di Agliana. Da sabato 14 marzo ha preso il via l\u2019iniziativa \u201cA spasso con la Bibliocoop\u201d, con la visita guidata al \u201cMuseo casa di Zela\u201d presso l\u2019area naturale La Querciola di Quarrata (dalle 9.30 alle 11). Sabato 18 aprile (dalle 10 alle 12) visita al \u201cNursery park Vannucci piante\u201d di Pistoia. Sabato 16 maggio (ore 10-12) la visita \u00e8 dedicata alla scoperta del Liberty a Montecatini Terme. Sabato 6 giugno (9.30 -13.30) l\u2019itinerario \u00e8: Villa Argentina e il Liberty a Viareggio. <b>Per partecipare \u00e8 necessaria la prenotazione alla Bibliocoop (sezione soci Coop di Agliana, telefono 0574.718848, il sabato dalle 15 alle 19 e il luned\u00ec dalle 9 alle 13)<\/b>.<\/p>\n<p>&nbsp;<\/p>\n<p>&nbsp;<\/p>\n<p class=\"p1\" style=\"text-align: justify;\"><span class=\"s1\"><b>Ha festeggiato quarant\u2019anni di volo il pilota aglianese Camillo Saracinelli. Fu lui, il 28 febbraio 2013, a condurre l\u2019elicottero Ecureuil As 355, un bimotore della societ\u00e0 Palio Air Service di Calenzano, che sorvol\u00f2 il cielo tra il Vaticano e Castel Gandolfo per consentire di effettuate le riprese durante il trasferimento del Papa dimissionario Benedetto XVI<\/b><\/span>. E\u2019 grazie all\u2019esperienza di Saracinelli e alla sinergia con l\u2019operatore a bordo dell\u2019elicottero che il mondo intero ha potuto seguire questo evento unico e quelle riprese resteranno come un prezioso documento storico. Ex pilota dell\u2019aviazione dell\u2019esercito, col grado di luogotenente, per venti anni ha prestato servizio nel 27\u00b0 Gruppo aviazione esercito Mercurio, all&#8217;aeroporto di Firenze Peretola. Dal 2009 \u00e8 passato in servizio civile con la qualifica di comandante. Per la Palio Air Service ricopre l\u2019incarico di direttore operativo volo ed ha effettuato servizi di trasporto passeggeri in tutta l\u2019Italia e collaborazioni con la Rai per filmati di gare sportive. Il suo primo volo risale al 15 ottobre 1974, dall\u2019aeroporto di Ampugnano (Siena); consegu\u00ec la licenza di volo nel 1975, il suo primo decollo da solista \u00e8 del marzo 1975. Attualmente ha totalizzato circa 4.000 ore di volo.<\/p>","protected":false},"excerpt":{"rendered":"<p>di\u00a0Piera Salvi marzo 2015 &nbsp; Da luned\u00ec 2 febbraio il centro di raccolta \u201cMaciste\u201d, ubicato presso la sede Cis di Montale, in via Tobagi, 16\/A, ha ampliato l\u2019orario di apertura anche al pomeriggio, per tre giorni alla settimana. Con questo ulteriore servizio, Cis accoglie la richiesta dei [&hellip;]<\/p>","protected":false},"author":13,"featured_media":0,"comment_status":"open","ping_status":"open","sticky":false,"template":"","format":"standard","meta":{"footnotes":""},"categories":[2,14],"tags":[37,38,42,79,84,97,108,124,129],"class_list":["post-3697","post","type-post","status-publish","format-standard","hentry","category-ag","category-brevi-ndq-qt","tag-ag-ag","tag-aglianese","tag-arti-e-mestieri","tag-gente-di-qua","tag-laglianese","tag-noidiqua-laglianese","tag-piera-salvi","tag-spettacolo","tag-territorio-agliana"],"yoast_head":"<!-- This site is optimized with the Yoast SEO plugin v25.5 - https:\/\/yoast.com\/wordpress\/plugins\/seo\/ -->\n<title>I brevi di Nodiqua - Noi di Qua Testata giornalistica e di attualit\u00e0 di Agliana, Montale e Quarrata.<\/title>\n<meta name=\"robots\" content=\"index, follow, max-snippet:-1, max-image-preview:large, max-video-preview:-1\" \/>\n<link rel=\"canonical\" href=\"https:\/\/www.noidiqua.it\/Agliana\/i-brevi-nodiqua\/\" \/>\n<meta property=\"og:locale\" content=\"it_IT\" \/>\n<meta property=\"og:type\" content=\"article\" \/>\n<meta property=\"og:title\" content=\"I brevi di Nodiqua - Noi di Qua Testata giornalistica e di attualit\u00e0 di Agliana, Montale e Quarrata.\" \/>\n<meta property=\"og:description\" content=\"di\u00a0Piera Salvi marzo 2015 &nbsp; Da luned\u00ec 2 febbraio il centro di raccolta \u201cMaciste\u201d, ubicato presso la sede Cis di Montale, in via Tobagi, 16\/A, ha ampliato l\u2019orario di apertura anche al pomeriggio, per tre giorni alla settimana. Con questo ulteriore servizio, Cis accoglie la richiesta dei [&hellip;]\" \/>\n<meta property=\"og:url\" content=\"https:\/\/www.noidiqua.it\/Agliana\/i-brevi-nodiqua\/\" \/>\n<meta property=\"og:site_name\" content=\"Noi di Qua Testata giornalistica e di attualit\u00e0 di Agliana, Montale e Quarrata.\" \/>\n<meta property=\"article:publisher\" content=\"https:\/\/www.facebook.com\/noidiqua.trimestrale\/\" \/>\n<meta property=\"article:published_time\" content=\"2015-03-13T09:07:09+00:00\" \/>\n<meta property=\"article:modified_time\" content=\"2022-12-21T10:38:20+00:00\" \/>\n<meta property=\"og:image\" content=\"https:\/\/www.noidiqua.it\/Agliana\/wp-content\/uploads\/2018\/03\/Logo-Noidiqua.png\" \/>\n<meta name=\"author\" content=\"Piera Salvi\" \/>\n<meta name=\"twitter:label1\" content=\"Scritto da\" \/>\n\t<meta name=\"twitter:data1\" content=\"Piera Salvi\" \/>\n\t<meta name=\"twitter:label2\" content=\"Tempo di lettura stimato\" \/>\n\t<meta name=\"twitter:data2\" content=\"4 minuti\" \/>\n<script type=\"application\/ld+json\" class=\"yoast-schema-graph\">{\"@context\":\"https:\/\/schema.org\",\"@graph\":[{\"@type\":\"WebPage\",\"@id\":\"https:\/\/www.noidiqua.it\/Agliana\/i-brevi-nodiqua\/\",\"url\":\"https:\/\/www.noidiqua.it\/Agliana\/i-brevi-nodiqua\/\",\"name\":\"I brevi di Nodiqua - Noi di Qua Testata giornalistica e di attualit\u00e0 di Agliana, Montale e Quarrata.\",\"isPartOf\":{\"@id\":\"https:\/\/www.noidiqua.it\/Agliana\/#website\"},\"primaryImageOfPage\":{\"@id\":\"https:\/\/www.noidiqua.it\/Agliana\/i-brevi-nodiqua\/#primaryimage\"},\"image\":{\"@id\":\"https:\/\/www.noidiqua.it\/Agliana\/i-brevi-nodiqua\/#primaryimage\"},\"thumbnailUrl\":\"https:\/\/www.noidiqua.it\/Agliana\/wp-content\/uploads\/2018\/03\/Logo-Noidiqua.png\",\"datePublished\":\"2015-03-13T09:07:09+00:00\",\"dateModified\":\"2022-12-21T10:38:20+00:00\",\"author\":{\"@id\":\"https:\/\/www.noidiqua.it\/Agliana\/#\/schema\/person\/bb7515c2330bb1137f247276096fa7dc\"},\"breadcrumb\":{\"@id\":\"https:\/\/www.noidiqua.it\/Agliana\/i-brevi-nodiqua\/#breadcrumb\"},\"inLanguage\":\"it-IT\",\"potentialAction\":[{\"@type\":\"ReadAction\",\"target\":[\"https:\/\/www.noidiqua.it\/Agliana\/i-brevi-nodiqua\/\"]}]},{\"@type\":\"ImageObject\",\"inLanguage\":\"it-IT\",\"@id\":\"https:\/\/www.noidiqua.it\/Agliana\/i-brevi-nodiqua\/#primaryimage\",\"url\":\"https:\/\/www.noidiqua.it\/Agliana\/wp-content\/uploads\/2018\/03\/Logo-Noidiqua.png\",\"contentUrl\":\"https:\/\/www.noidiqua.it\/Agliana\/wp-content\/uploads\/2018\/03\/Logo-Noidiqua.png\",\"width\":488,\"height\":344},{\"@type\":\"BreadcrumbList\",\"@id\":\"https:\/\/www.noidiqua.it\/Agliana\/i-brevi-nodiqua\/#breadcrumb\",\"itemListElement\":[{\"@type\":\"ListItem\",\"position\":1,\"name\":\"Home\",\"item\":\"https:\/\/www.noidiqua.it\/Agliana\/\"},{\"@type\":\"ListItem\",\"position\":2,\"name\":\"I brevi di Nodiqua\"}]},{\"@type\":\"WebSite\",\"@id\":\"https:\/\/www.noidiqua.it\/Agliana\/#website\",\"url\":\"https:\/\/www.noidiqua.it\/Agliana\/\",\"name\":\"Noi di Qua Testata giornalistica e di attualit\u00e0 di Agliana, Montale e Quarrata.\",\"description\":\"Testata Giornalistica Quarrata Montale Agliana\",\"potentialAction\":[{\"@type\":\"SearchAction\",\"target\":{\"@type\":\"EntryPoint\",\"urlTemplate\":\"https:\/\/www.noidiqua.it\/Agliana\/?s={search_term_string}\"},\"query-input\":{\"@type\":\"PropertyValueSpecification\",\"valueRequired\":true,\"valueName\":\"search_term_string\"}}],\"inLanguage\":\"it-IT\"},{\"@type\":\"Person\",\"@id\":\"https:\/\/www.noidiqua.it\/Agliana\/#\/schema\/person\/bb7515c2330bb1137f247276096fa7dc\",\"name\":\"Piera Salvi\",\"image\":{\"@type\":\"ImageObject\",\"inLanguage\":\"it-IT\",\"@id\":\"https:\/\/www.noidiqua.it\/Agliana\/#\/schema\/person\/image\/\",\"url\":\"https:\/\/secure.gravatar.com\/avatar\/2f9b1fb6e13f3b3e63bde435d999a73be036e320f7a0f5f32f9ac21859d999cd?s=96&d=mm&r=g\",\"contentUrl\":\"https:\/\/secure.gravatar.com\/avatar\/2f9b1fb6e13f3b3e63bde435d999a73be036e320f7a0f5f32f9ac21859d999cd?s=96&d=mm&r=g\",\"caption\":\"Piera Salvi\"},\"url\":\"https:\/\/www.noidiqua.it\/Agliana\/author\/piera-salvi\/\"}]}<\/script>\n<!-- \/ Yoast SEO plugin. -->","yoast_head_json":{"title":"I brevi di Nodiqua - Noi di Qua Testata giornalistica e di attualit\u00e0 di Agliana, Montale e Quarrata.","robots":{"index":"index","follow":"follow","max-snippet":"max-snippet:-1","max-image-preview":"max-image-preview:large","max-video-preview":"max-video-preview:-1"},"canonical":"https:\/\/www.noidiqua.it\/Agliana\/i-brevi-nodiqua\/","og_locale":"it_IT","og_type":"article","og_title":"I brevi di Nodiqua - Noi di Qua Testata giornalistica e di attualit\u00e0 di Agliana, Montale e Quarrata.","og_description":"di\u00a0Piera Salvi marzo 2015 &nbsp; Da luned\u00ec 2 febbraio il centro di raccolta \u201cMaciste\u201d, ubicato presso la sede Cis di Montale, in via Tobagi, 16\/A, ha ampliato l\u2019orario di apertura anche al pomeriggio, per tre giorni alla settimana. Con questo ulteriore servizio, Cis accoglie la richiesta dei [&hellip;]","og_url":"https:\/\/www.noidiqua.it\/Agliana\/i-brevi-nodiqua\/","og_site_name":"Noi di Qua Testata giornalistica e di attualit\u00e0 di Agliana, Montale e Quarrata.","article_publisher":"https:\/\/www.facebook.com\/noidiqua.trimestrale\/","article_published_time":"2015-03-13T09:07:09+00:00","article_modified_time":"2022-12-21T10:38:20+00:00","og_image":[{"url":"https:\/\/www.noidiqua.it\/Agliana\/wp-content\/uploads\/2018\/03\/Logo-Noidiqua.png","type":"","width":"","height":""}],"author":"Piera Salvi","twitter_misc":{"Scritto da":"Piera Salvi","Tempo di lettura stimato":"4 minuti"},"schema":{"@context":"https:\/\/schema.org","@graph":[{"@type":"WebPage","@id":"https:\/\/www.noidiqua.it\/Agliana\/i-brevi-nodiqua\/","url":"https:\/\/www.noidiqua.it\/Agliana\/i-brevi-nodiqua\/","name":"I brevi di Nodiqua - Noi di Qua Testata giornalistica e di attualit\u00e0 di Agliana, Montale e Quarrata.","isPartOf":{"@id":"https:\/\/www.noidiqua.it\/Agliana\/#website"},"primaryImageOfPage":{"@id":"https:\/\/www.noidiqua.it\/Agliana\/i-brevi-nodiqua\/#primaryimage"},"image":{"@id":"https:\/\/www.noidiqua.it\/Agliana\/i-brevi-nodiqua\/#primaryimage"},"thumbnailUrl":"https:\/\/www.noidiqua.it\/Agliana\/wp-content\/uploads\/2018\/03\/Logo-Noidiqua.png","datePublished":"2015-03-13T09:07:09+00:00","dateModified":"2022-12-21T10:38:20+00:00","author":{"@id":"https:\/\/www.noidiqua.it\/Agliana\/#\/schema\/person\/bb7515c2330bb1137f247276096fa7dc"},"breadcrumb":{"@id":"https:\/\/www.noidiqua.it\/Agliana\/i-brevi-nodiqua\/#breadcrumb"},"inLanguage":"it-IT","potentialAction":[{"@type":"ReadAction","target":["https:\/\/www.noidiqua.it\/Agliana\/i-brevi-nodiqua\/"]}]},{"@type":"ImageObject","inLanguage":"it-IT","@id":"https:\/\/www.noidiqua.it\/Agliana\/i-brevi-nodiqua\/#primaryimage","url":"https:\/\/www.noidiqua.it\/Agliana\/wp-content\/uploads\/2018\/03\/Logo-Noidiqua.png","contentUrl":"https:\/\/www.noidiqua.it\/Agliana\/wp-content\/uploads\/2018\/03\/Logo-Noidiqua.png","width":488,"height":344},{"@type":"BreadcrumbList","@id":"https:\/\/www.noidiqua.it\/Agliana\/i-brevi-nodiqua\/#breadcrumb","itemListElement":[{"@type":"ListItem","position":1,"name":"Home","item":"https:\/\/www.noidiqua.it\/Agliana\/"},{"@type":"ListItem","position":2,"name":"I brevi di Nodiqua"}]},{"@type":"WebSite","@id":"https:\/\/www.noidiqua.it\/Agliana\/#website","url":"https:\/\/www.noidiqua.it\/Agliana\/","name":"Noi di Qua Testata giornalistica e di attualit\u00e0 di Agliana, Montale e Quarrata.","description":"Testata Giornalistica Quarrata Montale Agliana","potentialAction":[{"@type":"SearchAction","target":{"@type":"EntryPoint","urlTemplate":"https:\/\/www.noidiqua.it\/Agliana\/?s={search_term_string}"},"query-input":{"@type":"PropertyValueSpecification","valueRequired":true,"valueName":"search_term_string"}}],"inLanguage":"it-IT"},{"@type":"Person","@id":"https:\/\/www.noidiqua.it\/Agliana\/#\/schema\/person\/bb7515c2330bb1137f247276096fa7dc","name":"Piera Salvi","image":{"@type":"ImageObject","inLanguage":"it-IT","@id":"https:\/\/www.noidiqua.it\/Agliana\/#\/schema\/person\/image\/","url":"https:\/\/secure.gravatar.com\/avatar\/2f9b1fb6e13f3b3e63bde435d999a73be036e320f7a0f5f32f9ac21859d999cd?s=96&d=mm&r=g","contentUrl":"https:\/\/secure.gravatar.com\/avatar\/2f9b1fb6e13f3b3e63bde435d999a73be036e320f7a0f5f32f9ac21859d999cd?s=96&d=mm&r=g","caption":"Piera Salvi"},"url":"https:\/\/www.noidiqua.it\/Agliana\/author\/piera-salvi\/"}]}},"_links":{"self":[{"href":"https:\/\/www.noidiqua.it\/Agliana\/wp-json\/wp\/v2\/posts\/3697","targetHints":{"allow":["GET"]}}],"collection":[{"href":"https:\/\/www.noidiqua.it\/Agliana\/wp-json\/wp\/v2\/posts"}],"about":[{"href":"https:\/\/www.noidiqua.it\/Agliana\/wp-json\/wp\/v2\/types\/post"}],"author":[{"embeddable":true,"href":"https:\/\/www.noidiqua.it\/Agliana\/wp-json\/wp\/v2\/users\/13"}],"replies":[{"embeddable":true,"href":"https:\/\/www.noidiqua.it\/Agliana\/wp-json\/wp\/v2\/comments?post=3697"}],"version-history":[{"count":4,"href":"https:\/\/www.noidiqua.it\/Agliana\/wp-json\/wp\/v2\/posts\/3697\/revisions"}],"predecessor-version":[{"id":7852,"href":"https:\/\/www.noidiqua.it\/Agliana\/wp-json\/wp\/v2\/posts\/3697\/revisions\/7852"}],"wp:attachment":[{"href":"https:\/\/www.noidiqua.it\/Agliana\/wp-json\/wp\/v2\/media?parent=3697"}],"wp:term":[{"taxonomy":"category","embeddable":true,"href":"https:\/\/www.noidiqua.it\/Agliana\/wp-json\/wp\/v2\/categories?post=3697"},{"taxonomy":"post_tag","embeddable":true,"href":"https:\/\/www.noidiqua.it\/Agliana\/wp-json\/wp\/v2\/tags?post=3697"}],"curies":[{"name":"wp","href":"https:\/\/api.w.org\/{rel}","templated":true}]}}