{"id":3700,"date":"2015-03-13T10:17:07","date_gmt":"2015-03-13T09:17:07","guid":{"rendered":"https:\/\/www.noidiqua.it\/Agliana\/?p=3700"},"modified":"2022-12-21T11:40:58","modified_gmt":"2022-12-21T10:40:58","slug":"bufera-vento-fenomeno-precedenti","status":"publish","type":"post","link":"https:\/\/www.noidiqua.it\/Agliana\/bufera-vento-fenomeno-precedenti\/","title":{"rendered":"Bufera di vento: un fenomeno senza precedenti"},"content":{"rendered":"<p><em>di\u00a0Piera Salvi<br \/>\n<\/em><\/p>\n<p>marzo 2015<\/p>\n<p><a href=\"https:\/\/www.noidiqua.it\/Agliana\/wp-content\/uploads\/2015\/03\/bufera-3.png\" rel=\"wp-prettyPhoto[3700]\"><img loading=\"lazy\" decoding=\"async\" class=\"aligncenter size-full wp-image-7853\" src=\"https:\/\/www.noidiqua.it\/Agliana\/wp-content\/uploads\/2015\/03\/bufera-3.png\" alt=\"\" width=\"501\" height=\"376\" srcset=\"https:\/\/www.noidiqua.it\/Agliana\/wp-content\/uploads\/2015\/03\/bufera-3.png 501w, https:\/\/www.noidiqua.it\/Agliana\/wp-content\/uploads\/2015\/03\/bufera-3-300x225.png 300w\" sizes=\"auto, (max-width: 501px) 100vw, 501px\" \/><\/a><\/p>\n<p>Avremmo preferito iniziare il 2015 con un\u2019altra storia, ma considerata la calamit\u00e0 che ha colpito <strong>Agliana<\/strong>, come tanti altri comuni del pistoiese e della <strong>Toscana<\/strong>, per la violenta tempesta di vento, il primo numero di quest\u2019anno \u00e8 dedicato a una storia recente che non dimenticheremo. La bufera di vento di tramontana, che si \u00e8 abbattuta sul nostro territorio nella notte fra mercoled\u00ec 4 e gioved\u00ec 5 marzo e durata per tutta la mattinata di gioved\u00ec, non ha precedenti. Nessuno ricorda che un simile flagello abbia colpito in passato la nostra piana. Dieci ore, o forse pi\u00f9, di vento fortissimo, paragonabile alla bora. Centinaia di alberi abbattuti e circa duemila tetti danneggiati, diversi completamente scoperchiati. Recinzioni distrutte, auto schiacciate sotto il\u00a0peso delle piante o delle tegole volate via, segnali stradali e cartelloni pubblicitari divelti, le coperture delle serre nei vivai volate via. L\u2019anemometro situato allo scolmatore del torrente Brana ha rilevato raffiche anche oltre i 160 km\/ora.<\/p>\n<p><a href=\"https:\/\/www.noidiqua.it\/Agliana\/wp-content\/uploads\/2015\/03\/bufera-2.png\" rel=\"wp-prettyPhoto[3700]\"><img loading=\"lazy\" decoding=\"async\" class=\"aligncenter size-full wp-image-7855\" src=\"https:\/\/www.noidiqua.it\/Agliana\/wp-content\/uploads\/2015\/03\/bufera-2.png\" alt=\"\" width=\"501\" height=\"342\" srcset=\"https:\/\/www.noidiqua.it\/Agliana\/wp-content\/uploads\/2015\/03\/bufera-2.png 501w, https:\/\/www.noidiqua.it\/Agliana\/wp-content\/uploads\/2015\/03\/bufera-2-300x205.png 300w\" sizes=\"auto, (max-width: 501px) 100vw, 501px\" \/><\/a><\/p>\n<p>Sabato 7 marzo era ancora impossibile poter calcolare i danni subiti da famiglie e aziende, ma c\u2019erano ancora abitazioni senza energia elettrica dal gioved\u00ec notte: una quindicina di famiglie in via <strong>Marconi<\/strong>, tre in via <strong>Trento<\/strong> e altre utenze in via <strong>Santini<\/strong>, una trentina di famiglie e il salumificio <strong>RoMa<\/strong> a <strong>Ponte dei Bini<\/strong> (dove la luce \u00e8 tornata domenica sera alle 20.30), mentre in via <strong>Vecchia<\/strong> provinciale e via <strong>Serragliolo<\/strong> una decina di famiglie, di cui tre con disabili, fino al luned\u00ec sono rimaste al buio e al freddo. La mattina di gioved\u00ec 5 lo scenario era da apocalisse: impraticabili via <strong>Roma<\/strong>, via <strong>Berlinguer<\/strong>, via <strong>Mallemort de Provence<\/strong> (tratto campi sportivi), via<strong> Buozzi<\/strong>, via <strong>Serragliolo<\/strong>, via <strong>Galilei<\/strong> (da rotatoria via <strong>Assisi<\/strong> a <strong>Rotatoria Sp6<\/strong>), via <strong>San Michele<\/strong> (fra via <strong>Reno<\/strong> e<strong> Piazza don Bianchi<\/strong>), via <strong>Santini<\/strong> (da via <strong>Lavagnini<\/strong> a via <strong>Boccardi<\/strong>), via <strong>Selva<\/strong>, via <strong>Ticino<\/strong>, via di <strong>Saverio<\/strong>, via <strong>Calice<\/strong> da via <strong>Otranto<\/strong> a via <strong>Chiusa<\/strong>, via <strong>Casello<\/strong>, via <strong>Michelangelo<\/strong>, via <strong>Settola<\/strong>, via<strong> Torino<\/strong> e via <strong>Marx<\/strong>.\u00a0 Diversi i grossi alberi (soprattutto pini) caduti sulla sede stradale, sui cavi dell\u2019energia elettrica, nei giardini privati e nei parchi pubblici. Giganti inermi, sradicati dal suolo, stesi a terra; i tronchi spezzati contro le recinzioni, oppure con le chiome schiantate contro i tetti delle case. Le scuole di ogni ordine e grado, pubbliche e private, per ripristinare le condizioni di sicurezza all\u2019esterno, hanno riaperto luned\u00ec 9.\u00a0Chiuso per alcuni giorni il parco<strong> Pertini<\/strong>.<\/p>\n<p><a href=\"https:\/\/www.noidiqua.it\/Agliana\/wp-content\/uploads\/2015\/03\/bufera-4.png\" rel=\"wp-prettyPhoto[3700]\"><img loading=\"lazy\" decoding=\"async\" class=\"aligncenter size-full wp-image-7856\" src=\"https:\/\/www.noidiqua.it\/Agliana\/wp-content\/uploads\/2015\/03\/bufera-4.png\" alt=\"\" width=\"494\" height=\"334\" srcset=\"https:\/\/www.noidiqua.it\/Agliana\/wp-content\/uploads\/2015\/03\/bufera-4.png 494w, https:\/\/www.noidiqua.it\/Agliana\/wp-content\/uploads\/2015\/03\/bufera-4-300x203.png 300w\" sizes=\"auto, (max-width: 494px) 100vw, 494px\" \/><\/a><\/p>\n<p>Il gioved\u00ec cancelli sbarrati anche in tutti i cimiteri comunali (che hanno riportato notevoli danni) e chiusi gli uffici postali di via <strong>Mazzini<\/strong> a <strong>S. Piero<\/strong> e in piazza <strong>Ceccarelli<\/strong> alla <strong>Ferruccia<\/strong>, nonch\u00e9 la biblioteca comunale<strong> Angela Marcesini<\/strong>. Danni anche agli impianti sportivi, che per\u00f2 sono stati dichiarati agibili. Il sabato il Comune di Agliana ha messo a disposizione alloggi d\u2019emergenza per chi si trovava ancora senza energia elettrica, ma le persone hanno preferito restare nelle loro case. Tra dipendenti comunali, vigili del fuoco (arrivati anche da fuori Toscana), protezione civile e aziende private, ad Agliana diverse decine di persone sono state impegnate per ripristinare i danni o eliminare i pericoli. Inoltre, sabato 7 e domenica 8 marzo, squadre di volontari, composte da tutti i gruppi politici, <strong>Misericordia<\/strong> di Agliana e cittadini, hanno perlustrato il territorio per ripulirlo dai detriti. Tra gli edifici comunali pi\u00f9 danneggiati ci sono lo spazio culturale Il maggese e il magazzino comunale. Tra gli spazi verdi, il parco Pertini e il giardino della scuola <strong>Rodari<\/strong>. La furia del vento non ha risparmiato neppure le parrocchie. In via <strong>Serragliolo<\/strong> \u00e8 completamente distrutto il parco della villa ex Tempesti, dove c\u2019erano piante secolari, e l\u2019adiacente pineta.<\/p>\n<p>Difficile stabilire quanto tempo e quanti soldi serviranno alle famiglie e alle imprese di Agliana per riparare i danni. E in questa situazione di crisi economica \u00e8 un duro colpo per tutti e non solo economico perch\u00e9, considerando i cambiamenti climatici, nelle persone cresce anche la paura.<\/p>\n<p>&nbsp;<\/p>\n<p class=\"p1\" style=\"text-align: justify;\">\n<p class=\"p1\" style=\"text-align: justify;\">","protected":false},"excerpt":{"rendered":"<p>di\u00a0Piera Salvi marzo 2015 Avremmo preferito iniziare il 2015 con un\u2019altra storia, ma considerata la calamit\u00e0 che ha colpito Agliana, come tanti altri comuni del pistoiese e della Toscana, per la violenta tempesta di vento, il primo numero di quest\u2019anno \u00e8 dedicato a una storia recente che [&hellip;]<\/p>","protected":false},"author":13,"featured_media":0,"comment_status":"open","ping_status":"open","sticky":false,"template":"","format":"standard","meta":{"footnotes":""},"categories":[2,16],"tags":[37,38,146,162,84,96,97,108,128],"class_list":["post-3700","post","type-post","status-publish","format-standard","hentry","category-ag","category-storia-qt","tag-ag-ag","tag-aglianese","tag-bufera","tag-bufera-di-vento","tag-laglianese","tag-noidiqua","tag-noidiqua-laglianese","tag-piera-salvi","tag-territorio"],"yoast_head":"<!-- This site is optimized with the Yoast SEO plugin v25.5 - https:\/\/yoast.com\/wordpress\/plugins\/seo\/ -->\n<title>Bufera di vento: un fenomeno senza precedenti - Noi di Qua Testata giornalistica e di attualit\u00e0 di Agliana, Montale e Quarrata.<\/title>\n<meta name=\"robots\" content=\"index, follow, max-snippet:-1, max-image-preview:large, max-video-preview:-1\" \/>\n<link rel=\"canonical\" href=\"https:\/\/www.noidiqua.it\/Agliana\/bufera-vento-fenomeno-precedenti\/\" \/>\n<meta property=\"og:locale\" content=\"it_IT\" \/>\n<meta property=\"og:type\" content=\"article\" \/>\n<meta property=\"og:title\" content=\"Bufera di vento: un fenomeno senza precedenti - Noi di Qua Testata giornalistica e di attualit\u00e0 di Agliana, Montale e Quarrata.\" \/>\n<meta property=\"og:description\" content=\"di\u00a0Piera Salvi marzo 2015 Avremmo preferito iniziare il 2015 con un\u2019altra storia, ma considerata la calamit\u00e0 che ha colpito Agliana, come tanti altri comuni del pistoiese e della Toscana, per la violenta tempesta di vento, il primo numero di quest\u2019anno \u00e8 dedicato a una storia recente che [&hellip;]\" \/>\n<meta property=\"og:url\" content=\"https:\/\/www.noidiqua.it\/Agliana\/bufera-vento-fenomeno-precedenti\/\" \/>\n<meta property=\"og:site_name\" content=\"Noi di Qua Testata giornalistica e di attualit\u00e0 di Agliana, Montale e Quarrata.\" \/>\n<meta property=\"article:publisher\" content=\"https:\/\/www.facebook.com\/noidiqua.trimestrale\/\" \/>\n<meta property=\"article:published_time\" content=\"2015-03-13T09:17:07+00:00\" \/>\n<meta property=\"article:modified_time\" content=\"2022-12-21T10:40:58+00:00\" \/>\n<meta property=\"og:image\" content=\"https:\/\/www.noidiqua.it\/Agliana\/wp-content\/uploads\/2015\/03\/bufera-3.png\" \/>\n<meta name=\"author\" content=\"Piera Salvi\" \/>\n<meta name=\"twitter:label1\" content=\"Scritto da\" \/>\n\t<meta name=\"twitter:data1\" content=\"Piera Salvi\" \/>\n\t<meta name=\"twitter:label2\" content=\"Tempo di lettura stimato\" \/>\n\t<meta name=\"twitter:data2\" content=\"4 minuti\" \/>\n<script type=\"application\/ld+json\" class=\"yoast-schema-graph\">{\"@context\":\"https:\/\/schema.org\",\"@graph\":[{\"@type\":\"WebPage\",\"@id\":\"https:\/\/www.noidiqua.it\/Agliana\/bufera-vento-fenomeno-precedenti\/\",\"url\":\"https:\/\/www.noidiqua.it\/Agliana\/bufera-vento-fenomeno-precedenti\/\",\"name\":\"Bufera di vento: un fenomeno senza precedenti - Noi di Qua Testata giornalistica e di attualit\u00e0 di Agliana, Montale e Quarrata.\",\"isPartOf\":{\"@id\":\"https:\/\/www.noidiqua.it\/Agliana\/#website\"},\"primaryImageOfPage\":{\"@id\":\"https:\/\/www.noidiqua.it\/Agliana\/bufera-vento-fenomeno-precedenti\/#primaryimage\"},\"image\":{\"@id\":\"https:\/\/www.noidiqua.it\/Agliana\/bufera-vento-fenomeno-precedenti\/#primaryimage\"},\"thumbnailUrl\":\"https:\/\/www.noidiqua.it\/Agliana\/wp-content\/uploads\/2015\/03\/bufera-3.png\",\"datePublished\":\"2015-03-13T09:17:07+00:00\",\"dateModified\":\"2022-12-21T10:40:58+00:00\",\"author\":{\"@id\":\"https:\/\/www.noidiqua.it\/Agliana\/#\/schema\/person\/bb7515c2330bb1137f247276096fa7dc\"},\"breadcrumb\":{\"@id\":\"https:\/\/www.noidiqua.it\/Agliana\/bufera-vento-fenomeno-precedenti\/#breadcrumb\"},\"inLanguage\":\"it-IT\",\"potentialAction\":[{\"@type\":\"ReadAction\",\"target\":[\"https:\/\/www.noidiqua.it\/Agliana\/bufera-vento-fenomeno-precedenti\/\"]}]},{\"@type\":\"ImageObject\",\"inLanguage\":\"it-IT\",\"@id\":\"https:\/\/www.noidiqua.it\/Agliana\/bufera-vento-fenomeno-precedenti\/#primaryimage\",\"url\":\"https:\/\/www.noidiqua.it\/Agliana\/wp-content\/uploads\/2015\/03\/bufera-3.png\",\"contentUrl\":\"https:\/\/www.noidiqua.it\/Agliana\/wp-content\/uploads\/2015\/03\/bufera-3.png\",\"width\":501,\"height\":376},{\"@type\":\"BreadcrumbList\",\"@id\":\"https:\/\/www.noidiqua.it\/Agliana\/bufera-vento-fenomeno-precedenti\/#breadcrumb\",\"itemListElement\":[{\"@type\":\"ListItem\",\"position\":1,\"name\":\"Home\",\"item\":\"https:\/\/www.noidiqua.it\/Agliana\/\"},{\"@type\":\"ListItem\",\"position\":2,\"name\":\"Bufera di vento: un fenomeno senza precedenti\"}]},{\"@type\":\"WebSite\",\"@id\":\"https:\/\/www.noidiqua.it\/Agliana\/#website\",\"url\":\"https:\/\/www.noidiqua.it\/Agliana\/\",\"name\":\"Noi di Qua Testata giornalistica e di attualit\u00e0 di Agliana, Montale e Quarrata.\",\"description\":\"Testata Giornalistica Quarrata Montale Agliana\",\"potentialAction\":[{\"@type\":\"SearchAction\",\"target\":{\"@type\":\"EntryPoint\",\"urlTemplate\":\"https:\/\/www.noidiqua.it\/Agliana\/?s={search_term_string}\"},\"query-input\":{\"@type\":\"PropertyValueSpecification\",\"valueRequired\":true,\"valueName\":\"search_term_string\"}}],\"inLanguage\":\"it-IT\"},{\"@type\":\"Person\",\"@id\":\"https:\/\/www.noidiqua.it\/Agliana\/#\/schema\/person\/bb7515c2330bb1137f247276096fa7dc\",\"name\":\"Piera Salvi\",\"image\":{\"@type\":\"ImageObject\",\"inLanguage\":\"it-IT\",\"@id\":\"https:\/\/www.noidiqua.it\/Agliana\/#\/schema\/person\/image\/\",\"url\":\"https:\/\/secure.gravatar.com\/avatar\/2f9b1fb6e13f3b3e63bde435d999a73be036e320f7a0f5f32f9ac21859d999cd?s=96&d=mm&r=g\",\"contentUrl\":\"https:\/\/secure.gravatar.com\/avatar\/2f9b1fb6e13f3b3e63bde435d999a73be036e320f7a0f5f32f9ac21859d999cd?s=96&d=mm&r=g\",\"caption\":\"Piera Salvi\"},\"url\":\"https:\/\/www.noidiqua.it\/Agliana\/author\/piera-salvi\/\"}]}<\/script>\n<!-- \/ Yoast SEO plugin. -->","yoast_head_json":{"title":"Bufera di vento: un fenomeno senza precedenti - Noi di Qua Testata giornalistica e di attualit\u00e0 di Agliana, Montale e Quarrata.","robots":{"index":"index","follow":"follow","max-snippet":"max-snippet:-1","max-image-preview":"max-image-preview:large","max-video-preview":"max-video-preview:-1"},"canonical":"https:\/\/www.noidiqua.it\/Agliana\/bufera-vento-fenomeno-precedenti\/","og_locale":"it_IT","og_type":"article","og_title":"Bufera di vento: un fenomeno senza precedenti - Noi di Qua Testata giornalistica e di attualit\u00e0 di Agliana, Montale e Quarrata.","og_description":"di\u00a0Piera Salvi marzo 2015 Avremmo preferito iniziare il 2015 con un\u2019altra storia, ma considerata la calamit\u00e0 che ha colpito Agliana, come tanti altri comuni del pistoiese e della Toscana, per la violenta tempesta di vento, il primo numero di quest\u2019anno \u00e8 dedicato a una storia recente che [&hellip;]","og_url":"https:\/\/www.noidiqua.it\/Agliana\/bufera-vento-fenomeno-precedenti\/","og_site_name":"Noi di Qua Testata giornalistica e di attualit\u00e0 di Agliana, Montale e Quarrata.","article_publisher":"https:\/\/www.facebook.com\/noidiqua.trimestrale\/","article_published_time":"2015-03-13T09:17:07+00:00","article_modified_time":"2022-12-21T10:40:58+00:00","og_image":[{"url":"https:\/\/www.noidiqua.it\/Agliana\/wp-content\/uploads\/2015\/03\/bufera-3.png","type":"","width":"","height":""}],"author":"Piera Salvi","twitter_misc":{"Scritto da":"Piera Salvi","Tempo di lettura stimato":"4 minuti"},"schema":{"@context":"https:\/\/schema.org","@graph":[{"@type":"WebPage","@id":"https:\/\/www.noidiqua.it\/Agliana\/bufera-vento-fenomeno-precedenti\/","url":"https:\/\/www.noidiqua.it\/Agliana\/bufera-vento-fenomeno-precedenti\/","name":"Bufera di vento: un fenomeno senza precedenti - Noi di Qua Testata giornalistica e di attualit\u00e0 di Agliana, Montale e Quarrata.","isPartOf":{"@id":"https:\/\/www.noidiqua.it\/Agliana\/#website"},"primaryImageOfPage":{"@id":"https:\/\/www.noidiqua.it\/Agliana\/bufera-vento-fenomeno-precedenti\/#primaryimage"},"image":{"@id":"https:\/\/www.noidiqua.it\/Agliana\/bufera-vento-fenomeno-precedenti\/#primaryimage"},"thumbnailUrl":"https:\/\/www.noidiqua.it\/Agliana\/wp-content\/uploads\/2015\/03\/bufera-3.png","datePublished":"2015-03-13T09:17:07+00:00","dateModified":"2022-12-21T10:40:58+00:00","author":{"@id":"https:\/\/www.noidiqua.it\/Agliana\/#\/schema\/person\/bb7515c2330bb1137f247276096fa7dc"},"breadcrumb":{"@id":"https:\/\/www.noidiqua.it\/Agliana\/bufera-vento-fenomeno-precedenti\/#breadcrumb"},"inLanguage":"it-IT","potentialAction":[{"@type":"ReadAction","target":["https:\/\/www.noidiqua.it\/Agliana\/bufera-vento-fenomeno-precedenti\/"]}]},{"@type":"ImageObject","inLanguage":"it-IT","@id":"https:\/\/www.noidiqua.it\/Agliana\/bufera-vento-fenomeno-precedenti\/#primaryimage","url":"https:\/\/www.noidiqua.it\/Agliana\/wp-content\/uploads\/2015\/03\/bufera-3.png","contentUrl":"https:\/\/www.noidiqua.it\/Agliana\/wp-content\/uploads\/2015\/03\/bufera-3.png","width":501,"height":376},{"@type":"BreadcrumbList","@id":"https:\/\/www.noidiqua.it\/Agliana\/bufera-vento-fenomeno-precedenti\/#breadcrumb","itemListElement":[{"@type":"ListItem","position":1,"name":"Home","item":"https:\/\/www.noidiqua.it\/Agliana\/"},{"@type":"ListItem","position":2,"name":"Bufera di vento: un fenomeno senza precedenti"}]},{"@type":"WebSite","@id":"https:\/\/www.noidiqua.it\/Agliana\/#website","url":"https:\/\/www.noidiqua.it\/Agliana\/","name":"Noi di Qua Testata giornalistica e di attualit\u00e0 di Agliana, Montale e Quarrata.","description":"Testata Giornalistica Quarrata Montale Agliana","potentialAction":[{"@type":"SearchAction","target":{"@type":"EntryPoint","urlTemplate":"https:\/\/www.noidiqua.it\/Agliana\/?s={search_term_string}"},"query-input":{"@type":"PropertyValueSpecification","valueRequired":true,"valueName":"search_term_string"}}],"inLanguage":"it-IT"},{"@type":"Person","@id":"https:\/\/www.noidiqua.it\/Agliana\/#\/schema\/person\/bb7515c2330bb1137f247276096fa7dc","name":"Piera Salvi","image":{"@type":"ImageObject","inLanguage":"it-IT","@id":"https:\/\/www.noidiqua.it\/Agliana\/#\/schema\/person\/image\/","url":"https:\/\/secure.gravatar.com\/avatar\/2f9b1fb6e13f3b3e63bde435d999a73be036e320f7a0f5f32f9ac21859d999cd?s=96&d=mm&r=g","contentUrl":"https:\/\/secure.gravatar.com\/avatar\/2f9b1fb6e13f3b3e63bde435d999a73be036e320f7a0f5f32f9ac21859d999cd?s=96&d=mm&r=g","caption":"Piera Salvi"},"url":"https:\/\/www.noidiqua.it\/Agliana\/author\/piera-salvi\/"}]}},"_links":{"self":[{"href":"https:\/\/www.noidiqua.it\/Agliana\/wp-json\/wp\/v2\/posts\/3700","targetHints":{"allow":["GET"]}}],"collection":[{"href":"https:\/\/www.noidiqua.it\/Agliana\/wp-json\/wp\/v2\/posts"}],"about":[{"href":"https:\/\/www.noidiqua.it\/Agliana\/wp-json\/wp\/v2\/types\/post"}],"author":[{"embeddable":true,"href":"https:\/\/www.noidiqua.it\/Agliana\/wp-json\/wp\/v2\/users\/13"}],"replies":[{"embeddable":true,"href":"https:\/\/www.noidiqua.it\/Agliana\/wp-json\/wp\/v2\/comments?post=3700"}],"version-history":[{"count":6,"href":"https:\/\/www.noidiqua.it\/Agliana\/wp-json\/wp\/v2\/posts\/3700\/revisions"}],"predecessor-version":[{"id":7857,"href":"https:\/\/www.noidiqua.it\/Agliana\/wp-json\/wp\/v2\/posts\/3700\/revisions\/7857"}],"wp:attachment":[{"href":"https:\/\/www.noidiqua.it\/Agliana\/wp-json\/wp\/v2\/media?parent=3700"}],"wp:term":[{"taxonomy":"category","embeddable":true,"href":"https:\/\/www.noidiqua.it\/Agliana\/wp-json\/wp\/v2\/categories?post=3700"},{"taxonomy":"post_tag","embeddable":true,"href":"https:\/\/www.noidiqua.it\/Agliana\/wp-json\/wp\/v2\/tags?post=3700"}],"curies":[{"name":"wp","href":"https:\/\/api.w.org\/{rel}","templated":true}]}}