{"id":3930,"date":"2015-06-12T10:28:16","date_gmt":"2015-06-12T08:28:16","guid":{"rendered":"https:\/\/www.noidiqua.it\/Agliana\/?p=3930"},"modified":"2022-12-21T10:55:30","modified_gmt":"2022-12-21T09:55:30","slug":"fattoria-mangoni-baldi","status":"publish","type":"post","link":"https:\/\/www.noidiqua.it\/Agliana\/fattoria-mangoni-baldi\/","title":{"rendered":"Fattoria Mangoni &#8211; Baldi"},"content":{"rendered":"<p><em>di Marco Bagnoli. Foto: Adriano Tesi<\/em><\/p>\n<p>giugno\u00a02015<\/p>\n<p><a href=\"https:\/\/www.noidiqua.it\/Agliana\/wp-content\/uploads\/2015\/06\/fattoria-dei-baldi.png\" rel=\"wp-prettyPhoto[3930]\"><img loading=\"lazy\" decoding=\"async\" class=\"aligncenter size-full wp-image-7813\" src=\"https:\/\/www.noidiqua.it\/Agliana\/wp-content\/uploads\/2015\/06\/fattoria-dei-baldi.png\" alt=\"\" width=\"503\" height=\"319\" srcset=\"https:\/\/www.noidiqua.it\/Agliana\/wp-content\/uploads\/2015\/06\/fattoria-dei-baldi.png 503w, https:\/\/www.noidiqua.it\/Agliana\/wp-content\/uploads\/2015\/06\/fattoria-dei-baldi-300x190.png 300w\" sizes=\"auto, (max-width: 503px) 100vw, 503px\" \/><\/a><\/p>\n<p>La nostra visita per il paese ci conduce oggi al cospetto di un edificio celeberrimo, testimone in prima linea degli avvenimenti grandi e piccoli che hanno coinvolto <strong>Agliana<\/strong> nel secolo scorso; ne abbiamo parlato con Paolo Bini, rivoltando i ciottoli di un passato apparentemente remoto, forse frettolosamente dimenticato.<\/p>\n<p>La struttura originaria venne edificata dalla famiglia <strong>Mangoni<\/strong>, assumendo le sembianze della tipica fattoria con spazi residenziali signorili e strutture adibite al lavoro dei mezzadri, elemento essenziale a lavorarne i numerosi poderi, anche distanti dalla tenuta principale, come quelli del ponte al <strong>Moso<\/strong> o quello del <strong>Nenci<\/strong>. Nell\u2019area degli attuali vivai si trovavano poi le <strong>Prata basse<\/strong>, una riserva di caccia adattata a palude per mezzo delle acque di alcuni canaletti. Non siamo a conoscenza di una data precisa, ma la sua presenza \u00e8 accertata intorno al 1797. Le forme attuali sono invece da stimare a ridosso della met\u00e0 de XIX secolo. La propriet\u00e0 pass\u00f2 ai Baldi nei primi anni del Novecento, allorquando l\u2019ultimo dei Mangoni, che non si era sposato e non aveva eredi, si risolse a vendere, appunto ai <strong>Baldi della Ferruccia<\/strong>, dove avevano la fattoria e i poderi. La dicitura esatta della propriet\u00e0 sarebbe quindi Fattoria Mangoni-Baldi; questi, assieme ai <strong>Masi<\/strong> e ai <strong>Palandri<\/strong>, garantiranno una solida certezza nell\u2019andamento pur faticoso della vita di allora, impegnando nei propri poderi un gran numero di mezzadri e sostenendo quindi una gran numero di famiglie.<\/p>\n<p>Al termine dell\u2019era Baldi, nel 1946, la propriet\u00e0 passa nuovamente di mano \u2013 anche stavolta \u00e8 il capo famiglia, <strong>Mario<\/strong>, eminente notabile locale e podest\u00e0, che decide un lascito dei suoi beni alle suore <strong>Mantellate<\/strong>; dalla vendita si ricaver\u00e0 quanto necessario alla costruzione dell\u2019asilo che porta il nome del benemerito benefattore, e la villa passer\u00e0 agli attuali proprietari, i <strong>Fronteddu<\/strong>, che a questo punto escono dalla pagina di storia per camminare accanto ai loro compaesani.<\/p>\n<p>&nbsp;<\/p>","protected":false},"excerpt":{"rendered":"<p>di Marco Bagnoli. Foto: Adriano Tesi giugno\u00a02015 La nostra visita per il paese ci conduce oggi al cospetto di un edificio celeberrimo, testimone in prima linea degli avvenimenti grandi e piccoli che hanno coinvolto Agliana nel secolo scorso; ne abbiamo parlato con Paolo Bini, rivoltando i ciottoli [&hellip;]<\/p>","protected":false},"author":3,"featured_media":0,"comment_status":"open","ping_status":"open","sticky":false,"template":"","format":"standard","meta":{"footnotes":""},"categories":[2,29],"tags":[37,38,190,84,191,89,96,129],"class_list":["post-3930","post","type-post","status-publish","format-standard","hentry","category-ag","category-territorio-qt","tag-ag-ag","tag-aglianese","tag-baldi","tag-laglianese","tag-mangoni","tag-marco-bagnoli","tag-noidiqua","tag-territorio-agliana"],"yoast_head":"<!-- This site is optimized with the Yoast SEO plugin v25.5 - https:\/\/yoast.com\/wordpress\/plugins\/seo\/ -->\n<title>Fattoria Mangoni - Baldi - Noi di Qua Testata giornalistica e di attualit\u00e0 di Agliana, Montale e Quarrata.<\/title>\n<meta name=\"robots\" content=\"index, follow, max-snippet:-1, max-image-preview:large, max-video-preview:-1\" \/>\n<link rel=\"canonical\" href=\"https:\/\/www.noidiqua.it\/Agliana\/fattoria-mangoni-baldi\/\" \/>\n<meta property=\"og:locale\" content=\"it_IT\" \/>\n<meta property=\"og:type\" content=\"article\" \/>\n<meta property=\"og:title\" content=\"Fattoria Mangoni - Baldi - Noi di Qua Testata giornalistica e di attualit\u00e0 di Agliana, Montale e Quarrata.\" \/>\n<meta property=\"og:description\" content=\"di Marco Bagnoli. Foto: Adriano Tesi giugno\u00a02015 La nostra visita per il paese ci conduce oggi al cospetto di un edificio celeberrimo, testimone in prima linea degli avvenimenti grandi e piccoli che hanno coinvolto Agliana nel secolo scorso; ne abbiamo parlato con Paolo Bini, rivoltando i ciottoli [&hellip;]\" \/>\n<meta property=\"og:url\" content=\"https:\/\/www.noidiqua.it\/Agliana\/fattoria-mangoni-baldi\/\" \/>\n<meta property=\"og:site_name\" content=\"Noi di Qua Testata giornalistica e di attualit\u00e0 di Agliana, Montale e Quarrata.\" \/>\n<meta property=\"article:publisher\" content=\"https:\/\/www.facebook.com\/noidiqua.trimestrale\/\" \/>\n<meta property=\"article:published_time\" content=\"2015-06-12T08:28:16+00:00\" \/>\n<meta property=\"article:modified_time\" content=\"2022-12-21T09:55:30+00:00\" \/>\n<meta property=\"og:image\" content=\"https:\/\/www.noidiqua.it\/Agliana\/wp-content\/uploads\/2015\/06\/fattoria-dei-baldi.png\" \/>\n<meta name=\"author\" content=\"Marco Bagnoli\" \/>\n<meta name=\"twitter:label1\" content=\"Scritto da\" \/>\n\t<meta name=\"twitter:data1\" content=\"Marco Bagnoli\" \/>\n\t<meta name=\"twitter:label2\" content=\"Tempo di lettura stimato\" \/>\n\t<meta name=\"twitter:data2\" content=\"2 minuti\" \/>\n<script type=\"application\/ld+json\" class=\"yoast-schema-graph\">{\"@context\":\"https:\/\/schema.org\",\"@graph\":[{\"@type\":\"WebPage\",\"@id\":\"https:\/\/www.noidiqua.it\/Agliana\/fattoria-mangoni-baldi\/\",\"url\":\"https:\/\/www.noidiqua.it\/Agliana\/fattoria-mangoni-baldi\/\",\"name\":\"Fattoria Mangoni - Baldi - Noi di Qua Testata giornalistica e di attualit\u00e0 di Agliana, Montale e Quarrata.\",\"isPartOf\":{\"@id\":\"https:\/\/www.noidiqua.it\/Agliana\/#website\"},\"primaryImageOfPage\":{\"@id\":\"https:\/\/www.noidiqua.it\/Agliana\/fattoria-mangoni-baldi\/#primaryimage\"},\"image\":{\"@id\":\"https:\/\/www.noidiqua.it\/Agliana\/fattoria-mangoni-baldi\/#primaryimage\"},\"thumbnailUrl\":\"https:\/\/www.noidiqua.it\/Agliana\/wp-content\/uploads\/2015\/06\/fattoria-dei-baldi.png\",\"datePublished\":\"2015-06-12T08:28:16+00:00\",\"dateModified\":\"2022-12-21T09:55:30+00:00\",\"author\":{\"@id\":\"https:\/\/www.noidiqua.it\/Agliana\/#\/schema\/person\/4e183cb0c6d7951e716a876aa702e1a2\"},\"breadcrumb\":{\"@id\":\"https:\/\/www.noidiqua.it\/Agliana\/fattoria-mangoni-baldi\/#breadcrumb\"},\"inLanguage\":\"it-IT\",\"potentialAction\":[{\"@type\":\"ReadAction\",\"target\":[\"https:\/\/www.noidiqua.it\/Agliana\/fattoria-mangoni-baldi\/\"]}]},{\"@type\":\"ImageObject\",\"inLanguage\":\"it-IT\",\"@id\":\"https:\/\/www.noidiqua.it\/Agliana\/fattoria-mangoni-baldi\/#primaryimage\",\"url\":\"https:\/\/www.noidiqua.it\/Agliana\/wp-content\/uploads\/2015\/06\/fattoria-dei-baldi.png\",\"contentUrl\":\"https:\/\/www.noidiqua.it\/Agliana\/wp-content\/uploads\/2015\/06\/fattoria-dei-baldi.png\",\"width\":503,\"height\":319},{\"@type\":\"BreadcrumbList\",\"@id\":\"https:\/\/www.noidiqua.it\/Agliana\/fattoria-mangoni-baldi\/#breadcrumb\",\"itemListElement\":[{\"@type\":\"ListItem\",\"position\":1,\"name\":\"Home\",\"item\":\"https:\/\/www.noidiqua.it\/Agliana\/\"},{\"@type\":\"ListItem\",\"position\":2,\"name\":\"Fattoria Mangoni &#8211; Baldi\"}]},{\"@type\":\"WebSite\",\"@id\":\"https:\/\/www.noidiqua.it\/Agliana\/#website\",\"url\":\"https:\/\/www.noidiqua.it\/Agliana\/\",\"name\":\"Noi di Qua Testata giornalistica e di attualit\u00e0 di Agliana, Montale e Quarrata.\",\"description\":\"Testata Giornalistica Quarrata Montale Agliana\",\"potentialAction\":[{\"@type\":\"SearchAction\",\"target\":{\"@type\":\"EntryPoint\",\"urlTemplate\":\"https:\/\/www.noidiqua.it\/Agliana\/?s={search_term_string}\"},\"query-input\":{\"@type\":\"PropertyValueSpecification\",\"valueRequired\":true,\"valueName\":\"search_term_string\"}}],\"inLanguage\":\"it-IT\"},{\"@type\":\"Person\",\"@id\":\"https:\/\/www.noidiqua.it\/Agliana\/#\/schema\/person\/4e183cb0c6d7951e716a876aa702e1a2\",\"name\":\"Marco Bagnoli\",\"image\":{\"@type\":\"ImageObject\",\"inLanguage\":\"it-IT\",\"@id\":\"https:\/\/www.noidiqua.it\/Agliana\/#\/schema\/person\/image\/\",\"url\":\"https:\/\/secure.gravatar.com\/avatar\/73ace53724c50db9c48af54756f17b7cdb015a9d8d2c08c7e04e480539a94eee?s=96&d=mm&r=g\",\"contentUrl\":\"https:\/\/secure.gravatar.com\/avatar\/73ace53724c50db9c48af54756f17b7cdb015a9d8d2c08c7e04e480539a94eee?s=96&d=mm&r=g\",\"caption\":\"Marco Bagnoli\"},\"url\":\"https:\/\/www.noidiqua.it\/Agliana\/author\/marco-bagnoli\/\"}]}<\/script>\n<!-- \/ Yoast SEO plugin. -->","yoast_head_json":{"title":"Fattoria Mangoni - Baldi - Noi di Qua Testata giornalistica e di attualit\u00e0 di Agliana, Montale e Quarrata.","robots":{"index":"index","follow":"follow","max-snippet":"max-snippet:-1","max-image-preview":"max-image-preview:large","max-video-preview":"max-video-preview:-1"},"canonical":"https:\/\/www.noidiqua.it\/Agliana\/fattoria-mangoni-baldi\/","og_locale":"it_IT","og_type":"article","og_title":"Fattoria Mangoni - Baldi - Noi di Qua Testata giornalistica e di attualit\u00e0 di Agliana, Montale e Quarrata.","og_description":"di Marco Bagnoli. Foto: Adriano Tesi giugno\u00a02015 La nostra visita per il paese ci conduce oggi al cospetto di un edificio celeberrimo, testimone in prima linea degli avvenimenti grandi e piccoli che hanno coinvolto Agliana nel secolo scorso; ne abbiamo parlato con Paolo Bini, rivoltando i ciottoli [&hellip;]","og_url":"https:\/\/www.noidiqua.it\/Agliana\/fattoria-mangoni-baldi\/","og_site_name":"Noi di Qua Testata giornalistica e di attualit\u00e0 di Agliana, Montale e Quarrata.","article_publisher":"https:\/\/www.facebook.com\/noidiqua.trimestrale\/","article_published_time":"2015-06-12T08:28:16+00:00","article_modified_time":"2022-12-21T09:55:30+00:00","og_image":[{"url":"https:\/\/www.noidiqua.it\/Agliana\/wp-content\/uploads\/2015\/06\/fattoria-dei-baldi.png","type":"","width":"","height":""}],"author":"Marco Bagnoli","twitter_misc":{"Scritto da":"Marco Bagnoli","Tempo di lettura stimato":"2 minuti"},"schema":{"@context":"https:\/\/schema.org","@graph":[{"@type":"WebPage","@id":"https:\/\/www.noidiqua.it\/Agliana\/fattoria-mangoni-baldi\/","url":"https:\/\/www.noidiqua.it\/Agliana\/fattoria-mangoni-baldi\/","name":"Fattoria Mangoni - Baldi - Noi di Qua Testata giornalistica e di attualit\u00e0 di Agliana, Montale e Quarrata.","isPartOf":{"@id":"https:\/\/www.noidiqua.it\/Agliana\/#website"},"primaryImageOfPage":{"@id":"https:\/\/www.noidiqua.it\/Agliana\/fattoria-mangoni-baldi\/#primaryimage"},"image":{"@id":"https:\/\/www.noidiqua.it\/Agliana\/fattoria-mangoni-baldi\/#primaryimage"},"thumbnailUrl":"https:\/\/www.noidiqua.it\/Agliana\/wp-content\/uploads\/2015\/06\/fattoria-dei-baldi.png","datePublished":"2015-06-12T08:28:16+00:00","dateModified":"2022-12-21T09:55:30+00:00","author":{"@id":"https:\/\/www.noidiqua.it\/Agliana\/#\/schema\/person\/4e183cb0c6d7951e716a876aa702e1a2"},"breadcrumb":{"@id":"https:\/\/www.noidiqua.it\/Agliana\/fattoria-mangoni-baldi\/#breadcrumb"},"inLanguage":"it-IT","potentialAction":[{"@type":"ReadAction","target":["https:\/\/www.noidiqua.it\/Agliana\/fattoria-mangoni-baldi\/"]}]},{"@type":"ImageObject","inLanguage":"it-IT","@id":"https:\/\/www.noidiqua.it\/Agliana\/fattoria-mangoni-baldi\/#primaryimage","url":"https:\/\/www.noidiqua.it\/Agliana\/wp-content\/uploads\/2015\/06\/fattoria-dei-baldi.png","contentUrl":"https:\/\/www.noidiqua.it\/Agliana\/wp-content\/uploads\/2015\/06\/fattoria-dei-baldi.png","width":503,"height":319},{"@type":"BreadcrumbList","@id":"https:\/\/www.noidiqua.it\/Agliana\/fattoria-mangoni-baldi\/#breadcrumb","itemListElement":[{"@type":"ListItem","position":1,"name":"Home","item":"https:\/\/www.noidiqua.it\/Agliana\/"},{"@type":"ListItem","position":2,"name":"Fattoria Mangoni &#8211; Baldi"}]},{"@type":"WebSite","@id":"https:\/\/www.noidiqua.it\/Agliana\/#website","url":"https:\/\/www.noidiqua.it\/Agliana\/","name":"Noi di Qua Testata giornalistica e di attualit\u00e0 di Agliana, Montale e Quarrata.","description":"Testata Giornalistica Quarrata Montale Agliana","potentialAction":[{"@type":"SearchAction","target":{"@type":"EntryPoint","urlTemplate":"https:\/\/www.noidiqua.it\/Agliana\/?s={search_term_string}"},"query-input":{"@type":"PropertyValueSpecification","valueRequired":true,"valueName":"search_term_string"}}],"inLanguage":"it-IT"},{"@type":"Person","@id":"https:\/\/www.noidiqua.it\/Agliana\/#\/schema\/person\/4e183cb0c6d7951e716a876aa702e1a2","name":"Marco Bagnoli","image":{"@type":"ImageObject","inLanguage":"it-IT","@id":"https:\/\/www.noidiqua.it\/Agliana\/#\/schema\/person\/image\/","url":"https:\/\/secure.gravatar.com\/avatar\/73ace53724c50db9c48af54756f17b7cdb015a9d8d2c08c7e04e480539a94eee?s=96&d=mm&r=g","contentUrl":"https:\/\/secure.gravatar.com\/avatar\/73ace53724c50db9c48af54756f17b7cdb015a9d8d2c08c7e04e480539a94eee?s=96&d=mm&r=g","caption":"Marco Bagnoli"},"url":"https:\/\/www.noidiqua.it\/Agliana\/author\/marco-bagnoli\/"}]}},"_links":{"self":[{"href":"https:\/\/www.noidiqua.it\/Agliana\/wp-json\/wp\/v2\/posts\/3930","targetHints":{"allow":["GET"]}}],"collection":[{"href":"https:\/\/www.noidiqua.it\/Agliana\/wp-json\/wp\/v2\/posts"}],"about":[{"href":"https:\/\/www.noidiqua.it\/Agliana\/wp-json\/wp\/v2\/types\/post"}],"author":[{"embeddable":true,"href":"https:\/\/www.noidiqua.it\/Agliana\/wp-json\/wp\/v2\/users\/3"}],"replies":[{"embeddable":true,"href":"https:\/\/www.noidiqua.it\/Agliana\/wp-json\/wp\/v2\/comments?post=3930"}],"version-history":[{"count":7,"href":"https:\/\/www.noidiqua.it\/Agliana\/wp-json\/wp\/v2\/posts\/3930\/revisions"}],"predecessor-version":[{"id":7816,"href":"https:\/\/www.noidiqua.it\/Agliana\/wp-json\/wp\/v2\/posts\/3930\/revisions\/7816"}],"wp:attachment":[{"href":"https:\/\/www.noidiqua.it\/Agliana\/wp-json\/wp\/v2\/media?parent=3930"}],"wp:term":[{"taxonomy":"category","embeddable":true,"href":"https:\/\/www.noidiqua.it\/Agliana\/wp-json\/wp\/v2\/categories?post=3930"},{"taxonomy":"post_tag","embeddable":true,"href":"https:\/\/www.noidiqua.it\/Agliana\/wp-json\/wp\/v2\/tags?post=3930"}],"curies":[{"name":"wp","href":"https:\/\/api.w.org\/{rel}","templated":true}]}}