{"id":4015,"date":"2015-09-05T17:57:44","date_gmt":"2015-09-05T15:57:44","guid":{"rendered":"https:\/\/www.noidiqua.it\/Agliana\/?p=4015"},"modified":"2022-08-29T10:09:52","modified_gmt":"2022-08-29T08:09:52","slug":"biblioteca-comunale-chiusura-polemiche","status":"publish","type":"post","link":"https:\/\/www.noidiqua.it\/Agliana\/biblioteca-comunale-chiusura-polemiche\/","title":{"rendered":"Biblioteca comunale: chiusura con polemiche"},"content":{"rendered":"<p><em>di\u00a0Piera Salvi<\/em><\/p>\n<p>settembre\u00a02015<\/p>\n<p><a href=\"https:\/\/www.noidiqua.it\/Agliana\/wp-content\/uploads\/2015\/09\/biblioteca-1.png\" rel=\"wp-prettyPhoto[4015]\"><img loading=\"lazy\" decoding=\"async\" class=\"aligncenter size-full wp-image-7604\" src=\"https:\/\/www.noidiqua.it\/Agliana\/wp-content\/uploads\/2015\/09\/biblioteca-1.png\" alt=\"\" width=\"500\" height=\"371\" srcset=\"https:\/\/www.noidiqua.it\/Agliana\/wp-content\/uploads\/2015\/09\/biblioteca-1.png 500w, https:\/\/www.noidiqua.it\/Agliana\/wp-content\/uploads\/2015\/09\/biblioteca-1-300x223.png 300w\" sizes=\"auto, (max-width: 500px) 100vw, 500px\" \/><\/a><\/p>\n<p><span class=\"s1\">Due mesi di interruzione del servizio alla biblioteca comunale <strong>Angela Marcesini<\/strong>. Riapertura a fine settembre, massimo i primi di ottobre, con sede provvisoria nei locali comunali <strong>Laura Conti<\/strong> (sopra la <strong>Casa della salute<\/strong>) e servizi ridotti: front office, sala studio, emeroteca e internet, mentre l\u2019archivio e il magazzino saranno allestiti nell\u2019edificio di <strong>via Mazzini<\/strong> dove per molti anni \u00e8 stato attivo il <strong>Polispazio Hellana<\/strong>. Locali che il Comune torna a utilizzare in affitto, a mille euro al mese.\u00a0<\/span><\/p>\n<p><span class=\"s1\">La biblioteca ha traslocato dalla palazzina di <strong>via Goldoni<\/strong>, annessa all\u2019istituto <strong>Aldo Capitini<\/strong>, dove aveva sede dal 1999 su concessione in comodato da parte della <strong>Provincia di Pistoia<\/strong> (proprietaria dei locali) perch\u00e9 in quel periodo il Capitini aveva registrato un calo d\u2019iscritti. I locali erano rimasti vuoti e tutto l\u2019edificio fu messo a disposizione della biblioteca. Negli ultimi anni gli studenti al Capitini sono tornati a crescere (gi\u00e0 da qualche anno il piano terra della palazzina \u00e8 tornato nella disponibilit\u00e0 della scuola) e per l\u2019anno scolastico 2015-2016 servono tre aule in pi\u00f9. Cos\u00ec il dirigente scolastico, <strong>Santi Marroncini,<\/strong> nel febbraio 2015 ha inoltrato la richiesta al Comune. L\u2019assessore alla cultura, <strong>Massimo Vannuccini<\/strong>, ha riferito di non avere ricevuto un atto di disdetta dalla Provincia ma di avere avuto con l\u2019ente proprietario diversi incontri per cercare soluzioni, verificando con il Capitini l&#8217;effettiva esigenza di spostamento e poi vagliando altre soluzioni tampone che non hanno avuto seguito. Sulla stampa locale era intervenuto anche il fondatore della biblioteca, <strong>Renato Risaliti<\/strong> (docente universitario, scrittore ed ex sindaco di Agliana) che la apr\u00ec nel 1972, quando era assessore alla cultura. Il professor Risaliti non riteneva giusto danneggiare i quasi ventimila utenti della biblioteca per allestire tre classi del Capitini e proponeva di cercare locali, anche in affitto, per le aule. Per il preside del Capitini, per\u00f2, le sezioni distaccate richiedono pi\u00f9 personale non docente e penalizzano gli studenti nell\u2019uso dei laboratori. In un primo momento avevano sollevato timori fra gli utenti le voci di un possibile trasferimento provvisorio della biblioteca nel comune di<strong> Montale.<\/strong> Voci presto rientrate, con la dichiarazione dell\u2019amministrazione comunale di ridurre al minimo il disservizio e di lavorare per individuare nel tempo una sede stabile.\u00a0<\/span><\/p>\n<p><a href=\"https:\/\/www.noidiqua.it\/Agliana\/wp-content\/uploads\/2015\/09\/biblioteca-3.png\" rel=\"wp-prettyPhoto[4015]\"><img loading=\"lazy\" decoding=\"async\" class=\"aligncenter size-full wp-image-7605\" src=\"https:\/\/www.noidiqua.it\/Agliana\/wp-content\/uploads\/2015\/09\/biblioteca-3.png\" alt=\"\" width=\"500\" height=\"390\" srcset=\"https:\/\/www.noidiqua.it\/Agliana\/wp-content\/uploads\/2015\/09\/biblioteca-3.png 500w, https:\/\/www.noidiqua.it\/Agliana\/wp-content\/uploads\/2015\/09\/biblioteca-3-300x234.png 300w\" sizes=\"auto, (max-width: 500px) 100vw, 500px\" \/><\/a><\/p>\n<p><span class=\"s1\">Se guardiamo i dati della <strong>\u201cMarcesini\u201d<\/strong> ci rendiamo conto dell\u2019importanza e della qualit\u00e0 del servizio che ha offerto fino al 31 luglio in via Goldoni. Sala lettura, sala studio, saletta ragazzi, 5 postazioni computer gratuitamente a disposizione degli utenti, wi-fi gratuito, servizio prestito, consultazione di quotidiani e riviste e una ricca sezione di storia locale. Nel 2014 le presenze in biblioteca sono state 19.110, i prestiti totali riferiti al materiale disponibile alla \u201cMarcesini\u201d 11.290. La \u201cMarcesini\u201d fa parte della \u201cRete documentaria della Provincia di Pistoia\u201d (<strong>Redop<\/strong>) e nel prestito interbibliotecario ha registrato l\u2019anno scorso 2.868 prestiti totali, di cui 710 in entrata (provenienti da altre biblioteche) e ben 2.158 in uscita, collocandosi al secondo posto in provincia, dopo la <strong>San Giorgio di Pistoia<\/strong>, per prestiti in uscita. Questo significa che il patrimonio librario della biblioteca comunale di Agliana \u00e8 molto richiesto attraverso la rete.\u00a0<\/span><\/p>\n<p><span class=\"s1\">Negli ultimi minuti di vita della \u201cMarcesini\u201d in via Goldoni, abbiamo raccolto i commenti positivi degli utenti e i loro timori per il futuro.<i> \u00abI luoghi hanno una forza magica e qui si era creata una forza aggregativa, dai giovani agli anziani. Le trasformazioni possono portare miglioramenti, per\u00f2 mi fanno paura perch\u00e9 \u00e8 l\u2019insieme dei fattori che crea una bella atmosfera\u00bb<\/i> ci ha detto Caterina, che abita a Prato, nel centro della citt\u00e0 e frequenta la biblioteca \u201cMarcesini\u201d dal 2003. E Franco, utente assiduo da una quarantina d\u2019anni:<i> \u00abIo sarei stato per lanciare una petizione per la riapertura rapida in una sede adeguata\u00bb<\/i>. Non sono mancate (anche da parte di qualche utente) le critiche alle varie amministrazioni comunali che si sono susseguite, dal 1999 ad oggi, di non avere provveduto per tempo ad una sede stabile per la biblioteca, poich\u00e9 il contratto prevedeva che i locali dovevano tornare al Capitini in caso di necessit\u00e0.\u00a0<\/span><\/p>\n<p><a href=\"https:\/\/www.noidiqua.it\/Agliana\/wp-content\/uploads\/2015\/09\/biblioteca-2.png\" rel=\"wp-prettyPhoto[4015]\"><img loading=\"lazy\" decoding=\"async\" class=\"aligncenter size-full wp-image-7606\" src=\"https:\/\/www.noidiqua.it\/Agliana\/wp-content\/uploads\/2015\/09\/biblioteca-2.png\" alt=\"\" width=\"490\" height=\"385\" srcset=\"https:\/\/www.noidiqua.it\/Agliana\/wp-content\/uploads\/2015\/09\/biblioteca-2.png 490w, https:\/\/www.noidiqua.it\/Agliana\/wp-content\/uploads\/2015\/09\/biblioteca-2-300x236.png 300w\" sizes=\"auto, (max-width: 490px) 100vw, 490px\" \/><\/a><\/p>\n<p><span class=\"s1\">In merito \u00e8 intervenuto <strong>Italo Fontana<\/strong>, assessore all\u2019urbanistica in questa amministrazione comunale, guidata da Giacomo Mangoni e nella precedente giunta di <strong>Eleanna Ciampolini<\/strong>, nonch\u00e9 consigliere sotto il mandato di<strong> Paolo Magnanensi<\/strong>: <i>\u00abNon corrispondono a verit\u00e0 le pesanti accuse di non avere previsto locali per la biblioteca comunale, rivolte alle precedenti amministrazioni. Gi\u00e0 con la programmazione del progetto per il teatro Moderno, in un primo tempo erano stati ipotizzati dei locali a piano terra da destinare alla biblioteca. Nel Regolamento urbanistico approvato nel luglio 2012 c\u2019\u00e8 un terreno, adiacente al Capitini, che attraverso la perequazione di un piano attuativo doveva essere destinato alla costruzione della nuova biblioteca. Purtroppo\u00bb<\/i> ha spiegato Fontana <i>\u00able condizioni contingenti dell\u2019edilizia non hanno consentito la cessione gratuita al Comune. Le condizioni per la possibilit\u00e0 di edificazione della biblioteca in quell\u2019area per\u00f2 restano ancora valide fino al luglio 2017\u00bb<\/i>.\u00a0<\/span><\/p>\n<p>&nbsp;<\/p>\n<p class=\"p1\" style=\"text-align: justify;\">\n<p class=\"p1\" style=\"text-align: justify;\">","protected":false},"excerpt":{"rendered":"<p>di\u00a0Piera Salvi settembre\u00a02015 Due mesi di interruzione del servizio alla biblioteca comunale Angela Marcesini. Riapertura a fine settembre, massimo i primi di ottobre, con sede provvisoria nei locali comunali Laura Conti (sopra la Casa della salute) e servizi ridotti: front office, sala studio, emeroteca e internet, mentre [&hellip;]<\/p>","protected":false},"author":13,"featured_media":0,"comment_status":"open","ping_status":"open","sticky":false,"template":"","format":"standard","meta":{"footnotes":""},"categories":[2,16],"tags":[37,38,226,229,42,230,228,79,97,233,225,231,227,232,224,128],"class_list":["post-4015","post","type-post","status-publish","format-standard","hentry","category-ag","category-storia-qt","tag-ag-ag","tag-aglianese","tag-aldo-capitini","tag-angela-marcesini","tag-arti-e-mestieri","tag-biblioteca-comunale","tag-casa-della-salute","tag-gente-di-qua","tag-noidiqua-laglianese","tag-paolo-magnanensi","tag-polispazio-hellana","tag-redop","tag-renato-risaliti","tag-san-giorgio-di-pistoia","tag-santi-marroncini","tag-territorio"],"yoast_head":"<!-- This site is optimized with the Yoast SEO plugin v25.5 - https:\/\/yoast.com\/wordpress\/plugins\/seo\/ -->\n<title>Biblioteca comunale: chiusura con polemiche - Noi di Qua Testata giornalistica e di attualit\u00e0 di Agliana, Montale e Quarrata.<\/title>\n<meta name=\"robots\" content=\"index, follow, max-snippet:-1, max-image-preview:large, max-video-preview:-1\" \/>\n<link rel=\"canonical\" href=\"https:\/\/www.noidiqua.it\/Agliana\/biblioteca-comunale-chiusura-polemiche\/\" \/>\n<meta property=\"og:locale\" content=\"it_IT\" \/>\n<meta property=\"og:type\" content=\"article\" \/>\n<meta property=\"og:title\" content=\"Biblioteca comunale: chiusura con polemiche - Noi di Qua Testata giornalistica e di attualit\u00e0 di Agliana, Montale e Quarrata.\" \/>\n<meta property=\"og:description\" content=\"di\u00a0Piera Salvi settembre\u00a02015 Due mesi di interruzione del servizio alla biblioteca comunale Angela Marcesini. Riapertura a fine settembre, massimo i primi di ottobre, con sede provvisoria nei locali comunali Laura Conti (sopra la Casa della salute) e servizi ridotti: front office, sala studio, emeroteca e internet, mentre [&hellip;]\" \/>\n<meta property=\"og:url\" content=\"https:\/\/www.noidiqua.it\/Agliana\/biblioteca-comunale-chiusura-polemiche\/\" \/>\n<meta property=\"og:site_name\" content=\"Noi di Qua Testata giornalistica e di attualit\u00e0 di Agliana, Montale e Quarrata.\" \/>\n<meta property=\"article:publisher\" content=\"https:\/\/www.facebook.com\/noidiqua.trimestrale\/\" \/>\n<meta property=\"article:published_time\" content=\"2015-09-05T15:57:44+00:00\" \/>\n<meta property=\"article:modified_time\" content=\"2022-08-29T08:09:52+00:00\" \/>\n<meta property=\"og:image\" content=\"https:\/\/www.noidiqua.it\/Agliana\/wp-content\/uploads\/2015\/09\/biblioteca-1.png\" \/>\n<meta name=\"author\" content=\"Piera Salvi\" \/>\n<meta name=\"twitter:label1\" content=\"Scritto da\" \/>\n\t<meta name=\"twitter:data1\" content=\"Piera Salvi\" \/>\n\t<meta name=\"twitter:label2\" content=\"Tempo di lettura stimato\" \/>\n\t<meta name=\"twitter:data2\" content=\"5 minuti\" \/>\n<script type=\"application\/ld+json\" class=\"yoast-schema-graph\">{\"@context\":\"https:\/\/schema.org\",\"@graph\":[{\"@type\":\"WebPage\",\"@id\":\"https:\/\/www.noidiqua.it\/Agliana\/biblioteca-comunale-chiusura-polemiche\/\",\"url\":\"https:\/\/www.noidiqua.it\/Agliana\/biblioteca-comunale-chiusura-polemiche\/\",\"name\":\"Biblioteca comunale: chiusura con polemiche - Noi di Qua Testata giornalistica e di attualit\u00e0 di Agliana, Montale e Quarrata.\",\"isPartOf\":{\"@id\":\"https:\/\/www.noidiqua.it\/Agliana\/#website\"},\"primaryImageOfPage\":{\"@id\":\"https:\/\/www.noidiqua.it\/Agliana\/biblioteca-comunale-chiusura-polemiche\/#primaryimage\"},\"image\":{\"@id\":\"https:\/\/www.noidiqua.it\/Agliana\/biblioteca-comunale-chiusura-polemiche\/#primaryimage\"},\"thumbnailUrl\":\"https:\/\/www.noidiqua.it\/Agliana\/wp-content\/uploads\/2015\/09\/biblioteca-1.png\",\"datePublished\":\"2015-09-05T15:57:44+00:00\",\"dateModified\":\"2022-08-29T08:09:52+00:00\",\"author\":{\"@id\":\"https:\/\/www.noidiqua.it\/Agliana\/#\/schema\/person\/bb7515c2330bb1137f247276096fa7dc\"},\"breadcrumb\":{\"@id\":\"https:\/\/www.noidiqua.it\/Agliana\/biblioteca-comunale-chiusura-polemiche\/#breadcrumb\"},\"inLanguage\":\"it-IT\",\"potentialAction\":[{\"@type\":\"ReadAction\",\"target\":[\"https:\/\/www.noidiqua.it\/Agliana\/biblioteca-comunale-chiusura-polemiche\/\"]}]},{\"@type\":\"ImageObject\",\"inLanguage\":\"it-IT\",\"@id\":\"https:\/\/www.noidiqua.it\/Agliana\/biblioteca-comunale-chiusura-polemiche\/#primaryimage\",\"url\":\"https:\/\/www.noidiqua.it\/Agliana\/wp-content\/uploads\/2015\/09\/biblioteca-1.png\",\"contentUrl\":\"https:\/\/www.noidiqua.it\/Agliana\/wp-content\/uploads\/2015\/09\/biblioteca-1.png\",\"width\":500,\"height\":371},{\"@type\":\"BreadcrumbList\",\"@id\":\"https:\/\/www.noidiqua.it\/Agliana\/biblioteca-comunale-chiusura-polemiche\/#breadcrumb\",\"itemListElement\":[{\"@type\":\"ListItem\",\"position\":1,\"name\":\"Home\",\"item\":\"https:\/\/www.noidiqua.it\/Agliana\/\"},{\"@type\":\"ListItem\",\"position\":2,\"name\":\"Biblioteca comunale: chiusura con polemiche\"}]},{\"@type\":\"WebSite\",\"@id\":\"https:\/\/www.noidiqua.it\/Agliana\/#website\",\"url\":\"https:\/\/www.noidiqua.it\/Agliana\/\",\"name\":\"Noi di Qua Testata giornalistica e di attualit\u00e0 di Agliana, Montale e Quarrata.\",\"description\":\"Testata Giornalistica Quarrata Montale Agliana\",\"potentialAction\":[{\"@type\":\"SearchAction\",\"target\":{\"@type\":\"EntryPoint\",\"urlTemplate\":\"https:\/\/www.noidiqua.it\/Agliana\/?s={search_term_string}\"},\"query-input\":{\"@type\":\"PropertyValueSpecification\",\"valueRequired\":true,\"valueName\":\"search_term_string\"}}],\"inLanguage\":\"it-IT\"},{\"@type\":\"Person\",\"@id\":\"https:\/\/www.noidiqua.it\/Agliana\/#\/schema\/person\/bb7515c2330bb1137f247276096fa7dc\",\"name\":\"Piera Salvi\",\"image\":{\"@type\":\"ImageObject\",\"inLanguage\":\"it-IT\",\"@id\":\"https:\/\/www.noidiqua.it\/Agliana\/#\/schema\/person\/image\/\",\"url\":\"https:\/\/secure.gravatar.com\/avatar\/2f9b1fb6e13f3b3e63bde435d999a73be036e320f7a0f5f32f9ac21859d999cd?s=96&d=mm&r=g\",\"contentUrl\":\"https:\/\/secure.gravatar.com\/avatar\/2f9b1fb6e13f3b3e63bde435d999a73be036e320f7a0f5f32f9ac21859d999cd?s=96&d=mm&r=g\",\"caption\":\"Piera Salvi\"},\"url\":\"https:\/\/www.noidiqua.it\/Agliana\/author\/piera-salvi\/\"}]}<\/script>\n<!-- \/ Yoast SEO plugin. -->","yoast_head_json":{"title":"Biblioteca comunale: chiusura con polemiche - Noi di Qua Testata giornalistica e di attualit\u00e0 di Agliana, Montale e Quarrata.","robots":{"index":"index","follow":"follow","max-snippet":"max-snippet:-1","max-image-preview":"max-image-preview:large","max-video-preview":"max-video-preview:-1"},"canonical":"https:\/\/www.noidiqua.it\/Agliana\/biblioteca-comunale-chiusura-polemiche\/","og_locale":"it_IT","og_type":"article","og_title":"Biblioteca comunale: chiusura con polemiche - Noi di Qua Testata giornalistica e di attualit\u00e0 di Agliana, Montale e Quarrata.","og_description":"di\u00a0Piera Salvi settembre\u00a02015 Due mesi di interruzione del servizio alla biblioteca comunale Angela Marcesini. Riapertura a fine settembre, massimo i primi di ottobre, con sede provvisoria nei locali comunali Laura Conti (sopra la Casa della salute) e servizi ridotti: front office, sala studio, emeroteca e internet, mentre [&hellip;]","og_url":"https:\/\/www.noidiqua.it\/Agliana\/biblioteca-comunale-chiusura-polemiche\/","og_site_name":"Noi di Qua Testata giornalistica e di attualit\u00e0 di Agliana, Montale e Quarrata.","article_publisher":"https:\/\/www.facebook.com\/noidiqua.trimestrale\/","article_published_time":"2015-09-05T15:57:44+00:00","article_modified_time":"2022-08-29T08:09:52+00:00","og_image":[{"url":"https:\/\/www.noidiqua.it\/Agliana\/wp-content\/uploads\/2015\/09\/biblioteca-1.png","type":"","width":"","height":""}],"author":"Piera Salvi","twitter_misc":{"Scritto da":"Piera Salvi","Tempo di lettura stimato":"5 minuti"},"schema":{"@context":"https:\/\/schema.org","@graph":[{"@type":"WebPage","@id":"https:\/\/www.noidiqua.it\/Agliana\/biblioteca-comunale-chiusura-polemiche\/","url":"https:\/\/www.noidiqua.it\/Agliana\/biblioteca-comunale-chiusura-polemiche\/","name":"Biblioteca comunale: chiusura con polemiche - Noi di Qua Testata giornalistica e di attualit\u00e0 di Agliana, Montale e Quarrata.","isPartOf":{"@id":"https:\/\/www.noidiqua.it\/Agliana\/#website"},"primaryImageOfPage":{"@id":"https:\/\/www.noidiqua.it\/Agliana\/biblioteca-comunale-chiusura-polemiche\/#primaryimage"},"image":{"@id":"https:\/\/www.noidiqua.it\/Agliana\/biblioteca-comunale-chiusura-polemiche\/#primaryimage"},"thumbnailUrl":"https:\/\/www.noidiqua.it\/Agliana\/wp-content\/uploads\/2015\/09\/biblioteca-1.png","datePublished":"2015-09-05T15:57:44+00:00","dateModified":"2022-08-29T08:09:52+00:00","author":{"@id":"https:\/\/www.noidiqua.it\/Agliana\/#\/schema\/person\/bb7515c2330bb1137f247276096fa7dc"},"breadcrumb":{"@id":"https:\/\/www.noidiqua.it\/Agliana\/biblioteca-comunale-chiusura-polemiche\/#breadcrumb"},"inLanguage":"it-IT","potentialAction":[{"@type":"ReadAction","target":["https:\/\/www.noidiqua.it\/Agliana\/biblioteca-comunale-chiusura-polemiche\/"]}]},{"@type":"ImageObject","inLanguage":"it-IT","@id":"https:\/\/www.noidiqua.it\/Agliana\/biblioteca-comunale-chiusura-polemiche\/#primaryimage","url":"https:\/\/www.noidiqua.it\/Agliana\/wp-content\/uploads\/2015\/09\/biblioteca-1.png","contentUrl":"https:\/\/www.noidiqua.it\/Agliana\/wp-content\/uploads\/2015\/09\/biblioteca-1.png","width":500,"height":371},{"@type":"BreadcrumbList","@id":"https:\/\/www.noidiqua.it\/Agliana\/biblioteca-comunale-chiusura-polemiche\/#breadcrumb","itemListElement":[{"@type":"ListItem","position":1,"name":"Home","item":"https:\/\/www.noidiqua.it\/Agliana\/"},{"@type":"ListItem","position":2,"name":"Biblioteca comunale: chiusura con polemiche"}]},{"@type":"WebSite","@id":"https:\/\/www.noidiqua.it\/Agliana\/#website","url":"https:\/\/www.noidiqua.it\/Agliana\/","name":"Noi di Qua Testata giornalistica e di attualit\u00e0 di Agliana, Montale e Quarrata.","description":"Testata Giornalistica Quarrata Montale Agliana","potentialAction":[{"@type":"SearchAction","target":{"@type":"EntryPoint","urlTemplate":"https:\/\/www.noidiqua.it\/Agliana\/?s={search_term_string}"},"query-input":{"@type":"PropertyValueSpecification","valueRequired":true,"valueName":"search_term_string"}}],"inLanguage":"it-IT"},{"@type":"Person","@id":"https:\/\/www.noidiqua.it\/Agliana\/#\/schema\/person\/bb7515c2330bb1137f247276096fa7dc","name":"Piera Salvi","image":{"@type":"ImageObject","inLanguage":"it-IT","@id":"https:\/\/www.noidiqua.it\/Agliana\/#\/schema\/person\/image\/","url":"https:\/\/secure.gravatar.com\/avatar\/2f9b1fb6e13f3b3e63bde435d999a73be036e320f7a0f5f32f9ac21859d999cd?s=96&d=mm&r=g","contentUrl":"https:\/\/secure.gravatar.com\/avatar\/2f9b1fb6e13f3b3e63bde435d999a73be036e320f7a0f5f32f9ac21859d999cd?s=96&d=mm&r=g","caption":"Piera Salvi"},"url":"https:\/\/www.noidiqua.it\/Agliana\/author\/piera-salvi\/"}]}},"_links":{"self":[{"href":"https:\/\/www.noidiqua.it\/Agliana\/wp-json\/wp\/v2\/posts\/4015","targetHints":{"allow":["GET"]}}],"collection":[{"href":"https:\/\/www.noidiqua.it\/Agliana\/wp-json\/wp\/v2\/posts"}],"about":[{"href":"https:\/\/www.noidiqua.it\/Agliana\/wp-json\/wp\/v2\/types\/post"}],"author":[{"embeddable":true,"href":"https:\/\/www.noidiqua.it\/Agliana\/wp-json\/wp\/v2\/users\/13"}],"replies":[{"embeddable":true,"href":"https:\/\/www.noidiqua.it\/Agliana\/wp-json\/wp\/v2\/comments?post=4015"}],"version-history":[{"count":5,"href":"https:\/\/www.noidiqua.it\/Agliana\/wp-json\/wp\/v2\/posts\/4015\/revisions"}],"predecessor-version":[{"id":7607,"href":"https:\/\/www.noidiqua.it\/Agliana\/wp-json\/wp\/v2\/posts\/4015\/revisions\/7607"}],"wp:attachment":[{"href":"https:\/\/www.noidiqua.it\/Agliana\/wp-json\/wp\/v2\/media?parent=4015"}],"wp:term":[{"taxonomy":"category","embeddable":true,"href":"https:\/\/www.noidiqua.it\/Agliana\/wp-json\/wp\/v2\/categories?post=4015"},{"taxonomy":"post_tag","embeddable":true,"href":"https:\/\/www.noidiqua.it\/Agliana\/wp-json\/wp\/v2\/tags?post=4015"}],"curies":[{"name":"wp","href":"https:\/\/api.w.org\/{rel}","templated":true}]}}