{"id":4075,"date":"2015-12-09T16:18:00","date_gmt":"2015-12-09T15:18:00","guid":{"rendered":"https:\/\/www.noidiqua.it\/Agliana\/?p=4075"},"modified":"2022-07-29T11:32:04","modified_gmt":"2022-07-29T09:32:04","slug":"lega-tennis-agliana-storia-futuro","status":"publish","type":"post","link":"https:\/\/www.noidiqua.it\/Agliana\/lega-tennis-agliana-storia-futuro\/","title":{"rendered":"Lega tennis Agliana &#8211; la storia e il futuro"},"content":{"rendered":"<p><em>di\u00a0Piera Salvi<\/em><\/p>\n<p>dicembre\u00a02015<\/p>\n<p><a href=\"https:\/\/www.noidiqua.it\/Agliana\/wp-content\/uploads\/2015\/12\/tennis-1.png\" rel=\"wp-prettyPhoto[4075]\"><img loading=\"lazy\" decoding=\"async\" class=\"aligncenter  wp-image-7521\" src=\"https:\/\/www.noidiqua.it\/Agliana\/wp-content\/uploads\/2015\/12\/tennis-1.png\" alt=\"\" width=\"419\" height=\"370\" srcset=\"https:\/\/www.noidiqua.it\/Agliana\/wp-content\/uploads\/2015\/12\/tennis-1.png 491w, https:\/\/www.noidiqua.it\/Agliana\/wp-content\/uploads\/2015\/12\/tennis-1-300x265.png 300w\" sizes=\"auto, (max-width: 419px) 100vw, 419px\" \/><\/a><\/p>\n<p><span class=\"s1\">La <strong>\u201cLega tennis Agliana\u201d<\/strong> nacque nel 1978 per la gestione dei campi comunali da tennis, all\u2019epoca solo due con una piccola palazzina, poi ampliata. Sotto la propria gestione realizz\u00f2 poi gli altri due campi da tennis e i campi di calcetto. L&#8217;attuale impianto \u00e8 dotato di quattro campi da tennis (due in terra e due in sintetico) e due campi da calcetto e un punto ristoro. Tra le attivit\u00e0 svolte in 37 anni (tornei per giovani e adulti e scuola di tennis), merita ricordare il torneo internazionale <strong>\u201cMinuti Paolo\u201d<\/strong>, rivolto ad atleti portatori di handicap (prima edizione nel 1988) che fu ospitato per diversi anni e trov\u00f2 spazio anche in Tv su \u201c90\u00b0 Minuto\u201d.\u00a0<\/span><i>\u00abAll\u2019epoca\u00bb<\/i> ricorda <strong>Riccardo Dorotoni<\/strong>, presidente della \u201cLega tennis Agliana\u201d da venti anni <i>\u00abnon c\u2019era la sensibilit\u00e0 di oggi verso i disabili\u00bb<\/i>. Nell\u2019attivit\u00e0 del calcetto ricordiamo i seguenti tornei per beneficenza: <strong>\u201cTorneo Giugno Aglianese\u201d<\/strong>, <strong>\u201cMemorial Melani Gianluca\u201d<\/strong> e, negli ultimi anni il <strong>\u201cTorneo dei rioni over 45\u201d<\/strong>.<\/p>\n<p><span class=\"s1\">Notevole \u00e8 sempre stata l\u2019attenzione alle associazioni di volontariato del territorio, alle quali la \u201cLega tennis Agliana\u201d, ha devoluto circa 4\/5000 euro annui. Adesso si apre una nuova pagina nell\u2019impianto di via Alessandrini, con cambio di propriet\u00e0 e gestione e un importante progetto di sviluppo per la pratica del tennis. <i>\u00abIl passaggio\u00bb <\/i>assicurano dalla precedente e dalla nuova gestione <i>\u00abporter\u00e0 miglioramenti, continuit\u00e0 e collaborazione\u00bb<\/i>. La \u201cLega tennis Agliana\u201d che gestiva l\u2019impianto dal 1978 e l\u2019aveva acquistato dal Comune di <strong>Agliana<\/strong> nel 2014, ha deciso di vendere quando si \u00e8 presentata, di sua personale iniziativa, la nuova propriet\u00e0 proponendo un&#8217;importante progetto di sviluppo e un&#8217;ulteriore valorizzazione dell\u2019impianto. <i>\u00abProgetto che\u00bb<\/i> affermano dalla Lega tennis Agliana <i>\u00abnon poteva essere condiviso dagli attuali soci, dati gli impegni lavorativi di ciascuno, oltre all\u2019et\u00e0 degli stessi\u00bb<\/i>.\u00a0<\/span><\/p>\n<p><a href=\"https:\/\/www.noidiqua.it\/Agliana\/wp-content\/uploads\/2015\/12\/tennis-2.png\" rel=\"wp-prettyPhoto[4075]\"><img loading=\"lazy\" decoding=\"async\" class=\"aligncenter size-full wp-image-7523\" src=\"https:\/\/www.noidiqua.it\/Agliana\/wp-content\/uploads\/2015\/12\/tennis-2.png\" alt=\"\" width=\"493\" height=\"303\" srcset=\"https:\/\/www.noidiqua.it\/Agliana\/wp-content\/uploads\/2015\/12\/tennis-2.png 493w, https:\/\/www.noidiqua.it\/Agliana\/wp-content\/uploads\/2015\/12\/tennis-2-300x184.png 300w\" sizes=\"auto, (max-width: 493px) 100vw, 493px\" \/><\/a><\/p>\n<p><span class=\"s1\">Il nuovo proprietario \u00e8 un giovane pistoiese, <strong>Francesco Vitulli<\/strong> (19 anni) istruttore di tennis e coach internazionale Gptca. La gestione dell\u2019impianto \u00e8 affidata alla societ\u00e0 \u201cTennis club lega Agliana\u201d, il cui presidente \u00e8 <strong>Claudio Vitulli<\/strong>, padre di Francesco. Quando il Comune di Agliana ha messo in vendita la struttura, la \u201cLega tennis Agliana\u201d l\u2019aveva acquistata per mantenere in vita l\u2019impianto, per il quale si era sempre impegnata con grande passione, apportando anche miglioramenti nel corso degli anni. La bufera di vento del 5 marzo 2015 ha procurato oltre 100.000 euro di danni, ma in buona parte sono stati ripristinati dalla \u201cLega tennis Agliana\u201d con risorse proprie. Dopo 37 anni di gestione dell\u2019impianto di <strong>via Alessandrini<\/strong>, la \u201cLega tennis Agliana\u201d resta come societ\u00e0 sportiva, disponibile a collaborare con la nuova gestione. <i>\u00abAuguriamo alla nuova propriet\u00e0 un lungo periodo di soddisfazioni sportive ed economiche\u00bb<\/i> afferma l\u2019intera compagine sociale della \u201cLega tennis Agliana\u201d, <i>\u00abvista l\u2019energia, la volont\u00e0 e la professionalit\u00e0 con cui si \u00e8 presentata per iniziare questa sua nuova avventura\u00bb<\/i>.<\/span><\/p>\n<p>&nbsp;<\/p>\n<p class=\"p1\" style=\"text-align: justify;\">","protected":false},"excerpt":{"rendered":"<p>di\u00a0Piera Salvi dicembre\u00a02015 La \u201cLega tennis Agliana\u201d nacque nel 1978 per la gestione dei campi comunali da tennis, all\u2019epoca solo due con una piccola palazzina, poi ampliata. Sotto la propria gestione realizz\u00f2 poi gli altri due campi da tennis e i campi di calcetto. L&#8217;attuale impianto \u00e8 [&hellip;]<\/p>","protected":false},"author":13,"featured_media":0,"comment_status":"open","ping_status":"open","sticky":false,"template":"","format":"standard","meta":{"footnotes":""},"categories":[2,144,28],"tags":[37,270,271,266,264,267,265,269,268],"class_list":["post-4075","post","type-post","status-publish","format-standard","hentry","category-ag","category-lo-sport-di-qua","category-sport-qt","tag-ag-ag","tag-claudio-vitulli","tag-francesco-vitulli","tag-riccardo-dorotoni","tag-lega-tennis-agliana","tag-memorial-melani-gianluca","tag-minuti-paolo","tag-torneo-dei-rioni-over-45","tag-torneo-giugno-aglianese"],"yoast_head":"<!-- This site is optimized with the Yoast SEO plugin v25.5 - https:\/\/yoast.com\/wordpress\/plugins\/seo\/ -->\n<title>Lega tennis Agliana - la storia e il futuro - Noi di Qua Testata giornalistica e di attualit\u00e0 di Agliana, Montale e Quarrata.<\/title>\n<meta name=\"robots\" content=\"index, follow, max-snippet:-1, max-image-preview:large, max-video-preview:-1\" \/>\n<link rel=\"canonical\" href=\"https:\/\/www.noidiqua.it\/Agliana\/lega-tennis-agliana-storia-futuro\/\" \/>\n<meta property=\"og:locale\" content=\"it_IT\" \/>\n<meta property=\"og:type\" content=\"article\" \/>\n<meta property=\"og:title\" content=\"Lega tennis Agliana - la storia e il futuro - Noi di Qua Testata giornalistica e di attualit\u00e0 di Agliana, Montale e Quarrata.\" \/>\n<meta property=\"og:description\" content=\"di\u00a0Piera Salvi dicembre\u00a02015 La \u201cLega tennis Agliana\u201d nacque nel 1978 per la gestione dei campi comunali da tennis, all\u2019epoca solo due con una piccola palazzina, poi ampliata. Sotto la propria gestione realizz\u00f2 poi gli altri due campi da tennis e i campi di calcetto. L&#8217;attuale impianto \u00e8 [&hellip;]\" \/>\n<meta property=\"og:url\" content=\"https:\/\/www.noidiqua.it\/Agliana\/lega-tennis-agliana-storia-futuro\/\" \/>\n<meta property=\"og:site_name\" content=\"Noi di Qua Testata giornalistica e di attualit\u00e0 di Agliana, Montale e Quarrata.\" \/>\n<meta property=\"article:publisher\" content=\"https:\/\/www.facebook.com\/noidiqua.trimestrale\/\" \/>\n<meta property=\"article:published_time\" content=\"2015-12-09T15:18:00+00:00\" \/>\n<meta property=\"article:modified_time\" content=\"2022-07-29T09:32:04+00:00\" \/>\n<meta property=\"og:image\" content=\"https:\/\/www.noidiqua.it\/Agliana\/wp-content\/uploads\/2015\/12\/tennis-1.png\" \/>\n<meta name=\"author\" content=\"Piera Salvi\" \/>\n<meta name=\"twitter:label1\" content=\"Scritto da\" \/>\n\t<meta name=\"twitter:data1\" content=\"Piera Salvi\" \/>\n\t<meta name=\"twitter:label2\" content=\"Tempo di lettura stimato\" \/>\n\t<meta name=\"twitter:data2\" content=\"2 minuti\" \/>\n<script type=\"application\/ld+json\" class=\"yoast-schema-graph\">{\"@context\":\"https:\/\/schema.org\",\"@graph\":[{\"@type\":\"WebPage\",\"@id\":\"https:\/\/www.noidiqua.it\/Agliana\/lega-tennis-agliana-storia-futuro\/\",\"url\":\"https:\/\/www.noidiqua.it\/Agliana\/lega-tennis-agliana-storia-futuro\/\",\"name\":\"Lega tennis Agliana - la storia e il futuro - Noi di Qua Testata giornalistica e di attualit\u00e0 di Agliana, Montale e Quarrata.\",\"isPartOf\":{\"@id\":\"https:\/\/www.noidiqua.it\/Agliana\/#website\"},\"primaryImageOfPage\":{\"@id\":\"https:\/\/www.noidiqua.it\/Agliana\/lega-tennis-agliana-storia-futuro\/#primaryimage\"},\"image\":{\"@id\":\"https:\/\/www.noidiqua.it\/Agliana\/lega-tennis-agliana-storia-futuro\/#primaryimage\"},\"thumbnailUrl\":\"https:\/\/www.noidiqua.it\/Agliana\/wp-content\/uploads\/2015\/12\/tennis-1.png\",\"datePublished\":\"2015-12-09T15:18:00+00:00\",\"dateModified\":\"2022-07-29T09:32:04+00:00\",\"author\":{\"@id\":\"https:\/\/www.noidiqua.it\/Agliana\/#\/schema\/person\/bb7515c2330bb1137f247276096fa7dc\"},\"breadcrumb\":{\"@id\":\"https:\/\/www.noidiqua.it\/Agliana\/lega-tennis-agliana-storia-futuro\/#breadcrumb\"},\"inLanguage\":\"it-IT\",\"potentialAction\":[{\"@type\":\"ReadAction\",\"target\":[\"https:\/\/www.noidiqua.it\/Agliana\/lega-tennis-agliana-storia-futuro\/\"]}]},{\"@type\":\"ImageObject\",\"inLanguage\":\"it-IT\",\"@id\":\"https:\/\/www.noidiqua.it\/Agliana\/lega-tennis-agliana-storia-futuro\/#primaryimage\",\"url\":\"https:\/\/www.noidiqua.it\/Agliana\/wp-content\/uploads\/2015\/12\/tennis-1.png\",\"contentUrl\":\"https:\/\/www.noidiqua.it\/Agliana\/wp-content\/uploads\/2015\/12\/tennis-1.png\",\"width\":491,\"height\":433},{\"@type\":\"BreadcrumbList\",\"@id\":\"https:\/\/www.noidiqua.it\/Agliana\/lega-tennis-agliana-storia-futuro\/#breadcrumb\",\"itemListElement\":[{\"@type\":\"ListItem\",\"position\":1,\"name\":\"Home\",\"item\":\"https:\/\/www.noidiqua.it\/Agliana\/\"},{\"@type\":\"ListItem\",\"position\":2,\"name\":\"Lega tennis Agliana &#8211; la storia e il futuro\"}]},{\"@type\":\"WebSite\",\"@id\":\"https:\/\/www.noidiqua.it\/Agliana\/#website\",\"url\":\"https:\/\/www.noidiqua.it\/Agliana\/\",\"name\":\"Noi di Qua Testata giornalistica e di attualit\u00e0 di Agliana, Montale e Quarrata.\",\"description\":\"Testata Giornalistica Quarrata Montale Agliana\",\"potentialAction\":[{\"@type\":\"SearchAction\",\"target\":{\"@type\":\"EntryPoint\",\"urlTemplate\":\"https:\/\/www.noidiqua.it\/Agliana\/?s={search_term_string}\"},\"query-input\":{\"@type\":\"PropertyValueSpecification\",\"valueRequired\":true,\"valueName\":\"search_term_string\"}}],\"inLanguage\":\"it-IT\"},{\"@type\":\"Person\",\"@id\":\"https:\/\/www.noidiqua.it\/Agliana\/#\/schema\/person\/bb7515c2330bb1137f247276096fa7dc\",\"name\":\"Piera Salvi\",\"image\":{\"@type\":\"ImageObject\",\"inLanguage\":\"it-IT\",\"@id\":\"https:\/\/www.noidiqua.it\/Agliana\/#\/schema\/person\/image\/\",\"url\":\"https:\/\/secure.gravatar.com\/avatar\/2f9b1fb6e13f3b3e63bde435d999a73be036e320f7a0f5f32f9ac21859d999cd?s=96&d=mm&r=g\",\"contentUrl\":\"https:\/\/secure.gravatar.com\/avatar\/2f9b1fb6e13f3b3e63bde435d999a73be036e320f7a0f5f32f9ac21859d999cd?s=96&d=mm&r=g\",\"caption\":\"Piera Salvi\"},\"url\":\"https:\/\/www.noidiqua.it\/Agliana\/author\/piera-salvi\/\"}]}<\/script>\n<!-- \/ Yoast SEO plugin. -->","yoast_head_json":{"title":"Lega tennis Agliana - la storia e il futuro - Noi di Qua Testata giornalistica e di attualit\u00e0 di Agliana, Montale e Quarrata.","robots":{"index":"index","follow":"follow","max-snippet":"max-snippet:-1","max-image-preview":"max-image-preview:large","max-video-preview":"max-video-preview:-1"},"canonical":"https:\/\/www.noidiqua.it\/Agliana\/lega-tennis-agliana-storia-futuro\/","og_locale":"it_IT","og_type":"article","og_title":"Lega tennis Agliana - la storia e il futuro - Noi di Qua Testata giornalistica e di attualit\u00e0 di Agliana, Montale e Quarrata.","og_description":"di\u00a0Piera Salvi dicembre\u00a02015 La \u201cLega tennis Agliana\u201d nacque nel 1978 per la gestione dei campi comunali da tennis, all\u2019epoca solo due con una piccola palazzina, poi ampliata. Sotto la propria gestione realizz\u00f2 poi gli altri due campi da tennis e i campi di calcetto. L&#8217;attuale impianto \u00e8 [&hellip;]","og_url":"https:\/\/www.noidiqua.it\/Agliana\/lega-tennis-agliana-storia-futuro\/","og_site_name":"Noi di Qua Testata giornalistica e di attualit\u00e0 di Agliana, Montale e Quarrata.","article_publisher":"https:\/\/www.facebook.com\/noidiqua.trimestrale\/","article_published_time":"2015-12-09T15:18:00+00:00","article_modified_time":"2022-07-29T09:32:04+00:00","og_image":[{"url":"https:\/\/www.noidiqua.it\/Agliana\/wp-content\/uploads\/2015\/12\/tennis-1.png","type":"","width":"","height":""}],"author":"Piera Salvi","twitter_misc":{"Scritto da":"Piera Salvi","Tempo di lettura stimato":"2 minuti"},"schema":{"@context":"https:\/\/schema.org","@graph":[{"@type":"WebPage","@id":"https:\/\/www.noidiqua.it\/Agliana\/lega-tennis-agliana-storia-futuro\/","url":"https:\/\/www.noidiqua.it\/Agliana\/lega-tennis-agliana-storia-futuro\/","name":"Lega tennis Agliana - la storia e il futuro - Noi di Qua Testata giornalistica e di attualit\u00e0 di Agliana, Montale e Quarrata.","isPartOf":{"@id":"https:\/\/www.noidiqua.it\/Agliana\/#website"},"primaryImageOfPage":{"@id":"https:\/\/www.noidiqua.it\/Agliana\/lega-tennis-agliana-storia-futuro\/#primaryimage"},"image":{"@id":"https:\/\/www.noidiqua.it\/Agliana\/lega-tennis-agliana-storia-futuro\/#primaryimage"},"thumbnailUrl":"https:\/\/www.noidiqua.it\/Agliana\/wp-content\/uploads\/2015\/12\/tennis-1.png","datePublished":"2015-12-09T15:18:00+00:00","dateModified":"2022-07-29T09:32:04+00:00","author":{"@id":"https:\/\/www.noidiqua.it\/Agliana\/#\/schema\/person\/bb7515c2330bb1137f247276096fa7dc"},"breadcrumb":{"@id":"https:\/\/www.noidiqua.it\/Agliana\/lega-tennis-agliana-storia-futuro\/#breadcrumb"},"inLanguage":"it-IT","potentialAction":[{"@type":"ReadAction","target":["https:\/\/www.noidiqua.it\/Agliana\/lega-tennis-agliana-storia-futuro\/"]}]},{"@type":"ImageObject","inLanguage":"it-IT","@id":"https:\/\/www.noidiqua.it\/Agliana\/lega-tennis-agliana-storia-futuro\/#primaryimage","url":"https:\/\/www.noidiqua.it\/Agliana\/wp-content\/uploads\/2015\/12\/tennis-1.png","contentUrl":"https:\/\/www.noidiqua.it\/Agliana\/wp-content\/uploads\/2015\/12\/tennis-1.png","width":491,"height":433},{"@type":"BreadcrumbList","@id":"https:\/\/www.noidiqua.it\/Agliana\/lega-tennis-agliana-storia-futuro\/#breadcrumb","itemListElement":[{"@type":"ListItem","position":1,"name":"Home","item":"https:\/\/www.noidiqua.it\/Agliana\/"},{"@type":"ListItem","position":2,"name":"Lega tennis Agliana &#8211; la storia e il futuro"}]},{"@type":"WebSite","@id":"https:\/\/www.noidiqua.it\/Agliana\/#website","url":"https:\/\/www.noidiqua.it\/Agliana\/","name":"Noi di Qua Testata giornalistica e di attualit\u00e0 di Agliana, Montale e Quarrata.","description":"Testata Giornalistica Quarrata Montale Agliana","potentialAction":[{"@type":"SearchAction","target":{"@type":"EntryPoint","urlTemplate":"https:\/\/www.noidiqua.it\/Agliana\/?s={search_term_string}"},"query-input":{"@type":"PropertyValueSpecification","valueRequired":true,"valueName":"search_term_string"}}],"inLanguage":"it-IT"},{"@type":"Person","@id":"https:\/\/www.noidiqua.it\/Agliana\/#\/schema\/person\/bb7515c2330bb1137f247276096fa7dc","name":"Piera Salvi","image":{"@type":"ImageObject","inLanguage":"it-IT","@id":"https:\/\/www.noidiqua.it\/Agliana\/#\/schema\/person\/image\/","url":"https:\/\/secure.gravatar.com\/avatar\/2f9b1fb6e13f3b3e63bde435d999a73be036e320f7a0f5f32f9ac21859d999cd?s=96&d=mm&r=g","contentUrl":"https:\/\/secure.gravatar.com\/avatar\/2f9b1fb6e13f3b3e63bde435d999a73be036e320f7a0f5f32f9ac21859d999cd?s=96&d=mm&r=g","caption":"Piera Salvi"},"url":"https:\/\/www.noidiqua.it\/Agliana\/author\/piera-salvi\/"}]}},"_links":{"self":[{"href":"https:\/\/www.noidiqua.it\/Agliana\/wp-json\/wp\/v2\/posts\/4075","targetHints":{"allow":["GET"]}}],"collection":[{"href":"https:\/\/www.noidiqua.it\/Agliana\/wp-json\/wp\/v2\/posts"}],"about":[{"href":"https:\/\/www.noidiqua.it\/Agliana\/wp-json\/wp\/v2\/types\/post"}],"author":[{"embeddable":true,"href":"https:\/\/www.noidiqua.it\/Agliana\/wp-json\/wp\/v2\/users\/13"}],"replies":[{"embeddable":true,"href":"https:\/\/www.noidiqua.it\/Agliana\/wp-json\/wp\/v2\/comments?post=4075"}],"version-history":[{"count":4,"href":"https:\/\/www.noidiqua.it\/Agliana\/wp-json\/wp\/v2\/posts\/4075\/revisions"}],"predecessor-version":[{"id":7524,"href":"https:\/\/www.noidiqua.it\/Agliana\/wp-json\/wp\/v2\/posts\/4075\/revisions\/7524"}],"wp:attachment":[{"href":"https:\/\/www.noidiqua.it\/Agliana\/wp-json\/wp\/v2\/media?parent=4075"}],"wp:term":[{"taxonomy":"category","embeddable":true,"href":"https:\/\/www.noidiqua.it\/Agliana\/wp-json\/wp\/v2\/categories?post=4075"},{"taxonomy":"post_tag","embeddable":true,"href":"https:\/\/www.noidiqua.it\/Agliana\/wp-json\/wp\/v2\/tags?post=4075"}],"curies":[{"name":"wp","href":"https:\/\/api.w.org\/{rel}","templated":true}]}}