{"id":4080,"date":"2015-12-09T16:30:39","date_gmt":"2015-12-09T15:30:39","guid":{"rendered":"https:\/\/www.noidiqua.it\/Agliana\/?p=4080"},"modified":"2022-07-29T11:35:36","modified_gmt":"2022-07-29T09:35:36","slug":"chiara-manese-mezzosoprano","status":"publish","type":"post","link":"https:\/\/www.noidiqua.it\/Agliana\/chiara-manese-mezzosoprano\/","title":{"rendered":"Chiara Manese &#8211; mezzosoprano"},"content":{"rendered":"<p><em>di\u00a0Piera Salvi<\/em><\/p>\n<p>dicembre\u00a02015<\/p>\n<p><a href=\"https:\/\/www.noidiqua.it\/Agliana\/wp-content\/uploads\/2015\/12\/manese-2.png\" rel=\"wp-prettyPhoto[4080]\"><img loading=\"lazy\" decoding=\"async\" class=\"aligncenter  wp-image-7525\" src=\"https:\/\/www.noidiqua.it\/Agliana\/wp-content\/uploads\/2015\/12\/manese-2.png\" alt=\"\" width=\"358\" height=\"324\" srcset=\"https:\/\/www.noidiqua.it\/Agliana\/wp-content\/uploads\/2015\/12\/manese-2.png 500w, https:\/\/www.noidiqua.it\/Agliana\/wp-content\/uploads\/2015\/12\/manese-2-300x272.png 300w\" sizes=\"auto, (max-width: 358px) 100vw, 358px\" \/><\/a><\/p>\n<p><strong>Chiara Manese<\/strong>, mezzosoprano, era l\u2019unica voce femminile italiana alla semifinale del concorso internazionale <strong>\u201cEarly music vocal competition \u2013 Canticum gaudium\u201d<\/strong>, di vocalit\u00e0 barocca e rinascimentale, che si \u00e8 tenuto a novembre a\u00a0<strong>Poznan<\/strong>, in Polonia.<i> \u00abSono stata ammessa dopo avere superato la fase eliminatoria, seguita dal maestro <strong>Leonardo Sagliocca<\/strong>, basso-baritorno\u00bb<\/i> racconta. Tra le sue importanti esperienze, anche una borsa di studio per un corso di alta formazione, di tre mesi, per vocalit\u00e0 mozartiana, barocca e rossiniana che si \u00e8 tenuto a <strong>Spoleto<\/strong>, debuttando in <strong>\u201cServa padrona\u201d<\/strong> di Pergolesi. Chiara si \u00e8 laureata al <strong>Conservatorio Cherubini<\/strong> di Firenze, nel 2010, ha studiato in Austria all\u2019<strong>Accademia Mozarteum di Salisburgo<\/strong> e attualmente frequenta il biennio specialistico di canto lirico al <strong>Conservatorio Boccherini<\/strong> di Lucca. Lavora in recital con <strong>\u201cItalian Opera\u201d<\/strong> nella chiesa di Santa Monaca a <strong>Firenze<\/strong>, con il maestro <strong>David Boldrini<\/strong>. Il 13 dicembre sar\u00e0 al Teatro Petrarca di Arezzo nell\u2019opera sinfonica <strong>\u201cLiebeslieder\u201d<\/strong> ed ha al suo attivo celebri opere rappresentate in importanti teatri.<\/p>\n<p><span class=\"s1\">Chiara Manese, 29 anni, \u00e8 una giovane promessa della lirica, ma anche imprenditrice musicale, nonch\u00e9 voce in un gruppo metal estremo. <i>\u00abGestisco il centro musicale <strong>\u201cSound Check\u201d<\/strong> a <strong>Prato<\/strong>\u00bb<\/i> spiega, <i>\u00abattraverso l\u2019associazione culturale <strong>\u201cEffetto sonoro\u201d<\/strong>, di cui sono presidente. C\u2019\u00e8 una sala prove per band, uno studio di registrazione e una scuola di musica. Io insegno canto lirico da dieci anni. Ho lavorato con la scuola Verdi di Montemurlo, la Scarlatti di Montale e diverse scuole private di Firenze e Prato. Adesso insegno alla scuola comunale di musica <strong>\u201cOttava nota\u201d<\/strong> di Poggio a Caiano, canto lirico e leggero e dirigo tre cori\u00bb<\/i>.<\/span><\/p>\n<p><span class=\"s1\"><a href=\"https:\/\/www.noidiqua.it\/Agliana\/wp-content\/uploads\/2015\/12\/manese-1.png\" rel=\"wp-prettyPhoto[4080]\"><img loading=\"lazy\" decoding=\"async\" class=\"aligncenter  wp-image-7527\" src=\"https:\/\/www.noidiqua.it\/Agliana\/wp-content\/uploads\/2015\/12\/manese-1.png\" alt=\"\" width=\"414\" height=\"360\" srcset=\"https:\/\/www.noidiqua.it\/Agliana\/wp-content\/uploads\/2015\/12\/manese-1.png 500w, https:\/\/www.noidiqua.it\/Agliana\/wp-content\/uploads\/2015\/12\/manese-1-300x261.png 300w\" sizes=\"auto, (max-width: 414px) 100vw, 414px\" \/><\/a><\/span><span class=\"s1\">La passione per la lirica di Chiara Manese nasce inizialmente dalla curiosit\u00e0. <i>\u00abQuando ero bambina\u00bb<\/i> racconta <i>\u00abero affascinata e incuriosita dalle voci che uscivano dallo stereo quando mio padre ascoltava musica barocca o rinascimentale. Mi davano una sensazione di mistero. Quando ho capito che erano voci umane ho pensato che potevo provarci anch\u2019io. Ho cominciato a studiare canto a 16 anni, con il soprano <strong>Elena Bartolozzi<\/strong> alla scuola <strong>Mabellini<\/strong> di <strong>Pistoia<\/strong>. Da bambina avevo studiato chitarra elettrica e chitarra classica, medievale e rinascimentale ad Agliana con il maestro Daniele Poli\u00bb<\/i>. E\u2019 difficile per i giovani affermarsi nella lirica? <i>\u00abSono tempi difficili in generale. Tante Fondazioni liriche chiudono o non pagano. Per\u00f2 si pu\u00f2 avere una carriera o fare altri progetti musicali e attivit\u00e0 concertistica. Faccio parte anche del gruppo <strong>\u201cPursuing the end\u201d<\/strong>, di Parma, che fa metal estremo, nel quale sono la voce melodica femminile. Presto uscir\u00e0 il secondo album. Sono soddisfatta. Dobbiamo cercare di sopravvivere con quello che sappiamo fare e la soddisfazione sta proprio nel poterlo fare\u00bb<\/i>.\u00a0<\/span><\/p>\n<p>&nbsp;<\/p>","protected":false},"excerpt":{"rendered":"<p>di\u00a0Piera Salvi dicembre\u00a02015 Chiara Manese, mezzosoprano, era l\u2019unica voce femminile italiana alla semifinale del concorso internazionale \u201cEarly music vocal competition \u2013 Canticum gaudium\u201d, di vocalit\u00e0 barocca e rinascimentale, che si \u00e8 tenuto a novembre a\u00a0Poznan, in Polonia. \u00abSono stata ammessa dopo avere superato la fase eliminatoria, seguita [&hellip;]<\/p>","protected":false},"author":13,"featured_media":0,"comment_status":"open","ping_status":"open","sticky":false,"template":"","format":"standard","meta":{"footnotes":""},"categories":[2,145],"tags":[272,280,278,283,273,289,282,275,290,279,274,286,276,287,281,284,288,291,277,285],"class_list":["post-4080","post","type-post","status-publish","format-standard","hentry","category-ag","category-che-spettacolo-ag","tag-chiara-manese","tag-conservatorio-boccherini","tag-conservatorio-cherubini","tag-david-boldrini","tag-early-music-vocal-competition","tag-elena-bartolozzi","tag-firenze","tag-leonardo-sagliocca","tag-mabellini","tag-mozarteum","tag-poznan","tag-prato","tag-spoleto","tag-effetto-sonoro","tag-italian-opera","tag-liebeslieder","tag-ottava-nota","tag-pursuing-the-end","tag-serva-padrona","tag-sound-check"],"yoast_head":"<!-- This site is optimized with the Yoast SEO plugin v25.5 - https:\/\/yoast.com\/wordpress\/plugins\/seo\/ -->\n<title>Chiara Manese - mezzosoprano - Noi di Qua Testata giornalistica e di attualit\u00e0 di Agliana, Montale e Quarrata.<\/title>\n<meta name=\"robots\" content=\"index, follow, max-snippet:-1, max-image-preview:large, max-video-preview:-1\" \/>\n<link rel=\"canonical\" href=\"https:\/\/www.noidiqua.it\/Agliana\/chiara-manese-mezzosoprano\/\" \/>\n<meta property=\"og:locale\" content=\"it_IT\" \/>\n<meta property=\"og:type\" content=\"article\" \/>\n<meta property=\"og:title\" content=\"Chiara Manese - mezzosoprano - Noi di Qua Testata giornalistica e di attualit\u00e0 di Agliana, Montale e Quarrata.\" \/>\n<meta property=\"og:description\" content=\"di\u00a0Piera Salvi dicembre\u00a02015 Chiara Manese, mezzosoprano, era l\u2019unica voce femminile italiana alla semifinale del concorso internazionale \u201cEarly music vocal competition \u2013 Canticum gaudium\u201d, di vocalit\u00e0 barocca e rinascimentale, che si \u00e8 tenuto a novembre a\u00a0Poznan, in Polonia. \u00abSono stata ammessa dopo avere superato la fase eliminatoria, seguita [&hellip;]\" \/>\n<meta property=\"og:url\" content=\"https:\/\/www.noidiqua.it\/Agliana\/chiara-manese-mezzosoprano\/\" \/>\n<meta property=\"og:site_name\" content=\"Noi di Qua Testata giornalistica e di attualit\u00e0 di Agliana, Montale e Quarrata.\" \/>\n<meta property=\"article:publisher\" content=\"https:\/\/www.facebook.com\/noidiqua.trimestrale\/\" \/>\n<meta property=\"article:published_time\" content=\"2015-12-09T15:30:39+00:00\" \/>\n<meta property=\"article:modified_time\" content=\"2022-07-29T09:35:36+00:00\" \/>\n<meta property=\"og:image\" content=\"https:\/\/www.noidiqua.it\/Agliana\/wp-content\/uploads\/2015\/12\/manese-2.png\" \/>\n<meta name=\"author\" content=\"Piera Salvi\" \/>\n<meta name=\"twitter:label1\" content=\"Scritto da\" \/>\n\t<meta name=\"twitter:data1\" content=\"Piera Salvi\" \/>\n\t<meta name=\"twitter:label2\" content=\"Tempo di lettura stimato\" \/>\n\t<meta name=\"twitter:data2\" content=\"2 minuti\" \/>\n<script type=\"application\/ld+json\" class=\"yoast-schema-graph\">{\"@context\":\"https:\/\/schema.org\",\"@graph\":[{\"@type\":\"WebPage\",\"@id\":\"https:\/\/www.noidiqua.it\/Agliana\/chiara-manese-mezzosoprano\/\",\"url\":\"https:\/\/www.noidiqua.it\/Agliana\/chiara-manese-mezzosoprano\/\",\"name\":\"Chiara Manese - mezzosoprano - Noi di Qua Testata giornalistica e di attualit\u00e0 di Agliana, Montale e Quarrata.\",\"isPartOf\":{\"@id\":\"https:\/\/www.noidiqua.it\/Agliana\/#website\"},\"primaryImageOfPage\":{\"@id\":\"https:\/\/www.noidiqua.it\/Agliana\/chiara-manese-mezzosoprano\/#primaryimage\"},\"image\":{\"@id\":\"https:\/\/www.noidiqua.it\/Agliana\/chiara-manese-mezzosoprano\/#primaryimage\"},\"thumbnailUrl\":\"https:\/\/www.noidiqua.it\/Agliana\/wp-content\/uploads\/2015\/12\/manese-2.png\",\"datePublished\":\"2015-12-09T15:30:39+00:00\",\"dateModified\":\"2022-07-29T09:35:36+00:00\",\"author\":{\"@id\":\"https:\/\/www.noidiqua.it\/Agliana\/#\/schema\/person\/bb7515c2330bb1137f247276096fa7dc\"},\"breadcrumb\":{\"@id\":\"https:\/\/www.noidiqua.it\/Agliana\/chiara-manese-mezzosoprano\/#breadcrumb\"},\"inLanguage\":\"it-IT\",\"potentialAction\":[{\"@type\":\"ReadAction\",\"target\":[\"https:\/\/www.noidiqua.it\/Agliana\/chiara-manese-mezzosoprano\/\"]}]},{\"@type\":\"ImageObject\",\"inLanguage\":\"it-IT\",\"@id\":\"https:\/\/www.noidiqua.it\/Agliana\/chiara-manese-mezzosoprano\/#primaryimage\",\"url\":\"https:\/\/www.noidiqua.it\/Agliana\/wp-content\/uploads\/2015\/12\/manese-2.png\",\"contentUrl\":\"https:\/\/www.noidiqua.it\/Agliana\/wp-content\/uploads\/2015\/12\/manese-2.png\",\"width\":500,\"height\":453},{\"@type\":\"BreadcrumbList\",\"@id\":\"https:\/\/www.noidiqua.it\/Agliana\/chiara-manese-mezzosoprano\/#breadcrumb\",\"itemListElement\":[{\"@type\":\"ListItem\",\"position\":1,\"name\":\"Home\",\"item\":\"https:\/\/www.noidiqua.it\/Agliana\/\"},{\"@type\":\"ListItem\",\"position\":2,\"name\":\"Chiara Manese &#8211; mezzosoprano\"}]},{\"@type\":\"WebSite\",\"@id\":\"https:\/\/www.noidiqua.it\/Agliana\/#website\",\"url\":\"https:\/\/www.noidiqua.it\/Agliana\/\",\"name\":\"Noi di Qua Testata giornalistica e di attualit\u00e0 di Agliana, Montale e Quarrata.\",\"description\":\"Testata Giornalistica Quarrata Montale Agliana\",\"potentialAction\":[{\"@type\":\"SearchAction\",\"target\":{\"@type\":\"EntryPoint\",\"urlTemplate\":\"https:\/\/www.noidiqua.it\/Agliana\/?s={search_term_string}\"},\"query-input\":{\"@type\":\"PropertyValueSpecification\",\"valueRequired\":true,\"valueName\":\"search_term_string\"}}],\"inLanguage\":\"it-IT\"},{\"@type\":\"Person\",\"@id\":\"https:\/\/www.noidiqua.it\/Agliana\/#\/schema\/person\/bb7515c2330bb1137f247276096fa7dc\",\"name\":\"Piera Salvi\",\"image\":{\"@type\":\"ImageObject\",\"inLanguage\":\"it-IT\",\"@id\":\"https:\/\/www.noidiqua.it\/Agliana\/#\/schema\/person\/image\/\",\"url\":\"https:\/\/secure.gravatar.com\/avatar\/2f9b1fb6e13f3b3e63bde435d999a73be036e320f7a0f5f32f9ac21859d999cd?s=96&d=mm&r=g\",\"contentUrl\":\"https:\/\/secure.gravatar.com\/avatar\/2f9b1fb6e13f3b3e63bde435d999a73be036e320f7a0f5f32f9ac21859d999cd?s=96&d=mm&r=g\",\"caption\":\"Piera Salvi\"},\"url\":\"https:\/\/www.noidiqua.it\/Agliana\/author\/piera-salvi\/\"}]}<\/script>\n<!-- \/ Yoast SEO plugin. -->","yoast_head_json":{"title":"Chiara Manese - mezzosoprano - Noi di Qua Testata giornalistica e di attualit\u00e0 di Agliana, Montale e Quarrata.","robots":{"index":"index","follow":"follow","max-snippet":"max-snippet:-1","max-image-preview":"max-image-preview:large","max-video-preview":"max-video-preview:-1"},"canonical":"https:\/\/www.noidiqua.it\/Agliana\/chiara-manese-mezzosoprano\/","og_locale":"it_IT","og_type":"article","og_title":"Chiara Manese - mezzosoprano - Noi di Qua Testata giornalistica e di attualit\u00e0 di Agliana, Montale e Quarrata.","og_description":"di\u00a0Piera Salvi dicembre\u00a02015 Chiara Manese, mezzosoprano, era l\u2019unica voce femminile italiana alla semifinale del concorso internazionale \u201cEarly music vocal competition \u2013 Canticum gaudium\u201d, di vocalit\u00e0 barocca e rinascimentale, che si \u00e8 tenuto a novembre a\u00a0Poznan, in Polonia. \u00abSono stata ammessa dopo avere superato la fase eliminatoria, seguita [&hellip;]","og_url":"https:\/\/www.noidiqua.it\/Agliana\/chiara-manese-mezzosoprano\/","og_site_name":"Noi di Qua Testata giornalistica e di attualit\u00e0 di Agliana, Montale e Quarrata.","article_publisher":"https:\/\/www.facebook.com\/noidiqua.trimestrale\/","article_published_time":"2015-12-09T15:30:39+00:00","article_modified_time":"2022-07-29T09:35:36+00:00","og_image":[{"url":"https:\/\/www.noidiqua.it\/Agliana\/wp-content\/uploads\/2015\/12\/manese-2.png","type":"","width":"","height":""}],"author":"Piera Salvi","twitter_misc":{"Scritto da":"Piera Salvi","Tempo di lettura stimato":"2 minuti"},"schema":{"@context":"https:\/\/schema.org","@graph":[{"@type":"WebPage","@id":"https:\/\/www.noidiqua.it\/Agliana\/chiara-manese-mezzosoprano\/","url":"https:\/\/www.noidiqua.it\/Agliana\/chiara-manese-mezzosoprano\/","name":"Chiara Manese - mezzosoprano - Noi di Qua Testata giornalistica e di attualit\u00e0 di Agliana, Montale e Quarrata.","isPartOf":{"@id":"https:\/\/www.noidiqua.it\/Agliana\/#website"},"primaryImageOfPage":{"@id":"https:\/\/www.noidiqua.it\/Agliana\/chiara-manese-mezzosoprano\/#primaryimage"},"image":{"@id":"https:\/\/www.noidiqua.it\/Agliana\/chiara-manese-mezzosoprano\/#primaryimage"},"thumbnailUrl":"https:\/\/www.noidiqua.it\/Agliana\/wp-content\/uploads\/2015\/12\/manese-2.png","datePublished":"2015-12-09T15:30:39+00:00","dateModified":"2022-07-29T09:35:36+00:00","author":{"@id":"https:\/\/www.noidiqua.it\/Agliana\/#\/schema\/person\/bb7515c2330bb1137f247276096fa7dc"},"breadcrumb":{"@id":"https:\/\/www.noidiqua.it\/Agliana\/chiara-manese-mezzosoprano\/#breadcrumb"},"inLanguage":"it-IT","potentialAction":[{"@type":"ReadAction","target":["https:\/\/www.noidiqua.it\/Agliana\/chiara-manese-mezzosoprano\/"]}]},{"@type":"ImageObject","inLanguage":"it-IT","@id":"https:\/\/www.noidiqua.it\/Agliana\/chiara-manese-mezzosoprano\/#primaryimage","url":"https:\/\/www.noidiqua.it\/Agliana\/wp-content\/uploads\/2015\/12\/manese-2.png","contentUrl":"https:\/\/www.noidiqua.it\/Agliana\/wp-content\/uploads\/2015\/12\/manese-2.png","width":500,"height":453},{"@type":"BreadcrumbList","@id":"https:\/\/www.noidiqua.it\/Agliana\/chiara-manese-mezzosoprano\/#breadcrumb","itemListElement":[{"@type":"ListItem","position":1,"name":"Home","item":"https:\/\/www.noidiqua.it\/Agliana\/"},{"@type":"ListItem","position":2,"name":"Chiara Manese &#8211; mezzosoprano"}]},{"@type":"WebSite","@id":"https:\/\/www.noidiqua.it\/Agliana\/#website","url":"https:\/\/www.noidiqua.it\/Agliana\/","name":"Noi di Qua Testata giornalistica e di attualit\u00e0 di Agliana, Montale e Quarrata.","description":"Testata Giornalistica Quarrata Montale Agliana","potentialAction":[{"@type":"SearchAction","target":{"@type":"EntryPoint","urlTemplate":"https:\/\/www.noidiqua.it\/Agliana\/?s={search_term_string}"},"query-input":{"@type":"PropertyValueSpecification","valueRequired":true,"valueName":"search_term_string"}}],"inLanguage":"it-IT"},{"@type":"Person","@id":"https:\/\/www.noidiqua.it\/Agliana\/#\/schema\/person\/bb7515c2330bb1137f247276096fa7dc","name":"Piera Salvi","image":{"@type":"ImageObject","inLanguage":"it-IT","@id":"https:\/\/www.noidiqua.it\/Agliana\/#\/schema\/person\/image\/","url":"https:\/\/secure.gravatar.com\/avatar\/2f9b1fb6e13f3b3e63bde435d999a73be036e320f7a0f5f32f9ac21859d999cd?s=96&d=mm&r=g","contentUrl":"https:\/\/secure.gravatar.com\/avatar\/2f9b1fb6e13f3b3e63bde435d999a73be036e320f7a0f5f32f9ac21859d999cd?s=96&d=mm&r=g","caption":"Piera Salvi"},"url":"https:\/\/www.noidiqua.it\/Agliana\/author\/piera-salvi\/"}]}},"_links":{"self":[{"href":"https:\/\/www.noidiqua.it\/Agliana\/wp-json\/wp\/v2\/posts\/4080","targetHints":{"allow":["GET"]}}],"collection":[{"href":"https:\/\/www.noidiqua.it\/Agliana\/wp-json\/wp\/v2\/posts"}],"about":[{"href":"https:\/\/www.noidiqua.it\/Agliana\/wp-json\/wp\/v2\/types\/post"}],"author":[{"embeddable":true,"href":"https:\/\/www.noidiqua.it\/Agliana\/wp-json\/wp\/v2\/users\/13"}],"replies":[{"embeddable":true,"href":"https:\/\/www.noidiqua.it\/Agliana\/wp-json\/wp\/v2\/comments?post=4080"}],"version-history":[{"count":5,"href":"https:\/\/www.noidiqua.it\/Agliana\/wp-json\/wp\/v2\/posts\/4080\/revisions"}],"predecessor-version":[{"id":7528,"href":"https:\/\/www.noidiqua.it\/Agliana\/wp-json\/wp\/v2\/posts\/4080\/revisions\/7528"}],"wp:attachment":[{"href":"https:\/\/www.noidiqua.it\/Agliana\/wp-json\/wp\/v2\/media?parent=4080"}],"wp:term":[{"taxonomy":"category","embeddable":true,"href":"https:\/\/www.noidiqua.it\/Agliana\/wp-json\/wp\/v2\/categories?post=4080"},{"taxonomy":"post_tag","embeddable":true,"href":"https:\/\/www.noidiqua.it\/Agliana\/wp-json\/wp\/v2\/tags?post=4080"}],"curies":[{"name":"wp","href":"https:\/\/api.w.org\/{rel}","templated":true}]}}