{"id":4109,"date":"2015-12-09T17:54:10","date_gmt":"2015-12-09T16:54:10","guid":{"rendered":"https:\/\/www.noidiqua.it\/Agliana\/?p=4109"},"modified":"2022-07-29T12:50:13","modified_gmt":"2022-07-29T10:50:13","slug":"sandra-bucciantini-dalla-parte-delle-donne","status":"publish","type":"post","link":"https:\/\/www.noidiqua.it\/Agliana\/sandra-bucciantini-dalla-parte-delle-donne\/","title":{"rendered":"Sandra Bucciantini &#8211; dalla parte delle donne"},"content":{"rendered":"<p><em>di\u00a0Piera Salvi. Foto: Adriano Tesi<\/em><\/p>\n<p>dicembre 2015<\/p>\n<p><a href=\"https:\/\/www.noidiqua.it\/Agliana\/wp-content\/uploads\/2015\/12\/bucciantini-1.png\" rel=\"wp-prettyPhoto[4109]\"><img loading=\"lazy\" decoding=\"async\" class=\"aligncenter size-full wp-image-7543\" src=\"https:\/\/www.noidiqua.it\/Agliana\/wp-content\/uploads\/2015\/12\/bucciantini-1.png\" alt=\"\" width=\"492\" height=\"399\" srcset=\"https:\/\/www.noidiqua.it\/Agliana\/wp-content\/uploads\/2015\/12\/bucciantini-1.png 492w, https:\/\/www.noidiqua.it\/Agliana\/wp-content\/uploads\/2015\/12\/bucciantini-1-300x243.png 300w\" sizes=\"auto, (max-width: 492px) 100vw, 492px\" \/><\/a><\/p>\n<p>La dottoressa<strong> Sandra Bucciantini<\/strong> \u00e8 da sempre in prima linea al fianco delle donne. Nel 1978, con l\u2019entrata in vigore della legge 194 (per la procreazione cosciente e responsabile che, nei casi previsti, consente l\u2019interruzione della gravidanza) fu tra\u00a0i fondatori (con altre figure professionali) dei consultori di <strong>Agliana<\/strong>, <strong>Quarrata<\/strong> e <strong>Montale<\/strong> e fino al 1991 ricopr\u00ec l\u2019incarico di responsabile del servizio ginecologia nei consultori dei tre comuni. <i>\u00abQuello dei consultori fu un progetto pilota, tra i primi in provincia di Pistoia\u00bb<\/i> ricorda.<\/p>\n<p>Aglianese, laureata nel 1975 in medicina e chirurgia e specializzata in ostetricia e ginecologia nel 1980, dal 1992 \u00e8 entrata in ruolo nel dipartimento di ostetricia e ginecologia di <strong>Careggi<\/strong> ed \u00e8 professoressa a contratto per ostetricia e ginecologia all\u2019<strong>Universit\u00e0 di Firenze<\/strong>. Dal 2011, Bucciantini \u00e8 direttore del \u201cServizio operativo dipartimentale semplice di ginecologia dell\u2019infanzia e adolescenza\u201d e, contemporaneamente, responsabile del <strong>\u201cCentro regionale riferimento violenza\u201d<\/strong> (Crrv), dunque in prima linea anche come supporto delle vittime (adulte e minori) di violenza e abusi. Il centro fu fondato nel 1992 a Firenze da <strong>Vincenzina Bruni<\/strong>, professore ordinario di ostetricia e ginecologia all\u2019Universit\u00e0 di Firenze e direttore del servizio di ginecologia dell\u2019infanzia e adolescenza all\u2019ospedale di Careggi. Era il primo centro in Italia contro l\u2019abuso e la violenza su donne adulte e minori ed \u00e8 stato diretto dalla professoressa Bruni fino al pensionamento. Il riconoscimento di Centro di riferimento regionale \u00e8 del 1999.<\/p>\n<p>L\u2019attivit\u00e0 del centro ha avuto, nel 2013 e nel 2014, il massimo riconoscimento (tre bollini rosa) attribuiti dall\u2019<strong>Osservatorio nazionale sulla salute della donna<\/strong>, consegnati alla responsabile, Sandra Bucciantini, nel 2013 a <strong>Palazzo Chigi<\/strong> e nel 2014 alla Casa dei diritti di Milano. Il riconoscimento \u00e8 stato assegnato per la rilevanza del servizio a livello regionale e per il contributo nel migliorare la gestione della donna vittima di violenza sessuale, dal punto di vista clinico, psicologico e sociale, garantendo un\u2019efficiente presa in carico del paziente in pronto soccorso e assicurando la continuit\u00e0 assistenziale sul territorio. <i>\u00abLa violenza c\u2019\u00e8 sempre stata\u00bb<\/i> spiega Bucciantini, <i>\u00absolo che negli anni pi\u00f9 recenti le donne sono pi\u00f9 consapevoli del loro valore e denunciano di pi\u00f9. Le strutture che si sono create sono di aiuto e sono state fatte campagne regionali e nazionali. Le donne hanno bisogno soprattutto del coraggio di rivolgersi ai centri specifici per denunciare; per esempio al <strong>Codice rosa<\/strong>, progetto di cui il Crrv fa parte dal 2012, che mira ad assicurare la massima tutela alle fasce deboli vittime di violenza. Per\u00f2 non devono essere lasciate sole, ci deve essere una rete territoriale di supporto che le aiuti. La nostra societ\u00e0 ha fatto tanto, anche con i finanziamenti istituiti da Regione e Stato, ma non \u00e8 sufficiente per la tutela e il supporto\u00bb<\/i>.<\/p>\n<p><a href=\"https:\/\/www.noidiqua.it\/Agliana\/wp-content\/uploads\/2015\/12\/bucciantini-2.png\" rel=\"wp-prettyPhoto[4109]\"><img loading=\"lazy\" decoding=\"async\" class=\"aligncenter size-full wp-image-7544\" src=\"https:\/\/www.noidiqua.it\/Agliana\/wp-content\/uploads\/2015\/12\/bucciantini-2.png\" alt=\"\" width=\"261\" height=\"397\" srcset=\"https:\/\/www.noidiqua.it\/Agliana\/wp-content\/uploads\/2015\/12\/bucciantini-2.png 261w, https:\/\/www.noidiqua.it\/Agliana\/wp-content\/uploads\/2015\/12\/bucciantini-2-197x300.png 197w\" sizes=\"auto, (max-width: 261px) 100vw, 261px\" \/><\/a><\/p>\n<p>Qual \u00e8 il miglior metodo operativo per aiutare una donna che subisce abusi o violenze? <i>\u00abL\u2019accoglienza \u00e8 fondamentale, per mettere la paziente a suo agio. Per questo \u00e8 garantito un ambiente protetto, riservato e anonimo, denominato \u201cla stanza rosa\u201d che ora \u00e8 in tutti gli ospedali. E\u2019 importantissimo l\u2019atteggiamento degli operatori, che deve essere rassicurante, disponibile all\u2019ascolto, non frettoloso e non giudicante. Gli operatori sono tutti adeguatamente formati. Le procedure sono ormai codificate e la cartella stessa per le violenze rispetta la procedura in modo scrupoloso. Alla donna si devono sempre offrire spiegazioni su tutto l\u2019iter della visita, dopo il consenso informato. Le donne vengono indirizzate a seconda del caso. Abbiamo collaborazioni con il reparto di neuropsichiatria infantile per le minori e neuropsichiatria per le adulte. Se necessario vengono indirizzate ai centri antiviolenza sul territorio\u00bb<\/i>.<\/p>\n<p>Come responsabile del Crrv lei tiene anche contatti costanti con Procura, Questura, Regione e Comune di Firenze. Il suo lavoro \u00e8 molto impegnativo e lei lo svolge con grande passione, ma quali sono i suoi interessi nel tempo libero? <i>\u00abHo diversi interessi, cinema, teatro, lettura, ma poco tempo per coltivarli\u00bb<\/i>.<\/p>\n<p>&nbsp;<\/p>\n<p class=\"p1\" style=\"text-align: justify;\"><strong><span class=\"s1\">Dal 1992 al 2014 sono 822 i casi trattati dal Crrv, di cui 602 riferiti a donne adulte, 142 a minori da zero a 13 anni e 78 nella fascia di et\u00e0 14-17 anni. Nel 77% dei casi si tratta di donne europee (di cui 406 italiane), ma le afferenti provengono da tutti i continenti. Sotto i 14 anni si registrano 111 casi di minori italiane e 31 straniere; fra i 14 e i 17 anni le italiane sono 41 e le straniere 37. <i>\u00abIl picco di accessi\u00bb <\/i>spiega la dottoressa Bucciantini <i>\u00absi \u00e8 registrato nel 2007, con 45 donne adulte e 26 minori\u00bb<\/i>.\u00a0<\/span>Il Crrv si occupa anche di risalire al sospetto abusante. In pi\u00f9 dell\u20198% dei casi i dati non sono pervenuti; nel 36% il sospetto abusante \u00e8 sconosciuto, ma nel 40% dei casi \u00e8 conosciuto e nel 15% \u00e8 un familiare, percentuale che sale al 35,2% negli abusi su minori e addirittura al 79,2% se consideriamo solo la fascia di et\u00e0 fino 13 anni.<\/strong><\/p>","protected":false},"excerpt":{"rendered":"<p>di\u00a0Piera Salvi. Foto: Adriano Tesi dicembre 2015 La dottoressa Sandra Bucciantini \u00e8 da sempre in prima linea al fianco delle donne. Nel 1978, con l\u2019entrata in vigore della legge 194 (per la procreazione cosciente e responsabile che, nei casi previsti, consente l\u2019interruzione della gravidanza) fu tra\u00a0i fondatori [&hellip;]<\/p>","protected":false},"author":13,"featured_media":0,"comment_status":"open","ping_status":"open","sticky":false,"template":"","format":"standard","meta":{"footnotes":""},"categories":[2,16],"tags":[37,316,321,314,1036,320,315,313,317,319,318],"class_list":["post-4109","post","type-post","status-publish","format-standard","hentry","category-ag","category-storia-qt","tag-ag-ag","tag-careggi","tag-codice-rosa","tag-legge-194","tag-mt","tag-osservatorio-nazionale","tag-quarrata","tag-sandra-bucciantini","tag-universita-di-firenze","tag-vincenzina-bruni","tag-centro-regionale-riferimento-violenza"],"yoast_head":"<!-- This site is optimized with the Yoast SEO plugin v25.5 - https:\/\/yoast.com\/wordpress\/plugins\/seo\/ -->\n<title>Sandra Bucciantini - dalla parte delle donne - Noi di Qua Testata giornalistica e di attualit\u00e0 di Agliana, Montale e Quarrata.<\/title>\n<meta name=\"robots\" content=\"index, follow, max-snippet:-1, max-image-preview:large, max-video-preview:-1\" \/>\n<link rel=\"canonical\" href=\"https:\/\/www.noidiqua.it\/Agliana\/sandra-bucciantini-dalla-parte-delle-donne\/\" \/>\n<meta property=\"og:locale\" content=\"it_IT\" \/>\n<meta property=\"og:type\" content=\"article\" \/>\n<meta property=\"og:title\" content=\"Sandra Bucciantini - dalla parte delle donne - Noi di Qua Testata giornalistica e di attualit\u00e0 di Agliana, Montale e Quarrata.\" \/>\n<meta property=\"og:description\" content=\"di\u00a0Piera Salvi. Foto: Adriano Tesi dicembre 2015 La dottoressa Sandra Bucciantini \u00e8 da sempre in prima linea al fianco delle donne. Nel 1978, con l\u2019entrata in vigore della legge 194 (per la procreazione cosciente e responsabile che, nei casi previsti, consente l\u2019interruzione della gravidanza) fu tra\u00a0i fondatori [&hellip;]\" \/>\n<meta property=\"og:url\" content=\"https:\/\/www.noidiqua.it\/Agliana\/sandra-bucciantini-dalla-parte-delle-donne\/\" \/>\n<meta property=\"og:site_name\" content=\"Noi di Qua Testata giornalistica e di attualit\u00e0 di Agliana, Montale e Quarrata.\" \/>\n<meta property=\"article:publisher\" content=\"https:\/\/www.facebook.com\/noidiqua.trimestrale\/\" \/>\n<meta property=\"article:published_time\" content=\"2015-12-09T16:54:10+00:00\" \/>\n<meta property=\"article:modified_time\" content=\"2022-07-29T10:50:13+00:00\" \/>\n<meta property=\"og:image\" content=\"https:\/\/www.noidiqua.it\/Agliana\/wp-content\/uploads\/2015\/12\/bucciantini-1.png\" \/>\n<meta name=\"author\" content=\"Piera Salvi\" \/>\n<meta name=\"twitter:label1\" content=\"Scritto da\" \/>\n\t<meta name=\"twitter:data1\" content=\"Piera Salvi\" \/>\n\t<meta name=\"twitter:label2\" content=\"Tempo di lettura stimato\" \/>\n\t<meta name=\"twitter:data2\" content=\"4 minuti\" \/>\n<script type=\"application\/ld+json\" class=\"yoast-schema-graph\">{\"@context\":\"https:\/\/schema.org\",\"@graph\":[{\"@type\":\"WebPage\",\"@id\":\"https:\/\/www.noidiqua.it\/Agliana\/sandra-bucciantini-dalla-parte-delle-donne\/\",\"url\":\"https:\/\/www.noidiqua.it\/Agliana\/sandra-bucciantini-dalla-parte-delle-donne\/\",\"name\":\"Sandra Bucciantini - dalla parte delle donne - Noi di Qua Testata giornalistica e di attualit\u00e0 di Agliana, Montale e Quarrata.\",\"isPartOf\":{\"@id\":\"https:\/\/www.noidiqua.it\/Agliana\/#website\"},\"primaryImageOfPage\":{\"@id\":\"https:\/\/www.noidiqua.it\/Agliana\/sandra-bucciantini-dalla-parte-delle-donne\/#primaryimage\"},\"image\":{\"@id\":\"https:\/\/www.noidiqua.it\/Agliana\/sandra-bucciantini-dalla-parte-delle-donne\/#primaryimage\"},\"thumbnailUrl\":\"https:\/\/www.noidiqua.it\/Agliana\/wp-content\/uploads\/2015\/12\/bucciantini-1.png\",\"datePublished\":\"2015-12-09T16:54:10+00:00\",\"dateModified\":\"2022-07-29T10:50:13+00:00\",\"author\":{\"@id\":\"https:\/\/www.noidiqua.it\/Agliana\/#\/schema\/person\/bb7515c2330bb1137f247276096fa7dc\"},\"breadcrumb\":{\"@id\":\"https:\/\/www.noidiqua.it\/Agliana\/sandra-bucciantini-dalla-parte-delle-donne\/#breadcrumb\"},\"inLanguage\":\"it-IT\",\"potentialAction\":[{\"@type\":\"ReadAction\",\"target\":[\"https:\/\/www.noidiqua.it\/Agliana\/sandra-bucciantini-dalla-parte-delle-donne\/\"]}]},{\"@type\":\"ImageObject\",\"inLanguage\":\"it-IT\",\"@id\":\"https:\/\/www.noidiqua.it\/Agliana\/sandra-bucciantini-dalla-parte-delle-donne\/#primaryimage\",\"url\":\"https:\/\/www.noidiqua.it\/Agliana\/wp-content\/uploads\/2015\/12\/bucciantini-1.png\",\"contentUrl\":\"https:\/\/www.noidiqua.it\/Agliana\/wp-content\/uploads\/2015\/12\/bucciantini-1.png\",\"width\":492,\"height\":399},{\"@type\":\"BreadcrumbList\",\"@id\":\"https:\/\/www.noidiqua.it\/Agliana\/sandra-bucciantini-dalla-parte-delle-donne\/#breadcrumb\",\"itemListElement\":[{\"@type\":\"ListItem\",\"position\":1,\"name\":\"Home\",\"item\":\"https:\/\/www.noidiqua.it\/Agliana\/\"},{\"@type\":\"ListItem\",\"position\":2,\"name\":\"Sandra Bucciantini &#8211; dalla parte delle donne\"}]},{\"@type\":\"WebSite\",\"@id\":\"https:\/\/www.noidiqua.it\/Agliana\/#website\",\"url\":\"https:\/\/www.noidiqua.it\/Agliana\/\",\"name\":\"Noi di Qua Testata giornalistica e di attualit\u00e0 di Agliana, Montale e Quarrata.\",\"description\":\"Testata Giornalistica Quarrata Montale Agliana\",\"potentialAction\":[{\"@type\":\"SearchAction\",\"target\":{\"@type\":\"EntryPoint\",\"urlTemplate\":\"https:\/\/www.noidiqua.it\/Agliana\/?s={search_term_string}\"},\"query-input\":{\"@type\":\"PropertyValueSpecification\",\"valueRequired\":true,\"valueName\":\"search_term_string\"}}],\"inLanguage\":\"it-IT\"},{\"@type\":\"Person\",\"@id\":\"https:\/\/www.noidiqua.it\/Agliana\/#\/schema\/person\/bb7515c2330bb1137f247276096fa7dc\",\"name\":\"Piera Salvi\",\"image\":{\"@type\":\"ImageObject\",\"inLanguage\":\"it-IT\",\"@id\":\"https:\/\/www.noidiqua.it\/Agliana\/#\/schema\/person\/image\/\",\"url\":\"https:\/\/secure.gravatar.com\/avatar\/2f9b1fb6e13f3b3e63bde435d999a73be036e320f7a0f5f32f9ac21859d999cd?s=96&d=mm&r=g\",\"contentUrl\":\"https:\/\/secure.gravatar.com\/avatar\/2f9b1fb6e13f3b3e63bde435d999a73be036e320f7a0f5f32f9ac21859d999cd?s=96&d=mm&r=g\",\"caption\":\"Piera Salvi\"},\"url\":\"https:\/\/www.noidiqua.it\/Agliana\/author\/piera-salvi\/\"}]}<\/script>\n<!-- \/ Yoast SEO plugin. -->","yoast_head_json":{"title":"Sandra Bucciantini - dalla parte delle donne - Noi di Qua Testata giornalistica e di attualit\u00e0 di Agliana, Montale e Quarrata.","robots":{"index":"index","follow":"follow","max-snippet":"max-snippet:-1","max-image-preview":"max-image-preview:large","max-video-preview":"max-video-preview:-1"},"canonical":"https:\/\/www.noidiqua.it\/Agliana\/sandra-bucciantini-dalla-parte-delle-donne\/","og_locale":"it_IT","og_type":"article","og_title":"Sandra Bucciantini - dalla parte delle donne - Noi di Qua Testata giornalistica e di attualit\u00e0 di Agliana, Montale e Quarrata.","og_description":"di\u00a0Piera Salvi. Foto: Adriano Tesi dicembre 2015 La dottoressa Sandra Bucciantini \u00e8 da sempre in prima linea al fianco delle donne. Nel 1978, con l\u2019entrata in vigore della legge 194 (per la procreazione cosciente e responsabile che, nei casi previsti, consente l\u2019interruzione della gravidanza) fu tra\u00a0i fondatori [&hellip;]","og_url":"https:\/\/www.noidiqua.it\/Agliana\/sandra-bucciantini-dalla-parte-delle-donne\/","og_site_name":"Noi di Qua Testata giornalistica e di attualit\u00e0 di Agliana, Montale e Quarrata.","article_publisher":"https:\/\/www.facebook.com\/noidiqua.trimestrale\/","article_published_time":"2015-12-09T16:54:10+00:00","article_modified_time":"2022-07-29T10:50:13+00:00","og_image":[{"url":"https:\/\/www.noidiqua.it\/Agliana\/wp-content\/uploads\/2015\/12\/bucciantini-1.png","type":"","width":"","height":""}],"author":"Piera Salvi","twitter_misc":{"Scritto da":"Piera Salvi","Tempo di lettura stimato":"4 minuti"},"schema":{"@context":"https:\/\/schema.org","@graph":[{"@type":"WebPage","@id":"https:\/\/www.noidiqua.it\/Agliana\/sandra-bucciantini-dalla-parte-delle-donne\/","url":"https:\/\/www.noidiqua.it\/Agliana\/sandra-bucciantini-dalla-parte-delle-donne\/","name":"Sandra Bucciantini - dalla parte delle donne - Noi di Qua Testata giornalistica e di attualit\u00e0 di Agliana, Montale e Quarrata.","isPartOf":{"@id":"https:\/\/www.noidiqua.it\/Agliana\/#website"},"primaryImageOfPage":{"@id":"https:\/\/www.noidiqua.it\/Agliana\/sandra-bucciantini-dalla-parte-delle-donne\/#primaryimage"},"image":{"@id":"https:\/\/www.noidiqua.it\/Agliana\/sandra-bucciantini-dalla-parte-delle-donne\/#primaryimage"},"thumbnailUrl":"https:\/\/www.noidiqua.it\/Agliana\/wp-content\/uploads\/2015\/12\/bucciantini-1.png","datePublished":"2015-12-09T16:54:10+00:00","dateModified":"2022-07-29T10:50:13+00:00","author":{"@id":"https:\/\/www.noidiqua.it\/Agliana\/#\/schema\/person\/bb7515c2330bb1137f247276096fa7dc"},"breadcrumb":{"@id":"https:\/\/www.noidiqua.it\/Agliana\/sandra-bucciantini-dalla-parte-delle-donne\/#breadcrumb"},"inLanguage":"it-IT","potentialAction":[{"@type":"ReadAction","target":["https:\/\/www.noidiqua.it\/Agliana\/sandra-bucciantini-dalla-parte-delle-donne\/"]}]},{"@type":"ImageObject","inLanguage":"it-IT","@id":"https:\/\/www.noidiqua.it\/Agliana\/sandra-bucciantini-dalla-parte-delle-donne\/#primaryimage","url":"https:\/\/www.noidiqua.it\/Agliana\/wp-content\/uploads\/2015\/12\/bucciantini-1.png","contentUrl":"https:\/\/www.noidiqua.it\/Agliana\/wp-content\/uploads\/2015\/12\/bucciantini-1.png","width":492,"height":399},{"@type":"BreadcrumbList","@id":"https:\/\/www.noidiqua.it\/Agliana\/sandra-bucciantini-dalla-parte-delle-donne\/#breadcrumb","itemListElement":[{"@type":"ListItem","position":1,"name":"Home","item":"https:\/\/www.noidiqua.it\/Agliana\/"},{"@type":"ListItem","position":2,"name":"Sandra Bucciantini &#8211; dalla parte delle donne"}]},{"@type":"WebSite","@id":"https:\/\/www.noidiqua.it\/Agliana\/#website","url":"https:\/\/www.noidiqua.it\/Agliana\/","name":"Noi di Qua Testata giornalistica e di attualit\u00e0 di Agliana, Montale e Quarrata.","description":"Testata Giornalistica Quarrata Montale Agliana","potentialAction":[{"@type":"SearchAction","target":{"@type":"EntryPoint","urlTemplate":"https:\/\/www.noidiqua.it\/Agliana\/?s={search_term_string}"},"query-input":{"@type":"PropertyValueSpecification","valueRequired":true,"valueName":"search_term_string"}}],"inLanguage":"it-IT"},{"@type":"Person","@id":"https:\/\/www.noidiqua.it\/Agliana\/#\/schema\/person\/bb7515c2330bb1137f247276096fa7dc","name":"Piera Salvi","image":{"@type":"ImageObject","inLanguage":"it-IT","@id":"https:\/\/www.noidiqua.it\/Agliana\/#\/schema\/person\/image\/","url":"https:\/\/secure.gravatar.com\/avatar\/2f9b1fb6e13f3b3e63bde435d999a73be036e320f7a0f5f32f9ac21859d999cd?s=96&d=mm&r=g","contentUrl":"https:\/\/secure.gravatar.com\/avatar\/2f9b1fb6e13f3b3e63bde435d999a73be036e320f7a0f5f32f9ac21859d999cd?s=96&d=mm&r=g","caption":"Piera Salvi"},"url":"https:\/\/www.noidiqua.it\/Agliana\/author\/piera-salvi\/"}]}},"_links":{"self":[{"href":"https:\/\/www.noidiqua.it\/Agliana\/wp-json\/wp\/v2\/posts\/4109","targetHints":{"allow":["GET"]}}],"collection":[{"href":"https:\/\/www.noidiqua.it\/Agliana\/wp-json\/wp\/v2\/posts"}],"about":[{"href":"https:\/\/www.noidiqua.it\/Agliana\/wp-json\/wp\/v2\/types\/post"}],"author":[{"embeddable":true,"href":"https:\/\/www.noidiqua.it\/Agliana\/wp-json\/wp\/v2\/users\/13"}],"replies":[{"embeddable":true,"href":"https:\/\/www.noidiqua.it\/Agliana\/wp-json\/wp\/v2\/comments?post=4109"}],"version-history":[{"count":9,"href":"https:\/\/www.noidiqua.it\/Agliana\/wp-json\/wp\/v2\/posts\/4109\/revisions"}],"predecessor-version":[{"id":7545,"href":"https:\/\/www.noidiqua.it\/Agliana\/wp-json\/wp\/v2\/posts\/4109\/revisions\/7545"}],"wp:attachment":[{"href":"https:\/\/www.noidiqua.it\/Agliana\/wp-json\/wp\/v2\/media?parent=4109"}],"wp:term":[{"taxonomy":"category","embeddable":true,"href":"https:\/\/www.noidiqua.it\/Agliana\/wp-json\/wp\/v2\/categories?post=4109"},{"taxonomy":"post_tag","embeddable":true,"href":"https:\/\/www.noidiqua.it\/Agliana\/wp-json\/wp\/v2\/tags?post=4109"}],"curies":[{"name":"wp","href":"https:\/\/api.w.org\/{rel}","templated":true}]}}