{"id":4125,"date":"2015-12-10T09:43:03","date_gmt":"2015-12-10T08:43:03","guid":{"rendered":"https:\/\/www.noidiqua.it\/Agliana\/?p=4125"},"modified":"2022-07-29T15:58:26","modified_gmt":"2022-07-29T13:58:26","slug":"giancarlo-nerucci-poesia-legno","status":"publish","type":"post","link":"https:\/\/www.noidiqua.it\/Agliana\/giancarlo-nerucci-poesia-legno\/","title":{"rendered":"Giancarlo Nerucci &#8211; la poesia del legno"},"content":{"rendered":"<p><em>di\u00a0David Colzi. Foto: Adriano Tesi<\/em><\/p>\n<p>dicembre\u00a02015<\/p>\n<p><a href=\"https:\/\/www.noidiqua.it\/Agliana\/wp-content\/uploads\/2015\/12\/nerucci-scultore-1.png\" rel=\"wp-prettyPhoto[4125]\"><img loading=\"lazy\" decoding=\"async\" class=\"aligncenter  wp-image-7558\" src=\"https:\/\/www.noidiqua.it\/Agliana\/wp-content\/uploads\/2015\/12\/nerucci-scultore-1.png\" alt=\"\" width=\"434\" height=\"406\" srcset=\"https:\/\/www.noidiqua.it\/Agliana\/wp-content\/uploads\/2015\/12\/nerucci-scultore-1.png 498w, https:\/\/www.noidiqua.it\/Agliana\/wp-content\/uploads\/2015\/12\/nerucci-scultore-1-300x281.png 300w\" sizes=\"auto, (max-width: 434px) 100vw, 434px\" \/><\/a><\/p>\n<p><span class=\"s1\">La cosa che pi\u00f9 colpisce nell&#8217;incontrare lo <strong>scultore<\/strong> ottantenne <strong>Giancarlo Nerucci<\/strong>, non \u00e8 tanto la sua vitalit\u00e0 e la sua innata parlantina, quanto i suoi occhi brillanti che ti guardano da sotto il berretto; oltre ad essere di un bel colore azzurro chiaro, sono limpidi come quelli di un bambino che si stupisce ancora delle cose del mondo. Infatti lo stupore \u00e8 da sempre la molla che fa scattare la sua creativit\u00e0 e l&#8217;amore per il legno, entrambi iniziati nell&#8217;immediato dopoguerra, quando trov\u00f2 gli attrezzi di nonno Ferdinando; si trattava di oggetti semplici e rudimentali, che nelle famiglie contadine servivano per realizzare zoccoli e strumenti in legno per la vita di tutti i giorni. Con questi ebbe da bambino il suo primo approccio al legno, cimentandosi nella costruzione di gabbie per merli: <i>\u00abSe arrivavo all&#8217;ultima stecca e la gabbia non era venuta come volevo io, ci \u201cmettevo un piede sopra\u201d e ripartivo da capo\u00bb<\/i> dice fiero Nerucci. La creativit\u00e0 cominciava cos\u00ec a ribollire nel giovane Giancarlo tanto che, sempre da ragazzo, realizz\u00f2 da solo un trapano alimentato a mano, per aiutarsi nel lavoro.\u00a0<\/span><\/p>\n<p><a href=\"https:\/\/www.noidiqua.it\/Agliana\/wp-content\/uploads\/2015\/12\/nerucci-scultore-3.png\" rel=\"wp-prettyPhoto[4125]\"><img loading=\"lazy\" decoding=\"async\" class=\"aligncenter size-full wp-image-7560\" src=\"https:\/\/www.noidiqua.it\/Agliana\/wp-content\/uploads\/2015\/12\/nerucci-scultore-3.png\" alt=\"\" width=\"318\" height=\"395\" srcset=\"https:\/\/www.noidiqua.it\/Agliana\/wp-content\/uploads\/2015\/12\/nerucci-scultore-3.png 318w, https:\/\/www.noidiqua.it\/Agliana\/wp-content\/uploads\/2015\/12\/nerucci-scultore-3-242x300.png 242w\" sizes=\"auto, (max-width: 318px) 100vw, 318px\" \/><\/a><\/p>\n<p><span class=\"s1\">Per tutta la vita ha coltivato questo rapporto privilegiato con il legno, che rimane a tutt&#8217;oggi l&#8217;unico materiale utilizzato. Guardandolo e toccandolo, si lascia trasportare dalle curvature, dai nodi, della consistenze, abbandonandosi cos\u00ec alla magia delle creazione: <i>\u00abIo guardo il legno e cerco di capire quale forma ci pu\u00f2 venire fuori;\u00bb<\/i> specifica Nerucci <i>\u00abpoi lo aiuto, togliendogli l&#8217;eccesso o aggiungendo quanto basta per far venire fuori la scultura\u00bb. <\/i>Chiaramente non si serve di tavole gi\u00e0 tagliate, ma di ceppi e rami di varie dimensioni, recuperati negli anni durante le passeggiate sulla <strong>montagna pistoiese<\/strong> vicino ai fiumi, o sulle spiagge di <strong>Torre del lago<\/strong>, nei periodi in cui le mareggiate portano a riva i vecchi tronchi. A tal proposito la figlia Elena, ricorda: <i>\u00abQuando lo accompagnavo al mare, lui ogni tanto veniva da me con un pezzo di legno e mi chiedeva cosa ci vedessi, e cos\u00ec parlavamo&#8230;\u00bb <\/i>Quindi non stupisce che anche lei abbia ereditato la vena creativa, anche se non si occupa di scultura. I soggetti realizzati negli anni da questo maestro sono stati variegati: dagli animali, ai ritratti, ai crocifissi e altro ancora. Una passione quella per l&#8217;arte, che non si \u00e8 mai assopita, e nemmeno le fatiche del lavoro ai telai hanno ha saputo intaccare: <i>\u00abNon ho mai sentito la fatica del legno\u00bb<\/i> dice sicuro Nerucci.<\/span><\/p>\n<p><span class=\"s1\">Ma il suo amore per questa materia non si \u00e8 riversato solo nella pura scultura; infatti negli anni si \u00e8 cimentato, sempre da autodidatta, anche nel restauro di mobili e nel recupero di oggetti abbandonati, riportati a nuova vita dalle sue sapienti mani. Nella sua casa spiccano su tutti uno splendido filatoio per lana, con tanto di ruota ed alette, e uno scaffale angolare, le cui parti in vetro sono state sostituite da 300 pezzetti di legno tipo mosaico. Proprio quest&#8217;ultimo stile rappresenta un nuovo filone creativo per Nerucci; con questa tecnica realizza oggi quadri dai colori e dai disegni pi\u00f9 disparati, aiutandosi con i vari tipi di legno (nella foto in alto si vede una splendida rosa dei venti).<\/span><\/p>\n<p><a href=\"https:\/\/www.noidiqua.it\/Agliana\/wp-content\/uploads\/2015\/12\/nerucci-scultore-2.png\" rel=\"wp-prettyPhoto[4125]\"><img loading=\"lazy\" decoding=\"async\" class=\"aligncenter size-full wp-image-7561\" src=\"https:\/\/www.noidiqua.it\/Agliana\/wp-content\/uploads\/2015\/12\/nerucci-scultore-2.png\" alt=\"\" width=\"492\" height=\"396\" srcset=\"https:\/\/www.noidiqua.it\/Agliana\/wp-content\/uploads\/2015\/12\/nerucci-scultore-2.png 492w, https:\/\/www.noidiqua.it\/Agliana\/wp-content\/uploads\/2015\/12\/nerucci-scultore-2-300x241.png 300w\" sizes=\"auto, (max-width: 492px) 100vw, 492px\" \/><\/a><\/p>\n<p><span class=\"s1\">Rimanendo in tema di ultime novit\u00e0, veniamo a scoprire che a novembre di quest&#8217;anno, una bella iniziativa \u00e8 stata messa in atto da una maestra della scuola elementare di <strong>Spedalino<\/strong> che, avendo visto la video-intervista fatta a Nerucci per il sito www.youreporter.it, ha deciso di portare i bambini di quinta elementare a trovare il <strong>Geppetto<\/strong> di <strong>via Settola<\/strong>. <i>\u00abI bambini sono stati molto curiosi e hanno chiesto tante cose su come si realizzano le sculture e sul loro significato.\u00bb<\/i> dice la signora Gabriella, moglie dello scultore.<i> \u00abPensi che un bambino \u00e8 tornato anche nel pomeriggio, per far vedere alla sua mamma le opere\u00bb. <\/i>Cos\u00ec Giancarlo, Elena e Gabriella ci fanno sapere che sarebbero disponibili ad ospitare altre classi nella loro propriet\u00e0, per mostrare ancora ai pi\u00f9 piccoli come lavora un artista-artigiano del legno.\u00a0<\/span><\/p>\n<p>&nbsp;<\/p>","protected":false},"excerpt":{"rendered":"<p>di\u00a0David Colzi. Foto: Adriano Tesi dicembre\u00a02015 La cosa che pi\u00f9 colpisce nell&#8217;incontrare lo scultore ottantenne Giancarlo Nerucci, non \u00e8 tanto la sua vitalit\u00e0 e la sua innata parlantina, quanto i suoi occhi brillanti che ti guardano da sotto il berretto; oltre ad essere di un bel colore [&hellip;]<\/p>","protected":false},"author":5,"featured_media":0,"comment_status":"open","ping_status":"open","sticky":false,"template":"","format":"standard","meta":{"footnotes":""},"categories":[2,3,24,143],"tags":[37,42,74,79,332,328,84,329,156,330,128,331,333],"class_list":["post-4125","post","type-post","status-publish","format-standard","hentry","category-ag","category-arte-artigianato-qt","category-personaggi-qt","category-persone-e-personaggi","tag-ag-ag","tag-arti-e-mestieri","tag-figure-storiche-2","tag-gente-di-qua","tag-geppetto","tag-giancarlo-nerucci","tag-laglianese","tag-montagna-pistoiese","tag-scultore","tag-spedalino","tag-territorio","tag-torre-del-lago","tag-via-settola"],"yoast_head":"<!-- This site is optimized with the Yoast SEO plugin v25.5 - https:\/\/yoast.com\/wordpress\/plugins\/seo\/ -->\n<title>Giancarlo Nerucci - la poesia del legno - Noi di Qua Testata giornalistica e di attualit\u00e0 di Agliana, Montale e Quarrata.<\/title>\n<meta name=\"robots\" content=\"index, follow, max-snippet:-1, max-image-preview:large, max-video-preview:-1\" \/>\n<link rel=\"canonical\" href=\"https:\/\/www.noidiqua.it\/Agliana\/giancarlo-nerucci-poesia-legno\/\" \/>\n<meta property=\"og:locale\" content=\"it_IT\" \/>\n<meta property=\"og:type\" content=\"article\" \/>\n<meta property=\"og:title\" content=\"Giancarlo Nerucci - la poesia del legno - Noi di Qua Testata giornalistica e di attualit\u00e0 di Agliana, Montale e Quarrata.\" \/>\n<meta property=\"og:description\" content=\"di\u00a0David Colzi. Foto: Adriano Tesi dicembre\u00a02015 La cosa che pi\u00f9 colpisce nell&#8217;incontrare lo scultore ottantenne Giancarlo Nerucci, non \u00e8 tanto la sua vitalit\u00e0 e la sua innata parlantina, quanto i suoi occhi brillanti che ti guardano da sotto il berretto; oltre ad essere di un bel colore [&hellip;]\" \/>\n<meta property=\"og:url\" content=\"https:\/\/www.noidiqua.it\/Agliana\/giancarlo-nerucci-poesia-legno\/\" \/>\n<meta property=\"og:site_name\" content=\"Noi di Qua Testata giornalistica e di attualit\u00e0 di Agliana, Montale e Quarrata.\" \/>\n<meta property=\"article:publisher\" content=\"https:\/\/www.facebook.com\/noidiqua.trimestrale\/\" \/>\n<meta property=\"article:published_time\" content=\"2015-12-10T08:43:03+00:00\" \/>\n<meta property=\"article:modified_time\" content=\"2022-07-29T13:58:26+00:00\" \/>\n<meta property=\"og:image\" content=\"https:\/\/www.noidiqua.it\/Agliana\/wp-content\/uploads\/2015\/12\/nerucci-scultore-1.png\" \/>\n<meta name=\"author\" content=\"David Colzi\" \/>\n<meta name=\"twitter:label1\" content=\"Scritto da\" \/>\n\t<meta name=\"twitter:data1\" content=\"David Colzi\" \/>\n\t<meta name=\"twitter:label2\" content=\"Tempo di lettura stimato\" \/>\n\t<meta name=\"twitter:data2\" content=\"3 minuti\" \/>\n<script type=\"application\/ld+json\" class=\"yoast-schema-graph\">{\"@context\":\"https:\/\/schema.org\",\"@graph\":[{\"@type\":\"WebPage\",\"@id\":\"https:\/\/www.noidiqua.it\/Agliana\/giancarlo-nerucci-poesia-legno\/\",\"url\":\"https:\/\/www.noidiqua.it\/Agliana\/giancarlo-nerucci-poesia-legno\/\",\"name\":\"Giancarlo Nerucci - la poesia del legno - Noi di Qua Testata giornalistica e di attualit\u00e0 di Agliana, Montale e Quarrata.\",\"isPartOf\":{\"@id\":\"https:\/\/www.noidiqua.it\/Agliana\/#website\"},\"primaryImageOfPage\":{\"@id\":\"https:\/\/www.noidiqua.it\/Agliana\/giancarlo-nerucci-poesia-legno\/#primaryimage\"},\"image\":{\"@id\":\"https:\/\/www.noidiqua.it\/Agliana\/giancarlo-nerucci-poesia-legno\/#primaryimage\"},\"thumbnailUrl\":\"https:\/\/www.noidiqua.it\/Agliana\/wp-content\/uploads\/2015\/12\/nerucci-scultore-1.png\",\"datePublished\":\"2015-12-10T08:43:03+00:00\",\"dateModified\":\"2022-07-29T13:58:26+00:00\",\"author\":{\"@id\":\"https:\/\/www.noidiqua.it\/Agliana\/#\/schema\/person\/3b45dd21eb2367c177b6a6d35c868ccc\"},\"breadcrumb\":{\"@id\":\"https:\/\/www.noidiqua.it\/Agliana\/giancarlo-nerucci-poesia-legno\/#breadcrumb\"},\"inLanguage\":\"it-IT\",\"potentialAction\":[{\"@type\":\"ReadAction\",\"target\":[\"https:\/\/www.noidiqua.it\/Agliana\/giancarlo-nerucci-poesia-legno\/\"]}]},{\"@type\":\"ImageObject\",\"inLanguage\":\"it-IT\",\"@id\":\"https:\/\/www.noidiqua.it\/Agliana\/giancarlo-nerucci-poesia-legno\/#primaryimage\",\"url\":\"https:\/\/www.noidiqua.it\/Agliana\/wp-content\/uploads\/2015\/12\/nerucci-scultore-1.png\",\"contentUrl\":\"https:\/\/www.noidiqua.it\/Agliana\/wp-content\/uploads\/2015\/12\/nerucci-scultore-1.png\",\"width\":498,\"height\":466},{\"@type\":\"BreadcrumbList\",\"@id\":\"https:\/\/www.noidiqua.it\/Agliana\/giancarlo-nerucci-poesia-legno\/#breadcrumb\",\"itemListElement\":[{\"@type\":\"ListItem\",\"position\":1,\"name\":\"Home\",\"item\":\"https:\/\/www.noidiqua.it\/Agliana\/\"},{\"@type\":\"ListItem\",\"position\":2,\"name\":\"Giancarlo Nerucci &#8211; la poesia del legno\"}]},{\"@type\":\"WebSite\",\"@id\":\"https:\/\/www.noidiqua.it\/Agliana\/#website\",\"url\":\"https:\/\/www.noidiqua.it\/Agliana\/\",\"name\":\"Noi di Qua Testata giornalistica e di attualit\u00e0 di Agliana, Montale e Quarrata.\",\"description\":\"Testata Giornalistica Quarrata Montale Agliana\",\"potentialAction\":[{\"@type\":\"SearchAction\",\"target\":{\"@type\":\"EntryPoint\",\"urlTemplate\":\"https:\/\/www.noidiqua.it\/Agliana\/?s={search_term_string}\"},\"query-input\":{\"@type\":\"PropertyValueSpecification\",\"valueRequired\":true,\"valueName\":\"search_term_string\"}}],\"inLanguage\":\"it-IT\"},{\"@type\":\"Person\",\"@id\":\"https:\/\/www.noidiqua.it\/Agliana\/#\/schema\/person\/3b45dd21eb2367c177b6a6d35c868ccc\",\"name\":\"David Colzi\",\"image\":{\"@type\":\"ImageObject\",\"inLanguage\":\"it-IT\",\"@id\":\"https:\/\/www.noidiqua.it\/Agliana\/#\/schema\/person\/image\/\",\"url\":\"https:\/\/secure.gravatar.com\/avatar\/515ac68c0075b78a8243a0f28e5a361c9b5c466a1d6912ac3919ddd928c4db8c?s=96&d=mm&r=g\",\"contentUrl\":\"https:\/\/secure.gravatar.com\/avatar\/515ac68c0075b78a8243a0f28e5a361c9b5c466a1d6912ac3919ddd928c4db8c?s=96&d=mm&r=g\",\"caption\":\"David Colzi\"},\"url\":\"https:\/\/www.noidiqua.it\/Agliana\/author\/david-colzi\/\"}]}<\/script>\n<!-- \/ Yoast SEO plugin. -->","yoast_head_json":{"title":"Giancarlo Nerucci - la poesia del legno - Noi di Qua Testata giornalistica e di attualit\u00e0 di Agliana, Montale e Quarrata.","robots":{"index":"index","follow":"follow","max-snippet":"max-snippet:-1","max-image-preview":"max-image-preview:large","max-video-preview":"max-video-preview:-1"},"canonical":"https:\/\/www.noidiqua.it\/Agliana\/giancarlo-nerucci-poesia-legno\/","og_locale":"it_IT","og_type":"article","og_title":"Giancarlo Nerucci - la poesia del legno - Noi di Qua Testata giornalistica e di attualit\u00e0 di Agliana, Montale e Quarrata.","og_description":"di\u00a0David Colzi. Foto: Adriano Tesi dicembre\u00a02015 La cosa che pi\u00f9 colpisce nell&#8217;incontrare lo scultore ottantenne Giancarlo Nerucci, non \u00e8 tanto la sua vitalit\u00e0 e la sua innata parlantina, quanto i suoi occhi brillanti che ti guardano da sotto il berretto; oltre ad essere di un bel colore [&hellip;]","og_url":"https:\/\/www.noidiqua.it\/Agliana\/giancarlo-nerucci-poesia-legno\/","og_site_name":"Noi di Qua Testata giornalistica e di attualit\u00e0 di Agliana, Montale e Quarrata.","article_publisher":"https:\/\/www.facebook.com\/noidiqua.trimestrale\/","article_published_time":"2015-12-10T08:43:03+00:00","article_modified_time":"2022-07-29T13:58:26+00:00","og_image":[{"url":"https:\/\/www.noidiqua.it\/Agliana\/wp-content\/uploads\/2015\/12\/nerucci-scultore-1.png","type":"","width":"","height":""}],"author":"David Colzi","twitter_misc":{"Scritto da":"David Colzi","Tempo di lettura stimato":"3 minuti"},"schema":{"@context":"https:\/\/schema.org","@graph":[{"@type":"WebPage","@id":"https:\/\/www.noidiqua.it\/Agliana\/giancarlo-nerucci-poesia-legno\/","url":"https:\/\/www.noidiqua.it\/Agliana\/giancarlo-nerucci-poesia-legno\/","name":"Giancarlo Nerucci - la poesia del legno - Noi di Qua Testata giornalistica e di attualit\u00e0 di Agliana, Montale e Quarrata.","isPartOf":{"@id":"https:\/\/www.noidiqua.it\/Agliana\/#website"},"primaryImageOfPage":{"@id":"https:\/\/www.noidiqua.it\/Agliana\/giancarlo-nerucci-poesia-legno\/#primaryimage"},"image":{"@id":"https:\/\/www.noidiqua.it\/Agliana\/giancarlo-nerucci-poesia-legno\/#primaryimage"},"thumbnailUrl":"https:\/\/www.noidiqua.it\/Agliana\/wp-content\/uploads\/2015\/12\/nerucci-scultore-1.png","datePublished":"2015-12-10T08:43:03+00:00","dateModified":"2022-07-29T13:58:26+00:00","author":{"@id":"https:\/\/www.noidiqua.it\/Agliana\/#\/schema\/person\/3b45dd21eb2367c177b6a6d35c868ccc"},"breadcrumb":{"@id":"https:\/\/www.noidiqua.it\/Agliana\/giancarlo-nerucci-poesia-legno\/#breadcrumb"},"inLanguage":"it-IT","potentialAction":[{"@type":"ReadAction","target":["https:\/\/www.noidiqua.it\/Agliana\/giancarlo-nerucci-poesia-legno\/"]}]},{"@type":"ImageObject","inLanguage":"it-IT","@id":"https:\/\/www.noidiqua.it\/Agliana\/giancarlo-nerucci-poesia-legno\/#primaryimage","url":"https:\/\/www.noidiqua.it\/Agliana\/wp-content\/uploads\/2015\/12\/nerucci-scultore-1.png","contentUrl":"https:\/\/www.noidiqua.it\/Agliana\/wp-content\/uploads\/2015\/12\/nerucci-scultore-1.png","width":498,"height":466},{"@type":"BreadcrumbList","@id":"https:\/\/www.noidiqua.it\/Agliana\/giancarlo-nerucci-poesia-legno\/#breadcrumb","itemListElement":[{"@type":"ListItem","position":1,"name":"Home","item":"https:\/\/www.noidiqua.it\/Agliana\/"},{"@type":"ListItem","position":2,"name":"Giancarlo Nerucci &#8211; la poesia del legno"}]},{"@type":"WebSite","@id":"https:\/\/www.noidiqua.it\/Agliana\/#website","url":"https:\/\/www.noidiqua.it\/Agliana\/","name":"Noi di Qua Testata giornalistica e di attualit\u00e0 di Agliana, Montale e Quarrata.","description":"Testata Giornalistica Quarrata Montale Agliana","potentialAction":[{"@type":"SearchAction","target":{"@type":"EntryPoint","urlTemplate":"https:\/\/www.noidiqua.it\/Agliana\/?s={search_term_string}"},"query-input":{"@type":"PropertyValueSpecification","valueRequired":true,"valueName":"search_term_string"}}],"inLanguage":"it-IT"},{"@type":"Person","@id":"https:\/\/www.noidiqua.it\/Agliana\/#\/schema\/person\/3b45dd21eb2367c177b6a6d35c868ccc","name":"David Colzi","image":{"@type":"ImageObject","inLanguage":"it-IT","@id":"https:\/\/www.noidiqua.it\/Agliana\/#\/schema\/person\/image\/","url":"https:\/\/secure.gravatar.com\/avatar\/515ac68c0075b78a8243a0f28e5a361c9b5c466a1d6912ac3919ddd928c4db8c?s=96&d=mm&r=g","contentUrl":"https:\/\/secure.gravatar.com\/avatar\/515ac68c0075b78a8243a0f28e5a361c9b5c466a1d6912ac3919ddd928c4db8c?s=96&d=mm&r=g","caption":"David Colzi"},"url":"https:\/\/www.noidiqua.it\/Agliana\/author\/david-colzi\/"}]}},"_links":{"self":[{"href":"https:\/\/www.noidiqua.it\/Agliana\/wp-json\/wp\/v2\/posts\/4125","targetHints":{"allow":["GET"]}}],"collection":[{"href":"https:\/\/www.noidiqua.it\/Agliana\/wp-json\/wp\/v2\/posts"}],"about":[{"href":"https:\/\/www.noidiqua.it\/Agliana\/wp-json\/wp\/v2\/types\/post"}],"author":[{"embeddable":true,"href":"https:\/\/www.noidiqua.it\/Agliana\/wp-json\/wp\/v2\/users\/5"}],"replies":[{"embeddable":true,"href":"https:\/\/www.noidiqua.it\/Agliana\/wp-json\/wp\/v2\/comments?post=4125"}],"version-history":[{"count":7,"href":"https:\/\/www.noidiqua.it\/Agliana\/wp-json\/wp\/v2\/posts\/4125\/revisions"}],"predecessor-version":[{"id":7562,"href":"https:\/\/www.noidiqua.it\/Agliana\/wp-json\/wp\/v2\/posts\/4125\/revisions\/7562"}],"wp:attachment":[{"href":"https:\/\/www.noidiqua.it\/Agliana\/wp-json\/wp\/v2\/media?parent=4125"}],"wp:term":[{"taxonomy":"category","embeddable":true,"href":"https:\/\/www.noidiqua.it\/Agliana\/wp-json\/wp\/v2\/categories?post=4125"},{"taxonomy":"post_tag","embeddable":true,"href":"https:\/\/www.noidiqua.it\/Agliana\/wp-json\/wp\/v2\/tags?post=4125"}],"curies":[{"name":"wp","href":"https:\/\/api.w.org\/{rel}","templated":true}]}}