{"id":4182,"date":"2016-03-13T17:50:52","date_gmt":"2016-03-13T16:50:52","guid":{"rendered":"https:\/\/www.noidiqua.it\/Agliana\/?p=4182"},"modified":"2022-05-06T12:31:33","modified_gmt":"2022-05-06T10:31:33","slug":"virna-ciottoli","status":"publish","type":"post","link":"https:\/\/www.noidiqua.it\/Agliana\/virna-ciottoli\/","title":{"rendered":"Virna Ciottoli"},"content":{"rendered":"<p style=\"text-align: justify;\"><em>di\u00a0Marco Bagnoli<\/em><\/p>\n<p style=\"text-align: justify;\">marzo 2016<\/p>\n<p><a href=\"https:\/\/www.noidiqua.it\/Agliana\/wp-content\/uploads\/2016\/03\/VIRNA-CIOTTOLI-.png\" rel=\"wp-prettyPhoto[4182]\"><img loading=\"lazy\" decoding=\"async\" class=\"aligncenter size-full wp-image-7366\" src=\"https:\/\/www.noidiqua.it\/Agliana\/wp-content\/uploads\/2016\/03\/VIRNA-CIOTTOLI-.png\" alt=\"\" width=\"450\" height=\"306\" srcset=\"https:\/\/www.noidiqua.it\/Agliana\/wp-content\/uploads\/2016\/03\/VIRNA-CIOTTOLI-.png 450w, https:\/\/www.noidiqua.it\/Agliana\/wp-content\/uploads\/2016\/03\/VIRNA-CIOTTOLI--300x204.png 300w\" sizes=\"auto, (max-width: 450px) 100vw, 450px\" \/><\/a><\/p>\n<p style=\"text-align: justify;\">\n<p class=\"p1\" style=\"text-align: justify;\"><span class=\"s1\">Facciamo quattro chiacchiere con Virna, una ex-ballerina molto impegnata\u2026<\/span><\/p>\n<p class=\"p1\" style=\"text-align: justify;\"><span class=\"s1\"><b>Di cosa ti occupi al momento?<\/b><\/span><\/p>\n<p class=\"p1\" style=\"text-align: justify;\"><span class=\"s1\"><i>Lavoro come commessa in un negozio di ottica, e sto seguendo la scuola per diventare ottico; in pi\u00f9 sono laureata in scienze del servizio sociale. Mi occupo inoltre dell\u2019ambito organizzativo degli spettacoli per il teatro Moderno di Agliana \u2013 un modo per restare vicini allo spettacolo, dall\u2019altra parte del palco!<\/i><\/span><\/p>\n<p class=\"p1\" style=\"text-align: justify;\"><span class=\"s1\"><b>Quando \u00e8 iniziata la tua avventura nel mondo della danza?<\/b><\/span><\/p>\n<p class=\"p1\" style=\"text-align: justify;\"><span class=\"s1\"><i>A sei anni, alla scuola Danzarte di Elisabetta Bresci di Agliana, che ho frequentato fino all\u2019et\u00e0 di quindici. Poi sono passata al Balletto toscano di Firenze. Nel frattempo ho anche frequentato un corso di musical al Politeama pratese con Franco Miseria, dove facevamo canto, recitazione e ovviamente ballo. Nel 2009 ho anche vinto i concorsi internazionali \u201cSardegna Dance Festival\u201d e \u201cArgentario Dance Festival\u201d.<\/i><\/span><\/p>\n<p><a href=\"https:\/\/www.noidiqua.it\/Agliana\/wp-content\/uploads\/2016\/03\/VIRNA-CIOTTOLI-2.png\" rel=\"wp-prettyPhoto[4182]\"><img loading=\"lazy\" decoding=\"async\" class=\"aligncenter size-full wp-image-7368\" src=\"https:\/\/www.noidiqua.it\/Agliana\/wp-content\/uploads\/2016\/03\/VIRNA-CIOTTOLI-2.png\" alt=\"\" width=\"269\" height=\"380\" srcset=\"https:\/\/www.noidiqua.it\/Agliana\/wp-content\/uploads\/2016\/03\/VIRNA-CIOTTOLI-2.png 269w, https:\/\/www.noidiqua.it\/Agliana\/wp-content\/uploads\/2016\/03\/VIRNA-CIOTTOLI-2-212x300.png 212w\" sizes=\"auto, (max-width: 269px) 100vw, 269px\" \/><\/a><\/p>\n<p class=\"p1\" style=\"text-align: justify;\"><span class=\"s1\"><b>C\u2019era qualcun altro in famiglia che fosse pi\u00f9 o meno coinvolto con lo spettacolo?<\/b><\/span><\/p>\n<p class=\"p1\" style=\"text-align: justify;\"><span class=\"s1\"><i>A mio nonno, da giovane gli piaceva recitare e organizzava degli spettacoli nelle fabbriche al tempo della guerra \u2013 forse ho ripreso da lui.<\/i><\/span><\/p>\n<p class=\"p1\" style=\"text-align: justify;\"><span class=\"s1\"><b>A quanti spettacoli hai partecipato?<\/b><\/span><\/p>\n<p class=\"p1\" style=\"text-align: justify;\"><span class=\"s1\"><i>Beh, non sono pochi, se tieni conto che gi\u00e0 intorno ai quindici-sedici anni partecipavo ad alcuni spettacoli come stage, ma subito dopo il liceo si pu\u00f2 dire che ballassi gi\u00e0 a livello professionale.<\/i><\/span><\/p>\n<p class=\"p1\" style=\"text-align: justify;\"><span class=\"s1\"><b>E infatti hai lavorato tra gli altri con Loretta Goggi, nella sua tourn\u00e9e del 2010-2011 e nel programma televisivo di Massimo Ranieri del 2007 \u201cTutte donne tranne me\u201d. Che mestiere \u00e8?<\/b><\/span><\/p>\n<p class=\"p1\" style=\"text-align: justify;\"><span class=\"s1\"><i>Bellissimo \u2013 ti permette di girare e incontrare persone; il piacere di farlo ti fa dimenticare la fatica che ti costa, anche se ogni tanto si sente la lontananza di casa. \u00c8 un mestiere che ti disorienta un poco: inizi a provare nel pomeriggio, fai lo spettacolo la sera fino a mezzanotte, poi tra la doccia e la cena finisci sempre che sono le due o le tre\u2026 e nel frattempo, tra un tour e l\u2019altro trovi anche il tempo di studiare danza, anche durante le prove, un\u2019oretta di studio di gruppo ci scappava sempre<\/i>.<\/span><\/p>\n<p><a href=\"https:\/\/www.noidiqua.it\/Agliana\/wp-content\/uploads\/2016\/03\/VIRNA-CIOTTOLI-3.png\" rel=\"wp-prettyPhoto[4182]\"><img loading=\"lazy\" decoding=\"async\" class=\"aligncenter size-full wp-image-7369\" src=\"https:\/\/www.noidiqua.it\/Agliana\/wp-content\/uploads\/2016\/03\/VIRNA-CIOTTOLI-3.png\" alt=\"\" width=\"262\" height=\"380\" srcset=\"https:\/\/www.noidiqua.it\/Agliana\/wp-content\/uploads\/2016\/03\/VIRNA-CIOTTOLI-3.png 262w, https:\/\/www.noidiqua.it\/Agliana\/wp-content\/uploads\/2016\/03\/VIRNA-CIOTTOLI-3-207x300.png 207w\" sizes=\"auto, (max-width: 262px) 100vw, 262px\" \/><\/a><\/p>\n<p class=\"p1\" style=\"text-align: justify;\"><span class=\"s1\"><b>E il rapporto coi colleghi? So che quello della danza \u00e8 un mondo molto competitivo.<\/b><\/span><\/p>\n<p class=\"p1\" style=\"text-align: justify;\"><span class=\"s1\"><i>Nell\u2019ambito della danza classica o contemporanea magari s\u00ec, ma per noi \u201cdel musical\u201d la cosa \u00e8 molto diversa; eravamo un gruppo allargato, con una ventina di musicisti, come una grande famiglia.<\/i><\/span><\/p>\n<p class=\"p1\" style=\"text-align: justify;\"><span class=\"s1\"><b>E allora perch\u00e9 hai smesso? C\u2019\u00e8 forse qualcosa che non ci hai detto?<\/b><\/span><\/p>\n<p class=\"p1\" style=\"text-align: justify;\"><span class=\"s1\"><i>\u00c8 un mestiere bellissimo e lo ribadisco: \u00e8 un mestiere che ti gratifica e ti fa sentire bene, ma sicuramente \u00e8 molto difficile farlo diventare la base della tua vita. Quantomeno in Italia, ma non mi sembra giusto dover lasciare il paese in cui vivo per un posto di lavoro. \u00c8 per questo che a venticinque anni ho preferito \u201critirarmi dalle scene\u201d e completare gli studi universitari. Mi \u00e8 dispia<\/i>c<i>iuto, certo, ma non c\u2019erano alternative. Lavorare al Moderno con Carlo Coda e Massimo Talone mi permette di restare in contatto col mondo del palcoscenico, forse con un briciolo d\u2019invidia per chi continua a calcarlo, ma soddisfatta della mia scelta, perch\u00e9 Carlo e massimo hanno una grande esperienza nell\u2019ambito dello spettacolo\u2026<\/i><\/span><\/p>\n<p class=\"p1\" style=\"text-align: justify;\"><span class=\"s1\"><b>I tuoi genitori cosa ti dicevano?<\/b><\/span><\/p>\n<p class=\"p1\" style=\"text-align: justify;\"><span class=\"s1\"><i>Pi\u00f9 o meno la stessa cosa; erano contenti che fossi contenta, ma un po\u2019 meno dell\u2019affidabilit\u00e0 di quei contratti \u201cballerini\u201d, quelli s\u00ec!<\/i><\/span><\/p>","protected":false},"excerpt":{"rendered":"<p>di\u00a0Marco Bagnoli marzo 2016 Facciamo quattro chiacchiere con Virna, una ex-ballerina molto impegnata\u2026 Di cosa ti occupi al momento? Lavoro come commessa in un negozio di ottica, e sto seguendo la scuola per diventare ottico; in pi\u00f9 sono laureata in scienze del servizio sociale. Mi occupo inoltre [&hellip;]<\/p>","protected":false},"author":3,"featured_media":0,"comment_status":"open","ping_status":"open","sticky":false,"template":"","format":"standard","meta":{"footnotes":""},"categories":[2,3],"tags":[366,364,199,368,369,365,367,363],"class_list":["post-4182","post","type-post","status-publish","format-standard","hentry","category-ag","category-arte-artigianato-qt","tag-argentario-dance-festival","tag-danza","tag-elisabetta-bresci","tag-loretta-goggi","tag-massimo-ranieri","tag-sardegna-dance-festival","tag-teatro-moderno","tag-virna-ciottoli"],"yoast_head":"<!-- This site is optimized with the Yoast SEO plugin v25.5 - https:\/\/yoast.com\/wordpress\/plugins\/seo\/ -->\n<title>Virna Ciottoli - Noi di Qua Testata giornalistica e di attualit\u00e0 di Agliana, Montale e Quarrata.<\/title>\n<meta name=\"robots\" content=\"index, follow, max-snippet:-1, max-image-preview:large, max-video-preview:-1\" \/>\n<link rel=\"canonical\" href=\"https:\/\/www.noidiqua.it\/Agliana\/virna-ciottoli\/\" \/>\n<meta property=\"og:locale\" content=\"it_IT\" \/>\n<meta property=\"og:type\" content=\"article\" \/>\n<meta property=\"og:title\" content=\"Virna Ciottoli - Noi di Qua Testata giornalistica e di attualit\u00e0 di Agliana, Montale e Quarrata.\" \/>\n<meta property=\"og:description\" content=\"di\u00a0Marco Bagnoli marzo 2016 Facciamo quattro chiacchiere con Virna, una ex-ballerina molto impegnata\u2026 Di cosa ti occupi al momento? Lavoro come commessa in un negozio di ottica, e sto seguendo la scuola per diventare ottico; in pi\u00f9 sono laureata in scienze del servizio sociale. Mi occupo inoltre [&hellip;]\" \/>\n<meta property=\"og:url\" content=\"https:\/\/www.noidiqua.it\/Agliana\/virna-ciottoli\/\" \/>\n<meta property=\"og:site_name\" content=\"Noi di Qua Testata giornalistica e di attualit\u00e0 di Agliana, Montale e Quarrata.\" \/>\n<meta property=\"article:publisher\" content=\"https:\/\/www.facebook.com\/noidiqua.trimestrale\/\" \/>\n<meta property=\"article:published_time\" content=\"2016-03-13T16:50:52+00:00\" \/>\n<meta property=\"article:modified_time\" content=\"2022-05-06T10:31:33+00:00\" \/>\n<meta property=\"og:image\" content=\"https:\/\/www.noidiqua.it\/Agliana\/wp-content\/uploads\/2016\/03\/VIRNA-CIOTTOLI-.png\" \/>\n<meta name=\"author\" content=\"Marco Bagnoli\" \/>\n<meta name=\"twitter:label1\" content=\"Scritto da\" \/>\n\t<meta name=\"twitter:data1\" content=\"Marco Bagnoli\" \/>\n\t<meta name=\"twitter:label2\" content=\"Tempo di lettura stimato\" \/>\n\t<meta name=\"twitter:data2\" content=\"3 minuti\" \/>\n<script type=\"application\/ld+json\" class=\"yoast-schema-graph\">{\"@context\":\"https:\/\/schema.org\",\"@graph\":[{\"@type\":\"WebPage\",\"@id\":\"https:\/\/www.noidiqua.it\/Agliana\/virna-ciottoli\/\",\"url\":\"https:\/\/www.noidiqua.it\/Agliana\/virna-ciottoli\/\",\"name\":\"Virna Ciottoli - Noi di Qua Testata giornalistica e di attualit\u00e0 di Agliana, Montale e Quarrata.\",\"isPartOf\":{\"@id\":\"https:\/\/www.noidiqua.it\/Agliana\/#website\"},\"primaryImageOfPage\":{\"@id\":\"https:\/\/www.noidiqua.it\/Agliana\/virna-ciottoli\/#primaryimage\"},\"image\":{\"@id\":\"https:\/\/www.noidiqua.it\/Agliana\/virna-ciottoli\/#primaryimage\"},\"thumbnailUrl\":\"https:\/\/www.noidiqua.it\/Agliana\/wp-content\/uploads\/2016\/03\/VIRNA-CIOTTOLI-.png\",\"datePublished\":\"2016-03-13T16:50:52+00:00\",\"dateModified\":\"2022-05-06T10:31:33+00:00\",\"author\":{\"@id\":\"https:\/\/www.noidiqua.it\/Agliana\/#\/schema\/person\/4e183cb0c6d7951e716a876aa702e1a2\"},\"breadcrumb\":{\"@id\":\"https:\/\/www.noidiqua.it\/Agliana\/virna-ciottoli\/#breadcrumb\"},\"inLanguage\":\"it-IT\",\"potentialAction\":[{\"@type\":\"ReadAction\",\"target\":[\"https:\/\/www.noidiqua.it\/Agliana\/virna-ciottoli\/\"]}]},{\"@type\":\"ImageObject\",\"inLanguage\":\"it-IT\",\"@id\":\"https:\/\/www.noidiqua.it\/Agliana\/virna-ciottoli\/#primaryimage\",\"url\":\"https:\/\/www.noidiqua.it\/Agliana\/wp-content\/uploads\/2016\/03\/VIRNA-CIOTTOLI-.png\",\"contentUrl\":\"https:\/\/www.noidiqua.it\/Agliana\/wp-content\/uploads\/2016\/03\/VIRNA-CIOTTOLI-.png\",\"width\":450,\"height\":306},{\"@type\":\"BreadcrumbList\",\"@id\":\"https:\/\/www.noidiqua.it\/Agliana\/virna-ciottoli\/#breadcrumb\",\"itemListElement\":[{\"@type\":\"ListItem\",\"position\":1,\"name\":\"Home\",\"item\":\"https:\/\/www.noidiqua.it\/Agliana\/\"},{\"@type\":\"ListItem\",\"position\":2,\"name\":\"Virna Ciottoli\"}]},{\"@type\":\"WebSite\",\"@id\":\"https:\/\/www.noidiqua.it\/Agliana\/#website\",\"url\":\"https:\/\/www.noidiqua.it\/Agliana\/\",\"name\":\"Noi di Qua Testata giornalistica e di attualit\u00e0 di Agliana, Montale e Quarrata.\",\"description\":\"Testata Giornalistica Quarrata Montale Agliana\",\"potentialAction\":[{\"@type\":\"SearchAction\",\"target\":{\"@type\":\"EntryPoint\",\"urlTemplate\":\"https:\/\/www.noidiqua.it\/Agliana\/?s={search_term_string}\"},\"query-input\":{\"@type\":\"PropertyValueSpecification\",\"valueRequired\":true,\"valueName\":\"search_term_string\"}}],\"inLanguage\":\"it-IT\"},{\"@type\":\"Person\",\"@id\":\"https:\/\/www.noidiqua.it\/Agliana\/#\/schema\/person\/4e183cb0c6d7951e716a876aa702e1a2\",\"name\":\"Marco Bagnoli\",\"image\":{\"@type\":\"ImageObject\",\"inLanguage\":\"it-IT\",\"@id\":\"https:\/\/www.noidiqua.it\/Agliana\/#\/schema\/person\/image\/\",\"url\":\"https:\/\/secure.gravatar.com\/avatar\/73ace53724c50db9c48af54756f17b7cdb015a9d8d2c08c7e04e480539a94eee?s=96&d=mm&r=g\",\"contentUrl\":\"https:\/\/secure.gravatar.com\/avatar\/73ace53724c50db9c48af54756f17b7cdb015a9d8d2c08c7e04e480539a94eee?s=96&d=mm&r=g\",\"caption\":\"Marco Bagnoli\"},\"url\":\"https:\/\/www.noidiqua.it\/Agliana\/author\/marco-bagnoli\/\"}]}<\/script>\n<!-- \/ Yoast SEO plugin. -->","yoast_head_json":{"title":"Virna Ciottoli - Noi di Qua Testata giornalistica e di attualit\u00e0 di Agliana, Montale e Quarrata.","robots":{"index":"index","follow":"follow","max-snippet":"max-snippet:-1","max-image-preview":"max-image-preview:large","max-video-preview":"max-video-preview:-1"},"canonical":"https:\/\/www.noidiqua.it\/Agliana\/virna-ciottoli\/","og_locale":"it_IT","og_type":"article","og_title":"Virna Ciottoli - Noi di Qua Testata giornalistica e di attualit\u00e0 di Agliana, Montale e Quarrata.","og_description":"di\u00a0Marco Bagnoli marzo 2016 Facciamo quattro chiacchiere con Virna, una ex-ballerina molto impegnata\u2026 Di cosa ti occupi al momento? Lavoro come commessa in un negozio di ottica, e sto seguendo la scuola per diventare ottico; in pi\u00f9 sono laureata in scienze del servizio sociale. Mi occupo inoltre [&hellip;]","og_url":"https:\/\/www.noidiqua.it\/Agliana\/virna-ciottoli\/","og_site_name":"Noi di Qua Testata giornalistica e di attualit\u00e0 di Agliana, Montale e Quarrata.","article_publisher":"https:\/\/www.facebook.com\/noidiqua.trimestrale\/","article_published_time":"2016-03-13T16:50:52+00:00","article_modified_time":"2022-05-06T10:31:33+00:00","og_image":[{"url":"https:\/\/www.noidiqua.it\/Agliana\/wp-content\/uploads\/2016\/03\/VIRNA-CIOTTOLI-.png","type":"","width":"","height":""}],"author":"Marco Bagnoli","twitter_misc":{"Scritto da":"Marco Bagnoli","Tempo di lettura stimato":"3 minuti"},"schema":{"@context":"https:\/\/schema.org","@graph":[{"@type":"WebPage","@id":"https:\/\/www.noidiqua.it\/Agliana\/virna-ciottoli\/","url":"https:\/\/www.noidiqua.it\/Agliana\/virna-ciottoli\/","name":"Virna Ciottoli - Noi di Qua Testata giornalistica e di attualit\u00e0 di Agliana, Montale e Quarrata.","isPartOf":{"@id":"https:\/\/www.noidiqua.it\/Agliana\/#website"},"primaryImageOfPage":{"@id":"https:\/\/www.noidiqua.it\/Agliana\/virna-ciottoli\/#primaryimage"},"image":{"@id":"https:\/\/www.noidiqua.it\/Agliana\/virna-ciottoli\/#primaryimage"},"thumbnailUrl":"https:\/\/www.noidiqua.it\/Agliana\/wp-content\/uploads\/2016\/03\/VIRNA-CIOTTOLI-.png","datePublished":"2016-03-13T16:50:52+00:00","dateModified":"2022-05-06T10:31:33+00:00","author":{"@id":"https:\/\/www.noidiqua.it\/Agliana\/#\/schema\/person\/4e183cb0c6d7951e716a876aa702e1a2"},"breadcrumb":{"@id":"https:\/\/www.noidiqua.it\/Agliana\/virna-ciottoli\/#breadcrumb"},"inLanguage":"it-IT","potentialAction":[{"@type":"ReadAction","target":["https:\/\/www.noidiqua.it\/Agliana\/virna-ciottoli\/"]}]},{"@type":"ImageObject","inLanguage":"it-IT","@id":"https:\/\/www.noidiqua.it\/Agliana\/virna-ciottoli\/#primaryimage","url":"https:\/\/www.noidiqua.it\/Agliana\/wp-content\/uploads\/2016\/03\/VIRNA-CIOTTOLI-.png","contentUrl":"https:\/\/www.noidiqua.it\/Agliana\/wp-content\/uploads\/2016\/03\/VIRNA-CIOTTOLI-.png","width":450,"height":306},{"@type":"BreadcrumbList","@id":"https:\/\/www.noidiqua.it\/Agliana\/virna-ciottoli\/#breadcrumb","itemListElement":[{"@type":"ListItem","position":1,"name":"Home","item":"https:\/\/www.noidiqua.it\/Agliana\/"},{"@type":"ListItem","position":2,"name":"Virna Ciottoli"}]},{"@type":"WebSite","@id":"https:\/\/www.noidiqua.it\/Agliana\/#website","url":"https:\/\/www.noidiqua.it\/Agliana\/","name":"Noi di Qua Testata giornalistica e di attualit\u00e0 di Agliana, Montale e Quarrata.","description":"Testata Giornalistica Quarrata Montale Agliana","potentialAction":[{"@type":"SearchAction","target":{"@type":"EntryPoint","urlTemplate":"https:\/\/www.noidiqua.it\/Agliana\/?s={search_term_string}"},"query-input":{"@type":"PropertyValueSpecification","valueRequired":true,"valueName":"search_term_string"}}],"inLanguage":"it-IT"},{"@type":"Person","@id":"https:\/\/www.noidiqua.it\/Agliana\/#\/schema\/person\/4e183cb0c6d7951e716a876aa702e1a2","name":"Marco Bagnoli","image":{"@type":"ImageObject","inLanguage":"it-IT","@id":"https:\/\/www.noidiqua.it\/Agliana\/#\/schema\/person\/image\/","url":"https:\/\/secure.gravatar.com\/avatar\/73ace53724c50db9c48af54756f17b7cdb015a9d8d2c08c7e04e480539a94eee?s=96&d=mm&r=g","contentUrl":"https:\/\/secure.gravatar.com\/avatar\/73ace53724c50db9c48af54756f17b7cdb015a9d8d2c08c7e04e480539a94eee?s=96&d=mm&r=g","caption":"Marco Bagnoli"},"url":"https:\/\/www.noidiqua.it\/Agliana\/author\/marco-bagnoli\/"}]}},"_links":{"self":[{"href":"https:\/\/www.noidiqua.it\/Agliana\/wp-json\/wp\/v2\/posts\/4182","targetHints":{"allow":["GET"]}}],"collection":[{"href":"https:\/\/www.noidiqua.it\/Agliana\/wp-json\/wp\/v2\/posts"}],"about":[{"href":"https:\/\/www.noidiqua.it\/Agliana\/wp-json\/wp\/v2\/types\/post"}],"author":[{"embeddable":true,"href":"https:\/\/www.noidiqua.it\/Agliana\/wp-json\/wp\/v2\/users\/3"}],"replies":[{"embeddable":true,"href":"https:\/\/www.noidiqua.it\/Agliana\/wp-json\/wp\/v2\/comments?post=4182"}],"version-history":[{"count":9,"href":"https:\/\/www.noidiqua.it\/Agliana\/wp-json\/wp\/v2\/posts\/4182\/revisions"}],"predecessor-version":[{"id":7370,"href":"https:\/\/www.noidiqua.it\/Agliana\/wp-json\/wp\/v2\/posts\/4182\/revisions\/7370"}],"wp:attachment":[{"href":"https:\/\/www.noidiqua.it\/Agliana\/wp-json\/wp\/v2\/media?parent=4182"}],"wp:term":[{"taxonomy":"category","embeddable":true,"href":"https:\/\/www.noidiqua.it\/Agliana\/wp-json\/wp\/v2\/categories?post=4182"},{"taxonomy":"post_tag","embeddable":true,"href":"https:\/\/www.noidiqua.it\/Agliana\/wp-json\/wp\/v2\/tags?post=4182"}],"curies":[{"name":"wp","href":"https:\/\/api.w.org\/{rel}","templated":true}]}}