{"id":4218,"date":"2016-03-13T16:00:18","date_gmt":"2016-03-13T15:00:18","guid":{"rendered":"https:\/\/www.noidiqua.it\/Agliana\/?p=4218"},"modified":"2022-05-06T15:42:03","modified_gmt":"2022-05-06T13:42:03","slug":"bar-nazionale","status":"publish","type":"post","link":"https:\/\/www.noidiqua.it\/Agliana\/bar-nazionale\/","title":{"rendered":"Bar Nazionale"},"content":{"rendered":"<p><em>di\u00a0Piera Salvi. Foto: Adriano Tesi.<\/em><\/p>\n<p>dicembre\u00a02015<\/p>\n<p><a href=\"https:\/\/www.noidiqua.it\/Agliana\/wp-content\/uploads\/2016\/03\/Bar-Nazionale.png\" rel=\"wp-prettyPhoto[4218]\"><img loading=\"lazy\" decoding=\"async\" class=\"aligncenter  wp-image-7381\" src=\"https:\/\/www.noidiqua.it\/Agliana\/wp-content\/uploads\/2016\/03\/Bar-Nazionale.png\" alt=\"\" width=\"406\" height=\"322\" srcset=\"https:\/\/www.noidiqua.it\/Agliana\/wp-content\/uploads\/2016\/03\/Bar-Nazionale.png 503w, https:\/\/www.noidiqua.it\/Agliana\/wp-content\/uploads\/2016\/03\/Bar-Nazionale-300x238.png 300w\" sizes=\"auto, (max-width: 406px) 100vw, 406px\" \/><\/a><\/p>\n<p><strong>Bar Nazionale<\/strong> e famiglia <strong>Frosini<\/strong>: un binomio inossidabile. L\u2019attivit\u00e0 inizi\u00f2 nel 1959, al numero 72 di via Roma, a pochi metri di distanza dall\u2019attuale sede, dove il locale si trasfer\u00ec nel 1976. Quando il Bar Nazionale trasloc\u00f2, <strong>Riccardo Frosini<\/strong> aveva 16 anni e nel nuovo bar, che nel 1959 era stato aperto dai suoi genitori Gianfranco e Diana, cominci\u00f2 a fare il gelato. Negli anni Ottanta era il ritrovo preferito di tanti giovani, non solo aglianesi ma anche dei comuni limitrofi. <i>\u00abUn vero boom, che dur\u00f2 per tutti gli anni Novanta\u00bb<\/i> ricorda Riccardo.<i> \u00abLa crisi a livello generale \u00e8 iniziata nei primi anni duemila, ma fino al 2005 abbiamo continuato ad essere un punto di ritrovo molto ambito\u00bb<\/i>.<\/p>\n<p>Passione e voglia di rinnovarsi hanno sempre animato la famiglia Frosini; dal 1985 si \u00e8 inserita nell\u2019attivit\u00e0 la moglie di Riccardo, <strong>Lucia<\/strong> e negli anni Novanta il locale venne di nuovo rinnovato. Importante \u00e8 stata anche la collaborazione di <strong>Alvaro Salvi<\/strong>, zio di Riccardo.<\/p>\n<p><a href=\"https:\/\/www.noidiqua.it\/Agliana\/wp-content\/uploads\/2016\/03\/BAR-NAZIONALE-2.png\" rel=\"wp-prettyPhoto[4218]\"><img loading=\"lazy\" decoding=\"async\" class=\"aligncenter size-full wp-image-7380\" src=\"https:\/\/www.noidiqua.it\/Agliana\/wp-content\/uploads\/2016\/03\/BAR-NAZIONALE-2.png\" alt=\"\" width=\"450\" height=\"300\" srcset=\"https:\/\/www.noidiqua.it\/Agliana\/wp-content\/uploads\/2016\/03\/BAR-NAZIONALE-2.png 450w, https:\/\/www.noidiqua.it\/Agliana\/wp-content\/uploads\/2016\/03\/BAR-NAZIONALE-2-300x200.png 300w\" sizes=\"auto, (max-width: 450px) 100vw, 450px\" \/><\/a><\/p>\n<p>Da un anno dietro il banco c\u2019\u00e8 anche <strong>Massimiliano Frosini<\/strong>, il figlio ventenne di Riccardo e Lucia che, terminata la scuola alberghiera, si \u00e8 appassionato all\u2019attivit\u00e0 dei genitori. <i>\u00abLa scommessa per sfidare la crisi\u00bb<\/i> dicono Riccardo e Lucia <i>\u00ab\u00e8 puntare sulla qualit\u00e0. Il nostro gelato \u00e8 artigianale, semplice e naturale, con frutta fresca, materie prime di qualit\u00e0 e pistacchi di Bronte, patria del pistacchio\u00bb<\/i>. Lucia \u00e8 di origine siciliana e per lei \u00e8 pi\u00f9 facile avere il pregiato pistacchio di Bronte (in provincia di Catania) dal produttore al consumatore. L\u2019ultima novit\u00e0 \u00e8 l\u2019innovazione nella pasticceria, con squisiti biscotti naturali, anche questi al pistacchio di Bronte. Riccardo e Lucia sono ormai forti della loro lunga esperienza in questo lavoro (40 anni per lui, una trentina per lei) e accomunati dalla passione, ma la garanzia del futuro, nel binomio Bar Nazionale-famiglia Frosini \u00e8 l\u2019entusiasmo con cui Massimiliano affianca i genitori. In questo locale c\u2019\u00e8 un grande spaccato di storia aglianese, di giovani che fra quei tavoli si sono innamorati, forse di qualche delusione, ma per qualcuno anche il coronamento dell\u2019amore con il matrimonio.<\/p>\n<p>Non solo giovani, al bar Nazionale, ma anche punto di riferimento per gli sportivi o luogo dove anche con i capelli bianchi ci si pu\u00f2 recare per fare due chiacchiere. Nella prima met\u00e0 degli anni Novanta, la domenica pomeriggio e la domenica sera, erano prevalentemente gli appassionati di calcio ad affollare il bar per vedere in diretta le partite. Oggi \u00e8 un locale per tutte le generazioni. La vicinanza al <strong>parco Pertini<\/strong>, soprattutto nella bella stagione, favorisce l\u2019afflusso, pure dall\u2019area pratese, delle famiglie e dei golosi del gelato di qualit\u00e0. Un\u2019arte che anche Massimiliano sta imparando: la promessa per il futuro \u00e8 lui.<\/p>\n<p>&nbsp;<\/p>\n<p>&nbsp;<\/p>\n<p>&nbsp;<\/p>","protected":false},"excerpt":{"rendered":"<p>di\u00a0Piera Salvi. Foto: Adriano Tesi. dicembre\u00a02015 Bar Nazionale e famiglia Frosini: un binomio inossidabile. L\u2019attivit\u00e0 inizi\u00f2 nel 1959, al numero 72 di via Roma, a pochi metri di distanza dall\u2019attuale sede, dove il locale si trasfer\u00ec nel 1976. Quando il Bar Nazionale trasloc\u00f2, Riccardo Frosini aveva 16 [&hellip;]<\/p>","protected":false},"author":13,"featured_media":0,"comment_status":"open","ping_status":"open","sticky":false,"template":"","format":"standard","meta":{"footnotes":""},"categories":[2,7],"tags":[391,388,389,392,393,390],"class_list":["post-4218","post","type-post","status-publish","format-standard","hentry","category-ag","category-notizie-dal-passato","tag-alvaro-salvi","tag-bar-nazionale","tag-frosini","tag-massimiliano-frosini","tag-parco-pertini","tag-riccardo-frosini"],"yoast_head":"<!-- This site is optimized with the Yoast SEO plugin v25.5 - https:\/\/yoast.com\/wordpress\/plugins\/seo\/ -->\n<title>Bar Nazionale - Noi di Qua Testata giornalistica e di attualit\u00e0 di Agliana, Montale e Quarrata.<\/title>\n<meta name=\"robots\" content=\"index, follow, max-snippet:-1, max-image-preview:large, max-video-preview:-1\" \/>\n<link rel=\"canonical\" href=\"https:\/\/www.noidiqua.it\/Agliana\/bar-nazionale\/\" \/>\n<meta property=\"og:locale\" content=\"it_IT\" \/>\n<meta property=\"og:type\" content=\"article\" \/>\n<meta property=\"og:title\" content=\"Bar Nazionale - Noi di Qua Testata giornalistica e di attualit\u00e0 di Agliana, Montale e Quarrata.\" \/>\n<meta property=\"og:description\" content=\"di\u00a0Piera Salvi. Foto: Adriano Tesi. dicembre\u00a02015 Bar Nazionale e famiglia Frosini: un binomio inossidabile. L\u2019attivit\u00e0 inizi\u00f2 nel 1959, al numero 72 di via Roma, a pochi metri di distanza dall\u2019attuale sede, dove il locale si trasfer\u00ec nel 1976. Quando il Bar Nazionale trasloc\u00f2, Riccardo Frosini aveva 16 [&hellip;]\" \/>\n<meta property=\"og:url\" content=\"https:\/\/www.noidiqua.it\/Agliana\/bar-nazionale\/\" \/>\n<meta property=\"og:site_name\" content=\"Noi di Qua Testata giornalistica e di attualit\u00e0 di Agliana, Montale e Quarrata.\" \/>\n<meta property=\"article:publisher\" content=\"https:\/\/www.facebook.com\/noidiqua.trimestrale\/\" \/>\n<meta property=\"article:published_time\" content=\"2016-03-13T15:00:18+00:00\" \/>\n<meta property=\"article:modified_time\" content=\"2022-05-06T13:42:03+00:00\" \/>\n<meta property=\"og:image\" content=\"https:\/\/www.noidiqua.it\/Agliana\/wp-content\/uploads\/2016\/03\/Bar-Nazionale.png\" \/>\n<meta name=\"author\" content=\"Piera Salvi\" \/>\n<meta name=\"twitter:label1\" content=\"Scritto da\" \/>\n\t<meta name=\"twitter:data1\" content=\"Piera Salvi\" \/>\n\t<meta name=\"twitter:label2\" content=\"Tempo di lettura stimato\" \/>\n\t<meta name=\"twitter:data2\" content=\"2 minuti\" \/>\n<script type=\"application\/ld+json\" class=\"yoast-schema-graph\">{\"@context\":\"https:\/\/schema.org\",\"@graph\":[{\"@type\":\"WebPage\",\"@id\":\"https:\/\/www.noidiqua.it\/Agliana\/bar-nazionale\/\",\"url\":\"https:\/\/www.noidiqua.it\/Agliana\/bar-nazionale\/\",\"name\":\"Bar Nazionale - Noi di Qua Testata giornalistica e di attualit\u00e0 di Agliana, Montale e Quarrata.\",\"isPartOf\":{\"@id\":\"https:\/\/www.noidiqua.it\/Agliana\/#website\"},\"primaryImageOfPage\":{\"@id\":\"https:\/\/www.noidiqua.it\/Agliana\/bar-nazionale\/#primaryimage\"},\"image\":{\"@id\":\"https:\/\/www.noidiqua.it\/Agliana\/bar-nazionale\/#primaryimage\"},\"thumbnailUrl\":\"https:\/\/www.noidiqua.it\/Agliana\/wp-content\/uploads\/2016\/03\/Bar-Nazionale.png\",\"datePublished\":\"2016-03-13T15:00:18+00:00\",\"dateModified\":\"2022-05-06T13:42:03+00:00\",\"author\":{\"@id\":\"https:\/\/www.noidiqua.it\/Agliana\/#\/schema\/person\/bb7515c2330bb1137f247276096fa7dc\"},\"breadcrumb\":{\"@id\":\"https:\/\/www.noidiqua.it\/Agliana\/bar-nazionale\/#breadcrumb\"},\"inLanguage\":\"it-IT\",\"potentialAction\":[{\"@type\":\"ReadAction\",\"target\":[\"https:\/\/www.noidiqua.it\/Agliana\/bar-nazionale\/\"]}]},{\"@type\":\"ImageObject\",\"inLanguage\":\"it-IT\",\"@id\":\"https:\/\/www.noidiqua.it\/Agliana\/bar-nazionale\/#primaryimage\",\"url\":\"https:\/\/www.noidiqua.it\/Agliana\/wp-content\/uploads\/2016\/03\/Bar-Nazionale.png\",\"contentUrl\":\"https:\/\/www.noidiqua.it\/Agliana\/wp-content\/uploads\/2016\/03\/Bar-Nazionale.png\",\"width\":503,\"height\":399},{\"@type\":\"BreadcrumbList\",\"@id\":\"https:\/\/www.noidiqua.it\/Agliana\/bar-nazionale\/#breadcrumb\",\"itemListElement\":[{\"@type\":\"ListItem\",\"position\":1,\"name\":\"Home\",\"item\":\"https:\/\/www.noidiqua.it\/Agliana\/\"},{\"@type\":\"ListItem\",\"position\":2,\"name\":\"Bar Nazionale\"}]},{\"@type\":\"WebSite\",\"@id\":\"https:\/\/www.noidiqua.it\/Agliana\/#website\",\"url\":\"https:\/\/www.noidiqua.it\/Agliana\/\",\"name\":\"Noi di Qua Testata giornalistica e di attualit\u00e0 di Agliana, Montale e Quarrata.\",\"description\":\"Testata Giornalistica Quarrata Montale Agliana\",\"potentialAction\":[{\"@type\":\"SearchAction\",\"target\":{\"@type\":\"EntryPoint\",\"urlTemplate\":\"https:\/\/www.noidiqua.it\/Agliana\/?s={search_term_string}\"},\"query-input\":{\"@type\":\"PropertyValueSpecification\",\"valueRequired\":true,\"valueName\":\"search_term_string\"}}],\"inLanguage\":\"it-IT\"},{\"@type\":\"Person\",\"@id\":\"https:\/\/www.noidiqua.it\/Agliana\/#\/schema\/person\/bb7515c2330bb1137f247276096fa7dc\",\"name\":\"Piera Salvi\",\"image\":{\"@type\":\"ImageObject\",\"inLanguage\":\"it-IT\",\"@id\":\"https:\/\/www.noidiqua.it\/Agliana\/#\/schema\/person\/image\/\",\"url\":\"https:\/\/secure.gravatar.com\/avatar\/2f9b1fb6e13f3b3e63bde435d999a73be036e320f7a0f5f32f9ac21859d999cd?s=96&d=mm&r=g\",\"contentUrl\":\"https:\/\/secure.gravatar.com\/avatar\/2f9b1fb6e13f3b3e63bde435d999a73be036e320f7a0f5f32f9ac21859d999cd?s=96&d=mm&r=g\",\"caption\":\"Piera Salvi\"},\"url\":\"https:\/\/www.noidiqua.it\/Agliana\/author\/piera-salvi\/\"}]}<\/script>\n<!-- \/ Yoast SEO plugin. -->","yoast_head_json":{"title":"Bar Nazionale - Noi di Qua Testata giornalistica e di attualit\u00e0 di Agliana, Montale e Quarrata.","robots":{"index":"index","follow":"follow","max-snippet":"max-snippet:-1","max-image-preview":"max-image-preview:large","max-video-preview":"max-video-preview:-1"},"canonical":"https:\/\/www.noidiqua.it\/Agliana\/bar-nazionale\/","og_locale":"it_IT","og_type":"article","og_title":"Bar Nazionale - Noi di Qua Testata giornalistica e di attualit\u00e0 di Agliana, Montale e Quarrata.","og_description":"di\u00a0Piera Salvi. Foto: Adriano Tesi. dicembre\u00a02015 Bar Nazionale e famiglia Frosini: un binomio inossidabile. L\u2019attivit\u00e0 inizi\u00f2 nel 1959, al numero 72 di via Roma, a pochi metri di distanza dall\u2019attuale sede, dove il locale si trasfer\u00ec nel 1976. Quando il Bar Nazionale trasloc\u00f2, Riccardo Frosini aveva 16 [&hellip;]","og_url":"https:\/\/www.noidiqua.it\/Agliana\/bar-nazionale\/","og_site_name":"Noi di Qua Testata giornalistica e di attualit\u00e0 di Agliana, Montale e Quarrata.","article_publisher":"https:\/\/www.facebook.com\/noidiqua.trimestrale\/","article_published_time":"2016-03-13T15:00:18+00:00","article_modified_time":"2022-05-06T13:42:03+00:00","og_image":[{"url":"https:\/\/www.noidiqua.it\/Agliana\/wp-content\/uploads\/2016\/03\/Bar-Nazionale.png","type":"","width":"","height":""}],"author":"Piera Salvi","twitter_misc":{"Scritto da":"Piera Salvi","Tempo di lettura stimato":"2 minuti"},"schema":{"@context":"https:\/\/schema.org","@graph":[{"@type":"WebPage","@id":"https:\/\/www.noidiqua.it\/Agliana\/bar-nazionale\/","url":"https:\/\/www.noidiqua.it\/Agliana\/bar-nazionale\/","name":"Bar Nazionale - Noi di Qua Testata giornalistica e di attualit\u00e0 di Agliana, Montale e Quarrata.","isPartOf":{"@id":"https:\/\/www.noidiqua.it\/Agliana\/#website"},"primaryImageOfPage":{"@id":"https:\/\/www.noidiqua.it\/Agliana\/bar-nazionale\/#primaryimage"},"image":{"@id":"https:\/\/www.noidiqua.it\/Agliana\/bar-nazionale\/#primaryimage"},"thumbnailUrl":"https:\/\/www.noidiqua.it\/Agliana\/wp-content\/uploads\/2016\/03\/Bar-Nazionale.png","datePublished":"2016-03-13T15:00:18+00:00","dateModified":"2022-05-06T13:42:03+00:00","author":{"@id":"https:\/\/www.noidiqua.it\/Agliana\/#\/schema\/person\/bb7515c2330bb1137f247276096fa7dc"},"breadcrumb":{"@id":"https:\/\/www.noidiqua.it\/Agliana\/bar-nazionale\/#breadcrumb"},"inLanguage":"it-IT","potentialAction":[{"@type":"ReadAction","target":["https:\/\/www.noidiqua.it\/Agliana\/bar-nazionale\/"]}]},{"@type":"ImageObject","inLanguage":"it-IT","@id":"https:\/\/www.noidiqua.it\/Agliana\/bar-nazionale\/#primaryimage","url":"https:\/\/www.noidiqua.it\/Agliana\/wp-content\/uploads\/2016\/03\/Bar-Nazionale.png","contentUrl":"https:\/\/www.noidiqua.it\/Agliana\/wp-content\/uploads\/2016\/03\/Bar-Nazionale.png","width":503,"height":399},{"@type":"BreadcrumbList","@id":"https:\/\/www.noidiqua.it\/Agliana\/bar-nazionale\/#breadcrumb","itemListElement":[{"@type":"ListItem","position":1,"name":"Home","item":"https:\/\/www.noidiqua.it\/Agliana\/"},{"@type":"ListItem","position":2,"name":"Bar Nazionale"}]},{"@type":"WebSite","@id":"https:\/\/www.noidiqua.it\/Agliana\/#website","url":"https:\/\/www.noidiqua.it\/Agliana\/","name":"Noi di Qua Testata giornalistica e di attualit\u00e0 di Agliana, Montale e Quarrata.","description":"Testata Giornalistica Quarrata Montale Agliana","potentialAction":[{"@type":"SearchAction","target":{"@type":"EntryPoint","urlTemplate":"https:\/\/www.noidiqua.it\/Agliana\/?s={search_term_string}"},"query-input":{"@type":"PropertyValueSpecification","valueRequired":true,"valueName":"search_term_string"}}],"inLanguage":"it-IT"},{"@type":"Person","@id":"https:\/\/www.noidiqua.it\/Agliana\/#\/schema\/person\/bb7515c2330bb1137f247276096fa7dc","name":"Piera Salvi","image":{"@type":"ImageObject","inLanguage":"it-IT","@id":"https:\/\/www.noidiqua.it\/Agliana\/#\/schema\/person\/image\/","url":"https:\/\/secure.gravatar.com\/avatar\/2f9b1fb6e13f3b3e63bde435d999a73be036e320f7a0f5f32f9ac21859d999cd?s=96&d=mm&r=g","contentUrl":"https:\/\/secure.gravatar.com\/avatar\/2f9b1fb6e13f3b3e63bde435d999a73be036e320f7a0f5f32f9ac21859d999cd?s=96&d=mm&r=g","caption":"Piera Salvi"},"url":"https:\/\/www.noidiqua.it\/Agliana\/author\/piera-salvi\/"}]}},"_links":{"self":[{"href":"https:\/\/www.noidiqua.it\/Agliana\/wp-json\/wp\/v2\/posts\/4218","targetHints":{"allow":["GET"]}}],"collection":[{"href":"https:\/\/www.noidiqua.it\/Agliana\/wp-json\/wp\/v2\/posts"}],"about":[{"href":"https:\/\/www.noidiqua.it\/Agliana\/wp-json\/wp\/v2\/types\/post"}],"author":[{"embeddable":true,"href":"https:\/\/www.noidiqua.it\/Agliana\/wp-json\/wp\/v2\/users\/13"}],"replies":[{"embeddable":true,"href":"https:\/\/www.noidiqua.it\/Agliana\/wp-json\/wp\/v2\/comments?post=4218"}],"version-history":[{"count":6,"href":"https:\/\/www.noidiqua.it\/Agliana\/wp-json\/wp\/v2\/posts\/4218\/revisions"}],"predecessor-version":[{"id":7383,"href":"https:\/\/www.noidiqua.it\/Agliana\/wp-json\/wp\/v2\/posts\/4218\/revisions\/7383"}],"wp:attachment":[{"href":"https:\/\/www.noidiqua.it\/Agliana\/wp-json\/wp\/v2\/media?parent=4218"}],"wp:term":[{"taxonomy":"category","embeddable":true,"href":"https:\/\/www.noidiqua.it\/Agliana\/wp-json\/wp\/v2\/categories?post=4218"},{"taxonomy":"post_tag","embeddable":true,"href":"https:\/\/www.noidiqua.it\/Agliana\/wp-json\/wp\/v2\/tags?post=4218"}],"curies":[{"name":"wp","href":"https:\/\/api.w.org\/{rel}","templated":true}]}}