{"id":4376,"date":"2016-06-12T16:51:46","date_gmt":"2016-06-12T14:51:46","guid":{"rendered":"https:\/\/www.noidiqua.it\/Agliana\/?p=4376"},"modified":"2022-05-06T11:14:58","modified_gmt":"2022-05-06T09:14:58","slug":"martina-pasquini-ricercatrice-docente-universitaria-allestero","status":"publish","type":"post","link":"https:\/\/www.noidiqua.it\/Agliana\/martina-pasquini-ricercatrice-docente-universitaria-allestero\/","title":{"rendered":"Martina Pasquini &#8211; ricercatrice e docente universitaria all&#8217;estero"},"content":{"rendered":"<p><em>di\u00a0Piera Salvi<\/em><\/p>\n<p>giugno\u00a02016<\/p>\n<p><a href=\"https:\/\/www.noidiqua.it\/Agliana\/wp-content\/uploads\/2016\/06\/MARTINA-PASQUINI-3.png\" rel=\"wp-prettyPhoto[4376]\"><img loading=\"lazy\" decoding=\"async\" class=\"aligncenter size-full wp-image-7341\" src=\"https:\/\/www.noidiqua.it\/Agliana\/wp-content\/uploads\/2016\/06\/MARTINA-PASQUINI-3.png\" alt=\"\" width=\"450\" height=\"309\" srcset=\"https:\/\/www.noidiqua.it\/Agliana\/wp-content\/uploads\/2016\/06\/MARTINA-PASQUINI-3.png 450w, https:\/\/www.noidiqua.it\/Agliana\/wp-content\/uploads\/2016\/06\/MARTINA-PASQUINI-3-300x206.png 300w\" sizes=\"auto, (max-width: 450px) 100vw, 450px\" \/><\/a><\/p>\n<p><span class=\"s1\"><i>\u00abS\u00ec, proprio in questo weekend vado a <strong>London Business School<\/strong>\u00bb<\/i>. Pochi giorni prima di andare in stampa abbiamo chiesto a <strong>Martina Pasquini<\/strong> se era confermato l\u2019invito che aveva ricevuto nei mesi scorsi per la prestigiosa conferenza a <strong>London Businness School<\/strong>, alla quale di solito sono invitati una settantina di esperti tra <strong>Europa<\/strong> e<strong> Stati Uniti d\u2019America<\/strong>. E Martina ha confermato. <i>\u00abVado per presentare un lavoro sulla gestione dei portafogli di prodotti delle aziende diversificate. Si tratta di strategie di vendita aziendale nella stessa nicchia industriale\u00bb<\/i>.\u00a0<\/span><\/p>\n<p><span class=\"s1\">Martina Pasquini, 35 anni, laureata nel 2004 in scienze politiche, premio <strong>Marie Curie<\/strong> per un importante progetto biennale su imprenditorialit\u00e0 sociale sostenibile, \u00e8 una vera eccellenza aglianese nel mondo. Nel 2005 si trasfer\u00ec a Torino per un master in economia quantitativa, finanziato da <strong>Compagnia di San Paolo<\/strong> e <strong>Universit\u00e0 di Torino<\/strong>, sotto la direzione di <strong>Elsa Fornero<\/strong> e <strong>Domenico Siniscalco<\/strong>. Martina entra cos\u00ec in un ambiente frequentato dai pi\u00f9 prestigiosi economisti, che l\u2019ha avvicinata anche a <strong>Giovanni Dosi<\/strong>, collaboratore del premio Nobel per l\u2019economia <strong>Joseph Stiglitz<\/strong>. Successivamente, fa il dottorato di ricerca alla <strong>Bocconi di Milano<\/strong>: cinque anni di frequenza e conseguimento del titolo accademico <strong>PhD<\/strong> che le consente di insegnare anche in Europa e in America. Attualmente insegna all\u2019<strong>Instituto de Empresa di Madrid<\/strong> e dal 2015 risiede in Spagna. Nel 2014 ha insegnato a <strong>Southampton<\/strong>, in Inghilterra. In Italia era stata assegnista di ricerca all\u2019<strong>Universit\u00e0 di Bologna<\/strong>, nell\u2019ambito di un progetto europeo sulla consulenza di fondi d\u2019investimento su brevetti. Martina \u00e8 specializzata in ricerca su brevetti, commercializzazione e diffusione della tecnologia e uso del brand. La curiosit\u00e0 ci spinge a chiederle: com\u2019\u00e8 stato l\u2019anno sotto la direzione della Fornero?<i> \u00abDurissimo, \u00e8 una donna di ferro\u00bb<\/i>. E in Bocconi hai incontrato il professor <strong>Mario Monti<\/strong>? <i>\u00abS\u00ec. In Bocconi ho continuato ad andarci, per dei lavori, oppure in occasione dell\u2019apertura dell\u2019Anno Accademico e per le cerimonie natalizie. Monti c\u2019\u00e8 sempre. E\u2019 una persona dall\u2019aspetto serio, ma cordiale\u00bb<\/i>.\u00a0<\/span><\/p>\n<p>&nbsp;<\/p>\n<p><a href=\"https:\/\/www.noidiqua.it\/Agliana\/wp-content\/uploads\/2016\/06\/MARTINA-PASQUINI-4.png\" rel=\"wp-prettyPhoto[4376]\"><img loading=\"lazy\" decoding=\"async\" class=\"aligncenter size-full wp-image-7343\" src=\"https:\/\/www.noidiqua.it\/Agliana\/wp-content\/uploads\/2016\/06\/MARTINA-PASQUINI-4.png\" alt=\"\" width=\"341\" height=\"380\" srcset=\"https:\/\/www.noidiqua.it\/Agliana\/wp-content\/uploads\/2016\/06\/MARTINA-PASQUINI-4.png 341w, https:\/\/www.noidiqua.it\/Agliana\/wp-content\/uploads\/2016\/06\/MARTINA-PASQUINI-4-269x300.png 269w\" sizes=\"auto, (max-width: 341px) 100vw, 341px\" \/><\/a><\/p>\n<p class=\"p1\" style=\"text-align: justify;\"><span class=\"s1\">Martina Pasquini per la diffusione delle sue ricerche ha tenuto conferenze da <strong>Copenaghen<\/strong> alla <strong>Nuova Zelanda<\/strong>, fino alla prestigiosa universit\u00e0 di <strong>Harvard<\/strong> negli Usa: <i>\u00abAd Harvard ci sono stata nel 2012 e ci torner\u00f2 ad agosto\u00bb<\/i> annuncia. Il lavoro all\u2019estero \u00e8 stato una scelta? <i>\u00abHo cercato di lavorare in Italia, sono stata due anni all\u2019Universit\u00e0 di Bologna, ma all\u2019estero gli stipendi sono pi\u00f9 alti, lo status migliore e anche un giovane \u00e8 pi\u00f9 rispettato. Ormai questa \u00e8 la mia strada, con il vantaggio di viaggiare molto e la gioia di avere allievi che mi vogliono bene. Spesso siamo costretti a cercare opportunit\u00e0 di lavoro fuori dal posto dove siamo nati e cresciuti, ma ci sar\u00e0 sempre un legame invisibile che ci terr\u00e0 stretti a doppio filo con le nostre radici. Ed \u00e8 proprio alla famiglia, agli amici, ai luoghi d\u2019infanzia che pensiamo quando siamo lontani e ci serve aiuto\u00bb<\/i>.\u00a0<\/span><\/p>\n<p><a href=\"https:\/\/www.noidiqua.it\/Agliana\/wp-content\/uploads\/2016\/06\/MARTINA-PASQUINI-2.png\" rel=\"wp-prettyPhoto[4376]\"><img loading=\"lazy\" decoding=\"async\" class=\"aligncenter size-full wp-image-7342\" src=\"https:\/\/www.noidiqua.it\/Agliana\/wp-content\/uploads\/2016\/06\/MARTINA-PASQUINI-2.png\" alt=\"\" width=\"450\" height=\"337\" srcset=\"https:\/\/www.noidiqua.it\/Agliana\/wp-content\/uploads\/2016\/06\/MARTINA-PASQUINI-2.png 450w, https:\/\/www.noidiqua.it\/Agliana\/wp-content\/uploads\/2016\/06\/MARTINA-PASQUINI-2-300x225.png 300w\" sizes=\"auto, (max-width: 450px) 100vw, 450px\" \/><\/a><\/p>\n<p><span class=\"s1\">Un\u2019eccellenza nel mondo, dunque la nostra Martina, ma profondamente legata alle sue radici, come dimostrano alcune foto davanti ad Harvard Business School: \u201cIo sono del<strong> Ponte ai Tigli<\/strong>\u201d, c\u2019\u00e8 scritto sulla t-shirt che indossa. Niente di pi\u00f9 semplice e pi\u00f9 significativo per dimostrare ai concittadini che la nostra prestigiosa ricercatrice \u00e8 s\u00ec cervello in fuga, ma con un cuore ancora profondamente aglianese.\u00a0<\/span><\/p>\n<p class=\"p1\" style=\"text-align: justify;\">","protected":false},"excerpt":{"rendered":"<p>di\u00a0Piera Salvi giugno\u00a02016 \u00abS\u00ec, proprio in questo weekend vado a London Business School\u00bb. Pochi giorni prima di andare in stampa abbiamo chiesto a Martina Pasquini se era confermato l\u2019invito che aveva ricevuto nei mesi scorsi per la prestigiosa conferenza a London Businness School, alla quale di solito [&hellip;]<\/p>","protected":false},"author":13,"featured_media":0,"comment_status":"open","ping_status":"open","sticky":false,"template":"","format":"standard","meta":{"footnotes":""},"categories":[2,143],"tags":[528,522,525,524,520,526,534,529,527,516,518,521,532,517,533,536,530,519,535,531,523],"class_list":["post-4376","post","type-post","status-publish","format-standard","hentry","category-ag","category-persone-e-personaggi","tag-bocconi-di-milano","tag-compagnia-di-san-paolo","tag-domenico-siniscalco","tag-elsa-fornero","tag-europa","tag-giovanni-dosi","tag-harvard","tag-instituto-de-empresa-di-madrid","tag-joseph-stiglitz","tag-london-business-school","tag-london-businness-school","tag-marie-curie","tag-mario-monti","tag-martina-pasquini","tag-nuova-zelanda","tag-ponte-ai-tigli","tag-southampton","tag-stati-uniti-damerica","tag-tigli","tag-universita-di-bologna","tag-universita-di-torino"],"yoast_head":"<!-- This site is optimized with the Yoast SEO plugin v25.5 - https:\/\/yoast.com\/wordpress\/plugins\/seo\/ -->\n<title>Martina Pasquini - ricercatrice e docente universitaria all&#039;estero - Noi di Qua Testata giornalistica e di attualit\u00e0 di Agliana, Montale e Quarrata.<\/title>\n<meta name=\"robots\" content=\"index, follow, max-snippet:-1, max-image-preview:large, max-video-preview:-1\" \/>\n<link rel=\"canonical\" href=\"https:\/\/www.noidiqua.it\/Agliana\/martina-pasquini-ricercatrice-docente-universitaria-allestero\/\" \/>\n<meta property=\"og:locale\" content=\"it_IT\" \/>\n<meta property=\"og:type\" content=\"article\" \/>\n<meta property=\"og:title\" content=\"Martina Pasquini - ricercatrice e docente universitaria all&#039;estero - Noi di Qua Testata giornalistica e di attualit\u00e0 di Agliana, Montale e Quarrata.\" \/>\n<meta property=\"og:description\" content=\"di\u00a0Piera Salvi giugno\u00a02016 \u00abS\u00ec, proprio in questo weekend vado a London Business School\u00bb. Pochi giorni prima di andare in stampa abbiamo chiesto a Martina Pasquini se era confermato l\u2019invito che aveva ricevuto nei mesi scorsi per la prestigiosa conferenza a London Businness School, alla quale di solito [&hellip;]\" \/>\n<meta property=\"og:url\" content=\"https:\/\/www.noidiqua.it\/Agliana\/martina-pasquini-ricercatrice-docente-universitaria-allestero\/\" \/>\n<meta property=\"og:site_name\" content=\"Noi di Qua Testata giornalistica e di attualit\u00e0 di Agliana, Montale e Quarrata.\" \/>\n<meta property=\"article:publisher\" content=\"https:\/\/www.facebook.com\/noidiqua.trimestrale\/\" \/>\n<meta property=\"article:published_time\" content=\"2016-06-12T14:51:46+00:00\" \/>\n<meta property=\"article:modified_time\" content=\"2022-05-06T09:14:58+00:00\" \/>\n<meta property=\"og:image\" content=\"https:\/\/www.noidiqua.it\/Agliana\/wp-content\/uploads\/2016\/06\/MARTINA-PASQUINI-3.png\" \/>\n<meta name=\"author\" content=\"Piera Salvi\" \/>\n<meta name=\"twitter:label1\" content=\"Scritto da\" \/>\n\t<meta name=\"twitter:data1\" content=\"Piera Salvi\" \/>\n\t<meta name=\"twitter:label2\" content=\"Tempo di lettura stimato\" \/>\n\t<meta name=\"twitter:data2\" content=\"3 minuti\" \/>\n<script type=\"application\/ld+json\" class=\"yoast-schema-graph\">{\"@context\":\"https:\/\/schema.org\",\"@graph\":[{\"@type\":\"WebPage\",\"@id\":\"https:\/\/www.noidiqua.it\/Agliana\/martina-pasquini-ricercatrice-docente-universitaria-allestero\/\",\"url\":\"https:\/\/www.noidiqua.it\/Agliana\/martina-pasquini-ricercatrice-docente-universitaria-allestero\/\",\"name\":\"Martina Pasquini - ricercatrice e docente universitaria all'estero - Noi di Qua Testata giornalistica e di attualit\u00e0 di Agliana, Montale e Quarrata.\",\"isPartOf\":{\"@id\":\"https:\/\/www.noidiqua.it\/Agliana\/#website\"},\"primaryImageOfPage\":{\"@id\":\"https:\/\/www.noidiqua.it\/Agliana\/martina-pasquini-ricercatrice-docente-universitaria-allestero\/#primaryimage\"},\"image\":{\"@id\":\"https:\/\/www.noidiqua.it\/Agliana\/martina-pasquini-ricercatrice-docente-universitaria-allestero\/#primaryimage\"},\"thumbnailUrl\":\"https:\/\/www.noidiqua.it\/Agliana\/wp-content\/uploads\/2016\/06\/MARTINA-PASQUINI-3.png\",\"datePublished\":\"2016-06-12T14:51:46+00:00\",\"dateModified\":\"2022-05-06T09:14:58+00:00\",\"author\":{\"@id\":\"https:\/\/www.noidiqua.it\/Agliana\/#\/schema\/person\/bb7515c2330bb1137f247276096fa7dc\"},\"breadcrumb\":{\"@id\":\"https:\/\/www.noidiqua.it\/Agliana\/martina-pasquini-ricercatrice-docente-universitaria-allestero\/#breadcrumb\"},\"inLanguage\":\"it-IT\",\"potentialAction\":[{\"@type\":\"ReadAction\",\"target\":[\"https:\/\/www.noidiqua.it\/Agliana\/martina-pasquini-ricercatrice-docente-universitaria-allestero\/\"]}]},{\"@type\":\"ImageObject\",\"inLanguage\":\"it-IT\",\"@id\":\"https:\/\/www.noidiqua.it\/Agliana\/martina-pasquini-ricercatrice-docente-universitaria-allestero\/#primaryimage\",\"url\":\"https:\/\/www.noidiqua.it\/Agliana\/wp-content\/uploads\/2016\/06\/MARTINA-PASQUINI-3.png\",\"contentUrl\":\"https:\/\/www.noidiqua.it\/Agliana\/wp-content\/uploads\/2016\/06\/MARTINA-PASQUINI-3.png\",\"width\":450,\"height\":309},{\"@type\":\"BreadcrumbList\",\"@id\":\"https:\/\/www.noidiqua.it\/Agliana\/martina-pasquini-ricercatrice-docente-universitaria-allestero\/#breadcrumb\",\"itemListElement\":[{\"@type\":\"ListItem\",\"position\":1,\"name\":\"Home\",\"item\":\"https:\/\/www.noidiqua.it\/Agliana\/\"},{\"@type\":\"ListItem\",\"position\":2,\"name\":\"Martina Pasquini &#8211; ricercatrice e docente universitaria all&#8217;estero\"}]},{\"@type\":\"WebSite\",\"@id\":\"https:\/\/www.noidiqua.it\/Agliana\/#website\",\"url\":\"https:\/\/www.noidiqua.it\/Agliana\/\",\"name\":\"Noi di Qua Testata giornalistica e di attualit\u00e0 di Agliana, Montale e Quarrata.\",\"description\":\"Testata Giornalistica Quarrata Montale Agliana\",\"potentialAction\":[{\"@type\":\"SearchAction\",\"target\":{\"@type\":\"EntryPoint\",\"urlTemplate\":\"https:\/\/www.noidiqua.it\/Agliana\/?s={search_term_string}\"},\"query-input\":{\"@type\":\"PropertyValueSpecification\",\"valueRequired\":true,\"valueName\":\"search_term_string\"}}],\"inLanguage\":\"it-IT\"},{\"@type\":\"Person\",\"@id\":\"https:\/\/www.noidiqua.it\/Agliana\/#\/schema\/person\/bb7515c2330bb1137f247276096fa7dc\",\"name\":\"Piera Salvi\",\"image\":{\"@type\":\"ImageObject\",\"inLanguage\":\"it-IT\",\"@id\":\"https:\/\/www.noidiqua.it\/Agliana\/#\/schema\/person\/image\/\",\"url\":\"https:\/\/secure.gravatar.com\/avatar\/2f9b1fb6e13f3b3e63bde435d999a73be036e320f7a0f5f32f9ac21859d999cd?s=96&d=mm&r=g\",\"contentUrl\":\"https:\/\/secure.gravatar.com\/avatar\/2f9b1fb6e13f3b3e63bde435d999a73be036e320f7a0f5f32f9ac21859d999cd?s=96&d=mm&r=g\",\"caption\":\"Piera Salvi\"},\"url\":\"https:\/\/www.noidiqua.it\/Agliana\/author\/piera-salvi\/\"}]}<\/script>\n<!-- \/ Yoast SEO plugin. -->","yoast_head_json":{"title":"Martina Pasquini - ricercatrice e docente universitaria all'estero - Noi di Qua Testata giornalistica e di attualit\u00e0 di Agliana, Montale e Quarrata.","robots":{"index":"index","follow":"follow","max-snippet":"max-snippet:-1","max-image-preview":"max-image-preview:large","max-video-preview":"max-video-preview:-1"},"canonical":"https:\/\/www.noidiqua.it\/Agliana\/martina-pasquini-ricercatrice-docente-universitaria-allestero\/","og_locale":"it_IT","og_type":"article","og_title":"Martina Pasquini - ricercatrice e docente universitaria all'estero - Noi di Qua Testata giornalistica e di attualit\u00e0 di Agliana, Montale e Quarrata.","og_description":"di\u00a0Piera Salvi giugno\u00a02016 \u00abS\u00ec, proprio in questo weekend vado a London Business School\u00bb. Pochi giorni prima di andare in stampa abbiamo chiesto a Martina Pasquini se era confermato l\u2019invito che aveva ricevuto nei mesi scorsi per la prestigiosa conferenza a London Businness School, alla quale di solito [&hellip;]","og_url":"https:\/\/www.noidiqua.it\/Agliana\/martina-pasquini-ricercatrice-docente-universitaria-allestero\/","og_site_name":"Noi di Qua Testata giornalistica e di attualit\u00e0 di Agliana, Montale e Quarrata.","article_publisher":"https:\/\/www.facebook.com\/noidiqua.trimestrale\/","article_published_time":"2016-06-12T14:51:46+00:00","article_modified_time":"2022-05-06T09:14:58+00:00","og_image":[{"url":"https:\/\/www.noidiqua.it\/Agliana\/wp-content\/uploads\/2016\/06\/MARTINA-PASQUINI-3.png","type":"","width":"","height":""}],"author":"Piera Salvi","twitter_misc":{"Scritto da":"Piera Salvi","Tempo di lettura stimato":"3 minuti"},"schema":{"@context":"https:\/\/schema.org","@graph":[{"@type":"WebPage","@id":"https:\/\/www.noidiqua.it\/Agliana\/martina-pasquini-ricercatrice-docente-universitaria-allestero\/","url":"https:\/\/www.noidiqua.it\/Agliana\/martina-pasquini-ricercatrice-docente-universitaria-allestero\/","name":"Martina Pasquini - ricercatrice e docente universitaria all'estero - Noi di Qua Testata giornalistica e di attualit\u00e0 di Agliana, Montale e Quarrata.","isPartOf":{"@id":"https:\/\/www.noidiqua.it\/Agliana\/#website"},"primaryImageOfPage":{"@id":"https:\/\/www.noidiqua.it\/Agliana\/martina-pasquini-ricercatrice-docente-universitaria-allestero\/#primaryimage"},"image":{"@id":"https:\/\/www.noidiqua.it\/Agliana\/martina-pasquini-ricercatrice-docente-universitaria-allestero\/#primaryimage"},"thumbnailUrl":"https:\/\/www.noidiqua.it\/Agliana\/wp-content\/uploads\/2016\/06\/MARTINA-PASQUINI-3.png","datePublished":"2016-06-12T14:51:46+00:00","dateModified":"2022-05-06T09:14:58+00:00","author":{"@id":"https:\/\/www.noidiqua.it\/Agliana\/#\/schema\/person\/bb7515c2330bb1137f247276096fa7dc"},"breadcrumb":{"@id":"https:\/\/www.noidiqua.it\/Agliana\/martina-pasquini-ricercatrice-docente-universitaria-allestero\/#breadcrumb"},"inLanguage":"it-IT","potentialAction":[{"@type":"ReadAction","target":["https:\/\/www.noidiqua.it\/Agliana\/martina-pasquini-ricercatrice-docente-universitaria-allestero\/"]}]},{"@type":"ImageObject","inLanguage":"it-IT","@id":"https:\/\/www.noidiqua.it\/Agliana\/martina-pasquini-ricercatrice-docente-universitaria-allestero\/#primaryimage","url":"https:\/\/www.noidiqua.it\/Agliana\/wp-content\/uploads\/2016\/06\/MARTINA-PASQUINI-3.png","contentUrl":"https:\/\/www.noidiqua.it\/Agliana\/wp-content\/uploads\/2016\/06\/MARTINA-PASQUINI-3.png","width":450,"height":309},{"@type":"BreadcrumbList","@id":"https:\/\/www.noidiqua.it\/Agliana\/martina-pasquini-ricercatrice-docente-universitaria-allestero\/#breadcrumb","itemListElement":[{"@type":"ListItem","position":1,"name":"Home","item":"https:\/\/www.noidiqua.it\/Agliana\/"},{"@type":"ListItem","position":2,"name":"Martina Pasquini &#8211; ricercatrice e docente universitaria all&#8217;estero"}]},{"@type":"WebSite","@id":"https:\/\/www.noidiqua.it\/Agliana\/#website","url":"https:\/\/www.noidiqua.it\/Agliana\/","name":"Noi di Qua Testata giornalistica e di attualit\u00e0 di Agliana, Montale e Quarrata.","description":"Testata Giornalistica Quarrata Montale Agliana","potentialAction":[{"@type":"SearchAction","target":{"@type":"EntryPoint","urlTemplate":"https:\/\/www.noidiqua.it\/Agliana\/?s={search_term_string}"},"query-input":{"@type":"PropertyValueSpecification","valueRequired":true,"valueName":"search_term_string"}}],"inLanguage":"it-IT"},{"@type":"Person","@id":"https:\/\/www.noidiqua.it\/Agliana\/#\/schema\/person\/bb7515c2330bb1137f247276096fa7dc","name":"Piera Salvi","image":{"@type":"ImageObject","inLanguage":"it-IT","@id":"https:\/\/www.noidiqua.it\/Agliana\/#\/schema\/person\/image\/","url":"https:\/\/secure.gravatar.com\/avatar\/2f9b1fb6e13f3b3e63bde435d999a73be036e320f7a0f5f32f9ac21859d999cd?s=96&d=mm&r=g","contentUrl":"https:\/\/secure.gravatar.com\/avatar\/2f9b1fb6e13f3b3e63bde435d999a73be036e320f7a0f5f32f9ac21859d999cd?s=96&d=mm&r=g","caption":"Piera Salvi"},"url":"https:\/\/www.noidiqua.it\/Agliana\/author\/piera-salvi\/"}]}},"_links":{"self":[{"href":"https:\/\/www.noidiqua.it\/Agliana\/wp-json\/wp\/v2\/posts\/4376","targetHints":{"allow":["GET"]}}],"collection":[{"href":"https:\/\/www.noidiqua.it\/Agliana\/wp-json\/wp\/v2\/posts"}],"about":[{"href":"https:\/\/www.noidiqua.it\/Agliana\/wp-json\/wp\/v2\/types\/post"}],"author":[{"embeddable":true,"href":"https:\/\/www.noidiqua.it\/Agliana\/wp-json\/wp\/v2\/users\/13"}],"replies":[{"embeddable":true,"href":"https:\/\/www.noidiqua.it\/Agliana\/wp-json\/wp\/v2\/comments?post=4376"}],"version-history":[{"count":7,"href":"https:\/\/www.noidiqua.it\/Agliana\/wp-json\/wp\/v2\/posts\/4376\/revisions"}],"predecessor-version":[{"id":7344,"href":"https:\/\/www.noidiqua.it\/Agliana\/wp-json\/wp\/v2\/posts\/4376\/revisions\/7344"}],"wp:attachment":[{"href":"https:\/\/www.noidiqua.it\/Agliana\/wp-json\/wp\/v2\/media?parent=4376"}],"wp:term":[{"taxonomy":"category","embeddable":true,"href":"https:\/\/www.noidiqua.it\/Agliana\/wp-json\/wp\/v2\/categories?post=4376"},{"taxonomy":"post_tag","embeddable":true,"href":"https:\/\/www.noidiqua.it\/Agliana\/wp-json\/wp\/v2\/tags?post=4376"}],"curies":[{"name":"wp","href":"https:\/\/api.w.org\/{rel}","templated":true}]}}