{"id":4540,"date":"2016-12-01T11:35:45","date_gmt":"2016-12-01T10:35:45","guid":{"rendered":"https:\/\/www.noidiqua.it\/Agliana\/?p=4540"},"modified":"2022-05-02T10:57:23","modified_gmt":"2022-05-02T08:57:23","slug":"daniela-farzetti-20-anni-attivita","status":"publish","type":"post","link":"https:\/\/www.noidiqua.it\/Agliana\/daniela-farzetti-20-anni-attivita\/","title":{"rendered":"Daniela Farzetti &#8211; 20 anni di attivit\u00e0"},"content":{"rendered":"<p><em>di\u00a0Piera Salvi. Foto: Adriano Tesi<br \/>\n<\/em><\/p>\n<p><em>dicembre\u00a0<\/em><em>2016<\/em><\/p>\n<p><a href=\"https:\/\/www.noidiqua.it\/Agliana\/wp-content\/uploads\/2016\/12\/DANIELA-FARZETTI-3.png\" rel=\"wp-prettyPhoto[4540]\"><img loading=\"lazy\" decoding=\"async\" class=\"aligncenter size-full wp-image-7199\" src=\"https:\/\/www.noidiqua.it\/Agliana\/wp-content\/uploads\/2016\/12\/DANIELA-FARZETTI-3.png\" alt=\"\" width=\"450\" height=\"348\" srcset=\"https:\/\/www.noidiqua.it\/Agliana\/wp-content\/uploads\/2016\/12\/DANIELA-FARZETTI-3.png 450w, https:\/\/www.noidiqua.it\/Agliana\/wp-content\/uploads\/2016\/12\/DANIELA-FARZETTI-3-300x232.png 300w\" sizes=\"auto, (max-width: 450px) 100vw, 450px\" \/><\/a><\/p>\n<p><span class=\"s1\">Da giovanissima apprendista barbiera ad <strong>hair stylist<\/strong> professionista, con alta specializzazione in taglio e colore, anticipando le tendenze della moda. Per <strong>Daniela Farzetti<\/strong>, fondatrice di \u201c<strong>Daniela hair group<\/strong> \u2013 <strong>parrucchieri barbieri<\/strong>\u201d, il 2016 segna il ventesimo anno di attivit\u00e0 in proprio e trent\u2019anni di esercizio di questa professione.<i> \u00abCominciai nel 1986, con pennello e rasoio, facendo la barbiera nel negozio di <strong>Angelo Calamai<\/strong>\u00bb<\/i> racconta Daniela, <i>\u00abnella frazione di <strong>Ponte alla trave<\/strong>. Vi rimasi fino al 1991, dopo passai nel negozio di <a href=\"https:\/\/www.noidiqua.it\/Agliana\/marco-tesi-i-consigli-di-un-maestro\/\"><strong>Marco Tesi<\/strong><\/a> nel centro di Agliana, in piazza IV Novembre. Anche l\u00ec per i primi tempi ero esclusivamente una barbiera. Poi cominciai a frequentare la scuola di parrucchiera per donna e diventai collaboratrice di Marco, in uno dei primi negozi di parrucchiere unisex della zona\u00bb<\/i>.\u00a0<\/span><\/p>\n<p><span class=\"s1\">Il 26 febbraio 2016, Daniela ha festeggiato i suoi trent\u2019anni di attivit\u00e0 nel settore recandosi personalmente a ringraziare i due noti parrucchieri aglianesi che, quando era una ragazzina, le hanno dato l\u2019opportunit\u00e0 di cominciare a lavorare in questo settore.<i> \u00abPerch\u00e9\u00bb <\/i>spiega Daniela <i>\u00abper me questo \u00e8 il mestiere pi\u00f9 bello del mondo. In particolare Marco Tesi mi ha fatta decollare e mi ha formata, non solo professionalmente ma anche nel carattere. Tesi ha particolarmente apprezzato il mio gesto e mi ha a sua volta ringraziata. Mi ha detto che dal suo negozio sono usciti tanti professionisti del settore, ma che sono la prima persona che si \u00e8 ricordata di ringraziare<\/i>\u00bb.\u00a0<\/span><\/p>\n<p>&nbsp;<\/p>\n<p><a href=\"https:\/\/www.noidiqua.it\/Agliana\/wp-content\/uploads\/2016\/12\/DANIELA-FARZETTI-2.png\" rel=\"wp-prettyPhoto[4540]\"><img loading=\"lazy\" decoding=\"async\" class=\"aligncenter size-full wp-image-7201\" src=\"https:\/\/www.noidiqua.it\/Agliana\/wp-content\/uploads\/2016\/12\/DANIELA-FARZETTI-2.png\" alt=\"\" width=\"253\" height=\"380\" srcset=\"https:\/\/www.noidiqua.it\/Agliana\/wp-content\/uploads\/2016\/12\/DANIELA-FARZETTI-2.png 253w, https:\/\/www.noidiqua.it\/Agliana\/wp-content\/uploads\/2016\/12\/DANIELA-FARZETTI-2-200x300.png 200w\" sizes=\"auto, (max-width: 253px) 100vw, 253px\" \/><\/a><\/p>\n<p><span class=\"s1\">L\u2019avventura del negozio in proprio prese il via il 10 dicembre 1996. <i>\u00abI miei collaboratori storici\u00bb<\/i> racconta <i>\u00absono <strong>Alessandro Fulciniti<\/strong> e <strong>Valentina Tempestini<\/strong>. Partimmo nel negozio di via Roma con una clientela prevalentemente maschile. Poi volai a Londra, all\u2019Accademia, per specializzarmi come parrucchiera per donna, in particolare nelle tendenze moda metropolitane e nei colori strani. La moda andava in questa direzione ed era quella la strada che volevo percorrere. Dopo Londra ho girato molto, in Europa e in Italia, per assaporare tutte le tendenze moda e riproporle nel mio negozio ma personalizzate, creando una nostra linea. Sono stata la prima a portare ad Agliana queste innovazioni. Poi, io e Alessandro siamo stati chiamati da una nota azienda di cosmetici come stilisti maschili per insegnare taglio e barba e tenere corsi di aggiornamento per parrucchieri. Anche adesso continuo a dedicarmi alla formazione, maschile e femminile, per\u00f2 la mia passione resta il negozio\u00bb<\/i>.\u00a0<\/span><\/p>\n<p><a href=\"https:\/\/www.noidiqua.it\/Agliana\/wp-content\/uploads\/2016\/12\/DANIELA-FARZETTI-4.png\" rel=\"wp-prettyPhoto[4540]\"><img loading=\"lazy\" decoding=\"async\" class=\"aligncenter size-full wp-image-7202\" src=\"https:\/\/www.noidiqua.it\/Agliana\/wp-content\/uploads\/2016\/12\/DANIELA-FARZETTI-4.png\" alt=\"\" width=\"450\" height=\"300\" srcset=\"https:\/\/www.noidiqua.it\/Agliana\/wp-content\/uploads\/2016\/12\/DANIELA-FARZETTI-4.png 450w, https:\/\/www.noidiqua.it\/Agliana\/wp-content\/uploads\/2016\/12\/DANIELA-FARZETTI-4-300x200.png 300w\" sizes=\"auto, (max-width: 450px) 100vw, 450px\" \/><\/a><\/p>\n<p><span class=\"s1\">Daniela, che dal 2010 ha trasferito il salone in <strong>via Calice<\/strong>, racconta che nei suoi venti anni di attivit\u00e0 ha avuto l\u2019occasione di realizzare acconciature per note case di moda e personaggi dello spettacolo. <i>\u00abMa preferisco lavorare nel mio negozio\u00bb<\/i> confida <i>\u00abperch\u00e9 mi rendo conto di aiutare le persone comuni a sentirsi pi\u00f9 belle ma anche a rilassarsi e ricaricarsi. Il massimo per me \u00e8 quando un cliente, o una cliente, escono dal negozio ringraziandomi. E sono tante le persone che lo fanno. Ci sono clienti che ci seguono da venti anni\u00bb<\/i>. Come sono cambiate le esigenze della clientela in venti anni? <i>\u00abNegli anni Novanta il parrucchiere era visto come un punto d\u2019incontro. Oggi le persone hanno una vita frenetica e sono pi\u00f9 esigenti nel risultato finale. Voglio ringraziare tutti i clienti, in particolare i fedelissimi, come ringrazio i miei colleghi storici che mi aiutano a dare il massimo, perch\u00e9 con Alessandro e Valentina abbiamo fatto insieme un percorso di crescita professionale. Ma ringrazio anche tutti i componenti del mio staff, nel passato e nel presente\u00bb<\/i>.\u00a0<\/span><\/p>\n<p class=\"p1\" style=\"text-align: justify;\">","protected":false},"excerpt":{"rendered":"<p>di\u00a0Piera Salvi. Foto: Adriano Tesi dicembre\u00a02016 Da giovanissima apprendista barbiera ad hair stylist professionista, con alta specializzazione in taglio e colore, anticipando le tendenze della moda. Per Daniela Farzetti, fondatrice di \u201cDaniela hair group \u2013 parrucchieri barbieri\u201d, il 2016 segna il ventesimo anno di attivit\u00e0 in proprio [&hellip;]<\/p>","protected":false},"author":13,"featured_media":0,"comment_status":"open","ping_status":"open","sticky":false,"template":"","format":"standard","meta":{"footnotes":""},"categories":[2,3],"tags":[787,784,781,782,780,786,783,785,788,789],"class_list":["post-4540","post","type-post","status-publish","format-standard","hentry","category-ag","category-arte-artigianato-qt","tag-alessandro-fulciniti","tag-angelo-calamai","tag-daniela-farzetti","tag-daniela-hair-group","tag-hair-stylist","tag-marco-tesi","tag-parrucchieri-barbieri","tag-ponte-alla-trave","tag-valentina-tempestini","tag-via-calice"],"yoast_head":"<!-- This site is optimized with the Yoast SEO plugin v25.5 - https:\/\/yoast.com\/wordpress\/plugins\/seo\/ -->\n<title>Daniela Farzetti - 20 anni di attivit\u00e0 - Noi di Qua Testata giornalistica e di attualit\u00e0 di Agliana, Montale e Quarrata.<\/title>\n<meta name=\"robots\" content=\"index, follow, max-snippet:-1, max-image-preview:large, max-video-preview:-1\" \/>\n<link rel=\"canonical\" href=\"https:\/\/www.noidiqua.it\/Agliana\/daniela-farzetti-20-anni-attivita\/\" \/>\n<meta property=\"og:locale\" content=\"it_IT\" \/>\n<meta property=\"og:type\" content=\"article\" \/>\n<meta property=\"og:title\" content=\"Daniela Farzetti - 20 anni di attivit\u00e0 - Noi di Qua Testata giornalistica e di attualit\u00e0 di Agliana, Montale e Quarrata.\" \/>\n<meta property=\"og:description\" content=\"di\u00a0Piera Salvi. Foto: Adriano Tesi dicembre\u00a02016 Da giovanissima apprendista barbiera ad hair stylist professionista, con alta specializzazione in taglio e colore, anticipando le tendenze della moda. Per Daniela Farzetti, fondatrice di \u201cDaniela hair group \u2013 parrucchieri barbieri\u201d, il 2016 segna il ventesimo anno di attivit\u00e0 in proprio [&hellip;]\" \/>\n<meta property=\"og:url\" content=\"https:\/\/www.noidiqua.it\/Agliana\/daniela-farzetti-20-anni-attivita\/\" \/>\n<meta property=\"og:site_name\" content=\"Noi di Qua Testata giornalistica e di attualit\u00e0 di Agliana, Montale e Quarrata.\" \/>\n<meta property=\"article:publisher\" content=\"https:\/\/www.facebook.com\/noidiqua.trimestrale\/\" \/>\n<meta property=\"article:published_time\" content=\"2016-12-01T10:35:45+00:00\" \/>\n<meta property=\"article:modified_time\" content=\"2022-05-02T08:57:23+00:00\" \/>\n<meta property=\"og:image\" content=\"https:\/\/www.noidiqua.it\/Agliana\/wp-content\/uploads\/2016\/12\/DANIELA-FARZETTI-3.png\" \/>\n<meta name=\"author\" content=\"Piera Salvi\" \/>\n<meta name=\"twitter:label1\" content=\"Scritto da\" \/>\n\t<meta name=\"twitter:data1\" content=\"Piera Salvi\" \/>\n\t<meta name=\"twitter:label2\" content=\"Tempo di lettura stimato\" \/>\n\t<meta name=\"twitter:data2\" content=\"3 minuti\" \/>\n<script type=\"application\/ld+json\" class=\"yoast-schema-graph\">{\"@context\":\"https:\/\/schema.org\",\"@graph\":[{\"@type\":\"WebPage\",\"@id\":\"https:\/\/www.noidiqua.it\/Agliana\/daniela-farzetti-20-anni-attivita\/\",\"url\":\"https:\/\/www.noidiqua.it\/Agliana\/daniela-farzetti-20-anni-attivita\/\",\"name\":\"Daniela Farzetti - 20 anni di attivit\u00e0 - Noi di Qua Testata giornalistica e di attualit\u00e0 di Agliana, Montale e Quarrata.\",\"isPartOf\":{\"@id\":\"https:\/\/www.noidiqua.it\/Agliana\/#website\"},\"primaryImageOfPage\":{\"@id\":\"https:\/\/www.noidiqua.it\/Agliana\/daniela-farzetti-20-anni-attivita\/#primaryimage\"},\"image\":{\"@id\":\"https:\/\/www.noidiqua.it\/Agliana\/daniela-farzetti-20-anni-attivita\/#primaryimage\"},\"thumbnailUrl\":\"https:\/\/www.noidiqua.it\/Agliana\/wp-content\/uploads\/2016\/12\/DANIELA-FARZETTI-3.png\",\"datePublished\":\"2016-12-01T10:35:45+00:00\",\"dateModified\":\"2022-05-02T08:57:23+00:00\",\"author\":{\"@id\":\"https:\/\/www.noidiqua.it\/Agliana\/#\/schema\/person\/bb7515c2330bb1137f247276096fa7dc\"},\"breadcrumb\":{\"@id\":\"https:\/\/www.noidiqua.it\/Agliana\/daniela-farzetti-20-anni-attivita\/#breadcrumb\"},\"inLanguage\":\"it-IT\",\"potentialAction\":[{\"@type\":\"ReadAction\",\"target\":[\"https:\/\/www.noidiqua.it\/Agliana\/daniela-farzetti-20-anni-attivita\/\"]}]},{\"@type\":\"ImageObject\",\"inLanguage\":\"it-IT\",\"@id\":\"https:\/\/www.noidiqua.it\/Agliana\/daniela-farzetti-20-anni-attivita\/#primaryimage\",\"url\":\"https:\/\/www.noidiqua.it\/Agliana\/wp-content\/uploads\/2016\/12\/DANIELA-FARZETTI-3.png\",\"contentUrl\":\"https:\/\/www.noidiqua.it\/Agliana\/wp-content\/uploads\/2016\/12\/DANIELA-FARZETTI-3.png\",\"width\":450,\"height\":348},{\"@type\":\"BreadcrumbList\",\"@id\":\"https:\/\/www.noidiqua.it\/Agliana\/daniela-farzetti-20-anni-attivita\/#breadcrumb\",\"itemListElement\":[{\"@type\":\"ListItem\",\"position\":1,\"name\":\"Home\",\"item\":\"https:\/\/www.noidiqua.it\/Agliana\/\"},{\"@type\":\"ListItem\",\"position\":2,\"name\":\"Daniela Farzetti &#8211; 20 anni di attivit\u00e0\"}]},{\"@type\":\"WebSite\",\"@id\":\"https:\/\/www.noidiqua.it\/Agliana\/#website\",\"url\":\"https:\/\/www.noidiqua.it\/Agliana\/\",\"name\":\"Noi di Qua Testata giornalistica e di attualit\u00e0 di Agliana, Montale e Quarrata.\",\"description\":\"Testata Giornalistica Quarrata Montale Agliana\",\"potentialAction\":[{\"@type\":\"SearchAction\",\"target\":{\"@type\":\"EntryPoint\",\"urlTemplate\":\"https:\/\/www.noidiqua.it\/Agliana\/?s={search_term_string}\"},\"query-input\":{\"@type\":\"PropertyValueSpecification\",\"valueRequired\":true,\"valueName\":\"search_term_string\"}}],\"inLanguage\":\"it-IT\"},{\"@type\":\"Person\",\"@id\":\"https:\/\/www.noidiqua.it\/Agliana\/#\/schema\/person\/bb7515c2330bb1137f247276096fa7dc\",\"name\":\"Piera Salvi\",\"image\":{\"@type\":\"ImageObject\",\"inLanguage\":\"it-IT\",\"@id\":\"https:\/\/www.noidiqua.it\/Agliana\/#\/schema\/person\/image\/\",\"url\":\"https:\/\/secure.gravatar.com\/avatar\/2f9b1fb6e13f3b3e63bde435d999a73be036e320f7a0f5f32f9ac21859d999cd?s=96&d=mm&r=g\",\"contentUrl\":\"https:\/\/secure.gravatar.com\/avatar\/2f9b1fb6e13f3b3e63bde435d999a73be036e320f7a0f5f32f9ac21859d999cd?s=96&d=mm&r=g\",\"caption\":\"Piera Salvi\"},\"url\":\"https:\/\/www.noidiqua.it\/Agliana\/author\/piera-salvi\/\"}]}<\/script>\n<!-- \/ Yoast SEO plugin. -->","yoast_head_json":{"title":"Daniela Farzetti - 20 anni di attivit\u00e0 - Noi di Qua Testata giornalistica e di attualit\u00e0 di Agliana, Montale e Quarrata.","robots":{"index":"index","follow":"follow","max-snippet":"max-snippet:-1","max-image-preview":"max-image-preview:large","max-video-preview":"max-video-preview:-1"},"canonical":"https:\/\/www.noidiqua.it\/Agliana\/daniela-farzetti-20-anni-attivita\/","og_locale":"it_IT","og_type":"article","og_title":"Daniela Farzetti - 20 anni di attivit\u00e0 - Noi di Qua Testata giornalistica e di attualit\u00e0 di Agliana, Montale e Quarrata.","og_description":"di\u00a0Piera Salvi. Foto: Adriano Tesi dicembre\u00a02016 Da giovanissima apprendista barbiera ad hair stylist professionista, con alta specializzazione in taglio e colore, anticipando le tendenze della moda. Per Daniela Farzetti, fondatrice di \u201cDaniela hair group \u2013 parrucchieri barbieri\u201d, il 2016 segna il ventesimo anno di attivit\u00e0 in proprio [&hellip;]","og_url":"https:\/\/www.noidiqua.it\/Agliana\/daniela-farzetti-20-anni-attivita\/","og_site_name":"Noi di Qua Testata giornalistica e di attualit\u00e0 di Agliana, Montale e Quarrata.","article_publisher":"https:\/\/www.facebook.com\/noidiqua.trimestrale\/","article_published_time":"2016-12-01T10:35:45+00:00","article_modified_time":"2022-05-02T08:57:23+00:00","og_image":[{"url":"https:\/\/www.noidiqua.it\/Agliana\/wp-content\/uploads\/2016\/12\/DANIELA-FARZETTI-3.png","type":"","width":"","height":""}],"author":"Piera Salvi","twitter_misc":{"Scritto da":"Piera Salvi","Tempo di lettura stimato":"3 minuti"},"schema":{"@context":"https:\/\/schema.org","@graph":[{"@type":"WebPage","@id":"https:\/\/www.noidiqua.it\/Agliana\/daniela-farzetti-20-anni-attivita\/","url":"https:\/\/www.noidiqua.it\/Agliana\/daniela-farzetti-20-anni-attivita\/","name":"Daniela Farzetti - 20 anni di attivit\u00e0 - Noi di Qua Testata giornalistica e di attualit\u00e0 di Agliana, Montale e Quarrata.","isPartOf":{"@id":"https:\/\/www.noidiqua.it\/Agliana\/#website"},"primaryImageOfPage":{"@id":"https:\/\/www.noidiqua.it\/Agliana\/daniela-farzetti-20-anni-attivita\/#primaryimage"},"image":{"@id":"https:\/\/www.noidiqua.it\/Agliana\/daniela-farzetti-20-anni-attivita\/#primaryimage"},"thumbnailUrl":"https:\/\/www.noidiqua.it\/Agliana\/wp-content\/uploads\/2016\/12\/DANIELA-FARZETTI-3.png","datePublished":"2016-12-01T10:35:45+00:00","dateModified":"2022-05-02T08:57:23+00:00","author":{"@id":"https:\/\/www.noidiqua.it\/Agliana\/#\/schema\/person\/bb7515c2330bb1137f247276096fa7dc"},"breadcrumb":{"@id":"https:\/\/www.noidiqua.it\/Agliana\/daniela-farzetti-20-anni-attivita\/#breadcrumb"},"inLanguage":"it-IT","potentialAction":[{"@type":"ReadAction","target":["https:\/\/www.noidiqua.it\/Agliana\/daniela-farzetti-20-anni-attivita\/"]}]},{"@type":"ImageObject","inLanguage":"it-IT","@id":"https:\/\/www.noidiqua.it\/Agliana\/daniela-farzetti-20-anni-attivita\/#primaryimage","url":"https:\/\/www.noidiqua.it\/Agliana\/wp-content\/uploads\/2016\/12\/DANIELA-FARZETTI-3.png","contentUrl":"https:\/\/www.noidiqua.it\/Agliana\/wp-content\/uploads\/2016\/12\/DANIELA-FARZETTI-3.png","width":450,"height":348},{"@type":"BreadcrumbList","@id":"https:\/\/www.noidiqua.it\/Agliana\/daniela-farzetti-20-anni-attivita\/#breadcrumb","itemListElement":[{"@type":"ListItem","position":1,"name":"Home","item":"https:\/\/www.noidiqua.it\/Agliana\/"},{"@type":"ListItem","position":2,"name":"Daniela Farzetti &#8211; 20 anni di attivit\u00e0"}]},{"@type":"WebSite","@id":"https:\/\/www.noidiqua.it\/Agliana\/#website","url":"https:\/\/www.noidiqua.it\/Agliana\/","name":"Noi di Qua Testata giornalistica e di attualit\u00e0 di Agliana, Montale e Quarrata.","description":"Testata Giornalistica Quarrata Montale Agliana","potentialAction":[{"@type":"SearchAction","target":{"@type":"EntryPoint","urlTemplate":"https:\/\/www.noidiqua.it\/Agliana\/?s={search_term_string}"},"query-input":{"@type":"PropertyValueSpecification","valueRequired":true,"valueName":"search_term_string"}}],"inLanguage":"it-IT"},{"@type":"Person","@id":"https:\/\/www.noidiqua.it\/Agliana\/#\/schema\/person\/bb7515c2330bb1137f247276096fa7dc","name":"Piera Salvi","image":{"@type":"ImageObject","inLanguage":"it-IT","@id":"https:\/\/www.noidiqua.it\/Agliana\/#\/schema\/person\/image\/","url":"https:\/\/secure.gravatar.com\/avatar\/2f9b1fb6e13f3b3e63bde435d999a73be036e320f7a0f5f32f9ac21859d999cd?s=96&d=mm&r=g","contentUrl":"https:\/\/secure.gravatar.com\/avatar\/2f9b1fb6e13f3b3e63bde435d999a73be036e320f7a0f5f32f9ac21859d999cd?s=96&d=mm&r=g","caption":"Piera Salvi"},"url":"https:\/\/www.noidiqua.it\/Agliana\/author\/piera-salvi\/"}]}},"_links":{"self":[{"href":"https:\/\/www.noidiqua.it\/Agliana\/wp-json\/wp\/v2\/posts\/4540","targetHints":{"allow":["GET"]}}],"collection":[{"href":"https:\/\/www.noidiqua.it\/Agliana\/wp-json\/wp\/v2\/posts"}],"about":[{"href":"https:\/\/www.noidiqua.it\/Agliana\/wp-json\/wp\/v2\/types\/post"}],"author":[{"embeddable":true,"href":"https:\/\/www.noidiqua.it\/Agliana\/wp-json\/wp\/v2\/users\/13"}],"replies":[{"embeddable":true,"href":"https:\/\/www.noidiqua.it\/Agliana\/wp-json\/wp\/v2\/comments?post=4540"}],"version-history":[{"count":8,"href":"https:\/\/www.noidiqua.it\/Agliana\/wp-json\/wp\/v2\/posts\/4540\/revisions"}],"predecessor-version":[{"id":7204,"href":"https:\/\/www.noidiqua.it\/Agliana\/wp-json\/wp\/v2\/posts\/4540\/revisions\/7204"}],"wp:attachment":[{"href":"https:\/\/www.noidiqua.it\/Agliana\/wp-json\/wp\/v2\/media?parent=4540"}],"wp:term":[{"taxonomy":"category","embeddable":true,"href":"https:\/\/www.noidiqua.it\/Agliana\/wp-json\/wp\/v2\/categories?post=4540"},{"taxonomy":"post_tag","embeddable":true,"href":"https:\/\/www.noidiqua.it\/Agliana\/wp-json\/wp\/v2\/tags?post=4540"}],"curies":[{"name":"wp","href":"https:\/\/api.w.org\/{rel}","templated":true}]}}