{"id":4595,"date":"2016-12-01T17:01:58","date_gmt":"2016-12-01T16:01:58","guid":{"rendered":"https:\/\/www.noidiqua.it\/Agliana\/?p=4595"},"modified":"2022-05-02T12:04:18","modified_gmt":"2022-05-02T10:04:18","slug":"antonio-cataldo-saluto-dellex-comandante-stazione-dei-carabinieri-agliana","status":"publish","type":"post","link":"https:\/\/www.noidiqua.it\/Agliana\/antonio-cataldo-saluto-dellex-comandante-stazione-dei-carabinieri-agliana\/","title":{"rendered":"Antonio Cataldo &#8211; il saluto dell&#8217;ex comandante della stazione dei carabinieri di Agliana"},"content":{"rendered":"<p><em>di\u00a0Piera Salvi. Foto: Adriano Tesi<\/em><\/p>\n<p>dicembre\u00a02016<\/p>\n<p><a href=\"https:\/\/www.noidiqua.it\/Agliana\/wp-content\/uploads\/2016\/12\/ANTONIO-CATALDO-2-e1651485515928.png\" rel=\"wp-prettyPhoto[4595]\"><img loading=\"lazy\" decoding=\"async\" class=\"aligncenter wp-image-7232 \" src=\"https:\/\/www.noidiqua.it\/Agliana\/wp-content\/uploads\/2016\/12\/ANTONIO-CATALDO-2-e1651485515928.png\" alt=\"\" width=\"442\" height=\"298\" srcset=\"https:\/\/www.noidiqua.it\/Agliana\/wp-content\/uploads\/2016\/12\/ANTONIO-CATALDO-2-e1651485515928.png 382w, https:\/\/www.noidiqua.it\/Agliana\/wp-content\/uploads\/2016\/12\/ANTONIO-CATALDO-2-e1651485515928-300x202.png 300w\" sizes=\"auto, (max-width: 442px) 100vw, 442px\" \/><\/a><\/p>\n<p><span class=\"s1\">Dopo 45 anni di servizio, di cui 21 svolti da comandante della <strong>stazione dei carabinieri<\/strong> di <strong>Agliana<\/strong>, il <strong>luogotenente<\/strong> <strong>Antonio Cataldo<\/strong> \u00e8 andato in pensione.<i> \u00abBen 45 anni di vita nell\u2019<strong>Arma<\/strong> che sono volati via come un battito d\u2019ali\u00bb <\/i>dice Cataldo che, attraverso le pagine di Noi di qua, saluta e ringrazia la comunit\u00e0 aglianese. <i>\u00abDa un lato con enorme tristezza per un percorso che si conclude\u00bb <\/i>confessa, <i>\u00abdall\u2019altro soddisfatto e felice per il grande affetto ricevuto in questi anni e in questi ultimi giorni in particolare. Ho guidato per tanti anni le sorti della locale stazione dei carabinieri con estrema onest\u00e0 e sincerit\u00e0. Non c\u2019\u00e8 stato un giorno della mia vita in cui mi sia pentito di avere accettato questo incarico, anzi, ringrazier\u00f2 sempre l\u2019Arma dei carabinieri per l\u2019opportunit\u00e0 offertami. E\u2019 stato entusiasmante e gratificante potermi occupare, coadiuvato da tutti i colleghi, delle esigenze e dei problemi della popolazione. Colgo l\u2019occasione per dirvi quanto sia grande l\u2019affetto, la stima e il rispetto che, da sempre, ho nutrito per tutti, sempre ricambiato dall\u2019intera popolazione che, sin dal primo momento, ha accolto me ed i miei familiari come parte integrante della comunit\u00e0. Pur non essendo di origini toscane, da subito mi sono sentito a casa, perch\u00e9 tutti, sempre, ci hanno fatto sentire parte vitale della citt\u00e0. E\u2019 stato bello, da uomo e da militare, prendermi cura delle vostre esigenze e sar\u00f2 sempre a disposizione con il mio bagaglio di esperienza e conoscenza\u00bb<\/i>.\u00a0<\/span><\/p>\n<p><span class=\"s1\">Cataldo rivolge attraverso le nostre pagine un saluto affettuoso e sincero al <strong>sindaco di Agliana<\/strong> e a tutti i membri delle amministrazioni comunali che si sono succedute nel tempo, alle comunit\u00e0 parrocchiali, alle varie associazioni presenti sul territorio, alla <strong>Misericordia<\/strong>, alle attivit\u00e0 produttive e commerciali, ai colleghi della locale caserma, al<strong> Comando provinciale di Pistoia<\/strong> e alla <strong>Legione toscana<\/strong>, al personale della <strong>Questura di Pistoia<\/strong>, della <strong>Guardia di finanza<\/strong>, della <strong>Prefettura<\/strong>, ai vigili del fuoco, al corpo forestale dello Stato, alla <strong>polizia municipale<\/strong> di Agliana, ai sindaci, alle amministrazioni comunali e alla polizia municipale di <strong>Montale<\/strong> e <strong>Quarrata<\/strong>, all\u2019autorit\u00e0 giudiziaria, al personale di tutte le strutture sanitarie e delle Poste, nonch\u00e9 ai rappresentanti della stampa locale e ai familiari dei colleghi: <i>\u00abChe mi hanno e ci hanno supportato in tutti<\/i> <i>questi anni\u00bb\u00a0<\/i>afferma. <i>\u00abMa un saluto particolare lo rivolgo all\u2019intera cittadinanza aglianese, ringraziando per la preziosa collaborazione che ci ha consentito di raggiungere, giorno dopo giorno, ottimi risultati in termini di sicurezza, serenit\u00e0 e tranquillit\u00e0 per tutti. Auguro tanta salute, felicit\u00e0 e serenit\u00e0 nonch\u00e9 di raggiungere quegli obiettivi che ognuno di noi cerca di perseguire, con umilt\u00e0 e sacrificio. Accolgo tutti idealmente in un caloroso abbraccio. Concludo con un affettuoso benvenuto al <strong>maresciallo Massimo Laccertosa<\/strong> che mi succede nell\u2019incarico e che so possedere particolari doti umane e professionali ed al quale auguro anche qui ad Agliana i migliori successi in collaborazione con il sindaco <strong>Giacomo Mangoni<\/strong>, al quale auguro sempre maggiori soddisfazioni nella prosecuzione del mandato<\/i>\u00bb.\u00a0<\/span><\/p>\n<p>&nbsp;<\/p>\n<p><a href=\"https:\/\/www.noidiqua.it\/Agliana\/wp-content\/uploads\/2016\/12\/ANTONIO-CATALDO--e1651485597198.png\" rel=\"wp-prettyPhoto[4595]\"><img loading=\"lazy\" decoding=\"async\" class=\"aligncenter wp-image-7234 \" src=\"https:\/\/www.noidiqua.it\/Agliana\/wp-content\/uploads\/2016\/12\/ANTONIO-CATALDO--e1651485597198.png\" alt=\"\" width=\"291\" height=\"400\" \/><\/a><\/p>\n<p class=\"p1\" style=\"text-align: justify;\"><span class=\"s1\">Antonio Cataldo, nato a <strong>Chiusano di S. Domenico<\/strong> (<strong>Avellino<\/strong>) prima di arrivare ad Agliana ha prestato servizio a <strong>Nuoro<\/strong>, a <strong>Muro Lucano<\/strong> (dove ha conosciuto la moglie Mariarosa), a <strong>Santangelo dei Lombardi<\/strong> (<strong>Avellino<\/strong>) dal 1979 al 1981, quindi affrontando la devastazione del terremoto. Dopo il corso alla <strong>scuola sottufficiali Velletri-Firenze<\/strong>, dal 1986 al 1989 ha prestato servizio nel nucleo operativo della <strong>Compagnia di Foligno<\/strong>. Dal 1989 al 1993 \u00e8 stato istruttore alla scuola sottufficiali di Firenze, passando poi al reparto operativo della <strong>squadra catturandi<\/strong>. Dall\u2019aprile 1995 a luglio 2016 ha guidato la stazione di Agliana. Ha partecipato a missioni in <strong>Kosovo<\/strong> dal maggio 2000 al maggio 2001 e nel 2005. Dal marzo 2012 \u00e8 <strong>Cavaliere ufficiale<\/strong> della <strong>Repubblica italiana<\/strong>.\u00a0<\/span><\/p>\n<p class=\"p1\" style=\"text-align: justify;\"><span class=\"s1\">Ringraziamo di cuore il comandante Antonio Cataldo per l\u2019impegno profuso al servizio della comunit\u00e0 aglianese, con rigorosa osservazione dei doveri di militare e instaurando ottimi rapporti con la popolazione.\u00a0<\/span><\/p>","protected":false},"excerpt":{"rendered":"<p>di\u00a0Piera Salvi. Foto: Adriano Tesi dicembre\u00a02016 Dopo 45 anni di servizio, di cui 21 svolti da comandante della stazione dei carabinieri di Agliana, il luogotenente Antonio Cataldo \u00e8 andato in pensione. \u00abBen 45 anni di vita nell\u2019Arma che sono volati via come un battito d\u2019ali\u00bb dice Cataldo [&hellip;]<\/p>","protected":false},"author":13,"featured_media":0,"comment_status":"open","ping_status":"open","sticky":false,"template":"","format":"standard","meta":{"footnotes":""},"categories":[2,12,24,143],"tags":[37,865,866,876,883,875,869,880,326,872,882,870,864,874,868,1036,878,877,702,873,315,871,884,879,867,881,863],"class_list":["post-4595","post","type-post","status-publish","format-standard","hentry","category-ag","category-gente-di-qua-qt","category-personaggi-qt","category-persone-e-personaggi","tag-ag-ag","tag-antonio-cataldo","tag-arma","tag-avellino","tag-cavaliere-ufficiale","tag-chiusano-di-s-domenico","tag-comando-provinciale-di-pistoia","tag-compagnia-di-foligno","tag-giacomo-mangoni","tag-guardia-di-finanza","tag-kosovo","tag-legione-toscana","tag-luogotenente","tag-maresciallo-massimo-laccertosa","tag-misericordia","tag-mt","tag-muro-lucano","tag-nuoro","tag-polizia-municipale","tag-prefettura","tag-quarrata","tag-questura-di-pistoia","tag-repubblica-italiana","tag-scuola-sottufficiali-velletri-firenze","tag-sindaco-di-agliana","tag-squadra-catturandi","tag-stazione-dei-carabinieri"],"yoast_head":"<!-- This site is optimized with the Yoast SEO plugin v25.5 - https:\/\/yoast.com\/wordpress\/plugins\/seo\/ -->\n<title>Antonio Cataldo - il saluto dell&#039;ex comandante della stazione dei carabinieri di Agliana - Noi di Qua Testata giornalistica e di attualit\u00e0 di Agliana, Montale e Quarrata.<\/title>\n<meta name=\"robots\" content=\"index, follow, max-snippet:-1, max-image-preview:large, max-video-preview:-1\" \/>\n<link rel=\"canonical\" href=\"https:\/\/www.noidiqua.it\/Agliana\/antonio-cataldo-saluto-dellex-comandante-stazione-dei-carabinieri-agliana\/\" \/>\n<meta property=\"og:locale\" content=\"it_IT\" \/>\n<meta property=\"og:type\" content=\"article\" \/>\n<meta property=\"og:title\" content=\"Antonio Cataldo - il saluto dell&#039;ex comandante della stazione dei carabinieri di Agliana - Noi di Qua Testata giornalistica e di attualit\u00e0 di Agliana, Montale e Quarrata.\" \/>\n<meta property=\"og:description\" content=\"di\u00a0Piera Salvi. Foto: Adriano Tesi dicembre\u00a02016 Dopo 45 anni di servizio, di cui 21 svolti da comandante della stazione dei carabinieri di Agliana, il luogotenente Antonio Cataldo \u00e8 andato in pensione. \u00abBen 45 anni di vita nell\u2019Arma che sono volati via come un battito d\u2019ali\u00bb dice Cataldo [&hellip;]\" \/>\n<meta property=\"og:url\" content=\"https:\/\/www.noidiqua.it\/Agliana\/antonio-cataldo-saluto-dellex-comandante-stazione-dei-carabinieri-agliana\/\" \/>\n<meta property=\"og:site_name\" content=\"Noi di Qua Testata giornalistica e di attualit\u00e0 di Agliana, Montale e Quarrata.\" \/>\n<meta property=\"article:publisher\" content=\"https:\/\/www.facebook.com\/noidiqua.trimestrale\/\" \/>\n<meta property=\"article:published_time\" content=\"2016-12-01T16:01:58+00:00\" \/>\n<meta property=\"article:modified_time\" content=\"2022-05-02T10:04:18+00:00\" \/>\n<meta property=\"og:image\" content=\"https:\/\/www.noidiqua.it\/Agliana\/wp-content\/uploads\/2016\/12\/ANTONIO-CATALDO-2-e1651485515928.png\" \/>\n<meta name=\"author\" content=\"Piera Salvi\" \/>\n<meta name=\"twitter:label1\" content=\"Scritto da\" \/>\n\t<meta name=\"twitter:data1\" content=\"Piera Salvi\" \/>\n\t<meta name=\"twitter:label2\" content=\"Tempo di lettura stimato\" \/>\n\t<meta name=\"twitter:data2\" content=\"3 minuti\" \/>\n<script type=\"application\/ld+json\" class=\"yoast-schema-graph\">{\"@context\":\"https:\/\/schema.org\",\"@graph\":[{\"@type\":\"WebPage\",\"@id\":\"https:\/\/www.noidiqua.it\/Agliana\/antonio-cataldo-saluto-dellex-comandante-stazione-dei-carabinieri-agliana\/\",\"url\":\"https:\/\/www.noidiqua.it\/Agliana\/antonio-cataldo-saluto-dellex-comandante-stazione-dei-carabinieri-agliana\/\",\"name\":\"Antonio Cataldo - il saluto dell'ex comandante della stazione dei carabinieri di Agliana - Noi di Qua Testata giornalistica e di attualit\u00e0 di Agliana, Montale e Quarrata.\",\"isPartOf\":{\"@id\":\"https:\/\/www.noidiqua.it\/Agliana\/#website\"},\"primaryImageOfPage\":{\"@id\":\"https:\/\/www.noidiqua.it\/Agliana\/antonio-cataldo-saluto-dellex-comandante-stazione-dei-carabinieri-agliana\/#primaryimage\"},\"image\":{\"@id\":\"https:\/\/www.noidiqua.it\/Agliana\/antonio-cataldo-saluto-dellex-comandante-stazione-dei-carabinieri-agliana\/#primaryimage\"},\"thumbnailUrl\":\"https:\/\/www.noidiqua.it\/Agliana\/wp-content\/uploads\/2016\/12\/ANTONIO-CATALDO-2-e1651485515928.png\",\"datePublished\":\"2016-12-01T16:01:58+00:00\",\"dateModified\":\"2022-05-02T10:04:18+00:00\",\"author\":{\"@id\":\"https:\/\/www.noidiqua.it\/Agliana\/#\/schema\/person\/bb7515c2330bb1137f247276096fa7dc\"},\"breadcrumb\":{\"@id\":\"https:\/\/www.noidiqua.it\/Agliana\/antonio-cataldo-saluto-dellex-comandante-stazione-dei-carabinieri-agliana\/#breadcrumb\"},\"inLanguage\":\"it-IT\",\"potentialAction\":[{\"@type\":\"ReadAction\",\"target\":[\"https:\/\/www.noidiqua.it\/Agliana\/antonio-cataldo-saluto-dellex-comandante-stazione-dei-carabinieri-agliana\/\"]}]},{\"@type\":\"ImageObject\",\"inLanguage\":\"it-IT\",\"@id\":\"https:\/\/www.noidiqua.it\/Agliana\/antonio-cataldo-saluto-dellex-comandante-stazione-dei-carabinieri-agliana\/#primaryimage\",\"url\":\"https:\/\/www.noidiqua.it\/Agliana\/wp-content\/uploads\/2016\/12\/ANTONIO-CATALDO-2-e1651485515928.png\",\"contentUrl\":\"https:\/\/www.noidiqua.it\/Agliana\/wp-content\/uploads\/2016\/12\/ANTONIO-CATALDO-2-e1651485515928.png\",\"width\":382,\"height\":257},{\"@type\":\"BreadcrumbList\",\"@id\":\"https:\/\/www.noidiqua.it\/Agliana\/antonio-cataldo-saluto-dellex-comandante-stazione-dei-carabinieri-agliana\/#breadcrumb\",\"itemListElement\":[{\"@type\":\"ListItem\",\"position\":1,\"name\":\"Home\",\"item\":\"https:\/\/www.noidiqua.it\/Agliana\/\"},{\"@type\":\"ListItem\",\"position\":2,\"name\":\"Antonio Cataldo &#8211; il saluto dell&#8217;ex comandante della stazione dei carabinieri di Agliana\"}]},{\"@type\":\"WebSite\",\"@id\":\"https:\/\/www.noidiqua.it\/Agliana\/#website\",\"url\":\"https:\/\/www.noidiqua.it\/Agliana\/\",\"name\":\"Noi di Qua Testata giornalistica e di attualit\u00e0 di Agliana, Montale e Quarrata.\",\"description\":\"Testata Giornalistica Quarrata Montale Agliana\",\"potentialAction\":[{\"@type\":\"SearchAction\",\"target\":{\"@type\":\"EntryPoint\",\"urlTemplate\":\"https:\/\/www.noidiqua.it\/Agliana\/?s={search_term_string}\"},\"query-input\":{\"@type\":\"PropertyValueSpecification\",\"valueRequired\":true,\"valueName\":\"search_term_string\"}}],\"inLanguage\":\"it-IT\"},{\"@type\":\"Person\",\"@id\":\"https:\/\/www.noidiqua.it\/Agliana\/#\/schema\/person\/bb7515c2330bb1137f247276096fa7dc\",\"name\":\"Piera Salvi\",\"image\":{\"@type\":\"ImageObject\",\"inLanguage\":\"it-IT\",\"@id\":\"https:\/\/www.noidiqua.it\/Agliana\/#\/schema\/person\/image\/\",\"url\":\"https:\/\/secure.gravatar.com\/avatar\/2f9b1fb6e13f3b3e63bde435d999a73be036e320f7a0f5f32f9ac21859d999cd?s=96&d=mm&r=g\",\"contentUrl\":\"https:\/\/secure.gravatar.com\/avatar\/2f9b1fb6e13f3b3e63bde435d999a73be036e320f7a0f5f32f9ac21859d999cd?s=96&d=mm&r=g\",\"caption\":\"Piera Salvi\"},\"url\":\"https:\/\/www.noidiqua.it\/Agliana\/author\/piera-salvi\/\"}]}<\/script>\n<!-- \/ Yoast SEO plugin. -->","yoast_head_json":{"title":"Antonio Cataldo - il saluto dell'ex comandante della stazione dei carabinieri di Agliana - Noi di Qua Testata giornalistica e di attualit\u00e0 di Agliana, Montale e Quarrata.","robots":{"index":"index","follow":"follow","max-snippet":"max-snippet:-1","max-image-preview":"max-image-preview:large","max-video-preview":"max-video-preview:-1"},"canonical":"https:\/\/www.noidiqua.it\/Agliana\/antonio-cataldo-saluto-dellex-comandante-stazione-dei-carabinieri-agliana\/","og_locale":"it_IT","og_type":"article","og_title":"Antonio Cataldo - il saluto dell'ex comandante della stazione dei carabinieri di Agliana - Noi di Qua Testata giornalistica e di attualit\u00e0 di Agliana, Montale e Quarrata.","og_description":"di\u00a0Piera Salvi. Foto: Adriano Tesi dicembre\u00a02016 Dopo 45 anni di servizio, di cui 21 svolti da comandante della stazione dei carabinieri di Agliana, il luogotenente Antonio Cataldo \u00e8 andato in pensione. \u00abBen 45 anni di vita nell\u2019Arma che sono volati via come un battito d\u2019ali\u00bb dice Cataldo [&hellip;]","og_url":"https:\/\/www.noidiqua.it\/Agliana\/antonio-cataldo-saluto-dellex-comandante-stazione-dei-carabinieri-agliana\/","og_site_name":"Noi di Qua Testata giornalistica e di attualit\u00e0 di Agliana, Montale e Quarrata.","article_publisher":"https:\/\/www.facebook.com\/noidiqua.trimestrale\/","article_published_time":"2016-12-01T16:01:58+00:00","article_modified_time":"2022-05-02T10:04:18+00:00","og_image":[{"url":"https:\/\/www.noidiqua.it\/Agliana\/wp-content\/uploads\/2016\/12\/ANTONIO-CATALDO-2-e1651485515928.png","type":"","width":"","height":""}],"author":"Piera Salvi","twitter_misc":{"Scritto da":"Piera Salvi","Tempo di lettura stimato":"3 minuti"},"schema":{"@context":"https:\/\/schema.org","@graph":[{"@type":"WebPage","@id":"https:\/\/www.noidiqua.it\/Agliana\/antonio-cataldo-saluto-dellex-comandante-stazione-dei-carabinieri-agliana\/","url":"https:\/\/www.noidiqua.it\/Agliana\/antonio-cataldo-saluto-dellex-comandante-stazione-dei-carabinieri-agliana\/","name":"Antonio Cataldo - il saluto dell'ex comandante della stazione dei carabinieri di Agliana - Noi di Qua Testata giornalistica e di attualit\u00e0 di Agliana, Montale e Quarrata.","isPartOf":{"@id":"https:\/\/www.noidiqua.it\/Agliana\/#website"},"primaryImageOfPage":{"@id":"https:\/\/www.noidiqua.it\/Agliana\/antonio-cataldo-saluto-dellex-comandante-stazione-dei-carabinieri-agliana\/#primaryimage"},"image":{"@id":"https:\/\/www.noidiqua.it\/Agliana\/antonio-cataldo-saluto-dellex-comandante-stazione-dei-carabinieri-agliana\/#primaryimage"},"thumbnailUrl":"https:\/\/www.noidiqua.it\/Agliana\/wp-content\/uploads\/2016\/12\/ANTONIO-CATALDO-2-e1651485515928.png","datePublished":"2016-12-01T16:01:58+00:00","dateModified":"2022-05-02T10:04:18+00:00","author":{"@id":"https:\/\/www.noidiqua.it\/Agliana\/#\/schema\/person\/bb7515c2330bb1137f247276096fa7dc"},"breadcrumb":{"@id":"https:\/\/www.noidiqua.it\/Agliana\/antonio-cataldo-saluto-dellex-comandante-stazione-dei-carabinieri-agliana\/#breadcrumb"},"inLanguage":"it-IT","potentialAction":[{"@type":"ReadAction","target":["https:\/\/www.noidiqua.it\/Agliana\/antonio-cataldo-saluto-dellex-comandante-stazione-dei-carabinieri-agliana\/"]}]},{"@type":"ImageObject","inLanguage":"it-IT","@id":"https:\/\/www.noidiqua.it\/Agliana\/antonio-cataldo-saluto-dellex-comandante-stazione-dei-carabinieri-agliana\/#primaryimage","url":"https:\/\/www.noidiqua.it\/Agliana\/wp-content\/uploads\/2016\/12\/ANTONIO-CATALDO-2-e1651485515928.png","contentUrl":"https:\/\/www.noidiqua.it\/Agliana\/wp-content\/uploads\/2016\/12\/ANTONIO-CATALDO-2-e1651485515928.png","width":382,"height":257},{"@type":"BreadcrumbList","@id":"https:\/\/www.noidiqua.it\/Agliana\/antonio-cataldo-saluto-dellex-comandante-stazione-dei-carabinieri-agliana\/#breadcrumb","itemListElement":[{"@type":"ListItem","position":1,"name":"Home","item":"https:\/\/www.noidiqua.it\/Agliana\/"},{"@type":"ListItem","position":2,"name":"Antonio Cataldo &#8211; il saluto dell&#8217;ex comandante della stazione dei carabinieri di Agliana"}]},{"@type":"WebSite","@id":"https:\/\/www.noidiqua.it\/Agliana\/#website","url":"https:\/\/www.noidiqua.it\/Agliana\/","name":"Noi di Qua Testata giornalistica e di attualit\u00e0 di Agliana, Montale e Quarrata.","description":"Testata Giornalistica Quarrata Montale Agliana","potentialAction":[{"@type":"SearchAction","target":{"@type":"EntryPoint","urlTemplate":"https:\/\/www.noidiqua.it\/Agliana\/?s={search_term_string}"},"query-input":{"@type":"PropertyValueSpecification","valueRequired":true,"valueName":"search_term_string"}}],"inLanguage":"it-IT"},{"@type":"Person","@id":"https:\/\/www.noidiqua.it\/Agliana\/#\/schema\/person\/bb7515c2330bb1137f247276096fa7dc","name":"Piera Salvi","image":{"@type":"ImageObject","inLanguage":"it-IT","@id":"https:\/\/www.noidiqua.it\/Agliana\/#\/schema\/person\/image\/","url":"https:\/\/secure.gravatar.com\/avatar\/2f9b1fb6e13f3b3e63bde435d999a73be036e320f7a0f5f32f9ac21859d999cd?s=96&d=mm&r=g","contentUrl":"https:\/\/secure.gravatar.com\/avatar\/2f9b1fb6e13f3b3e63bde435d999a73be036e320f7a0f5f32f9ac21859d999cd?s=96&d=mm&r=g","caption":"Piera Salvi"},"url":"https:\/\/www.noidiqua.it\/Agliana\/author\/piera-salvi\/"}]}},"_links":{"self":[{"href":"https:\/\/www.noidiqua.it\/Agliana\/wp-json\/wp\/v2\/posts\/4595","targetHints":{"allow":["GET"]}}],"collection":[{"href":"https:\/\/www.noidiqua.it\/Agliana\/wp-json\/wp\/v2\/posts"}],"about":[{"href":"https:\/\/www.noidiqua.it\/Agliana\/wp-json\/wp\/v2\/types\/post"}],"author":[{"embeddable":true,"href":"https:\/\/www.noidiqua.it\/Agliana\/wp-json\/wp\/v2\/users\/13"}],"replies":[{"embeddable":true,"href":"https:\/\/www.noidiqua.it\/Agliana\/wp-json\/wp\/v2\/comments?post=4595"}],"version-history":[{"count":4,"href":"https:\/\/www.noidiqua.it\/Agliana\/wp-json\/wp\/v2\/posts\/4595\/revisions"}],"predecessor-version":[{"id":7235,"href":"https:\/\/www.noidiqua.it\/Agliana\/wp-json\/wp\/v2\/posts\/4595\/revisions\/7235"}],"wp:attachment":[{"href":"https:\/\/www.noidiqua.it\/Agliana\/wp-json\/wp\/v2\/media?parent=4595"}],"wp:term":[{"taxonomy":"category","embeddable":true,"href":"https:\/\/www.noidiqua.it\/Agliana\/wp-json\/wp\/v2\/categories?post=4595"},{"taxonomy":"post_tag","embeddable":true,"href":"https:\/\/www.noidiqua.it\/Agliana\/wp-json\/wp\/v2\/tags?post=4595"}],"curies":[{"name":"wp","href":"https:\/\/api.w.org\/{rel}","templated":true}]}}