{"id":4639,"date":"2017-03-13T16:27:04","date_gmt":"2017-03-13T15:27:04","guid":{"rendered":"https:\/\/www.noidiqua.it\/Agliana\/?p=4639"},"modified":"2022-02-10T11:08:02","modified_gmt":"2022-02-10T10:08:02","slug":"lidiano-fabbri-artista-ferro","status":"publish","type":"post","link":"https:\/\/www.noidiqua.it\/Agliana\/lidiano-fabbri-artista-ferro\/","title":{"rendered":"Lidiano Fabbri &#8211; artista del ferro"},"content":{"rendered":"<p>&nbsp;<\/p>\n<p><em>di\u00a0Piera Salvi<\/em><\/p>\n<p>marzo 2017<\/p>\n<p><a href=\"https:\/\/www.noidiqua.it\/Agliana\/wp-content\/uploads\/2017\/03\/LIDIANO-FABBRI-3.png\" rel=\"wp-prettyPhoto[4639]\"><img loading=\"lazy\" decoding=\"async\" class=\"aligncenter size-full wp-image-7013\" src=\"https:\/\/www.noidiqua.it\/Agliana\/wp-content\/uploads\/2017\/03\/LIDIANO-FABBRI-3.png\" alt=\"\" width=\"450\" height=\"362\" srcset=\"https:\/\/www.noidiqua.it\/Agliana\/wp-content\/uploads\/2017\/03\/LIDIANO-FABBRI-3.png 450w, https:\/\/www.noidiqua.it\/Agliana\/wp-content\/uploads\/2017\/03\/LIDIANO-FABBRI-3-300x241.png 300w\" sizes=\"auto, (max-width: 450px) 100vw, 450px\" \/><\/a><\/p>\n<p><span class=\"s1\">Nato e cresciuto in una famiglia di <strong>fabbri<\/strong> da ben cinque generazioni e con un cognome che era gi\u00e0 un biglietto da visita: <strong>Fabbri.<\/strong> E anche lui, <strong>Lidiano<\/strong>, aveva seguito le orme del padre <strong>Orazio<\/strong> e dei suoi antenati, con vera passione per quel lavoro, diventando un vero maestro nella lavorazione del ferro battuto, a cui si dedicava con competenza e precisione. Una generazione di artigiani ma anche di <strong>artisti<\/strong>, fra cui uno illustre, il celebre scultore\u00a0<a href=\"https:\/\/www.noidiqua.it\/agenore-fabbri-scultore-e-pittore-di-fama-internazionale\/\"><strong>Agenore Fabbri<\/strong><\/a>, cugino di\u00a0suo padre Orazio. E anche Lidiano (come il fratello Agenore, omonimo del noto scultore) aveva la sua vena artistica, un valore aggiunto nella professione e pura creativit\u00e0 nel tempo libero.<\/span><\/p>\n<p><a href=\"https:\/\/www.noidiqua.it\/Agliana\/wp-content\/uploads\/2017\/03\/LIDIANO-FABBRI-2.png\" rel=\"wp-prettyPhoto[4639]\"><img loading=\"lazy\" decoding=\"async\" class=\"aligncenter size-full wp-image-7014\" src=\"https:\/\/www.noidiqua.it\/Agliana\/wp-content\/uploads\/2017\/03\/LIDIANO-FABBRI-2.png\" alt=\"\" width=\"265\" height=\"380\" srcset=\"https:\/\/www.noidiqua.it\/Agliana\/wp-content\/uploads\/2017\/03\/LIDIANO-FABBRI-2.png 265w, https:\/\/www.noidiqua.it\/Agliana\/wp-content\/uploads\/2017\/03\/LIDIANO-FABBRI-2-209x300.png 209w\" sizes=\"auto, (max-width: 265px) 100vw, 265px\" \/><\/a><\/p>\n<p><span style=\"text-align: justify; line-height: 1.5;\">Nella sua casa e nel laboratorio ormai chiuso, possiamo ammirare alcune sue creazioni, i cui soggetti preferiti erano la natura e il crocifisso; ad esempio una pianta di limone in ferro battuto dipinto, dove si sono posati uccellini e ramarri, che sembra vera. Restiamo stupiti quando la moglie, <\/span><strong style=\"text-align: justify; line-height: 1.5;\">Nada Nesti<\/strong><span style=\"text-align: justify; line-height: 1.5;\">, ci spiega che l\u2019ha realizzata Lidiano con incudine e martello. Nada ci mostra anche due crocifissi, uno completamente in ferro battuto che Lidiano aveva realizzato per il laboratorio, l\u2019altro pi\u00f9 piccolo, in alluminio e ferro battuto dipinto, da tenere in casa.\u00a0<\/span><\/p>\n<p><a href=\"https:\/\/www.noidiqua.it\/Agliana\/wp-content\/uploads\/2017\/03\/LIDIANO-FABBRI-.png\" rel=\"wp-prettyPhoto[4639]\"><img loading=\"lazy\" decoding=\"async\" class=\"aligncenter size-full wp-image-7015\" src=\"https:\/\/www.noidiqua.it\/Agliana\/wp-content\/uploads\/2017\/03\/LIDIANO-FABBRI-.png\" alt=\"\" width=\"234\" height=\"380\" srcset=\"https:\/\/www.noidiqua.it\/Agliana\/wp-content\/uploads\/2017\/03\/LIDIANO-FABBRI-.png 234w, https:\/\/www.noidiqua.it\/Agliana\/wp-content\/uploads\/2017\/03\/LIDIANO-FABBRI--185x300.png 185w\" sizes=\"auto, (max-width: 234px) 100vw, 234px\" \/><\/a><\/p>\n<p><span class=\"s1\">Lidiano Fabbri si \u00e8 spento il 19 dicembre scorso, a 88 anni. Anche se negli ultimi tempi non lavorava pi\u00f9, nella zona si avverte molto la sua mancanza, non solo per la perdita di un maestro nella lavorazione del ferro battuto, curata anche nei minimi particolari, ma anche perch\u00e9 era un uomo onesto, disponibile e appassionato al suo lavoro, a cui tutti volevano bene. Lidiano \u00e8 stato un punto di riferimento sicuro per chi aveva necessit\u00e0 di<strong> manutenzione<\/strong> agli <strong>attrezzi agricoli<\/strong> come falci, zappe, vanghe, o le irroratrici manuali a zaino per ramare le viti, che un tempo erano di rame. Aveva clienti nella piana pistoiese e nell\u2019area pratese. <i>\u00abAlle manutenzioni degli attrezzi agricoli si applicava con vera dedizione\u00bb<\/i> racconta la moglie Nada. <i>\u00abCome artigiano era bravo, come uomo \u00e8 stato esemplare nel sopportare la malattia, anche se all\u2019inizio l\u2019aveva accettata con difficolt\u00e0\u00bb<\/i>.\u00a0<\/span><\/p>\n<p>&nbsp;<\/p>","protected":false},"excerpt":{"rendered":"<p>&nbsp; di\u00a0Piera Salvi marzo 2017 Nato e cresciuto in una famiglia di fabbri da ben cinque generazioni e con un cognome che era gi\u00e0 un biglietto da visita: Fabbri. E anche lui, Lidiano, aveva seguito le orme del padre Orazio e dei suoi antenati, con vera passione [&hellip;]<\/p>","protected":false},"author":13,"featured_media":0,"comment_status":"open","ping_status":"open","sticky":false,"template":"","format":"standard","meta":{"footnotes":""},"categories":[2,3],"tags":[36,37,942,945,939,944,940,946,943,941],"class_list":["post-4639","post","type-post","status-publish","format-standard","hentry","category-ag","category-arte-artigianato-qt","tag-agenore-fabbri","tag-ag-ag","tag-artisti","tag-attrezzi-agricoli","tag-fabbri","tag-fabbro","tag-lidiano","tag-manutenzione","tag-nada-nesti","tag-orazio"],"yoast_head":"<!-- This site is optimized with the Yoast SEO plugin v25.5 - https:\/\/yoast.com\/wordpress\/plugins\/seo\/ -->\n<title>Lidiano Fabbri - artista del ferro - Noi di Qua Testata giornalistica e di attualit\u00e0 di Agliana, Montale e Quarrata.<\/title>\n<meta name=\"robots\" content=\"index, follow, max-snippet:-1, max-image-preview:large, max-video-preview:-1\" \/>\n<link rel=\"canonical\" href=\"https:\/\/www.noidiqua.it\/Agliana\/lidiano-fabbri-artista-ferro\/\" \/>\n<meta property=\"og:locale\" content=\"it_IT\" \/>\n<meta property=\"og:type\" content=\"article\" \/>\n<meta property=\"og:title\" content=\"Lidiano Fabbri - artista del ferro - Noi di Qua Testata giornalistica e di attualit\u00e0 di Agliana, Montale e Quarrata.\" \/>\n<meta property=\"og:description\" content=\"&nbsp; di\u00a0Piera Salvi marzo 2017 Nato e cresciuto in una famiglia di fabbri da ben cinque generazioni e con un cognome che era gi\u00e0 un biglietto da visita: Fabbri. E anche lui, Lidiano, aveva seguito le orme del padre Orazio e dei suoi antenati, con vera passione [&hellip;]\" \/>\n<meta property=\"og:url\" content=\"https:\/\/www.noidiqua.it\/Agliana\/lidiano-fabbri-artista-ferro\/\" \/>\n<meta property=\"og:site_name\" content=\"Noi di Qua Testata giornalistica e di attualit\u00e0 di Agliana, Montale e Quarrata.\" \/>\n<meta property=\"article:publisher\" content=\"https:\/\/www.facebook.com\/noidiqua.trimestrale\/\" \/>\n<meta property=\"article:published_time\" content=\"2017-03-13T15:27:04+00:00\" \/>\n<meta property=\"article:modified_time\" content=\"2022-02-10T10:08:02+00:00\" \/>\n<meta property=\"og:image\" content=\"https:\/\/www.noidiqua.it\/Agliana\/wp-content\/uploads\/2017\/03\/LIDIANO-FABBRI-3.png\" \/>\n<meta name=\"author\" content=\"Piera Salvi\" \/>\n<meta name=\"twitter:label1\" content=\"Scritto da\" \/>\n\t<meta name=\"twitter:data1\" content=\"Piera Salvi\" \/>\n\t<meta name=\"twitter:label2\" content=\"Tempo di lettura stimato\" \/>\n\t<meta name=\"twitter:data2\" content=\"2 minuti\" \/>\n<script type=\"application\/ld+json\" class=\"yoast-schema-graph\">{\"@context\":\"https:\/\/schema.org\",\"@graph\":[{\"@type\":\"WebPage\",\"@id\":\"https:\/\/www.noidiqua.it\/Agliana\/lidiano-fabbri-artista-ferro\/\",\"url\":\"https:\/\/www.noidiqua.it\/Agliana\/lidiano-fabbri-artista-ferro\/\",\"name\":\"Lidiano Fabbri - artista del ferro - Noi di Qua Testata giornalistica e di attualit\u00e0 di Agliana, Montale e Quarrata.\",\"isPartOf\":{\"@id\":\"https:\/\/www.noidiqua.it\/Agliana\/#website\"},\"primaryImageOfPage\":{\"@id\":\"https:\/\/www.noidiqua.it\/Agliana\/lidiano-fabbri-artista-ferro\/#primaryimage\"},\"image\":{\"@id\":\"https:\/\/www.noidiqua.it\/Agliana\/lidiano-fabbri-artista-ferro\/#primaryimage\"},\"thumbnailUrl\":\"https:\/\/www.noidiqua.it\/Agliana\/wp-content\/uploads\/2017\/03\/LIDIANO-FABBRI-3.png\",\"datePublished\":\"2017-03-13T15:27:04+00:00\",\"dateModified\":\"2022-02-10T10:08:02+00:00\",\"author\":{\"@id\":\"https:\/\/www.noidiqua.it\/Agliana\/#\/schema\/person\/bb7515c2330bb1137f247276096fa7dc\"},\"breadcrumb\":{\"@id\":\"https:\/\/www.noidiqua.it\/Agliana\/lidiano-fabbri-artista-ferro\/#breadcrumb\"},\"inLanguage\":\"it-IT\",\"potentialAction\":[{\"@type\":\"ReadAction\",\"target\":[\"https:\/\/www.noidiqua.it\/Agliana\/lidiano-fabbri-artista-ferro\/\"]}]},{\"@type\":\"ImageObject\",\"inLanguage\":\"it-IT\",\"@id\":\"https:\/\/www.noidiqua.it\/Agliana\/lidiano-fabbri-artista-ferro\/#primaryimage\",\"url\":\"https:\/\/www.noidiqua.it\/Agliana\/wp-content\/uploads\/2017\/03\/LIDIANO-FABBRI-3.png\",\"contentUrl\":\"https:\/\/www.noidiqua.it\/Agliana\/wp-content\/uploads\/2017\/03\/LIDIANO-FABBRI-3.png\",\"width\":450,\"height\":362},{\"@type\":\"BreadcrumbList\",\"@id\":\"https:\/\/www.noidiqua.it\/Agliana\/lidiano-fabbri-artista-ferro\/#breadcrumb\",\"itemListElement\":[{\"@type\":\"ListItem\",\"position\":1,\"name\":\"Home\",\"item\":\"https:\/\/www.noidiqua.it\/Agliana\/\"},{\"@type\":\"ListItem\",\"position\":2,\"name\":\"Lidiano Fabbri &#8211; artista del ferro\"}]},{\"@type\":\"WebSite\",\"@id\":\"https:\/\/www.noidiqua.it\/Agliana\/#website\",\"url\":\"https:\/\/www.noidiqua.it\/Agliana\/\",\"name\":\"Noi di Qua Testata giornalistica e di attualit\u00e0 di Agliana, Montale e Quarrata.\",\"description\":\"Testata Giornalistica Quarrata Montale Agliana\",\"potentialAction\":[{\"@type\":\"SearchAction\",\"target\":{\"@type\":\"EntryPoint\",\"urlTemplate\":\"https:\/\/www.noidiqua.it\/Agliana\/?s={search_term_string}\"},\"query-input\":{\"@type\":\"PropertyValueSpecification\",\"valueRequired\":true,\"valueName\":\"search_term_string\"}}],\"inLanguage\":\"it-IT\"},{\"@type\":\"Person\",\"@id\":\"https:\/\/www.noidiqua.it\/Agliana\/#\/schema\/person\/bb7515c2330bb1137f247276096fa7dc\",\"name\":\"Piera Salvi\",\"image\":{\"@type\":\"ImageObject\",\"inLanguage\":\"it-IT\",\"@id\":\"https:\/\/www.noidiqua.it\/Agliana\/#\/schema\/person\/image\/\",\"url\":\"https:\/\/secure.gravatar.com\/avatar\/2f9b1fb6e13f3b3e63bde435d999a73be036e320f7a0f5f32f9ac21859d999cd?s=96&d=mm&r=g\",\"contentUrl\":\"https:\/\/secure.gravatar.com\/avatar\/2f9b1fb6e13f3b3e63bde435d999a73be036e320f7a0f5f32f9ac21859d999cd?s=96&d=mm&r=g\",\"caption\":\"Piera Salvi\"},\"url\":\"https:\/\/www.noidiqua.it\/Agliana\/author\/piera-salvi\/\"}]}<\/script>\n<!-- \/ Yoast SEO plugin. -->","yoast_head_json":{"title":"Lidiano Fabbri - artista del ferro - Noi di Qua Testata giornalistica e di attualit\u00e0 di Agliana, Montale e Quarrata.","robots":{"index":"index","follow":"follow","max-snippet":"max-snippet:-1","max-image-preview":"max-image-preview:large","max-video-preview":"max-video-preview:-1"},"canonical":"https:\/\/www.noidiqua.it\/Agliana\/lidiano-fabbri-artista-ferro\/","og_locale":"it_IT","og_type":"article","og_title":"Lidiano Fabbri - artista del ferro - Noi di Qua Testata giornalistica e di attualit\u00e0 di Agliana, Montale e Quarrata.","og_description":"&nbsp; di\u00a0Piera Salvi marzo 2017 Nato e cresciuto in una famiglia di fabbri da ben cinque generazioni e con un cognome che era gi\u00e0 un biglietto da visita: Fabbri. E anche lui, Lidiano, aveva seguito le orme del padre Orazio e dei suoi antenati, con vera passione [&hellip;]","og_url":"https:\/\/www.noidiqua.it\/Agliana\/lidiano-fabbri-artista-ferro\/","og_site_name":"Noi di Qua Testata giornalistica e di attualit\u00e0 di Agliana, Montale e Quarrata.","article_publisher":"https:\/\/www.facebook.com\/noidiqua.trimestrale\/","article_published_time":"2017-03-13T15:27:04+00:00","article_modified_time":"2022-02-10T10:08:02+00:00","og_image":[{"url":"https:\/\/www.noidiqua.it\/Agliana\/wp-content\/uploads\/2017\/03\/LIDIANO-FABBRI-3.png","type":"","width":"","height":""}],"author":"Piera Salvi","twitter_misc":{"Scritto da":"Piera Salvi","Tempo di lettura stimato":"2 minuti"},"schema":{"@context":"https:\/\/schema.org","@graph":[{"@type":"WebPage","@id":"https:\/\/www.noidiqua.it\/Agliana\/lidiano-fabbri-artista-ferro\/","url":"https:\/\/www.noidiqua.it\/Agliana\/lidiano-fabbri-artista-ferro\/","name":"Lidiano Fabbri - artista del ferro - Noi di Qua Testata giornalistica e di attualit\u00e0 di Agliana, Montale e Quarrata.","isPartOf":{"@id":"https:\/\/www.noidiqua.it\/Agliana\/#website"},"primaryImageOfPage":{"@id":"https:\/\/www.noidiqua.it\/Agliana\/lidiano-fabbri-artista-ferro\/#primaryimage"},"image":{"@id":"https:\/\/www.noidiqua.it\/Agliana\/lidiano-fabbri-artista-ferro\/#primaryimage"},"thumbnailUrl":"https:\/\/www.noidiqua.it\/Agliana\/wp-content\/uploads\/2017\/03\/LIDIANO-FABBRI-3.png","datePublished":"2017-03-13T15:27:04+00:00","dateModified":"2022-02-10T10:08:02+00:00","author":{"@id":"https:\/\/www.noidiqua.it\/Agliana\/#\/schema\/person\/bb7515c2330bb1137f247276096fa7dc"},"breadcrumb":{"@id":"https:\/\/www.noidiqua.it\/Agliana\/lidiano-fabbri-artista-ferro\/#breadcrumb"},"inLanguage":"it-IT","potentialAction":[{"@type":"ReadAction","target":["https:\/\/www.noidiqua.it\/Agliana\/lidiano-fabbri-artista-ferro\/"]}]},{"@type":"ImageObject","inLanguage":"it-IT","@id":"https:\/\/www.noidiqua.it\/Agliana\/lidiano-fabbri-artista-ferro\/#primaryimage","url":"https:\/\/www.noidiqua.it\/Agliana\/wp-content\/uploads\/2017\/03\/LIDIANO-FABBRI-3.png","contentUrl":"https:\/\/www.noidiqua.it\/Agliana\/wp-content\/uploads\/2017\/03\/LIDIANO-FABBRI-3.png","width":450,"height":362},{"@type":"BreadcrumbList","@id":"https:\/\/www.noidiqua.it\/Agliana\/lidiano-fabbri-artista-ferro\/#breadcrumb","itemListElement":[{"@type":"ListItem","position":1,"name":"Home","item":"https:\/\/www.noidiqua.it\/Agliana\/"},{"@type":"ListItem","position":2,"name":"Lidiano Fabbri &#8211; artista del ferro"}]},{"@type":"WebSite","@id":"https:\/\/www.noidiqua.it\/Agliana\/#website","url":"https:\/\/www.noidiqua.it\/Agliana\/","name":"Noi di Qua Testata giornalistica e di attualit\u00e0 di Agliana, Montale e Quarrata.","description":"Testata Giornalistica Quarrata Montale Agliana","potentialAction":[{"@type":"SearchAction","target":{"@type":"EntryPoint","urlTemplate":"https:\/\/www.noidiqua.it\/Agliana\/?s={search_term_string}"},"query-input":{"@type":"PropertyValueSpecification","valueRequired":true,"valueName":"search_term_string"}}],"inLanguage":"it-IT"},{"@type":"Person","@id":"https:\/\/www.noidiqua.it\/Agliana\/#\/schema\/person\/bb7515c2330bb1137f247276096fa7dc","name":"Piera Salvi","image":{"@type":"ImageObject","inLanguage":"it-IT","@id":"https:\/\/www.noidiqua.it\/Agliana\/#\/schema\/person\/image\/","url":"https:\/\/secure.gravatar.com\/avatar\/2f9b1fb6e13f3b3e63bde435d999a73be036e320f7a0f5f32f9ac21859d999cd?s=96&d=mm&r=g","contentUrl":"https:\/\/secure.gravatar.com\/avatar\/2f9b1fb6e13f3b3e63bde435d999a73be036e320f7a0f5f32f9ac21859d999cd?s=96&d=mm&r=g","caption":"Piera Salvi"},"url":"https:\/\/www.noidiqua.it\/Agliana\/author\/piera-salvi\/"}]}},"_links":{"self":[{"href":"https:\/\/www.noidiqua.it\/Agliana\/wp-json\/wp\/v2\/posts\/4639","targetHints":{"allow":["GET"]}}],"collection":[{"href":"https:\/\/www.noidiqua.it\/Agliana\/wp-json\/wp\/v2\/posts"}],"about":[{"href":"https:\/\/www.noidiqua.it\/Agliana\/wp-json\/wp\/v2\/types\/post"}],"author":[{"embeddable":true,"href":"https:\/\/www.noidiqua.it\/Agliana\/wp-json\/wp\/v2\/users\/13"}],"replies":[{"embeddable":true,"href":"https:\/\/www.noidiqua.it\/Agliana\/wp-json\/wp\/v2\/comments?post=4639"}],"version-history":[{"count":7,"href":"https:\/\/www.noidiqua.it\/Agliana\/wp-json\/wp\/v2\/posts\/4639\/revisions"}],"predecessor-version":[{"id":7016,"href":"https:\/\/www.noidiqua.it\/Agliana\/wp-json\/wp\/v2\/posts\/4639\/revisions\/7016"}],"wp:attachment":[{"href":"https:\/\/www.noidiqua.it\/Agliana\/wp-json\/wp\/v2\/media?parent=4639"}],"wp:term":[{"taxonomy":"category","embeddable":true,"href":"https:\/\/www.noidiqua.it\/Agliana\/wp-json\/wp\/v2\/categories?post=4639"},{"taxonomy":"post_tag","embeddable":true,"href":"https:\/\/www.noidiqua.it\/Agliana\/wp-json\/wp\/v2\/tags?post=4639"}],"curies":[{"name":"wp","href":"https:\/\/api.w.org\/{rel}","templated":true}]}}