{"id":4676,"date":"2017-04-04T10:56:02","date_gmt":"2017-04-04T08:56:02","guid":{"rendered":"https:\/\/www.noidiqua.it\/Agliana\/?p=4676"},"modified":"2022-02-10T11:53:49","modified_gmt":"2022-02-10T10:53:49","slug":"i-brevi-noidiqua-10","status":"publish","type":"post","link":"https:\/\/www.noidiqua.it\/Agliana\/i-brevi-noidiqua-10\/","title":{"rendered":"I brevi di Noidiqua"},"content":{"rendered":"<p style=\"text-align: justify;\"><em>di Piera Salvi e Giacomo Bini<\/em><\/p>\n<p style=\"text-align: justify;\">marzo 2017<\/p>\n<p><a href=\"https:\/\/www.noidiqua.it\/Agliana\/wp-content\/uploads\/2021\/04\/brevi.png\" rel=\"wp-prettyPhoto[4676]\"><img loading=\"lazy\" decoding=\"async\" class=\"aligncenter size-full wp-image-5751\" src=\"https:\/\/www.noidiqua.it\/Agliana\/wp-content\/uploads\/2021\/04\/brevi.png\" alt=\"\" width=\"473\" height=\"291\" srcset=\"https:\/\/www.noidiqua.it\/Agliana\/wp-content\/uploads\/2021\/04\/brevi.png 473w, https:\/\/www.noidiqua.it\/Agliana\/wp-content\/uploads\/2021\/04\/brevi-300x185.png 300w\" sizes=\"auto, (max-width: 473px) 100vw, 473px\" \/><\/a><\/p>\n<p class=\"p1\" style=\"text-align: justify;\"><span class=\"s1\"><b>Numerosa presenza, con associazioni anche di altre province e l\u2019onorevole Edoardo Fanucci, all\u2019inaugurazione dell\u2019ascensore per disabili al circolo Scintilla, realizzato nell\u2019ambito del progetto \u201cScintilla possibile\u201d, voluto dall\u2019associazione civile Circolo ricreativo la Scintilla, per abbattere definitivamente le barriere architettoniche<\/b>.\u00a0<\/span><\/p>\n<p class=\"p1\" style=\"text-align: justify;\">L\u2019ascensore \u00e8 stato realizzato grazie al sostegno determinante della Fondazione Cassa di Risparmio di Pistoia e Pescia, nell\u2019ambito del bando 2015 per cultura e volontariato, con contributo della stessa associazione civile Circolo ricreativo la Scintilla, nonch\u00e9 dei soci a titolo personale. La struttura portante \u00e8 in acciaio verniciato grigio e rivestita in vetro antisfondamento, con fermate al piano terra e al piano primo, dove sono state realizzate due rampe, una a scendere verso la terrazza della pizzeria e l\u2019altra a salire verso la porta di accesso alla sala polivalente. Ora le persone diversamente abili e gli anziani con difficolt\u00e0 motorie, possono accedere senza difficolt\u00e0 al piano superiore. <b>Resta tuttavia un ostacolo da abbattere: serve uno scivolo che dal parcheggio per disabili consenta a chi \u00e8 in carrozzella di accedere direttamente al marciapiede che porta all\u2019ascensore, senza dover fare un breve tratto di strada<\/b>.<\/p>\n<p>&nbsp;<\/p>\n<p>&nbsp;<\/p>\n<p class=\"p1\" style=\"text-align: justify;\"><b>Ratificato lo statuto ed eletto il consiglio direttivo nella prima assemblea della Pro loco Agliana, riunita nei giorni scorsi al Lago 1\u00b0 maggio, sede dell\u2019associazione.<\/b><\/p>\n<p class=\"p1\" style=\"text-align: justify;\">Bruno Gori, eletto presidente pro tempore nel novembre scorso, quando si \u00e8 costituita la Pro loco Agliana, \u00e8 stato riconfermato alla presidenza. Vice presidente Lido Mencuccini e segretario Felice Massimo Panerai. Consiglieri: Francesca Gori, Simona Marcelli, Nicola Risaliti, Domenico Sicari, Alice Allori e Maurizio Scarola. Revisore unico Barbara Lepri, mentre il collegio dei probiviri \u00e8 composto da Enzo Mariotti, Luca Bini e Giancarlo Naldoni. All\u2019assemblea erano presenti il notaio Mario Muschio, che ha seguito la nascita della Pro loco Agliana e l\u2019assessore alla cultura, Massimo Vannuccini.\u00a0<b>La Pro loco Agliana ha lo scopo di promuovere, tutelare e valorizzare il territorio, le produzioni tipiche locali, il patrimonio culturale, storico, artistico e ambientale, stimolare il turismo, organizzare iniziative, promuovere e sviluppare la solidariet\u00e0, il volontariato e l\u2019aggregazione sociale<\/b>.<\/p>\n<p>&nbsp;<\/p>\n<p>&nbsp;<\/p>\n<p class=\"p1\" style=\"text-align: justify;\"><span class=\"s1\"><b>E\u2019 andata deserta l\u2019asta giudiziaria del 23 febbraio per il complesso edilizio dell\u2019ex Poltronova in via Provinciale Pratese, un pezzo della storia del design e della creativit\u00e0 italiana ridotto ormai ad una cadente carcassa di cemento in stato di totale abbandono<\/b>.\u00a0<\/span><\/p>\n<p class=\"p1\" style=\"text-align: justify;\">Il complesso, comprendente fabbricati per un insieme di circa 5mila metri quadrati, era stato messo all\u2019asta per un prezzo base di 280mila euro, ma nessun compratore si \u00e8 presentato. Un triste destino per una fabbrica da cui uscivano mobili disegnati da progettisti del calibro di Ettore Sottsass e Gae Aulenti, che sono esposti anche al Moma di New York. Dopo l\u2019asta disertata, il tribunale ne riproporr\u00e0 un\u2019altra ad un prezzo ancora pi\u00f9 basso.\u00a0<b>E pensare che in una perizia del 1996, redatta per conto del Tribunale di Pistoia dal Ctu ingegner Fabrizio Fedi, il valore commerciale dell\u2019intero complesso immobiliare della Poltronova veniva stimato in 2miliardi e 360 milioni di vecchie lire pari circa a un milione 200 mila euro<\/b>. Ma da quella perizia sono passati vent\u2019anni, e la valutazione risente della crisi economica, in particolare di quella del mercato immobiliare, oltre che del progressivo degrado del fabbricato, aggravatosi dopo il fallimento dell\u2019azienda proprietaria, avvenuto nel 2013.<\/p>\n<p>&nbsp;<\/p>\n<p>&nbsp;<\/p>\n<p class=\"p1\" style=\"text-align: justify;\"><b>Verr\u00e0 istituito l\u2019ispettore ambientale nei tre Comuni della piana, per vigilare che la raccolta differenziata sia effettuata correttamente ed eventualmente redigere verbali per la sanzione a carico dell\u2019utente disattento o indisciplinato<\/b>.<\/p>\n<p class=\"p1\" style=\"text-align: justify;\">La creazione di questa nuova figura, \u00e8 prevista nel piano finanziario presentato dal Cis e in corso di discussione presso le commissioni consiliari e le assemblee municipali dei tre comuni. L\u2019introduzione dell\u2019ispettore ambientale, nasce dalla volont\u00e0 dei sindaci di rilanciare la raccolta differenziata che sta registrando da qualche anno una progressiva diminuzione in particolare a Montale e ad Agliana. <b>A Montale si \u00e8 passati dal 66,92% di raccolta differenziata nel 2013 al 61,81 nel 2016, mentre ad Agliana dal 72,35% al 66,32%. Anche il comune di Quarrata, che ha raggiunto il 67,86% nel 2016, \u00e8 in lieve flessione rispetto al 68,94% del 2015<\/b>. Il crollo della raccolta differenziata allontana i comuni della piana da quel 70% che \u00e8 la soglia minima prevista dalle normative e che era stato superato da Agliana e quasi raggiunto da Montale e Quarrata. Sulle cause del crollo si fanno molte ipotesi, dalla demotivazione dovuta alla presenza dell\u2019inceneritore ad un fisiologico rilassamento dopo i primi tempi di entusiastica adesione al nuovo sistema del porta a porta. In ogni caso, le tre amministrazioni comunali non intendono rassegnarsi alla tendenza negativa e vogliono risalire la china statistica riavvicinandosi al traguardo del 70%.<\/p>\n<p>&nbsp;<\/p>\n<p>&nbsp;<\/p>\n<p class=\"p1\" style=\"text-align: justify;\"><b>Deludente la presenza dei cittadini ai tre incontri organizzati dall\u2019amministrazioni comunale per illustrare le novit\u00e0 del piano di protezione civile aggiornato.\u00a0<\/b><\/p>\n<p class=\"p1\" style=\"text-align: justify;\">In tutto una sessantina le persone che hanno partecipato nei tre incontri programmati, che si sono svolti al bocciodromo Il sarcio di Ferruccia, al circolo Citt\u00e0 futura a Spedalino e nei locali Vacchereccia di San Michele, per informare i residenti nelle frazioni a maggiore rischio alluvionale. Il nuovo piano ha suddiviso il territorio aglianese in dieci aree. <b>L\u2019area zero \u00e8 quella a minore rischio e corrisponde alla zona centrale e settentrionale. Le altre nove aree sono quelle pi\u00f9 soggette a inondazioni <\/b>e in ognuna sono indicati i torrenti o i fossi, l\u2019elenco delle vie, la stima degli abitanti (considerando anche il numero delle persone da evacuare in caso di calamit\u00e0), gli edifici strategici, i punti di ritrovo, le strutture di ricovero e i percorsi per raggiungerli, i parcheggi, i punti indicati come cancelli di censimento e di interdizione. La stima degli abitanti in queste nove aree \u00e8 di oltre 3.400 persone, di cui pi\u00f9 di mille potrebbero essere a rischio evacuazione. <b>Con questi numeri \u00e8 chiaro che una sessantina di persone in tre incontri (quindi una media di una ventina per incontro) sono veramente poche<\/b>.<\/p>","protected":false},"excerpt":{"rendered":"<p>di Piera Salvi e Giacomo Bini marzo 2017 Numerosa presenza, con associazioni anche di altre province e l\u2019onorevole Edoardo Fanucci, all\u2019inaugurazione dell\u2019ascensore per disabili al circolo Scintilla, realizzato nell\u2019ambito del progetto \u201cScintilla possibile\u201d, voluto dall\u2019associazione civile Circolo ricreativo la Scintilla, per abbattere definitivamente le barriere architettoniche.\u00a0 L\u2019ascensore [&hellip;]<\/p>","protected":false},"author":13,"featured_media":0,"comment_status":"open","ping_status":"open","sticky":false,"template":"","format":"standard","meta":{"footnotes":""},"categories":[2,14],"tags":[985,980,219,986,978,982,988,984,457,987,981,117,983,979],"class_list":["post-4676","post","type-post","status-publish","format-standard","hentry","category-ag","category-brevi-ndq-qt","tag-bocciodromo-il-sarcio-di-ferruccia","tag-circolo-ricreativo-la-scintilla","tag-cis","tag-citta-futura-a-spedalino","tag-edoardo-fanucci","tag-ex-poltronova","tag-i-brevi-di-noidiqua","tag-ispettore-ambientale","tag-lago-1-maggio","tag-locali-vacchereccia","tag-pro-loco-agliana","tag-san-michele","tag-via-provinciale-pratese","tag-scintilla-possibile"],"yoast_head":"<!-- This site is optimized with the Yoast SEO plugin v25.5 - https:\/\/yoast.com\/wordpress\/plugins\/seo\/ -->\n<title>I brevi di Noidiqua - Noi di Qua Testata giornalistica e di attualit\u00e0 di Agliana, Montale e Quarrata.<\/title>\n<meta name=\"robots\" content=\"index, follow, max-snippet:-1, max-image-preview:large, max-video-preview:-1\" \/>\n<link rel=\"canonical\" href=\"https:\/\/www.noidiqua.it\/Agliana\/i-brevi-noidiqua-10\/\" \/>\n<meta property=\"og:locale\" content=\"it_IT\" \/>\n<meta property=\"og:type\" content=\"article\" \/>\n<meta property=\"og:title\" content=\"I brevi di Noidiqua - Noi di Qua Testata giornalistica e di attualit\u00e0 di Agliana, Montale e Quarrata.\" \/>\n<meta property=\"og:description\" content=\"di Piera Salvi e Giacomo Bini marzo 2017 Numerosa presenza, con associazioni anche di altre province e l\u2019onorevole Edoardo Fanucci, all\u2019inaugurazione dell\u2019ascensore per disabili al circolo Scintilla, realizzato nell\u2019ambito del progetto \u201cScintilla possibile\u201d, voluto dall\u2019associazione civile Circolo ricreativo la Scintilla, per abbattere definitivamente le barriere architettoniche.\u00a0 L\u2019ascensore [&hellip;]\" \/>\n<meta property=\"og:url\" content=\"https:\/\/www.noidiqua.it\/Agliana\/i-brevi-noidiqua-10\/\" \/>\n<meta property=\"og:site_name\" content=\"Noi di Qua Testata giornalistica e di attualit\u00e0 di Agliana, Montale e Quarrata.\" \/>\n<meta property=\"article:publisher\" content=\"https:\/\/www.facebook.com\/noidiqua.trimestrale\/\" \/>\n<meta property=\"article:published_time\" content=\"2017-04-04T08:56:02+00:00\" \/>\n<meta property=\"article:modified_time\" content=\"2022-02-10T10:53:49+00:00\" \/>\n<meta property=\"og:image\" content=\"https:\/\/www.noidiqua.it\/Agliana\/wp-content\/uploads\/2021\/04\/brevi.png\" \/>\n<meta name=\"author\" content=\"Piera Salvi\" \/>\n<meta name=\"twitter:label1\" content=\"Scritto da\" \/>\n\t<meta name=\"twitter:data1\" content=\"Piera Salvi\" \/>\n\t<meta name=\"twitter:label2\" content=\"Tempo di lettura stimato\" \/>\n\t<meta name=\"twitter:data2\" content=\"5 minuti\" \/>\n<script type=\"application\/ld+json\" class=\"yoast-schema-graph\">{\"@context\":\"https:\/\/schema.org\",\"@graph\":[{\"@type\":\"WebPage\",\"@id\":\"https:\/\/www.noidiqua.it\/Agliana\/i-brevi-noidiqua-10\/\",\"url\":\"https:\/\/www.noidiqua.it\/Agliana\/i-brevi-noidiqua-10\/\",\"name\":\"I brevi di Noidiqua - Noi di Qua Testata giornalistica e di attualit\u00e0 di Agliana, Montale e Quarrata.\",\"isPartOf\":{\"@id\":\"https:\/\/www.noidiqua.it\/Agliana\/#website\"},\"primaryImageOfPage\":{\"@id\":\"https:\/\/www.noidiqua.it\/Agliana\/i-brevi-noidiqua-10\/#primaryimage\"},\"image\":{\"@id\":\"https:\/\/www.noidiqua.it\/Agliana\/i-brevi-noidiqua-10\/#primaryimage\"},\"thumbnailUrl\":\"https:\/\/www.noidiqua.it\/Agliana\/wp-content\/uploads\/2021\/04\/brevi.png\",\"datePublished\":\"2017-04-04T08:56:02+00:00\",\"dateModified\":\"2022-02-10T10:53:49+00:00\",\"author\":{\"@id\":\"https:\/\/www.noidiqua.it\/Agliana\/#\/schema\/person\/bb7515c2330bb1137f247276096fa7dc\"},\"breadcrumb\":{\"@id\":\"https:\/\/www.noidiqua.it\/Agliana\/i-brevi-noidiqua-10\/#breadcrumb\"},\"inLanguage\":\"it-IT\",\"potentialAction\":[{\"@type\":\"ReadAction\",\"target\":[\"https:\/\/www.noidiqua.it\/Agliana\/i-brevi-noidiqua-10\/\"]}]},{\"@type\":\"ImageObject\",\"inLanguage\":\"it-IT\",\"@id\":\"https:\/\/www.noidiqua.it\/Agliana\/i-brevi-noidiqua-10\/#primaryimage\",\"url\":\"https:\/\/www.noidiqua.it\/Agliana\/wp-content\/uploads\/2021\/04\/brevi.png\",\"contentUrl\":\"https:\/\/www.noidiqua.it\/Agliana\/wp-content\/uploads\/2021\/04\/brevi.png\",\"width\":473,\"height\":291},{\"@type\":\"BreadcrumbList\",\"@id\":\"https:\/\/www.noidiqua.it\/Agliana\/i-brevi-noidiqua-10\/#breadcrumb\",\"itemListElement\":[{\"@type\":\"ListItem\",\"position\":1,\"name\":\"Home\",\"item\":\"https:\/\/www.noidiqua.it\/Agliana\/\"},{\"@type\":\"ListItem\",\"position\":2,\"name\":\"I brevi di Noidiqua\"}]},{\"@type\":\"WebSite\",\"@id\":\"https:\/\/www.noidiqua.it\/Agliana\/#website\",\"url\":\"https:\/\/www.noidiqua.it\/Agliana\/\",\"name\":\"Noi di Qua Testata giornalistica e di attualit\u00e0 di Agliana, Montale e Quarrata.\",\"description\":\"Testata Giornalistica Quarrata Montale Agliana\",\"potentialAction\":[{\"@type\":\"SearchAction\",\"target\":{\"@type\":\"EntryPoint\",\"urlTemplate\":\"https:\/\/www.noidiqua.it\/Agliana\/?s={search_term_string}\"},\"query-input\":{\"@type\":\"PropertyValueSpecification\",\"valueRequired\":true,\"valueName\":\"search_term_string\"}}],\"inLanguage\":\"it-IT\"},{\"@type\":\"Person\",\"@id\":\"https:\/\/www.noidiqua.it\/Agliana\/#\/schema\/person\/bb7515c2330bb1137f247276096fa7dc\",\"name\":\"Piera Salvi\",\"image\":{\"@type\":\"ImageObject\",\"inLanguage\":\"it-IT\",\"@id\":\"https:\/\/www.noidiqua.it\/Agliana\/#\/schema\/person\/image\/\",\"url\":\"https:\/\/secure.gravatar.com\/avatar\/2f9b1fb6e13f3b3e63bde435d999a73be036e320f7a0f5f32f9ac21859d999cd?s=96&d=mm&r=g\",\"contentUrl\":\"https:\/\/secure.gravatar.com\/avatar\/2f9b1fb6e13f3b3e63bde435d999a73be036e320f7a0f5f32f9ac21859d999cd?s=96&d=mm&r=g\",\"caption\":\"Piera Salvi\"},\"url\":\"https:\/\/www.noidiqua.it\/Agliana\/author\/piera-salvi\/\"}]}<\/script>\n<!-- \/ Yoast SEO plugin. -->","yoast_head_json":{"title":"I brevi di Noidiqua - Noi di Qua Testata giornalistica e di attualit\u00e0 di Agliana, Montale e Quarrata.","robots":{"index":"index","follow":"follow","max-snippet":"max-snippet:-1","max-image-preview":"max-image-preview:large","max-video-preview":"max-video-preview:-1"},"canonical":"https:\/\/www.noidiqua.it\/Agliana\/i-brevi-noidiqua-10\/","og_locale":"it_IT","og_type":"article","og_title":"I brevi di Noidiqua - Noi di Qua Testata giornalistica e di attualit\u00e0 di Agliana, Montale e Quarrata.","og_description":"di Piera Salvi e Giacomo Bini marzo 2017 Numerosa presenza, con associazioni anche di altre province e l\u2019onorevole Edoardo Fanucci, all\u2019inaugurazione dell\u2019ascensore per disabili al circolo Scintilla, realizzato nell\u2019ambito del progetto \u201cScintilla possibile\u201d, voluto dall\u2019associazione civile Circolo ricreativo la Scintilla, per abbattere definitivamente le barriere architettoniche.\u00a0 L\u2019ascensore [&hellip;]","og_url":"https:\/\/www.noidiqua.it\/Agliana\/i-brevi-noidiqua-10\/","og_site_name":"Noi di Qua Testata giornalistica e di attualit\u00e0 di Agliana, Montale e Quarrata.","article_publisher":"https:\/\/www.facebook.com\/noidiqua.trimestrale\/","article_published_time":"2017-04-04T08:56:02+00:00","article_modified_time":"2022-02-10T10:53:49+00:00","og_image":[{"url":"https:\/\/www.noidiqua.it\/Agliana\/wp-content\/uploads\/2021\/04\/brevi.png","type":"","width":"","height":""}],"author":"Piera Salvi","twitter_misc":{"Scritto da":"Piera Salvi","Tempo di lettura stimato":"5 minuti"},"schema":{"@context":"https:\/\/schema.org","@graph":[{"@type":"WebPage","@id":"https:\/\/www.noidiqua.it\/Agliana\/i-brevi-noidiqua-10\/","url":"https:\/\/www.noidiqua.it\/Agliana\/i-brevi-noidiqua-10\/","name":"I brevi di Noidiqua - Noi di Qua Testata giornalistica e di attualit\u00e0 di Agliana, Montale e Quarrata.","isPartOf":{"@id":"https:\/\/www.noidiqua.it\/Agliana\/#website"},"primaryImageOfPage":{"@id":"https:\/\/www.noidiqua.it\/Agliana\/i-brevi-noidiqua-10\/#primaryimage"},"image":{"@id":"https:\/\/www.noidiqua.it\/Agliana\/i-brevi-noidiqua-10\/#primaryimage"},"thumbnailUrl":"https:\/\/www.noidiqua.it\/Agliana\/wp-content\/uploads\/2021\/04\/brevi.png","datePublished":"2017-04-04T08:56:02+00:00","dateModified":"2022-02-10T10:53:49+00:00","author":{"@id":"https:\/\/www.noidiqua.it\/Agliana\/#\/schema\/person\/bb7515c2330bb1137f247276096fa7dc"},"breadcrumb":{"@id":"https:\/\/www.noidiqua.it\/Agliana\/i-brevi-noidiqua-10\/#breadcrumb"},"inLanguage":"it-IT","potentialAction":[{"@type":"ReadAction","target":["https:\/\/www.noidiqua.it\/Agliana\/i-brevi-noidiqua-10\/"]}]},{"@type":"ImageObject","inLanguage":"it-IT","@id":"https:\/\/www.noidiqua.it\/Agliana\/i-brevi-noidiqua-10\/#primaryimage","url":"https:\/\/www.noidiqua.it\/Agliana\/wp-content\/uploads\/2021\/04\/brevi.png","contentUrl":"https:\/\/www.noidiqua.it\/Agliana\/wp-content\/uploads\/2021\/04\/brevi.png","width":473,"height":291},{"@type":"BreadcrumbList","@id":"https:\/\/www.noidiqua.it\/Agliana\/i-brevi-noidiqua-10\/#breadcrumb","itemListElement":[{"@type":"ListItem","position":1,"name":"Home","item":"https:\/\/www.noidiqua.it\/Agliana\/"},{"@type":"ListItem","position":2,"name":"I brevi di Noidiqua"}]},{"@type":"WebSite","@id":"https:\/\/www.noidiqua.it\/Agliana\/#website","url":"https:\/\/www.noidiqua.it\/Agliana\/","name":"Noi di Qua Testata giornalistica e di attualit\u00e0 di Agliana, Montale e Quarrata.","description":"Testata Giornalistica Quarrata Montale Agliana","potentialAction":[{"@type":"SearchAction","target":{"@type":"EntryPoint","urlTemplate":"https:\/\/www.noidiqua.it\/Agliana\/?s={search_term_string}"},"query-input":{"@type":"PropertyValueSpecification","valueRequired":true,"valueName":"search_term_string"}}],"inLanguage":"it-IT"},{"@type":"Person","@id":"https:\/\/www.noidiqua.it\/Agliana\/#\/schema\/person\/bb7515c2330bb1137f247276096fa7dc","name":"Piera Salvi","image":{"@type":"ImageObject","inLanguage":"it-IT","@id":"https:\/\/www.noidiqua.it\/Agliana\/#\/schema\/person\/image\/","url":"https:\/\/secure.gravatar.com\/avatar\/2f9b1fb6e13f3b3e63bde435d999a73be036e320f7a0f5f32f9ac21859d999cd?s=96&d=mm&r=g","contentUrl":"https:\/\/secure.gravatar.com\/avatar\/2f9b1fb6e13f3b3e63bde435d999a73be036e320f7a0f5f32f9ac21859d999cd?s=96&d=mm&r=g","caption":"Piera Salvi"},"url":"https:\/\/www.noidiqua.it\/Agliana\/author\/piera-salvi\/"}]}},"_links":{"self":[{"href":"https:\/\/www.noidiqua.it\/Agliana\/wp-json\/wp\/v2\/posts\/4676","targetHints":{"allow":["GET"]}}],"collection":[{"href":"https:\/\/www.noidiqua.it\/Agliana\/wp-json\/wp\/v2\/posts"}],"about":[{"href":"https:\/\/www.noidiqua.it\/Agliana\/wp-json\/wp\/v2\/types\/post"}],"author":[{"embeddable":true,"href":"https:\/\/www.noidiqua.it\/Agliana\/wp-json\/wp\/v2\/users\/13"}],"replies":[{"embeddable":true,"href":"https:\/\/www.noidiqua.it\/Agliana\/wp-json\/wp\/v2\/comments?post=4676"}],"version-history":[{"count":8,"href":"https:\/\/www.noidiqua.it\/Agliana\/wp-json\/wp\/v2\/posts\/4676\/revisions"}],"predecessor-version":[{"id":7037,"href":"https:\/\/www.noidiqua.it\/Agliana\/wp-json\/wp\/v2\/posts\/4676\/revisions\/7037"}],"wp:attachment":[{"href":"https:\/\/www.noidiqua.it\/Agliana\/wp-json\/wp\/v2\/media?parent=4676"}],"wp:term":[{"taxonomy":"category","embeddable":true,"href":"https:\/\/www.noidiqua.it\/Agliana\/wp-json\/wp\/v2\/categories?post=4676"},{"taxonomy":"post_tag","embeddable":true,"href":"https:\/\/www.noidiqua.it\/Agliana\/wp-json\/wp\/v2\/tags?post=4676"}],"curies":[{"name":"wp","href":"https:\/\/api.w.org\/{rel}","templated":true}]}}