{"id":4914,"date":"2017-11-30T11:28:27","date_gmt":"2017-11-30T10:28:27","guid":{"rendered":"https:\/\/www.noidiqua.it\/Agliana\/?p=4914"},"modified":"2022-02-01T10:18:24","modified_gmt":"2022-02-01T09:18:24","slug":"non-sa-la-nuova-commedia-lorenzo-pratesi","status":"publish","type":"post","link":"https:\/\/www.noidiqua.it\/Agliana\/non-sa-la-nuova-commedia-lorenzo-pratesi\/","title":{"rendered":"\u201cLei non sa chi sono io\u201d &#8211; la nuova commedia di Lorenzo Pratesi"},"content":{"rendered":"<p><em>di David Colzi<br \/>\n<\/em><\/p>\n<p><em>dicembre 2017<\/em><\/p>\n<p><a href=\"https:\/\/www.noidiqua.it\/Agliana\/wp-content\/uploads\/2017\/11\/staff.png\" rel=\"wp-prettyPhoto[4914]\"><img loading=\"lazy\" decoding=\"async\" class=\"aligncenter size-full wp-image-6854\" src=\"https:\/\/www.noidiqua.it\/Agliana\/wp-content\/uploads\/2017\/11\/staff.png\" alt=\"\" width=\"533\" height=\"300\" srcset=\"https:\/\/www.noidiqua.it\/Agliana\/wp-content\/uploads\/2017\/11\/staff.png 533w, https:\/\/www.noidiqua.it\/Agliana\/wp-content\/uploads\/2017\/11\/staff-300x169.png 300w\" sizes=\"auto, (max-width: 533px) 100vw, 533px\" \/><\/a><\/p>\n<p>Il <strong>giovane regista<\/strong>, sceneggiatore e attore teatrale pistoiese <strong>Lorenzo Pratesi<\/strong>, classe 1982, \u00e8 una presenza costante nel nostro territorio. Su Noidiqua ne abbiamo parlato diverse volte, ad esempio: quando abbiamo intervistato la presentatrice quarratina <a href=\"https:\/\/www.noidiqua.it\/giulia-nannini\/\"><strong>Giulia Nannini<\/strong><\/a>, con cui ha collaborato, quando abbiamo parlato dell&#8217;associazione <a href=\"https:\/\/www.noidiqua.it\/associazione-desidera-incontro-laura-gamberi\/\"><strong>Desidera<\/strong><\/a> e quando nel 2015 abbiamo recensito la sua divertente commedia, <a href=\"https:\/\/www.noidiqua.it\/pepe-piano\/\"><strong>\u201cPepe al terzo piano\u201d<\/strong><\/a>. Il motivo per il quale Lorenzo ciclicamente appare sulla nostra rivista \u00e8 che, per i suoi spettacoli, si avvale di artisti <strong>quarratini<\/strong> e <strong>aglianesi<\/strong>, ed anche stavolta non ci ha delusi. Infatti a quasi due anni dall&#8217;uscita di <strong>\u201cIeri mi sposo?\u201d<\/strong>, sta per debuttare sul palco la nuova commedia comica di questo poliedrico personaggio, ovvero: <strong>\u201cLei non sa chi sono io\u201d<\/strong>. Al riguardo Lorenzo ci fa sapere: <i>\u00abNella compagnia teatrale sono presenti ben 24 attori, 2 tecnici e 3 ballerine; l\u201980% del cast \u00e8 quarratino o aglianese\u00bb<\/i>. Fra le presenze quarratine ricordiamo le artiste <strong>Laura Gamberi<\/strong> e <a href=\"https:\/\/www.noidiqua.it\/sara-pacini-insegnante-danza\/\"><strong>Sara Pacini<\/strong><\/a>, mentre al suo debutto, troviamo la giovane aglianese <strong>Francesca Santucci<\/strong>.<\/p>\n<p>Il tour comprender\u00e0 8 date e raggiunger\u00e0 sia Quarrata che Agliana, dove sono gi\u00e0 state fissate due date, <b>venerd\u00ec 19 e sabato 20 gennaio 2018 al teatro Moderno (ore 21.00)<\/b>. Il motivo di questa doppietta \u00e8 cos\u00ec spiegato da Lorenzo: <i>\u00abLa scelta del teatro Moderno di Agliana non \u00e8 stata assolutamente casuale. Le date di \u201cIeri mi sposo?\u201d sono state un grosso successo e il responsabile del <strong>teatro Moderno<\/strong>, <a href=\"https:\/\/www.noidiqua.it\/Agliana\/carlo-coda-direttore-artistico-del-teatro-moderno\/\"><strong>Carlo Coda<\/strong><\/a>, si \u00e8 quindi convinto a chiedermi: Perch\u00e9 non metti anche la seconda data e fai doppietta?\u00bb <\/i>Meritorio \u00e8 poi il fatto che si cercher\u00e0 di unire l&#8217;arte alla beneficenza: ad esempio l&#8217;incasso della prima data di gennaio a Coreglia Antelminelli (Lu), sar\u00e0 devoluto alla <strong>Protezione Civile<\/strong> per la ricostruzione di Amatrice devastata dal sisma. Ma nelle varie tappe non mancheranno gli aiuti in favore delle associazioni di Agliana e Quarrata, fra cui la <a href=\"https:\/\/www.noidiqua.it\/Agliana\/ass-gianluca-melani-onlus\/\"><strong>Gianluca Melani onlus<\/strong><\/a>.<\/p>\n<p><a href=\"https:\/\/www.noidiqua.it\/Agliana\/wp-content\/uploads\/2017\/11\/LEINONSACHISONOIO-1.png\" rel=\"wp-prettyPhoto[4914]\"><img loading=\"lazy\" decoding=\"async\" class=\"aligncenter size-full wp-image-6855\" src=\"https:\/\/www.noidiqua.it\/Agliana\/wp-content\/uploads\/2017\/11\/LEINONSACHISONOIO-1.png\" alt=\"\" width=\"269\" height=\"380\" srcset=\"https:\/\/www.noidiqua.it\/Agliana\/wp-content\/uploads\/2017\/11\/LEINONSACHISONOIO-1.png 269w, https:\/\/www.noidiqua.it\/Agliana\/wp-content\/uploads\/2017\/11\/LEINONSACHISONOIO-1-212x300.png 212w\" sizes=\"auto, (max-width: 269px) 100vw, 269px\" \/><\/a><\/p>\n<p>&nbsp;<\/p>\n<p class=\"p1\" style=\"text-align: justify;\">Lorenzo Pratesi, da sempre attento a chi \u00e8 in difficolt\u00e0, si occupa anche di ragazzi affetti da disabilit\u00e0, realizzando al Liceo Artistico di Quarrata, <strong>\u201cIl laboratorio delle emozioni\u201d<\/strong>, un divertente laboratorio teatrale dedicato a questi giovani. Inoltre tiene corsi di <strong>Teatroterapia<\/strong> dal titolo <strong>\u201cFai quel che sei\u201d<\/strong>, dai quali sono stati scovati molti attori che oggi partecipano alla commedia \u201cLei non sa chi sono io\u201d. Pratesi \u00e8 poi segretario nazionale dell&#8217;<strong>Anses<\/strong>, Associazione Nazionale Stress e Salute.<\/p>\n<p>&nbsp;<\/p>\n<p class=\"p4\" style=\"text-align: justify;\"><a href=\"http:\/\/www.lorenzopratesi.it\"><i>www.lorenzopratesi.it<\/i><\/a><\/p>","protected":false},"excerpt":{"rendered":"<p>di David Colzi dicembre 2017 Il giovane regista, sceneggiatore e attore teatrale pistoiese Lorenzo Pratesi, classe 1982, \u00e8 una presenza costante nel nostro territorio. Su Noidiqua ne abbiamo parlato diverse volte, ad esempio: quando abbiamo intervistato la presentatrice quarratina Giulia Nannini, con cui ha collaborato, quando abbiamo [&hellip;]<\/p>","protected":false},"author":5,"featured_media":0,"comment_status":"open","ping_status":"open","sticky":false,"template":"","format":"standard","meta":{"footnotes":""},"categories":[2,145],"tags":[345,1330,1211,1326,1319,1325,1316,1318,1324,1317,996,1321,1086,917,367,1328,1329,450,1322,1327,1323,1320],"class_list":["post-4914","post","type-post","status-publish","format-standard","hentry","category-ag","category-che-spettacolo-ag","tag-aglianesi","tag-anses","tag-carlo-coda","tag-commedia","tag-desidera","tag-francesca-santucci","tag-giovane-regista","tag-giulia-nannini","tag-laura-gamberi","tag-lorenzo-pratesi","tag-protezione-civile","tag-quarratini","tag-sara-pacini","tag-teatro","tag-teatro-moderno","tag-teatroterapia","tag-fai-quel-che-sei","tag-gianluca-melani-onlus","tag-ieri-mi-sposo","tag-il-laboratorio-delle-emozioni","tag-lei-non-sa-chi-sono-io","tag-pepe-al-terzo-piano"],"yoast_head":"<!-- This site is optimized with the Yoast SEO plugin v25.5 - https:\/\/yoast.com\/wordpress\/plugins\/seo\/ -->\n<title>\u201cLei non sa chi sono io\u201d - la nuova commedia di Lorenzo Pratesi - Noi di Qua Testata giornalistica e di attualit\u00e0 di Agliana, Montale e Quarrata.<\/title>\n<meta name=\"robots\" content=\"index, follow, max-snippet:-1, max-image-preview:large, max-video-preview:-1\" \/>\n<link rel=\"canonical\" href=\"https:\/\/www.noidiqua.it\/Agliana\/non-sa-la-nuova-commedia-lorenzo-pratesi\/\" \/>\n<meta property=\"og:locale\" content=\"it_IT\" \/>\n<meta property=\"og:type\" content=\"article\" \/>\n<meta property=\"og:title\" content=\"\u201cLei non sa chi sono io\u201d - la nuova commedia di Lorenzo Pratesi - Noi di Qua Testata giornalistica e di attualit\u00e0 di Agliana, Montale e Quarrata.\" \/>\n<meta property=\"og:description\" content=\"di David Colzi dicembre 2017 Il giovane regista, sceneggiatore e attore teatrale pistoiese Lorenzo Pratesi, classe 1982, \u00e8 una presenza costante nel nostro territorio. Su Noidiqua ne abbiamo parlato diverse volte, ad esempio: quando abbiamo intervistato la presentatrice quarratina Giulia Nannini, con cui ha collaborato, quando abbiamo [&hellip;]\" \/>\n<meta property=\"og:url\" content=\"https:\/\/www.noidiqua.it\/Agliana\/non-sa-la-nuova-commedia-lorenzo-pratesi\/\" \/>\n<meta property=\"og:site_name\" content=\"Noi di Qua Testata giornalistica e di attualit\u00e0 di Agliana, Montale e Quarrata.\" \/>\n<meta property=\"article:publisher\" content=\"https:\/\/www.facebook.com\/noidiqua.trimestrale\/\" \/>\n<meta property=\"article:published_time\" content=\"2017-11-30T10:28:27+00:00\" \/>\n<meta property=\"article:modified_time\" content=\"2022-02-01T09:18:24+00:00\" \/>\n<meta property=\"og:image\" content=\"https:\/\/www.noidiqua.it\/Agliana\/wp-content\/uploads\/2017\/11\/staff.png\" \/>\n<meta name=\"author\" content=\"David Colzi\" \/>\n<meta name=\"twitter:label1\" content=\"Scritto da\" \/>\n\t<meta name=\"twitter:data1\" content=\"David Colzi\" \/>\n\t<meta name=\"twitter:label2\" content=\"Tempo di lettura stimato\" \/>\n\t<meta name=\"twitter:data2\" content=\"2 minuti\" \/>\n<script type=\"application\/ld+json\" class=\"yoast-schema-graph\">{\"@context\":\"https:\/\/schema.org\",\"@graph\":[{\"@type\":\"WebPage\",\"@id\":\"https:\/\/www.noidiqua.it\/Agliana\/non-sa-la-nuova-commedia-lorenzo-pratesi\/\",\"url\":\"https:\/\/www.noidiqua.it\/Agliana\/non-sa-la-nuova-commedia-lorenzo-pratesi\/\",\"name\":\"\u201cLei non sa chi sono io\u201d - la nuova commedia di Lorenzo Pratesi - Noi di Qua Testata giornalistica e di attualit\u00e0 di Agliana, Montale e Quarrata.\",\"isPartOf\":{\"@id\":\"https:\/\/www.noidiqua.it\/Agliana\/#website\"},\"primaryImageOfPage\":{\"@id\":\"https:\/\/www.noidiqua.it\/Agliana\/non-sa-la-nuova-commedia-lorenzo-pratesi\/#primaryimage\"},\"image\":{\"@id\":\"https:\/\/www.noidiqua.it\/Agliana\/non-sa-la-nuova-commedia-lorenzo-pratesi\/#primaryimage\"},\"thumbnailUrl\":\"https:\/\/www.noidiqua.it\/Agliana\/wp-content\/uploads\/2017\/11\/staff.png\",\"datePublished\":\"2017-11-30T10:28:27+00:00\",\"dateModified\":\"2022-02-01T09:18:24+00:00\",\"author\":{\"@id\":\"https:\/\/www.noidiqua.it\/Agliana\/#\/schema\/person\/3b45dd21eb2367c177b6a6d35c868ccc\"},\"breadcrumb\":{\"@id\":\"https:\/\/www.noidiqua.it\/Agliana\/non-sa-la-nuova-commedia-lorenzo-pratesi\/#breadcrumb\"},\"inLanguage\":\"it-IT\",\"potentialAction\":[{\"@type\":\"ReadAction\",\"target\":[\"https:\/\/www.noidiqua.it\/Agliana\/non-sa-la-nuova-commedia-lorenzo-pratesi\/\"]}]},{\"@type\":\"ImageObject\",\"inLanguage\":\"it-IT\",\"@id\":\"https:\/\/www.noidiqua.it\/Agliana\/non-sa-la-nuova-commedia-lorenzo-pratesi\/#primaryimage\",\"url\":\"https:\/\/www.noidiqua.it\/Agliana\/wp-content\/uploads\/2017\/11\/staff.png\",\"contentUrl\":\"https:\/\/www.noidiqua.it\/Agliana\/wp-content\/uploads\/2017\/11\/staff.png\",\"width\":533,\"height\":300},{\"@type\":\"BreadcrumbList\",\"@id\":\"https:\/\/www.noidiqua.it\/Agliana\/non-sa-la-nuova-commedia-lorenzo-pratesi\/#breadcrumb\",\"itemListElement\":[{\"@type\":\"ListItem\",\"position\":1,\"name\":\"Home\",\"item\":\"https:\/\/www.noidiqua.it\/Agliana\/\"},{\"@type\":\"ListItem\",\"position\":2,\"name\":\"\u201cLei non sa chi sono io\u201d &#8211; la nuova commedia di Lorenzo Pratesi\"}]},{\"@type\":\"WebSite\",\"@id\":\"https:\/\/www.noidiqua.it\/Agliana\/#website\",\"url\":\"https:\/\/www.noidiqua.it\/Agliana\/\",\"name\":\"Noi di Qua Testata giornalistica e di attualit\u00e0 di Agliana, Montale e Quarrata.\",\"description\":\"Testata Giornalistica Quarrata Montale Agliana\",\"potentialAction\":[{\"@type\":\"SearchAction\",\"target\":{\"@type\":\"EntryPoint\",\"urlTemplate\":\"https:\/\/www.noidiqua.it\/Agliana\/?s={search_term_string}\"},\"query-input\":{\"@type\":\"PropertyValueSpecification\",\"valueRequired\":true,\"valueName\":\"search_term_string\"}}],\"inLanguage\":\"it-IT\"},{\"@type\":\"Person\",\"@id\":\"https:\/\/www.noidiqua.it\/Agliana\/#\/schema\/person\/3b45dd21eb2367c177b6a6d35c868ccc\",\"name\":\"David Colzi\",\"image\":{\"@type\":\"ImageObject\",\"inLanguage\":\"it-IT\",\"@id\":\"https:\/\/www.noidiqua.it\/Agliana\/#\/schema\/person\/image\/\",\"url\":\"https:\/\/secure.gravatar.com\/avatar\/515ac68c0075b78a8243a0f28e5a361c9b5c466a1d6912ac3919ddd928c4db8c?s=96&d=mm&r=g\",\"contentUrl\":\"https:\/\/secure.gravatar.com\/avatar\/515ac68c0075b78a8243a0f28e5a361c9b5c466a1d6912ac3919ddd928c4db8c?s=96&d=mm&r=g\",\"caption\":\"David Colzi\"},\"url\":\"https:\/\/www.noidiqua.it\/Agliana\/author\/david-colzi\/\"}]}<\/script>\n<!-- \/ Yoast SEO plugin. -->","yoast_head_json":{"title":"\u201cLei non sa chi sono io\u201d - la nuova commedia di Lorenzo Pratesi - Noi di Qua Testata giornalistica e di attualit\u00e0 di Agliana, Montale e Quarrata.","robots":{"index":"index","follow":"follow","max-snippet":"max-snippet:-1","max-image-preview":"max-image-preview:large","max-video-preview":"max-video-preview:-1"},"canonical":"https:\/\/www.noidiqua.it\/Agliana\/non-sa-la-nuova-commedia-lorenzo-pratesi\/","og_locale":"it_IT","og_type":"article","og_title":"\u201cLei non sa chi sono io\u201d - la nuova commedia di Lorenzo Pratesi - Noi di Qua Testata giornalistica e di attualit\u00e0 di Agliana, Montale e Quarrata.","og_description":"di David Colzi dicembre 2017 Il giovane regista, sceneggiatore e attore teatrale pistoiese Lorenzo Pratesi, classe 1982, \u00e8 una presenza costante nel nostro territorio. Su Noidiqua ne abbiamo parlato diverse volte, ad esempio: quando abbiamo intervistato la presentatrice quarratina Giulia Nannini, con cui ha collaborato, quando abbiamo [&hellip;]","og_url":"https:\/\/www.noidiqua.it\/Agliana\/non-sa-la-nuova-commedia-lorenzo-pratesi\/","og_site_name":"Noi di Qua Testata giornalistica e di attualit\u00e0 di Agliana, Montale e Quarrata.","article_publisher":"https:\/\/www.facebook.com\/noidiqua.trimestrale\/","article_published_time":"2017-11-30T10:28:27+00:00","article_modified_time":"2022-02-01T09:18:24+00:00","og_image":[{"url":"https:\/\/www.noidiqua.it\/Agliana\/wp-content\/uploads\/2017\/11\/staff.png","type":"","width":"","height":""}],"author":"David Colzi","twitter_misc":{"Scritto da":"David Colzi","Tempo di lettura stimato":"2 minuti"},"schema":{"@context":"https:\/\/schema.org","@graph":[{"@type":"WebPage","@id":"https:\/\/www.noidiqua.it\/Agliana\/non-sa-la-nuova-commedia-lorenzo-pratesi\/","url":"https:\/\/www.noidiqua.it\/Agliana\/non-sa-la-nuova-commedia-lorenzo-pratesi\/","name":"\u201cLei non sa chi sono io\u201d - la nuova commedia di Lorenzo Pratesi - Noi di Qua Testata giornalistica e di attualit\u00e0 di Agliana, Montale e Quarrata.","isPartOf":{"@id":"https:\/\/www.noidiqua.it\/Agliana\/#website"},"primaryImageOfPage":{"@id":"https:\/\/www.noidiqua.it\/Agliana\/non-sa-la-nuova-commedia-lorenzo-pratesi\/#primaryimage"},"image":{"@id":"https:\/\/www.noidiqua.it\/Agliana\/non-sa-la-nuova-commedia-lorenzo-pratesi\/#primaryimage"},"thumbnailUrl":"https:\/\/www.noidiqua.it\/Agliana\/wp-content\/uploads\/2017\/11\/staff.png","datePublished":"2017-11-30T10:28:27+00:00","dateModified":"2022-02-01T09:18:24+00:00","author":{"@id":"https:\/\/www.noidiqua.it\/Agliana\/#\/schema\/person\/3b45dd21eb2367c177b6a6d35c868ccc"},"breadcrumb":{"@id":"https:\/\/www.noidiqua.it\/Agliana\/non-sa-la-nuova-commedia-lorenzo-pratesi\/#breadcrumb"},"inLanguage":"it-IT","potentialAction":[{"@type":"ReadAction","target":["https:\/\/www.noidiqua.it\/Agliana\/non-sa-la-nuova-commedia-lorenzo-pratesi\/"]}]},{"@type":"ImageObject","inLanguage":"it-IT","@id":"https:\/\/www.noidiqua.it\/Agliana\/non-sa-la-nuova-commedia-lorenzo-pratesi\/#primaryimage","url":"https:\/\/www.noidiqua.it\/Agliana\/wp-content\/uploads\/2017\/11\/staff.png","contentUrl":"https:\/\/www.noidiqua.it\/Agliana\/wp-content\/uploads\/2017\/11\/staff.png","width":533,"height":300},{"@type":"BreadcrumbList","@id":"https:\/\/www.noidiqua.it\/Agliana\/non-sa-la-nuova-commedia-lorenzo-pratesi\/#breadcrumb","itemListElement":[{"@type":"ListItem","position":1,"name":"Home","item":"https:\/\/www.noidiqua.it\/Agliana\/"},{"@type":"ListItem","position":2,"name":"\u201cLei non sa chi sono io\u201d &#8211; la nuova commedia di Lorenzo Pratesi"}]},{"@type":"WebSite","@id":"https:\/\/www.noidiqua.it\/Agliana\/#website","url":"https:\/\/www.noidiqua.it\/Agliana\/","name":"Noi di Qua Testata giornalistica e di attualit\u00e0 di Agliana, Montale e Quarrata.","description":"Testata Giornalistica Quarrata Montale Agliana","potentialAction":[{"@type":"SearchAction","target":{"@type":"EntryPoint","urlTemplate":"https:\/\/www.noidiqua.it\/Agliana\/?s={search_term_string}"},"query-input":{"@type":"PropertyValueSpecification","valueRequired":true,"valueName":"search_term_string"}}],"inLanguage":"it-IT"},{"@type":"Person","@id":"https:\/\/www.noidiqua.it\/Agliana\/#\/schema\/person\/3b45dd21eb2367c177b6a6d35c868ccc","name":"David Colzi","image":{"@type":"ImageObject","inLanguage":"it-IT","@id":"https:\/\/www.noidiqua.it\/Agliana\/#\/schema\/person\/image\/","url":"https:\/\/secure.gravatar.com\/avatar\/515ac68c0075b78a8243a0f28e5a361c9b5c466a1d6912ac3919ddd928c4db8c?s=96&d=mm&r=g","contentUrl":"https:\/\/secure.gravatar.com\/avatar\/515ac68c0075b78a8243a0f28e5a361c9b5c466a1d6912ac3919ddd928c4db8c?s=96&d=mm&r=g","caption":"David Colzi"},"url":"https:\/\/www.noidiqua.it\/Agliana\/author\/david-colzi\/"}]}},"_links":{"self":[{"href":"https:\/\/www.noidiqua.it\/Agliana\/wp-json\/wp\/v2\/posts\/4914","targetHints":{"allow":["GET"]}}],"collection":[{"href":"https:\/\/www.noidiqua.it\/Agliana\/wp-json\/wp\/v2\/posts"}],"about":[{"href":"https:\/\/www.noidiqua.it\/Agliana\/wp-json\/wp\/v2\/types\/post"}],"author":[{"embeddable":true,"href":"https:\/\/www.noidiqua.it\/Agliana\/wp-json\/wp\/v2\/users\/5"}],"replies":[{"embeddable":true,"href":"https:\/\/www.noidiqua.it\/Agliana\/wp-json\/wp\/v2\/comments?post=4914"}],"version-history":[{"count":6,"href":"https:\/\/www.noidiqua.it\/Agliana\/wp-json\/wp\/v2\/posts\/4914\/revisions"}],"predecessor-version":[{"id":6856,"href":"https:\/\/www.noidiqua.it\/Agliana\/wp-json\/wp\/v2\/posts\/4914\/revisions\/6856"}],"wp:attachment":[{"href":"https:\/\/www.noidiqua.it\/Agliana\/wp-json\/wp\/v2\/media?parent=4914"}],"wp:term":[{"taxonomy":"category","embeddable":true,"href":"https:\/\/www.noidiqua.it\/Agliana\/wp-json\/wp\/v2\/categories?post=4914"},{"taxonomy":"post_tag","embeddable":true,"href":"https:\/\/www.noidiqua.it\/Agliana\/wp-json\/wp\/v2\/tags?post=4914"}],"curies":[{"name":"wp","href":"https:\/\/api.w.org\/{rel}","templated":true}]}}