{"id":4945,"date":"2017-12-01T16:26:44","date_gmt":"2017-12-01T15:26:44","guid":{"rendered":"https:\/\/www.noidiqua.it\/Agliana\/?p=4945"},"modified":"2022-02-01T10:12:13","modified_gmt":"2022-02-01T09:12:13","slug":"irene-capasa-ciclista-professionista","status":"publish","type":"post","link":"https:\/\/www.noidiqua.it\/Agliana\/irene-capasa-ciclista-professionista\/","title":{"rendered":"Irene Capasa &#8211; ciclista professionista"},"content":{"rendered":"<p><em>di\u00a0Serena Michelozzi<\/em><\/p>\n<p>dicembre 2017<\/p>\n<p><a href=\"https:\/\/www.noidiqua.it\/Agliana\/wp-content\/uploads\/2017\/12\/IRENE-CAPASA-.png\" rel=\"wp-prettyPhoto[4945]\"><img loading=\"lazy\" decoding=\"async\" class=\"aligncenter size-full wp-image-6849\" src=\"https:\/\/www.noidiqua.it\/Agliana\/wp-content\/uploads\/2017\/12\/IRENE-CAPASA-.png\" alt=\"\" width=\"450\" height=\"300\" srcset=\"https:\/\/www.noidiqua.it\/Agliana\/wp-content\/uploads\/2017\/12\/IRENE-CAPASA-.png 450w, https:\/\/www.noidiqua.it\/Agliana\/wp-content\/uploads\/2017\/12\/IRENE-CAPASA--300x200.png 300w\" sizes=\"auto, (max-width: 450px) 100vw, 450px\" \/><\/a><\/p>\n<p>La passione di <strong>Irene Capasa<\/strong> per il <strong>ciclismo<\/strong> \u00e8 nata alla tenera et\u00e0 di sei anni: <i>\u00abVedevo sempre mio babbo che usciva in bicicletta e quando tornava ci raccontava i giri che faceva e io volevo andare con lui a fare quei giri, ma non potevo perch\u00e9 ero troppo piccola\u00bb<\/i> ci racconta Irene.\u00a0Adesso la nostra giovane <strong>ciclista professionista<\/strong> di giri in bicicletta ne fa a bizzeffe! Quest\u2019anno sono ben quattordici anni che pratica il ciclismo a<strong> livello agonistico<\/strong> e da quando ha iniziato a correre, ha avuto tantissime soddisfazioni: nei <strong>Giovanissimi<\/strong> (categoria che va dai 6 ai 12 anni) ha vinto due Meeting nazionali nel 2007 e 2008, e tre Meeting regionali. Tra le <strong>Esordienti<\/strong> (dai 13 ai 14 anni) ha vinto il Campionato provinciale entrambi gli anni. Tra le <strong>Allieve<\/strong> (dai 15 ai 16 anni) nel 1\u00b0 anno ha vinto il Campionato regionale su pista nella specialit\u00e0 della \u201ccorsa a punti\u201d e nel 2\u00b0 anno ha vinto il Campionato regionale su strada. Ad oggi Irene fa parte di un team agonistico ed \u00e8 il secondo anno che \u00e8 dentro la squadra di Castel Fiorentino, <strong>\u201cVallerbike\u201d<\/strong>.<\/p>\n<p><a href=\"https:\/\/www.noidiqua.it\/Agliana\/wp-content\/uploads\/2017\/12\/IRENE-CAPASA-3.png\" rel=\"wp-prettyPhoto[4945]\"><img loading=\"lazy\" decoding=\"async\" class=\"aligncenter size-full wp-image-6850\" src=\"https:\/\/www.noidiqua.it\/Agliana\/wp-content\/uploads\/2017\/12\/IRENE-CAPASA-3.png\" alt=\"\" width=\"450\" height=\"300\" srcset=\"https:\/\/www.noidiqua.it\/Agliana\/wp-content\/uploads\/2017\/12\/IRENE-CAPASA-3.png 450w, https:\/\/www.noidiqua.it\/Agliana\/wp-content\/uploads\/2017\/12\/IRENE-CAPASA-3-300x200.png 300w\" sizes=\"auto, (max-width: 450px) 100vw, 450px\" \/><\/a><\/p>\n<p><i>\u00abIl mio traguardo pi\u00f9 importante fino a ora? Penso sia quello di essere arrivata, con tutte le difficolt\u00e0 e i sacrifici, a correre al fianco delle grandi del ciclismo plurimedagliate ai mondiali. Da bambina le vedevo in televisione e pensavo se mai un giorno sarei arrivata a correre con loro. Ebbene il sogno si \u00e8 avverato\u00bb<\/i> ci rivela Irene. Praticare questo sport, per la nostra <strong>campionessa aglianese<\/strong>, \u00e8 un\u2019emozione continua, in cui si alternano momenti di gioia e di risata per i successi raggiunti, a momenti in cui invece si pu\u00f2 essere assaliti dallo sconforto, dalla tristezza e dalla rabbia, perch\u00e9 magari un allenamento o una gara non sono andati al meglio. Come correttamente osserva Irene, servono entrambe queste tipologie di momenti: quelli di gioia e di soddisfazione che ti portano ad evolverti ed a migliorarti e quelli di sconforto che ti aiutano a crescere caratterialmente e ti fortificano emotivamente. <i>\u00abE\u2019 infatti proprio quando sei nel punto pi\u00f9 duro della gara, dove le gambe non riescono pi\u00f9 a girare e vorresti mollare, che dentro di te devi avere la volont\u00e0 di farcela ed arrivare sino alla fine per sentirti poi vittoriosa ed appagata\u00bb <\/i>spiega Irene. Per intraprendere il ciclismo \u00e8 difatti fondamentale avere non solo una grande passione per la bicicletta, ma anche una grande determinazione e forza di volont\u00e0, in modo da porsi un obiettivo e cercare di raggiungerlo con tutti se stessi. A livello fisico non servono particolari caratteristiche ed \u00e8 uno sport che da molta soddisfazione, sia a praticarlo a livello agonistico che amatoriale.<\/p>\n<p><a href=\"https:\/\/www.noidiqua.it\/Agliana\/wp-content\/uploads\/2017\/12\/IRENE-CAPASA-4.png\" rel=\"wp-prettyPhoto[4945]\"><img loading=\"lazy\" decoding=\"async\" class=\"aligncenter size-full wp-image-6851\" src=\"https:\/\/www.noidiqua.it\/Agliana\/wp-content\/uploads\/2017\/12\/IRENE-CAPASA-4.png\" alt=\"\" width=\"253\" height=\"380\" srcset=\"https:\/\/www.noidiqua.it\/Agliana\/wp-content\/uploads\/2017\/12\/IRENE-CAPASA-4.png 253w, https:\/\/www.noidiqua.it\/Agliana\/wp-content\/uploads\/2017\/12\/IRENE-CAPASA-4-200x300.png 200w\" sizes=\"auto, (max-width: 253px) 100vw, 253px\" \/><\/a><\/p>\n<p>La ciclista aglianese ha adesso come obiettivo principale quello di riuscire a compiere una buona preparazione invernale ed arrivare al periodo delle gare in forma, cos\u00ec da potersi riscattare dei due anni passati. Per il futuro altri pi\u00f9 ambiziosi obiettivi non mancano\u2026 e quindi work in progress!\u00a0<i>\u00abVi ringrazio per avermi dato la possibilit\u00e0 di far conoscere questo sport al pubblico, soprattutto a quello femminile, e per avermi fatto riflettere e pensare a quello che questo sport mi fa provare\u00bb<\/i> conclude Irene.<\/p>\n<p>&nbsp;<\/p>\n<p>&nbsp;<\/p>","protected":false},"excerpt":{"rendered":"<p>di\u00a0Serena Michelozzi dicembre 2017 La passione di Irene Capasa per il ciclismo \u00e8 nata alla tenera et\u00e0 di sei anni: \u00abVedevo sempre mio babbo che usciva in bicicletta e quando tornava ci raccontava i giri che faceva e io volevo andare con lui a fare quei giri, [&hellip;]<\/p>","protected":false},"author":101011,"featured_media":0,"comment_status":"open","ping_status":"open","sticky":false,"template":"","format":"standard","meta":{"footnotes":""},"categories":[2,144],"tags":[1359,1361,53,1353,1358,1355,1352,1354,1356,1357,1360],"class_list":["post-4945","post","type-post","status-publish","format-standard","hentry","category-ag","category-lo-sport-di-qua","tag-allieve","tag-campionessa-aglianese","tag-ciclismo","tag-ciclista-professionista","tag-esordienti","tag-giovanissimi","tag-irene-capasa","tag-livello-agonistico","tag-meeting-nazionali-nel-2007","tag-meeting-regionali","tag-vallerbike"],"yoast_head":"<!-- This site is optimized with the Yoast SEO plugin v25.5 - https:\/\/yoast.com\/wordpress\/plugins\/seo\/ -->\n<title>Irene Capasa - ciclista professionista - Noi di Qua Testata giornalistica e di attualit\u00e0 di Agliana, Montale e Quarrata.<\/title>\n<meta name=\"robots\" content=\"index, follow, max-snippet:-1, max-image-preview:large, max-video-preview:-1\" \/>\n<link rel=\"canonical\" href=\"https:\/\/www.noidiqua.it\/Agliana\/irene-capasa-ciclista-professionista\/\" \/>\n<meta property=\"og:locale\" content=\"it_IT\" \/>\n<meta property=\"og:type\" content=\"article\" \/>\n<meta property=\"og:title\" content=\"Irene Capasa - ciclista professionista - Noi di Qua Testata giornalistica e di attualit\u00e0 di Agliana, Montale e Quarrata.\" \/>\n<meta property=\"og:description\" content=\"di\u00a0Serena Michelozzi dicembre 2017 La passione di Irene Capasa per il ciclismo \u00e8 nata alla tenera et\u00e0 di sei anni: \u00abVedevo sempre mio babbo che usciva in bicicletta e quando tornava ci raccontava i giri che faceva e io volevo andare con lui a fare quei giri, [&hellip;]\" \/>\n<meta property=\"og:url\" content=\"https:\/\/www.noidiqua.it\/Agliana\/irene-capasa-ciclista-professionista\/\" \/>\n<meta property=\"og:site_name\" content=\"Noi di Qua Testata giornalistica e di attualit\u00e0 di Agliana, Montale e Quarrata.\" \/>\n<meta property=\"article:publisher\" content=\"https:\/\/www.facebook.com\/noidiqua.trimestrale\/\" \/>\n<meta property=\"article:published_time\" content=\"2017-12-01T15:26:44+00:00\" \/>\n<meta property=\"article:modified_time\" content=\"2022-02-01T09:12:13+00:00\" \/>\n<meta property=\"og:image\" content=\"https:\/\/www.noidiqua.it\/Agliana\/wp-content\/uploads\/2017\/12\/IRENE-CAPASA-.png\" \/>\n<meta name=\"author\" content=\"Serena Michelozzi\" \/>\n<meta name=\"twitter:label1\" content=\"Scritto da\" \/>\n\t<meta name=\"twitter:data1\" content=\"Serena Michelozzi\" \/>\n\t<meta name=\"twitter:label2\" content=\"Tempo di lettura stimato\" \/>\n\t<meta name=\"twitter:data2\" content=\"3 minuti\" \/>\n<script type=\"application\/ld+json\" class=\"yoast-schema-graph\">{\"@context\":\"https:\/\/schema.org\",\"@graph\":[{\"@type\":\"WebPage\",\"@id\":\"https:\/\/www.noidiqua.it\/Agliana\/irene-capasa-ciclista-professionista\/\",\"url\":\"https:\/\/www.noidiqua.it\/Agliana\/irene-capasa-ciclista-professionista\/\",\"name\":\"Irene Capasa - ciclista professionista - Noi di Qua Testata giornalistica e di attualit\u00e0 di Agliana, Montale e Quarrata.\",\"isPartOf\":{\"@id\":\"https:\/\/www.noidiqua.it\/Agliana\/#website\"},\"primaryImageOfPage\":{\"@id\":\"https:\/\/www.noidiqua.it\/Agliana\/irene-capasa-ciclista-professionista\/#primaryimage\"},\"image\":{\"@id\":\"https:\/\/www.noidiqua.it\/Agliana\/irene-capasa-ciclista-professionista\/#primaryimage\"},\"thumbnailUrl\":\"https:\/\/www.noidiqua.it\/Agliana\/wp-content\/uploads\/2017\/12\/IRENE-CAPASA-.png\",\"datePublished\":\"2017-12-01T15:26:44+00:00\",\"dateModified\":\"2022-02-01T09:12:13+00:00\",\"author\":{\"@id\":\"https:\/\/www.noidiqua.it\/Agliana\/#\/schema\/person\/4763a96f0bdf332cc8a55478dbeba163\"},\"breadcrumb\":{\"@id\":\"https:\/\/www.noidiqua.it\/Agliana\/irene-capasa-ciclista-professionista\/#breadcrumb\"},\"inLanguage\":\"it-IT\",\"potentialAction\":[{\"@type\":\"ReadAction\",\"target\":[\"https:\/\/www.noidiqua.it\/Agliana\/irene-capasa-ciclista-professionista\/\"]}]},{\"@type\":\"ImageObject\",\"inLanguage\":\"it-IT\",\"@id\":\"https:\/\/www.noidiqua.it\/Agliana\/irene-capasa-ciclista-professionista\/#primaryimage\",\"url\":\"https:\/\/www.noidiqua.it\/Agliana\/wp-content\/uploads\/2017\/12\/IRENE-CAPASA-.png\",\"contentUrl\":\"https:\/\/www.noidiqua.it\/Agliana\/wp-content\/uploads\/2017\/12\/IRENE-CAPASA-.png\",\"width\":450,\"height\":300},{\"@type\":\"BreadcrumbList\",\"@id\":\"https:\/\/www.noidiqua.it\/Agliana\/irene-capasa-ciclista-professionista\/#breadcrumb\",\"itemListElement\":[{\"@type\":\"ListItem\",\"position\":1,\"name\":\"Home\",\"item\":\"https:\/\/www.noidiqua.it\/Agliana\/\"},{\"@type\":\"ListItem\",\"position\":2,\"name\":\"Irene Capasa &#8211; ciclista professionista\"}]},{\"@type\":\"WebSite\",\"@id\":\"https:\/\/www.noidiqua.it\/Agliana\/#website\",\"url\":\"https:\/\/www.noidiqua.it\/Agliana\/\",\"name\":\"Noi di Qua Testata giornalistica e di attualit\u00e0 di Agliana, Montale e Quarrata.\",\"description\":\"Testata Giornalistica Quarrata Montale Agliana\",\"potentialAction\":[{\"@type\":\"SearchAction\",\"target\":{\"@type\":\"EntryPoint\",\"urlTemplate\":\"https:\/\/www.noidiqua.it\/Agliana\/?s={search_term_string}\"},\"query-input\":{\"@type\":\"PropertyValueSpecification\",\"valueRequired\":true,\"valueName\":\"search_term_string\"}}],\"inLanguage\":\"it-IT\"},{\"@type\":\"Person\",\"@id\":\"https:\/\/www.noidiqua.it\/Agliana\/#\/schema\/person\/4763a96f0bdf332cc8a55478dbeba163\",\"name\":\"Serena Michelozzi\",\"image\":{\"@type\":\"ImageObject\",\"inLanguage\":\"it-IT\",\"@id\":\"https:\/\/www.noidiqua.it\/Agliana\/#\/schema\/person\/image\/\",\"url\":\"https:\/\/secure.gravatar.com\/avatar\/a8efaab8953a1edb4943a89dbca993e803bf8bcf5221a8ff937a96a5b9914aab?s=96&d=mm&r=g\",\"contentUrl\":\"https:\/\/secure.gravatar.com\/avatar\/a8efaab8953a1edb4943a89dbca993e803bf8bcf5221a8ff937a96a5b9914aab?s=96&d=mm&r=g\",\"caption\":\"Serena Michelozzi\"},\"url\":\"https:\/\/www.noidiqua.it\/Agliana\/author\/serena-michelozzi\/\"}]}<\/script>\n<!-- \/ Yoast SEO plugin. -->","yoast_head_json":{"title":"Irene Capasa - ciclista professionista - Noi di Qua Testata giornalistica e di attualit\u00e0 di Agliana, Montale e Quarrata.","robots":{"index":"index","follow":"follow","max-snippet":"max-snippet:-1","max-image-preview":"max-image-preview:large","max-video-preview":"max-video-preview:-1"},"canonical":"https:\/\/www.noidiqua.it\/Agliana\/irene-capasa-ciclista-professionista\/","og_locale":"it_IT","og_type":"article","og_title":"Irene Capasa - ciclista professionista - Noi di Qua Testata giornalistica e di attualit\u00e0 di Agliana, Montale e Quarrata.","og_description":"di\u00a0Serena Michelozzi dicembre 2017 La passione di Irene Capasa per il ciclismo \u00e8 nata alla tenera et\u00e0 di sei anni: \u00abVedevo sempre mio babbo che usciva in bicicletta e quando tornava ci raccontava i giri che faceva e io volevo andare con lui a fare quei giri, [&hellip;]","og_url":"https:\/\/www.noidiqua.it\/Agliana\/irene-capasa-ciclista-professionista\/","og_site_name":"Noi di Qua Testata giornalistica e di attualit\u00e0 di Agliana, Montale e Quarrata.","article_publisher":"https:\/\/www.facebook.com\/noidiqua.trimestrale\/","article_published_time":"2017-12-01T15:26:44+00:00","article_modified_time":"2022-02-01T09:12:13+00:00","og_image":[{"url":"https:\/\/www.noidiqua.it\/Agliana\/wp-content\/uploads\/2017\/12\/IRENE-CAPASA-.png","type":"","width":"","height":""}],"author":"Serena Michelozzi","twitter_misc":{"Scritto da":"Serena Michelozzi","Tempo di lettura stimato":"3 minuti"},"schema":{"@context":"https:\/\/schema.org","@graph":[{"@type":"WebPage","@id":"https:\/\/www.noidiqua.it\/Agliana\/irene-capasa-ciclista-professionista\/","url":"https:\/\/www.noidiqua.it\/Agliana\/irene-capasa-ciclista-professionista\/","name":"Irene Capasa - ciclista professionista - Noi di Qua Testata giornalistica e di attualit\u00e0 di Agliana, Montale e Quarrata.","isPartOf":{"@id":"https:\/\/www.noidiqua.it\/Agliana\/#website"},"primaryImageOfPage":{"@id":"https:\/\/www.noidiqua.it\/Agliana\/irene-capasa-ciclista-professionista\/#primaryimage"},"image":{"@id":"https:\/\/www.noidiqua.it\/Agliana\/irene-capasa-ciclista-professionista\/#primaryimage"},"thumbnailUrl":"https:\/\/www.noidiqua.it\/Agliana\/wp-content\/uploads\/2017\/12\/IRENE-CAPASA-.png","datePublished":"2017-12-01T15:26:44+00:00","dateModified":"2022-02-01T09:12:13+00:00","author":{"@id":"https:\/\/www.noidiqua.it\/Agliana\/#\/schema\/person\/4763a96f0bdf332cc8a55478dbeba163"},"breadcrumb":{"@id":"https:\/\/www.noidiqua.it\/Agliana\/irene-capasa-ciclista-professionista\/#breadcrumb"},"inLanguage":"it-IT","potentialAction":[{"@type":"ReadAction","target":["https:\/\/www.noidiqua.it\/Agliana\/irene-capasa-ciclista-professionista\/"]}]},{"@type":"ImageObject","inLanguage":"it-IT","@id":"https:\/\/www.noidiqua.it\/Agliana\/irene-capasa-ciclista-professionista\/#primaryimage","url":"https:\/\/www.noidiqua.it\/Agliana\/wp-content\/uploads\/2017\/12\/IRENE-CAPASA-.png","contentUrl":"https:\/\/www.noidiqua.it\/Agliana\/wp-content\/uploads\/2017\/12\/IRENE-CAPASA-.png","width":450,"height":300},{"@type":"BreadcrumbList","@id":"https:\/\/www.noidiqua.it\/Agliana\/irene-capasa-ciclista-professionista\/#breadcrumb","itemListElement":[{"@type":"ListItem","position":1,"name":"Home","item":"https:\/\/www.noidiqua.it\/Agliana\/"},{"@type":"ListItem","position":2,"name":"Irene Capasa &#8211; ciclista professionista"}]},{"@type":"WebSite","@id":"https:\/\/www.noidiqua.it\/Agliana\/#website","url":"https:\/\/www.noidiqua.it\/Agliana\/","name":"Noi di Qua Testata giornalistica e di attualit\u00e0 di Agliana, Montale e Quarrata.","description":"Testata Giornalistica Quarrata Montale Agliana","potentialAction":[{"@type":"SearchAction","target":{"@type":"EntryPoint","urlTemplate":"https:\/\/www.noidiqua.it\/Agliana\/?s={search_term_string}"},"query-input":{"@type":"PropertyValueSpecification","valueRequired":true,"valueName":"search_term_string"}}],"inLanguage":"it-IT"},{"@type":"Person","@id":"https:\/\/www.noidiqua.it\/Agliana\/#\/schema\/person\/4763a96f0bdf332cc8a55478dbeba163","name":"Serena Michelozzi","image":{"@type":"ImageObject","inLanguage":"it-IT","@id":"https:\/\/www.noidiqua.it\/Agliana\/#\/schema\/person\/image\/","url":"https:\/\/secure.gravatar.com\/avatar\/a8efaab8953a1edb4943a89dbca993e803bf8bcf5221a8ff937a96a5b9914aab?s=96&d=mm&r=g","contentUrl":"https:\/\/secure.gravatar.com\/avatar\/a8efaab8953a1edb4943a89dbca993e803bf8bcf5221a8ff937a96a5b9914aab?s=96&d=mm&r=g","caption":"Serena Michelozzi"},"url":"https:\/\/www.noidiqua.it\/Agliana\/author\/serena-michelozzi\/"}]}},"_links":{"self":[{"href":"https:\/\/www.noidiqua.it\/Agliana\/wp-json\/wp\/v2\/posts\/4945","targetHints":{"allow":["GET"]}}],"collection":[{"href":"https:\/\/www.noidiqua.it\/Agliana\/wp-json\/wp\/v2\/posts"}],"about":[{"href":"https:\/\/www.noidiqua.it\/Agliana\/wp-json\/wp\/v2\/types\/post"}],"author":[{"embeddable":true,"href":"https:\/\/www.noidiqua.it\/Agliana\/wp-json\/wp\/v2\/users\/101011"}],"replies":[{"embeddable":true,"href":"https:\/\/www.noidiqua.it\/Agliana\/wp-json\/wp\/v2\/comments?post=4945"}],"version-history":[{"count":6,"href":"https:\/\/www.noidiqua.it\/Agliana\/wp-json\/wp\/v2\/posts\/4945\/revisions"}],"predecessor-version":[{"id":6852,"href":"https:\/\/www.noidiqua.it\/Agliana\/wp-json\/wp\/v2\/posts\/4945\/revisions\/6852"}],"wp:attachment":[{"href":"https:\/\/www.noidiqua.it\/Agliana\/wp-json\/wp\/v2\/media?parent=4945"}],"wp:term":[{"taxonomy":"category","embeddable":true,"href":"https:\/\/www.noidiqua.it\/Agliana\/wp-json\/wp\/v2\/categories?post=4945"},{"taxonomy":"post_tag","embeddable":true,"href":"https:\/\/www.noidiqua.it\/Agliana\/wp-json\/wp\/v2\/tags?post=4945"}],"curies":[{"name":"wp","href":"https:\/\/api.w.org\/{rel}","templated":true}]}}