{"id":4964,"date":"2017-12-01T18:00:23","date_gmt":"2017-12-01T17:00:23","guid":{"rendered":"https:\/\/www.noidiqua.it\/Agliana\/?p=4964"},"modified":"2022-02-01T10:46:51","modified_gmt":"2022-02-01T09:46:51","slug":"biblioteca-comunale-la-storia-presente-futuro","status":"publish","type":"post","link":"https:\/\/www.noidiqua.it\/Agliana\/biblioteca-comunale-la-storia-presente-futuro\/","title":{"rendered":"Biblioteca comunale &#8211; la storia, il presente e il futuro"},"content":{"rendered":"<p><em>di Piera Salvi<\/em><\/p>\n<div><i>dicembre 2017<\/i><\/div>\n<div><a href=\"https:\/\/www.noidiqua.it\/Agliana\/wp-content\/uploads\/2017\/12\/BIBLIOTECA-3.png\" rel=\"wp-prettyPhoto[4964]\"><img loading=\"lazy\" decoding=\"async\" class=\"aligncenter size-full wp-image-6867\" src=\"https:\/\/www.noidiqua.it\/Agliana\/wp-content\/uploads\/2017\/12\/BIBLIOTECA-3.png\" alt=\"\" width=\"450\" height=\"241\" srcset=\"https:\/\/www.noidiqua.it\/Agliana\/wp-content\/uploads\/2017\/12\/BIBLIOTECA-3.png 450w, https:\/\/www.noidiqua.it\/Agliana\/wp-content\/uploads\/2017\/12\/BIBLIOTECA-3-300x161.png 300w\" sizes=\"auto, (max-width: 450px) 100vw, 450px\" \/><\/a><\/div>\n<div><\/div>\n<p class=\"p1\" style=\"text-align: justify;\"><strong>La biblioteca comunale<\/strong> di <strong>Agliana<\/strong> compie 46 anni: \u00e8 nata nel dicembre 1971 in via della Libert\u00e0, su iniziativa del professor <a href=\"https:\/\/www.noidiqua.it\/Agliana\/renato-risaliti\/\"><strong>Renato Risaliti<\/strong><\/a> quando era <strong>assessore alla cultura<\/strong>. Risaliti, storico, docente universitario e scrittore, divenne poi sindaco di Agliana dal 1975 al 1980. La biblioteca si trasfer\u00ec successivamente in via Trento e poi nel vecchio palazzo comunale, dove rest\u00f2 fino al 1999, quando prese sede in via Goldoni nella palazzina della Provincia annessa all\u2019i<strong>stituto Capitini<\/strong>, in quegli anni rimasta vuota per un calo d\u2019iscritti alla scuola superiore.<\/p>\n<p class=\"p1\" style=\"text-align: justify;\">Fino all\u2019agosto del 1991 la biblioteca comunale fu gestita da\u00a0<strong>Angela Marcesini<\/strong>, tragicamente scomparsa a 41 anni, in un naufragio mentre era in vacanza nelle Isole Filippine. Angela aveva tra le sue pi\u00f9 grandi passioni la biblioteca e i viaggi. In biblioteca era una presenza impegnata e competente, di una tranquillit\u00e0 disarmante, disponibile ma ferma nelle proprie convinzioni. Era dotata di una risata improvvisa, prorompente, coinvolgente, che tutti quelli che l\u2019hanno conosciuta non potranno mai dimenticare. A lei \u00e8 stata successivamente intitolata la biblioteca comunale e nel 2011, per ricordare venti anni dalla sua scomparsa, proprio in biblioteca venne allestita una mostra fotografica a lei dedicata, su iniziativa del fotografo aglianese <strong>Daniele Neri<\/strong>, con la collaborazione di tanti amici di Angela.<\/p>\n<p><a href=\"https:\/\/www.noidiqua.it\/Agliana\/wp-content\/uploads\/2017\/12\/BIBLIOTECA-.png\" rel=\"wp-prettyPhoto[4964]\"><img loading=\"lazy\" decoding=\"async\" class=\"aligncenter size-full wp-image-6868\" src=\"https:\/\/www.noidiqua.it\/Agliana\/wp-content\/uploads\/2017\/12\/BIBLIOTECA-.png\" alt=\"\" width=\"285\" height=\"380\" srcset=\"https:\/\/www.noidiqua.it\/Agliana\/wp-content\/uploads\/2017\/12\/BIBLIOTECA-.png 285w, https:\/\/www.noidiqua.it\/Agliana\/wp-content\/uploads\/2017\/12\/BIBLIOTECA--225x300.png 225w\" sizes=\"auto, (max-width: 285px) 100vw, 285px\" \/><\/a><\/p>\n<p class=\"p1\" style=\"text-align: justify;\">Dopo di lei la direzione della biblioteca comunale aglianese pass\u00f2 a <strong>Riccardo Bruni<\/strong>, altra presenza fondamentale per il funzionamento e la crescita della biblioteca. Come Angela, anche Riccardo sentiva la biblioteca come una seconda casa e si \u00e8 prodigato per migliorare i servizi. La biblioteca Marcesini \u00e8 entrata a far parte della rete documentaria della provincia di Pistoia (<strong>Redop<\/strong>) e nel 2014 \u00e8 arrivata a collocarsi al secondo posto in provincia (dopo la San Giorgio di Pistoia), per prestiti in uscita. Ma nel 2015 \u00e8 costretta ancora al trasloco, perch\u00e9 al Capitini servono di nuovo le aule della palazzina distaccata. Cos\u00ec l\u2019amministrazione comunale trova una sede provvisoria nella <strong>sala Laura Conti<\/strong>, nei locali ex Coop, sopra la<strong> Casa della salute<\/strong>, in via Curiel. I locali di propriet\u00e0 del Comune, sono stati resi accoglienti, ma insufficienti, tanto che per l\u2019archivio e il magazzino, il Comune ha ripreso in affitto l\u2019ex <strong>polispazio Hellana<\/strong>, il cui contratto era stato disdetto con l\u2019apertura del teatro Moderno.<\/p>\n<p class=\"p1\" style=\"text-align: justify;\">Purtroppo il 24 maggio 2017, Riccardo Bruni \u00e8 venuto a mancare. Per ventiquattro anni \u00e8 stato direttore della biblioteca Marcesini, una presenza professionale, disponibile e rassicurante, sempre pronto al sorriso. Riccardo aveva 56 anni ed \u00e8 stato stroncato da una grave malattia che l\u2019aveva colpito pochi mesi prima. Ha lasciato in tutti disorientamento e un grande vuoto, ma non \u00e8 venuto meno l\u2019impegno per tenere viva e attiva la biblioteca comunale, grazie alla professionalit\u00e0 e passione delle attuali bibliotecarie, <strong>Pina Fiera<\/strong> e <a href=\"https:\/\/www.noidiqua.it\/Agliana\/debora-bonacchi-il-sogno-il-silenzio-la-nascita\/\"><strong>Debora Bonacchi<\/strong><\/a>, oltre alle nuove iniziative dell\u2019amministrazione comunale, che nei mesi di ottobre e novembre, ha attivato una vera novit\u00e0, il Pronto soccorso informatico, in collaborazione con la rete Redop, per dare agli utenti un servizio gratuito di consulenza su uso del Pc, Smartphone e social. Quest\u2019ultima novit\u00e0 si aggiunge alla lunga, intensa e varia attivit\u00e0 svolta dalla biblioteca dal 1971 ad oggi. Da struttura di promozione culturale a vasto raggio, che ha gestito anche la locale scuola di musica, corsi di lingue, visite guidate a ville e mostre d\u2019arte, \u00e8 passata con il tempo a focalizzarsi su temi pi\u00f9 strettamente da biblioteca, come il servizio informativo e di prestito, la promozione lettura e della storia locale, pur non rinunciando ad organizzare attivit\u00e0 promozionali di vario tipo.<\/p>\n<p><a href=\"https:\/\/www.noidiqua.it\/Agliana\/wp-content\/uploads\/2017\/12\/BIBLIOTECA-2.png\" rel=\"wp-prettyPhoto[4964]\"><img loading=\"lazy\" decoding=\"async\" class=\"aligncenter  wp-image-6869\" src=\"https:\/\/www.noidiqua.it\/Agliana\/wp-content\/uploads\/2017\/12\/BIBLIOTECA-2.png\" alt=\"\" width=\"374\" height=\"350\" srcset=\"https:\/\/www.noidiqua.it\/Agliana\/wp-content\/uploads\/2017\/12\/BIBLIOTECA-2.png 450w, https:\/\/www.noidiqua.it\/Agliana\/wp-content\/uploads\/2017\/12\/BIBLIOTECA-2-300x281.png 300w\" sizes=\"auto, (max-width: 374px) 100vw, 374px\" \/><\/a><\/p>\n<p class=\"p1\" style=\"text-align: justify;\">Recentemente, il sindaco <strong>Giacomo Mangoni<\/strong> ha manifestato l\u2019intenzione dell\u2019amministrazione comunale di acquistare i locali della Provincia di Pistoia in via Giovanni XXIII (ex distretto Asl che ora ospita temporaneamente il nido comunale) per dare una sede definitiva alla biblioteca comunale di Agliana. Una soluzione che potrebbe anche consentire di recuperare i 400.000 euro che la Provincia deve restituire al Comune di Agliana, in base alla sentenza sull\u2019esproprio dell\u2019area Capitini. L\u2019auspicio, dunque, \u00e8 che la biblioteca comunale possa compiere il mezzo secolo di vita in un edificio che sia finalmente la sede definitiva che, nel caso dei locali ex Asl, sarebbe anche completamente a piano terra e quindi con la massima accessibilit\u00e0 per tutti.<\/p>\n<p><i>(La foto di Angela Marcesini \u00e8 di Daniele Neri)<\/i><\/p>","protected":false},"excerpt":{"rendered":"<p>di Piera Salvi dicembre 2017 La biblioteca comunale di Agliana compie 46 anni: \u00e8 nata nel dicembre 1971 in via della Libert\u00e0, su iniziativa del professor Renato Risaliti quando era assessore alla cultura. Risaliti, storico, docente universitario e scrittore, divenne poi sindaco di Agliana dal 1975 al [&hellip;]<\/p>","protected":false},"author":13,"featured_media":0,"comment_status":"open","ping_status":"open","sticky":false,"template":"","format":"standard","meta":{"footnotes":""},"categories":[2,16],"tags":[37,229,1374,228,1257,1378,326,1375,1379,225,231,227,1154,1377,1376],"class_list":["post-4964","post","type-post","status-publish","format-standard","hentry","category-ag","category-storia-qt","tag-ag-ag","tag-angela-marcesini","tag-assessore-alla-cultura","tag-casa-della-salute","tag-daniele-neri","tag-debora-bonacchi","tag-giacomo-mangoni","tag-la-biblioteca-comunale","tag-pina-fiera","tag-polispazio-hellana","tag-redop","tag-renato-risaliti","tag-riccardo-bruni","tag-sala-laura-conti","tag-stituto-capitini"],"yoast_head":"<!-- This site is optimized with the Yoast SEO plugin v25.5 - https:\/\/yoast.com\/wordpress\/plugins\/seo\/ -->\n<title>Biblioteca comunale - la storia, il presente e il futuro - Noi di Qua Testata giornalistica e di attualit\u00e0 di Agliana, Montale e Quarrata.<\/title>\n<meta name=\"robots\" content=\"index, follow, max-snippet:-1, max-image-preview:large, max-video-preview:-1\" \/>\n<link rel=\"canonical\" href=\"https:\/\/www.noidiqua.it\/Agliana\/biblioteca-comunale-la-storia-presente-futuro\/\" \/>\n<meta property=\"og:locale\" content=\"it_IT\" \/>\n<meta property=\"og:type\" content=\"article\" \/>\n<meta property=\"og:title\" content=\"Biblioteca comunale - la storia, il presente e il futuro - Noi di Qua Testata giornalistica e di attualit\u00e0 di Agliana, Montale e Quarrata.\" \/>\n<meta property=\"og:description\" content=\"di Piera Salvi dicembre 2017 La biblioteca comunale di Agliana compie 46 anni: \u00e8 nata nel dicembre 1971 in via della Libert\u00e0, su iniziativa del professor Renato Risaliti quando era assessore alla cultura. Risaliti, storico, docente universitario e scrittore, divenne poi sindaco di Agliana dal 1975 al [&hellip;]\" \/>\n<meta property=\"og:url\" content=\"https:\/\/www.noidiqua.it\/Agliana\/biblioteca-comunale-la-storia-presente-futuro\/\" \/>\n<meta property=\"og:site_name\" content=\"Noi di Qua Testata giornalistica e di attualit\u00e0 di Agliana, Montale e Quarrata.\" \/>\n<meta property=\"article:publisher\" content=\"https:\/\/www.facebook.com\/noidiqua.trimestrale\/\" \/>\n<meta property=\"article:published_time\" content=\"2017-12-01T17:00:23+00:00\" \/>\n<meta property=\"article:modified_time\" content=\"2022-02-01T09:46:51+00:00\" \/>\n<meta property=\"og:image\" content=\"https:\/\/www.noidiqua.it\/Agliana\/wp-content\/uploads\/2017\/12\/BIBLIOTECA-3.png\" \/>\n<meta name=\"author\" content=\"Piera Salvi\" \/>\n<meta name=\"twitter:label1\" content=\"Scritto da\" \/>\n\t<meta name=\"twitter:data1\" content=\"Piera Salvi\" \/>\n\t<meta name=\"twitter:label2\" content=\"Tempo di lettura stimato\" \/>\n\t<meta name=\"twitter:data2\" content=\"3 minuti\" \/>\n<script type=\"application\/ld+json\" class=\"yoast-schema-graph\">{\"@context\":\"https:\/\/schema.org\",\"@graph\":[{\"@type\":\"WebPage\",\"@id\":\"https:\/\/www.noidiqua.it\/Agliana\/biblioteca-comunale-la-storia-presente-futuro\/\",\"url\":\"https:\/\/www.noidiqua.it\/Agliana\/biblioteca-comunale-la-storia-presente-futuro\/\",\"name\":\"Biblioteca comunale - la storia, il presente e il futuro - Noi di Qua Testata giornalistica e di attualit\u00e0 di Agliana, Montale e Quarrata.\",\"isPartOf\":{\"@id\":\"https:\/\/www.noidiqua.it\/Agliana\/#website\"},\"primaryImageOfPage\":{\"@id\":\"https:\/\/www.noidiqua.it\/Agliana\/biblioteca-comunale-la-storia-presente-futuro\/#primaryimage\"},\"image\":{\"@id\":\"https:\/\/www.noidiqua.it\/Agliana\/biblioteca-comunale-la-storia-presente-futuro\/#primaryimage\"},\"thumbnailUrl\":\"https:\/\/www.noidiqua.it\/Agliana\/wp-content\/uploads\/2017\/12\/BIBLIOTECA-3.png\",\"datePublished\":\"2017-12-01T17:00:23+00:00\",\"dateModified\":\"2022-02-01T09:46:51+00:00\",\"author\":{\"@id\":\"https:\/\/www.noidiqua.it\/Agliana\/#\/schema\/person\/bb7515c2330bb1137f247276096fa7dc\"},\"breadcrumb\":{\"@id\":\"https:\/\/www.noidiqua.it\/Agliana\/biblioteca-comunale-la-storia-presente-futuro\/#breadcrumb\"},\"inLanguage\":\"it-IT\",\"potentialAction\":[{\"@type\":\"ReadAction\",\"target\":[\"https:\/\/www.noidiqua.it\/Agliana\/biblioteca-comunale-la-storia-presente-futuro\/\"]}]},{\"@type\":\"ImageObject\",\"inLanguage\":\"it-IT\",\"@id\":\"https:\/\/www.noidiqua.it\/Agliana\/biblioteca-comunale-la-storia-presente-futuro\/#primaryimage\",\"url\":\"https:\/\/www.noidiqua.it\/Agliana\/wp-content\/uploads\/2017\/12\/BIBLIOTECA-3.png\",\"contentUrl\":\"https:\/\/www.noidiqua.it\/Agliana\/wp-content\/uploads\/2017\/12\/BIBLIOTECA-3.png\",\"width\":450,\"height\":241},{\"@type\":\"BreadcrumbList\",\"@id\":\"https:\/\/www.noidiqua.it\/Agliana\/biblioteca-comunale-la-storia-presente-futuro\/#breadcrumb\",\"itemListElement\":[{\"@type\":\"ListItem\",\"position\":1,\"name\":\"Home\",\"item\":\"https:\/\/www.noidiqua.it\/Agliana\/\"},{\"@type\":\"ListItem\",\"position\":2,\"name\":\"Biblioteca comunale &#8211; la storia, il presente e il futuro\"}]},{\"@type\":\"WebSite\",\"@id\":\"https:\/\/www.noidiqua.it\/Agliana\/#website\",\"url\":\"https:\/\/www.noidiqua.it\/Agliana\/\",\"name\":\"Noi di Qua Testata giornalistica e di attualit\u00e0 di Agliana, Montale e Quarrata.\",\"description\":\"Testata Giornalistica Quarrata Montale Agliana\",\"potentialAction\":[{\"@type\":\"SearchAction\",\"target\":{\"@type\":\"EntryPoint\",\"urlTemplate\":\"https:\/\/www.noidiqua.it\/Agliana\/?s={search_term_string}\"},\"query-input\":{\"@type\":\"PropertyValueSpecification\",\"valueRequired\":true,\"valueName\":\"search_term_string\"}}],\"inLanguage\":\"it-IT\"},{\"@type\":\"Person\",\"@id\":\"https:\/\/www.noidiqua.it\/Agliana\/#\/schema\/person\/bb7515c2330bb1137f247276096fa7dc\",\"name\":\"Piera Salvi\",\"image\":{\"@type\":\"ImageObject\",\"inLanguage\":\"it-IT\",\"@id\":\"https:\/\/www.noidiqua.it\/Agliana\/#\/schema\/person\/image\/\",\"url\":\"https:\/\/secure.gravatar.com\/avatar\/2f9b1fb6e13f3b3e63bde435d999a73be036e320f7a0f5f32f9ac21859d999cd?s=96&d=mm&r=g\",\"contentUrl\":\"https:\/\/secure.gravatar.com\/avatar\/2f9b1fb6e13f3b3e63bde435d999a73be036e320f7a0f5f32f9ac21859d999cd?s=96&d=mm&r=g\",\"caption\":\"Piera Salvi\"},\"url\":\"https:\/\/www.noidiqua.it\/Agliana\/author\/piera-salvi\/\"}]}<\/script>\n<!-- \/ Yoast SEO plugin. -->","yoast_head_json":{"title":"Biblioteca comunale - la storia, il presente e il futuro - Noi di Qua Testata giornalistica e di attualit\u00e0 di Agliana, Montale e Quarrata.","robots":{"index":"index","follow":"follow","max-snippet":"max-snippet:-1","max-image-preview":"max-image-preview:large","max-video-preview":"max-video-preview:-1"},"canonical":"https:\/\/www.noidiqua.it\/Agliana\/biblioteca-comunale-la-storia-presente-futuro\/","og_locale":"it_IT","og_type":"article","og_title":"Biblioteca comunale - la storia, il presente e il futuro - Noi di Qua Testata giornalistica e di attualit\u00e0 di Agliana, Montale e Quarrata.","og_description":"di Piera Salvi dicembre 2017 La biblioteca comunale di Agliana compie 46 anni: \u00e8 nata nel dicembre 1971 in via della Libert\u00e0, su iniziativa del professor Renato Risaliti quando era assessore alla cultura. Risaliti, storico, docente universitario e scrittore, divenne poi sindaco di Agliana dal 1975 al [&hellip;]","og_url":"https:\/\/www.noidiqua.it\/Agliana\/biblioteca-comunale-la-storia-presente-futuro\/","og_site_name":"Noi di Qua Testata giornalistica e di attualit\u00e0 di Agliana, Montale e Quarrata.","article_publisher":"https:\/\/www.facebook.com\/noidiqua.trimestrale\/","article_published_time":"2017-12-01T17:00:23+00:00","article_modified_time":"2022-02-01T09:46:51+00:00","og_image":[{"url":"https:\/\/www.noidiqua.it\/Agliana\/wp-content\/uploads\/2017\/12\/BIBLIOTECA-3.png","type":"","width":"","height":""}],"author":"Piera Salvi","twitter_misc":{"Scritto da":"Piera Salvi","Tempo di lettura stimato":"3 minuti"},"schema":{"@context":"https:\/\/schema.org","@graph":[{"@type":"WebPage","@id":"https:\/\/www.noidiqua.it\/Agliana\/biblioteca-comunale-la-storia-presente-futuro\/","url":"https:\/\/www.noidiqua.it\/Agliana\/biblioteca-comunale-la-storia-presente-futuro\/","name":"Biblioteca comunale - la storia, il presente e il futuro - Noi di Qua Testata giornalistica e di attualit\u00e0 di Agliana, Montale e Quarrata.","isPartOf":{"@id":"https:\/\/www.noidiqua.it\/Agliana\/#website"},"primaryImageOfPage":{"@id":"https:\/\/www.noidiqua.it\/Agliana\/biblioteca-comunale-la-storia-presente-futuro\/#primaryimage"},"image":{"@id":"https:\/\/www.noidiqua.it\/Agliana\/biblioteca-comunale-la-storia-presente-futuro\/#primaryimage"},"thumbnailUrl":"https:\/\/www.noidiqua.it\/Agliana\/wp-content\/uploads\/2017\/12\/BIBLIOTECA-3.png","datePublished":"2017-12-01T17:00:23+00:00","dateModified":"2022-02-01T09:46:51+00:00","author":{"@id":"https:\/\/www.noidiqua.it\/Agliana\/#\/schema\/person\/bb7515c2330bb1137f247276096fa7dc"},"breadcrumb":{"@id":"https:\/\/www.noidiqua.it\/Agliana\/biblioteca-comunale-la-storia-presente-futuro\/#breadcrumb"},"inLanguage":"it-IT","potentialAction":[{"@type":"ReadAction","target":["https:\/\/www.noidiqua.it\/Agliana\/biblioteca-comunale-la-storia-presente-futuro\/"]}]},{"@type":"ImageObject","inLanguage":"it-IT","@id":"https:\/\/www.noidiqua.it\/Agliana\/biblioteca-comunale-la-storia-presente-futuro\/#primaryimage","url":"https:\/\/www.noidiqua.it\/Agliana\/wp-content\/uploads\/2017\/12\/BIBLIOTECA-3.png","contentUrl":"https:\/\/www.noidiqua.it\/Agliana\/wp-content\/uploads\/2017\/12\/BIBLIOTECA-3.png","width":450,"height":241},{"@type":"BreadcrumbList","@id":"https:\/\/www.noidiqua.it\/Agliana\/biblioteca-comunale-la-storia-presente-futuro\/#breadcrumb","itemListElement":[{"@type":"ListItem","position":1,"name":"Home","item":"https:\/\/www.noidiqua.it\/Agliana\/"},{"@type":"ListItem","position":2,"name":"Biblioteca comunale &#8211; la storia, il presente e il futuro"}]},{"@type":"WebSite","@id":"https:\/\/www.noidiqua.it\/Agliana\/#website","url":"https:\/\/www.noidiqua.it\/Agliana\/","name":"Noi di Qua Testata giornalistica e di attualit\u00e0 di Agliana, Montale e Quarrata.","description":"Testata Giornalistica Quarrata Montale Agliana","potentialAction":[{"@type":"SearchAction","target":{"@type":"EntryPoint","urlTemplate":"https:\/\/www.noidiqua.it\/Agliana\/?s={search_term_string}"},"query-input":{"@type":"PropertyValueSpecification","valueRequired":true,"valueName":"search_term_string"}}],"inLanguage":"it-IT"},{"@type":"Person","@id":"https:\/\/www.noidiqua.it\/Agliana\/#\/schema\/person\/bb7515c2330bb1137f247276096fa7dc","name":"Piera Salvi","image":{"@type":"ImageObject","inLanguage":"it-IT","@id":"https:\/\/www.noidiqua.it\/Agliana\/#\/schema\/person\/image\/","url":"https:\/\/secure.gravatar.com\/avatar\/2f9b1fb6e13f3b3e63bde435d999a73be036e320f7a0f5f32f9ac21859d999cd?s=96&d=mm&r=g","contentUrl":"https:\/\/secure.gravatar.com\/avatar\/2f9b1fb6e13f3b3e63bde435d999a73be036e320f7a0f5f32f9ac21859d999cd?s=96&d=mm&r=g","caption":"Piera Salvi"},"url":"https:\/\/www.noidiqua.it\/Agliana\/author\/piera-salvi\/"}]}},"_links":{"self":[{"href":"https:\/\/www.noidiqua.it\/Agliana\/wp-json\/wp\/v2\/posts\/4964","targetHints":{"allow":["GET"]}}],"collection":[{"href":"https:\/\/www.noidiqua.it\/Agliana\/wp-json\/wp\/v2\/posts"}],"about":[{"href":"https:\/\/www.noidiqua.it\/Agliana\/wp-json\/wp\/v2\/types\/post"}],"author":[{"embeddable":true,"href":"https:\/\/www.noidiqua.it\/Agliana\/wp-json\/wp\/v2\/users\/13"}],"replies":[{"embeddable":true,"href":"https:\/\/www.noidiqua.it\/Agliana\/wp-json\/wp\/v2\/comments?post=4964"}],"version-history":[{"count":8,"href":"https:\/\/www.noidiqua.it\/Agliana\/wp-json\/wp\/v2\/posts\/4964\/revisions"}],"predecessor-version":[{"id":6870,"href":"https:\/\/www.noidiqua.it\/Agliana\/wp-json\/wp\/v2\/posts\/4964\/revisions\/6870"}],"wp:attachment":[{"href":"https:\/\/www.noidiqua.it\/Agliana\/wp-json\/wp\/v2\/media?parent=4964"}],"wp:term":[{"taxonomy":"category","embeddable":true,"href":"https:\/\/www.noidiqua.it\/Agliana\/wp-json\/wp\/v2\/categories?post=4964"},{"taxonomy":"post_tag","embeddable":true,"href":"https:\/\/www.noidiqua.it\/Agliana\/wp-json\/wp\/v2\/tags?post=4964"}],"curies":[{"name":"wp","href":"https:\/\/api.w.org\/{rel}","templated":true}]}}