{"id":5056,"date":"2018-03-13T17:18:08","date_gmt":"2018-03-13T16:18:08","guid":{"rendered":"https:\/\/www.noidiqua.it\/Agliana\/?p=5056"},"modified":"2022-01-28T09:28:26","modified_gmt":"2022-01-28T08:28:26","slug":"daniele-neri-sempre-movimento-dietro-lobiettivo","status":"publish","type":"post","link":"https:\/\/www.noidiqua.it\/Agliana\/daniele-neri-sempre-movimento-dietro-lobiettivo\/","title":{"rendered":"Daniele Neri &#8211; sempre in movimento, dietro l&#8217;obiettivo"},"content":{"rendered":"<p><em>di Piera Salvi\u00a0<\/em><\/p>\n<p><i>marzo 2018<\/i><\/p>\n<p><a href=\"https:\/\/www.noidiqua.it\/Agliana\/wp-content\/uploads\/2018\/03\/Daniela-Neri.png\" rel=\"wp-prettyPhoto[5056]\"><img loading=\"lazy\" decoding=\"async\" class=\"aligncenter size-full wp-image-6796\" src=\"https:\/\/www.noidiqua.it\/Agliana\/wp-content\/uploads\/2018\/03\/Daniela-Neri.png\" alt=\"\" width=\"505\" height=\"383\" srcset=\"https:\/\/www.noidiqua.it\/Agliana\/wp-content\/uploads\/2018\/03\/Daniela-Neri.png 505w, https:\/\/www.noidiqua.it\/Agliana\/wp-content\/uploads\/2018\/03\/Daniela-Neri-300x228.png 300w\" sizes=\"auto, (max-width: 505px) 100vw, 505px\" \/><\/a><\/p>\n<p class=\"p1\" style=\"text-align: justify;\">Ama il <strong>paesaggio<\/strong>, lo attraversa sui <strong>pedali<\/strong> e lo immortala con l\u2019<strong>obiettivo<\/strong>. E&#8217;\u00a0<strong>Daniele Neri<\/strong>, fotografo che predilige la natura e appassionato di <strong>bicicletta<\/strong>, in particolare la <strong>mountain bike<\/strong>. <i>\u00abLa bicicletta \u00e8 un mezzo che mi fa entrare in contatto con il paesaggio\u00bb <\/i>spiega. <i>\u00abIo sono sfrontato, ma sono anche timido se devo mettere l\u2019obiettivo davanti a una persona. Con la mountain bike posso entrare in un bosco e scoprirne la vita. Mi piace fotografare il paesaggio perch\u00e9 mi d\u00e0 pace, tranquillit\u00e0 e posso fotografarlo senza intermediazioni\u00bb<\/i>.<\/p>\n<p><a href=\"https:\/\/www.noidiqua.it\/Agliana\/wp-content\/uploads\/2018\/03\/DANIELE-NERI-2.png\" rel=\"wp-prettyPhoto[5056]\"><img loading=\"lazy\" decoding=\"async\" class=\"aligncenter size-full wp-image-6799\" src=\"https:\/\/www.noidiqua.it\/Agliana\/wp-content\/uploads\/2018\/03\/DANIELE-NERI-2.png\" alt=\"\" width=\"450\" height=\"337\" srcset=\"https:\/\/www.noidiqua.it\/Agliana\/wp-content\/uploads\/2018\/03\/DANIELE-NERI-2.png 450w, https:\/\/www.noidiqua.it\/Agliana\/wp-content\/uploads\/2018\/03\/DANIELE-NERI-2-300x225.png 300w\" sizes=\"auto, (max-width: 450px) 100vw, 450px\" \/><\/a><\/p>\n<p class=\"p3\" style=\"text-align: justify;\"><span class=\"s1\"><b>Come \u00e8 nata la passione per la fotografia?<\/b><\/span><\/p>\n<p class=\"p1\" style=\"text-align: justify;\"><i>\u00abGi\u00e0 da adolescente mi incuriosiva la macchina fotografica che aveva mio padre. La vera passione \u00e8 nata quando avevo circa venti anni e si costitu\u00ec ad Agliana il <strong>Gruppo fotografico aglianese<\/strong>. Nei primi anni Ottanta il gruppo cominci\u00f2 a fare mostre fotografiche che documentavano ricerche e storia del paese. Il gruppo rimase attivo pochi anni, ma io ormai mi ero appassionato alla fotografia e proseguii per conto mio, facendo diventare la passione una professione. Aprii il negozio <strong>Photostudio<\/strong> in via Fratelli Cervi che rimase attivo fino al 1997. La mia attivit\u00e0 di fotografo mi ha consentito di seguire tutte le manifestazioni aglianesi. Nel 1993 entrai nel <a href=\"https:\/\/www.noidiqua.it\/Agliana\/agliana-mallemort-de-provence-21-anni-gemellaggio\/\">comitato del gemellaggio<\/a> fra Agliana e <strong>Mallemort de Provence<\/strong>, come fotografo ufficiale del gemellaggio e, oltre a documentare tutte le attivit\u00e0 di scambio fra le due comunit\u00e0, ho sviluppato tante amicizie con i francesi. Questa esperienza mi ha talmente coinvolto fino a diventare presidente dell\u2019associazione <strong>Amici di Antropos<\/strong>, che si occupa del gemellaggio. Recentemente ho creato una pagina Facebook con l\u2019intento di raccogliere materiale fotografico che possa raccontare il passato e il presente di Agliana\u00bb<\/i>.<\/p>\n<p><a href=\"https:\/\/www.noidiqua.it\/Agliana\/wp-content\/uploads\/2018\/03\/DANIELE-NERI-1.png\" rel=\"wp-prettyPhoto[5056]\"><img loading=\"lazy\" decoding=\"async\" class=\"aligncenter size-full wp-image-6797\" src=\"https:\/\/www.noidiqua.it\/Agliana\/wp-content\/uploads\/2018\/03\/DANIELE-NERI-1.png\" alt=\"\" width=\"450\" height=\"338\" srcset=\"https:\/\/www.noidiqua.it\/Agliana\/wp-content\/uploads\/2018\/03\/DANIELE-NERI-1.png 450w, https:\/\/www.noidiqua.it\/Agliana\/wp-content\/uploads\/2018\/03\/DANIELE-NERI-1-300x225.png 300w\" sizes=\"auto, (max-width: 450px) 100vw, 450px\" \/><\/a><\/p>\n<p>&nbsp;<\/p>\n<p class=\"p3\" style=\"text-align: justify;\"><span class=\"s1\"><b>E la passione per la mountain bike?<\/b><\/span><\/p>\n<p class=\"p1\" style=\"text-align: justify;\"><i>\u00abE&#8217; nata verso i trent\u2019anni. Mi coinvolse un amico. Abbiamo formato un gruppo, che nel 2011 si \u00e8 costituito come <strong>Gruppo Mtb Circolino<\/strong>. Ci ritroviamo ogni sabato alle 13.45, al <strong>Circolino di San Niccol\u00f2<\/strong> per fare percorsi di tre o quattro ore. Ci definiamo \u201cQuelli del sabato un quarto alle due\u201d. Durante l\u2019anno, facciamo anche un paio di percorsi pi\u00f9 impegnativi: abbiamo fatto l\u2019Eroica, la Spoleto-Norcia e la <strong>Francigena<\/strong> da Fucecchio a San Gimignano. Quest\u2019anno abbiamo programmato San Gimignano-Siena per il 7 aprile\u00bb<\/i>.<\/p>\n<p class=\"p3\" style=\"text-align: justify;\"><span class=\"s1\"><b>Nel 2017 ti sei avventurato sui pedali, da solo, fino a Santiago de Compostela. Perch\u00e9 questa avventura solitaria?<\/b><\/span><\/p>\n<p class=\"p1\" style=\"text-align: justify;\"><i>\u00abNel 2013 ero andato in bicicletta a Mallemort de Provence con l\u2019assessore Italo Fontana. Questa volta ho deciso di avventurarmi da solo alla ricerca della tranquillit\u00e0, per ammirare il paesaggio e mettermi alla prova con me stesso, anche se ho mantenuto la mia consueta propensione a socializzare. Ho fatto tappa anche a Mallemort de Provence. E\u2019 stata un\u2019esperienza indimenticabile. Non credo ancora a quello che ho fatto. Avevo un grande stimolo, l\u2019obiettivo era raggiungere la meta. Questo mi ha dato l\u2019energia. E\u2019 stato bellissimo anche condividere questa esperienza con tanti altri aglianesi che hanno fatto il <strong>Cammino di Santiago<\/strong>, nella serata che ho organizzato successivamente al teatro Moderno di Agliana\u00bb<\/i>.<\/p>\n<p><a href=\"https:\/\/www.noidiqua.it\/Agliana\/wp-content\/uploads\/2018\/03\/DANIELE-NERI-.png\" rel=\"wp-prettyPhoto[5056]\"><img loading=\"lazy\" decoding=\"async\" class=\"aligncenter size-full wp-image-6798\" src=\"https:\/\/www.noidiqua.it\/Agliana\/wp-content\/uploads\/2018\/03\/DANIELE-NERI-.png\" alt=\"\" width=\"450\" height=\"240\" srcset=\"https:\/\/www.noidiqua.it\/Agliana\/wp-content\/uploads\/2018\/03\/DANIELE-NERI-.png 450w, https:\/\/www.noidiqua.it\/Agliana\/wp-content\/uploads\/2018\/03\/DANIELE-NERI--300x160.png 300w\" sizes=\"auto, (max-width: 450px) 100vw, 450px\" \/><\/a><\/p>\n<p class=\"p3\" style=\"text-align: justify;\"><span class=\"s1\"><b>Quale sar\u00e0 la prossima avventura? <\/b><\/span><\/p>\n<p class=\"p1\" style=\"text-align: justify;\"><i>\u00abNon lo so. Per ora non sento la necessit\u00e0. Vedremo in futuro. Ho poche passioni perch\u00e9 per me \u00e8 importante coltivarle bene\u00bb<\/i>.<\/p>\n<p>&nbsp;<\/p>","protected":false},"excerpt":{"rendered":"<p>di Piera Salvi\u00a0 marzo 2018 Ama il paesaggio, lo attraversa sui pedali e lo immortala con l\u2019obiettivo. E&#8217;\u00a0Daniele Neri, fotografo che predilige la natura e appassionato di bicicletta, in particolare la mountain bike. \u00abLa bicicletta \u00e8 un mezzo che mi fa entrare in contatto con il paesaggio\u00bb [&hellip;]<\/p>","protected":false},"author":13,"featured_media":0,"comment_status":"open","ping_status":"open","sticky":false,"template":"","format":"standard","meta":{"footnotes":""},"categories":[2,143],"tags":[1503,47,1506,796,1257,1505,1501,1504,1258,1259,1500,1498,1499,1502],"class_list":["post-5056","post","type-post","status-publish","format-standard","hentry","category-ag","category-persone-e-personaggi","tag-amici-di-antropos","tag-bicicletta","tag-cammino-di-santiago","tag-circolino-di-san-niccolo","tag-daniele-neri","tag-francigena","tag-gruppo-fotografico-aglianese","tag-gruppo-mtb-circolino","tag-mallemort-de-provence","tag-mountain-bike","tag-obiettivo","tag-paesaggio","tag-pedali","tag-photostudio"],"yoast_head":"<!-- This site is optimized with the Yoast SEO plugin v25.5 - https:\/\/yoast.com\/wordpress\/plugins\/seo\/ -->\n<title>Daniele Neri - sempre in movimento, dietro l&#039;obiettivo - Noi di Qua Testata giornalistica e di attualit\u00e0 di Agliana, Montale e Quarrata.<\/title>\n<meta name=\"robots\" content=\"index, follow, max-snippet:-1, max-image-preview:large, max-video-preview:-1\" \/>\n<link rel=\"canonical\" href=\"https:\/\/www.noidiqua.it\/Agliana\/daniele-neri-sempre-movimento-dietro-lobiettivo\/\" \/>\n<meta property=\"og:locale\" content=\"it_IT\" \/>\n<meta property=\"og:type\" content=\"article\" \/>\n<meta property=\"og:title\" content=\"Daniele Neri - sempre in movimento, dietro l&#039;obiettivo - Noi di Qua Testata giornalistica e di attualit\u00e0 di Agliana, Montale e Quarrata.\" \/>\n<meta property=\"og:description\" content=\"di Piera Salvi\u00a0 marzo 2018 Ama il paesaggio, lo attraversa sui pedali e lo immortala con l\u2019obiettivo. E&#8217;\u00a0Daniele Neri, fotografo che predilige la natura e appassionato di bicicletta, in particolare la mountain bike. \u00abLa bicicletta \u00e8 un mezzo che mi fa entrare in contatto con il paesaggio\u00bb [&hellip;]\" \/>\n<meta property=\"og:url\" content=\"https:\/\/www.noidiqua.it\/Agliana\/daniele-neri-sempre-movimento-dietro-lobiettivo\/\" \/>\n<meta property=\"og:site_name\" content=\"Noi di Qua Testata giornalistica e di attualit\u00e0 di Agliana, Montale e Quarrata.\" \/>\n<meta property=\"article:publisher\" content=\"https:\/\/www.facebook.com\/noidiqua.trimestrale\/\" \/>\n<meta property=\"article:published_time\" content=\"2018-03-13T16:18:08+00:00\" \/>\n<meta property=\"article:modified_time\" content=\"2022-01-28T08:28:26+00:00\" \/>\n<meta property=\"og:image\" content=\"https:\/\/www.noidiqua.it\/Agliana\/wp-content\/uploads\/2018\/03\/Daniela-Neri.png\" \/>\n<meta name=\"author\" content=\"Piera Salvi\" \/>\n<meta name=\"twitter:label1\" content=\"Scritto da\" \/>\n\t<meta name=\"twitter:data1\" content=\"Piera Salvi\" \/>\n\t<meta name=\"twitter:label2\" content=\"Tempo di lettura stimato\" \/>\n\t<meta name=\"twitter:data2\" content=\"3 minuti\" \/>\n<script type=\"application\/ld+json\" class=\"yoast-schema-graph\">{\"@context\":\"https:\/\/schema.org\",\"@graph\":[{\"@type\":\"WebPage\",\"@id\":\"https:\/\/www.noidiqua.it\/Agliana\/daniele-neri-sempre-movimento-dietro-lobiettivo\/\",\"url\":\"https:\/\/www.noidiqua.it\/Agliana\/daniele-neri-sempre-movimento-dietro-lobiettivo\/\",\"name\":\"Daniele Neri - sempre in movimento, dietro l'obiettivo - Noi di Qua Testata giornalistica e di attualit\u00e0 di Agliana, Montale e Quarrata.\",\"isPartOf\":{\"@id\":\"https:\/\/www.noidiqua.it\/Agliana\/#website\"},\"primaryImageOfPage\":{\"@id\":\"https:\/\/www.noidiqua.it\/Agliana\/daniele-neri-sempre-movimento-dietro-lobiettivo\/#primaryimage\"},\"image\":{\"@id\":\"https:\/\/www.noidiqua.it\/Agliana\/daniele-neri-sempre-movimento-dietro-lobiettivo\/#primaryimage\"},\"thumbnailUrl\":\"https:\/\/www.noidiqua.it\/Agliana\/wp-content\/uploads\/2018\/03\/Daniela-Neri.png\",\"datePublished\":\"2018-03-13T16:18:08+00:00\",\"dateModified\":\"2022-01-28T08:28:26+00:00\",\"author\":{\"@id\":\"https:\/\/www.noidiqua.it\/Agliana\/#\/schema\/person\/bb7515c2330bb1137f247276096fa7dc\"},\"breadcrumb\":{\"@id\":\"https:\/\/www.noidiqua.it\/Agliana\/daniele-neri-sempre-movimento-dietro-lobiettivo\/#breadcrumb\"},\"inLanguage\":\"it-IT\",\"potentialAction\":[{\"@type\":\"ReadAction\",\"target\":[\"https:\/\/www.noidiqua.it\/Agliana\/daniele-neri-sempre-movimento-dietro-lobiettivo\/\"]}]},{\"@type\":\"ImageObject\",\"inLanguage\":\"it-IT\",\"@id\":\"https:\/\/www.noidiqua.it\/Agliana\/daniele-neri-sempre-movimento-dietro-lobiettivo\/#primaryimage\",\"url\":\"https:\/\/www.noidiqua.it\/Agliana\/wp-content\/uploads\/2018\/03\/Daniela-Neri.png\",\"contentUrl\":\"https:\/\/www.noidiqua.it\/Agliana\/wp-content\/uploads\/2018\/03\/Daniela-Neri.png\",\"width\":505,\"height\":383},{\"@type\":\"BreadcrumbList\",\"@id\":\"https:\/\/www.noidiqua.it\/Agliana\/daniele-neri-sempre-movimento-dietro-lobiettivo\/#breadcrumb\",\"itemListElement\":[{\"@type\":\"ListItem\",\"position\":1,\"name\":\"Home\",\"item\":\"https:\/\/www.noidiqua.it\/Agliana\/\"},{\"@type\":\"ListItem\",\"position\":2,\"name\":\"Daniele Neri &#8211; sempre in movimento, dietro l&#8217;obiettivo\"}]},{\"@type\":\"WebSite\",\"@id\":\"https:\/\/www.noidiqua.it\/Agliana\/#website\",\"url\":\"https:\/\/www.noidiqua.it\/Agliana\/\",\"name\":\"Noi di Qua Testata giornalistica e di attualit\u00e0 di Agliana, Montale e Quarrata.\",\"description\":\"Testata Giornalistica Quarrata Montale Agliana\",\"potentialAction\":[{\"@type\":\"SearchAction\",\"target\":{\"@type\":\"EntryPoint\",\"urlTemplate\":\"https:\/\/www.noidiqua.it\/Agliana\/?s={search_term_string}\"},\"query-input\":{\"@type\":\"PropertyValueSpecification\",\"valueRequired\":true,\"valueName\":\"search_term_string\"}}],\"inLanguage\":\"it-IT\"},{\"@type\":\"Person\",\"@id\":\"https:\/\/www.noidiqua.it\/Agliana\/#\/schema\/person\/bb7515c2330bb1137f247276096fa7dc\",\"name\":\"Piera Salvi\",\"image\":{\"@type\":\"ImageObject\",\"inLanguage\":\"it-IT\",\"@id\":\"https:\/\/www.noidiqua.it\/Agliana\/#\/schema\/person\/image\/\",\"url\":\"https:\/\/secure.gravatar.com\/avatar\/2f9b1fb6e13f3b3e63bde435d999a73be036e320f7a0f5f32f9ac21859d999cd?s=96&d=mm&r=g\",\"contentUrl\":\"https:\/\/secure.gravatar.com\/avatar\/2f9b1fb6e13f3b3e63bde435d999a73be036e320f7a0f5f32f9ac21859d999cd?s=96&d=mm&r=g\",\"caption\":\"Piera Salvi\"},\"url\":\"https:\/\/www.noidiqua.it\/Agliana\/author\/piera-salvi\/\"}]}<\/script>\n<!-- \/ Yoast SEO plugin. -->","yoast_head_json":{"title":"Daniele Neri - sempre in movimento, dietro l'obiettivo - Noi di Qua Testata giornalistica e di attualit\u00e0 di Agliana, Montale e Quarrata.","robots":{"index":"index","follow":"follow","max-snippet":"max-snippet:-1","max-image-preview":"max-image-preview:large","max-video-preview":"max-video-preview:-1"},"canonical":"https:\/\/www.noidiqua.it\/Agliana\/daniele-neri-sempre-movimento-dietro-lobiettivo\/","og_locale":"it_IT","og_type":"article","og_title":"Daniele Neri - sempre in movimento, dietro l'obiettivo - Noi di Qua Testata giornalistica e di attualit\u00e0 di Agliana, Montale e Quarrata.","og_description":"di Piera Salvi\u00a0 marzo 2018 Ama il paesaggio, lo attraversa sui pedali e lo immortala con l\u2019obiettivo. E&#8217;\u00a0Daniele Neri, fotografo che predilige la natura e appassionato di bicicletta, in particolare la mountain bike. \u00abLa bicicletta \u00e8 un mezzo che mi fa entrare in contatto con il paesaggio\u00bb [&hellip;]","og_url":"https:\/\/www.noidiqua.it\/Agliana\/daniele-neri-sempre-movimento-dietro-lobiettivo\/","og_site_name":"Noi di Qua Testata giornalistica e di attualit\u00e0 di Agliana, Montale e Quarrata.","article_publisher":"https:\/\/www.facebook.com\/noidiqua.trimestrale\/","article_published_time":"2018-03-13T16:18:08+00:00","article_modified_time":"2022-01-28T08:28:26+00:00","og_image":[{"url":"https:\/\/www.noidiqua.it\/Agliana\/wp-content\/uploads\/2018\/03\/Daniela-Neri.png","type":"","width":"","height":""}],"author":"Piera Salvi","twitter_misc":{"Scritto da":"Piera Salvi","Tempo di lettura stimato":"3 minuti"},"schema":{"@context":"https:\/\/schema.org","@graph":[{"@type":"WebPage","@id":"https:\/\/www.noidiqua.it\/Agliana\/daniele-neri-sempre-movimento-dietro-lobiettivo\/","url":"https:\/\/www.noidiqua.it\/Agliana\/daniele-neri-sempre-movimento-dietro-lobiettivo\/","name":"Daniele Neri - sempre in movimento, dietro l'obiettivo - Noi di Qua Testata giornalistica e di attualit\u00e0 di Agliana, Montale e Quarrata.","isPartOf":{"@id":"https:\/\/www.noidiqua.it\/Agliana\/#website"},"primaryImageOfPage":{"@id":"https:\/\/www.noidiqua.it\/Agliana\/daniele-neri-sempre-movimento-dietro-lobiettivo\/#primaryimage"},"image":{"@id":"https:\/\/www.noidiqua.it\/Agliana\/daniele-neri-sempre-movimento-dietro-lobiettivo\/#primaryimage"},"thumbnailUrl":"https:\/\/www.noidiqua.it\/Agliana\/wp-content\/uploads\/2018\/03\/Daniela-Neri.png","datePublished":"2018-03-13T16:18:08+00:00","dateModified":"2022-01-28T08:28:26+00:00","author":{"@id":"https:\/\/www.noidiqua.it\/Agliana\/#\/schema\/person\/bb7515c2330bb1137f247276096fa7dc"},"breadcrumb":{"@id":"https:\/\/www.noidiqua.it\/Agliana\/daniele-neri-sempre-movimento-dietro-lobiettivo\/#breadcrumb"},"inLanguage":"it-IT","potentialAction":[{"@type":"ReadAction","target":["https:\/\/www.noidiqua.it\/Agliana\/daniele-neri-sempre-movimento-dietro-lobiettivo\/"]}]},{"@type":"ImageObject","inLanguage":"it-IT","@id":"https:\/\/www.noidiqua.it\/Agliana\/daniele-neri-sempre-movimento-dietro-lobiettivo\/#primaryimage","url":"https:\/\/www.noidiqua.it\/Agliana\/wp-content\/uploads\/2018\/03\/Daniela-Neri.png","contentUrl":"https:\/\/www.noidiqua.it\/Agliana\/wp-content\/uploads\/2018\/03\/Daniela-Neri.png","width":505,"height":383},{"@type":"BreadcrumbList","@id":"https:\/\/www.noidiqua.it\/Agliana\/daniele-neri-sempre-movimento-dietro-lobiettivo\/#breadcrumb","itemListElement":[{"@type":"ListItem","position":1,"name":"Home","item":"https:\/\/www.noidiqua.it\/Agliana\/"},{"@type":"ListItem","position":2,"name":"Daniele Neri &#8211; sempre in movimento, dietro l&#8217;obiettivo"}]},{"@type":"WebSite","@id":"https:\/\/www.noidiqua.it\/Agliana\/#website","url":"https:\/\/www.noidiqua.it\/Agliana\/","name":"Noi di Qua Testata giornalistica e di attualit\u00e0 di Agliana, Montale e Quarrata.","description":"Testata Giornalistica Quarrata Montale Agliana","potentialAction":[{"@type":"SearchAction","target":{"@type":"EntryPoint","urlTemplate":"https:\/\/www.noidiqua.it\/Agliana\/?s={search_term_string}"},"query-input":{"@type":"PropertyValueSpecification","valueRequired":true,"valueName":"search_term_string"}}],"inLanguage":"it-IT"},{"@type":"Person","@id":"https:\/\/www.noidiqua.it\/Agliana\/#\/schema\/person\/bb7515c2330bb1137f247276096fa7dc","name":"Piera Salvi","image":{"@type":"ImageObject","inLanguage":"it-IT","@id":"https:\/\/www.noidiqua.it\/Agliana\/#\/schema\/person\/image\/","url":"https:\/\/secure.gravatar.com\/avatar\/2f9b1fb6e13f3b3e63bde435d999a73be036e320f7a0f5f32f9ac21859d999cd?s=96&d=mm&r=g","contentUrl":"https:\/\/secure.gravatar.com\/avatar\/2f9b1fb6e13f3b3e63bde435d999a73be036e320f7a0f5f32f9ac21859d999cd?s=96&d=mm&r=g","caption":"Piera Salvi"},"url":"https:\/\/www.noidiqua.it\/Agliana\/author\/piera-salvi\/"}]}},"_links":{"self":[{"href":"https:\/\/www.noidiqua.it\/Agliana\/wp-json\/wp\/v2\/posts\/5056","targetHints":{"allow":["GET"]}}],"collection":[{"href":"https:\/\/www.noidiqua.it\/Agliana\/wp-json\/wp\/v2\/posts"}],"about":[{"href":"https:\/\/www.noidiqua.it\/Agliana\/wp-json\/wp\/v2\/types\/post"}],"author":[{"embeddable":true,"href":"https:\/\/www.noidiqua.it\/Agliana\/wp-json\/wp\/v2\/users\/13"}],"replies":[{"embeddable":true,"href":"https:\/\/www.noidiqua.it\/Agliana\/wp-json\/wp\/v2\/comments?post=5056"}],"version-history":[{"count":8,"href":"https:\/\/www.noidiqua.it\/Agliana\/wp-json\/wp\/v2\/posts\/5056\/revisions"}],"predecessor-version":[{"id":6800,"href":"https:\/\/www.noidiqua.it\/Agliana\/wp-json\/wp\/v2\/posts\/5056\/revisions\/6800"}],"wp:attachment":[{"href":"https:\/\/www.noidiqua.it\/Agliana\/wp-json\/wp\/v2\/media?parent=5056"}],"wp:term":[{"taxonomy":"category","embeddable":true,"href":"https:\/\/www.noidiqua.it\/Agliana\/wp-json\/wp\/v2\/categories?post=5056"},{"taxonomy":"post_tag","embeddable":true,"href":"https:\/\/www.noidiqua.it\/Agliana\/wp-json\/wp\/v2\/tags?post=5056"}],"curies":[{"name":"wp","href":"https:\/\/api.w.org\/{rel}","templated":true}]}}