{"id":5135,"date":"2018-07-04T17:25:26","date_gmt":"2018-07-04T15:25:26","guid":{"rendered":"https:\/\/www.noidiqua.it\/Agliana\/?p=5135"},"modified":"2022-01-25T10:51:45","modified_gmt":"2022-01-25T09:51:45","slug":"raccolta-differenziata-lo","status":"publish","type":"post","link":"https:\/\/www.noidiqua.it\/Agliana\/raccolta-differenziata-lo\/","title":{"rendered":"Raccolta differenziata: Chi me lo fa fare?"},"content":{"rendered":"<p><em style=\"line-height: inherit;\">di Giacomo Bini<\/em><\/p>\n<p><em>giugno 2018<\/em><\/p>\n<p><a href=\"https:\/\/www.noidiqua.it\/Agliana\/wp-content\/uploads\/2018\/07\/appunti.png\" rel=\"wp-prettyPhoto[5135]\"><img loading=\"lazy\" decoding=\"async\" class=\"size-full wp-image-6723 aligncenter\" src=\"https:\/\/www.noidiqua.it\/Agliana\/wp-content\/uploads\/2018\/07\/appunti.png\" alt=\"\" width=\"512\" height=\"322\" srcset=\"https:\/\/www.noidiqua.it\/Agliana\/wp-content\/uploads\/2018\/07\/appunti.png 512w, https:\/\/www.noidiqua.it\/Agliana\/wp-content\/uploads\/2018\/07\/appunti-300x189.png 300w\" sizes=\"auto, (max-width: 512px) 100vw, 512px\" \/><\/a><\/p>\n<p>&nbsp;<\/p>\n<p class=\"p1\" style=\"text-align: justify;\"><span class=\"s1\">La percentuale della raccolta differenziata \u00e8 in caduta libera nei comuni della piana. Mentre alla fine del 2013, anche dagli <strong>Appunti di Redazione<\/strong> di Noidiqua, salutavamo con favore l\u2019avvento del nuovo sistema di <strong>raccolta porta a porta<\/strong> e i primi incoraggianti risultati che indicavano un\u2019efficienza intorno al 70% e anche superiore, ora, passati cinque anni, si registra un regresso su tutta la linea. Nel Comune di Agliana si \u00e8 passati dal 72,35% al 59,73%, a Montale dal 66.92% al 56,4%, a Quarrata, dove la riduzione \u00e8 meno pronunciata, dal 71,04% al 66,62%. Sulle ragioni di questo crollo si fanno diverse ipotesi. Per esempio c\u2019\u00e8 chi sottolinea l\u2019effetto deleterio dell\u2019<strong>abbandono dei rifiuti<\/strong> che fa aumentare la quantit\u00e0 dell\u2019indifferenziato e quindi indirettamente riduce la percentuale della differenziata rispetto al totale. <\/span><\/p>\n<p class=\"p1\" style=\"text-align: justify;\"><span class=\"s1\">Ma \u00e8 difficile non pensare anche ad una progressiva demotivazione degli utenti, nei quali serpeggia sempre pi\u00f9 un sentimento riassumibile nella domanda: <i>\u00abChi me lo fa fare?\u00bb <\/i>riferita all\u2019impegno non semplicissimo della differenziazione. Anche noi, nei nostri Appunti del dicembre 2013, facevamo notare che <i>\u201cIl cittadino che si adopera per fare la raccolta differenziata si attende legittimamente di essere <strong>premiato<\/strong>\u201d<\/i>. Invece in cinque anni non \u00e8 arrivato nessun premio o incentivo e la Tari, cio\u00e8 la tassa sui rifiuti, non \u00e8 diminuita se non in misura talmente impercettibile che nessuno se n\u2019\u00e8 accorto.\u00a0<\/span><span class=\"s1\">Anzi la tassa \u00e8 restata pesante soprattutto per i negozi e per le imprese; certe <strong>categorie merceologiche<\/strong> sono rimaste molto <strong>penalizzate<\/strong>, come per esempio ristoratori e fiorai, non \u00e8 stato risolto il problema delle ditte che <strong>smaltiscono<\/strong> per conto proprio e spesso sono costrette a pagare due volte per lo stesso servizio e nemmeno risulta un tentativo per uniformare la tassa nei diversi Comuni. <\/span><\/p>\n<p class=\"p1\" style=\"text-align: justify;\"><span class=\"s1\">E&#8217; pur vero che la raccolta differenziata \u00e8 un dovere civico di ogni cittadino ma \u00e8 impossibile richiederlo senza un minimo di incentivo. Qualche passo in questa direzione inizia ad essere fatto dalle amministrazioni comunali interessate. Il Comune di Agliana per esempio ha introdotto un sistema di premi a punti con ricadute sulla <strong>tariffa<\/strong>, cio\u00e8 con uno sconto, per chi porta i rifiuti alla piattaforma ecologica Maciste. Le riduzioni sono calcolate a consuntivo sull\u2019anno successivo e sono cumulabili con quella derivante dal <strong>compostaggio domestico<\/strong>. I consigli comunali di Montale e di Quarrata hanno approvato all\u2019unanimit\u00e0 delle mozioni per l\u2019introduzione della cosiddetta tariffa puntuale basata sul concetto che paga meno chi differenzia di pi\u00f9. Ci dovr\u00e0 essere poi una lotta pi\u00f9 efficace all\u2019abbandono dei rifiuti con l\u2019uso di telecamere e di ispettori ambientali. <\/span><\/p>\n<p class=\"p1\" style=\"text-align: justify;\"><span class=\"s1\">La convinzione e l\u2019entusiasmo con cui i cittadini aderirono nel 2013 e 2014 alla raccolta porta a porta \u00e8 un bene da ritrovare e da non perdere. <\/span><\/p>","protected":false},"excerpt":{"rendered":"<p>di Giacomo Bini giugno 2018 &nbsp; La percentuale della raccolta differenziata \u00e8 in caduta libera nei comuni della piana. Mentre alla fine del 2013, anche dagli Appunti di Redazione di Noidiqua, salutavamo con favore l\u2019avvento del nuovo sistema di raccolta porta a porta e i primi incoraggianti [&hellip;]<\/p>","protected":false},"author":12,"featured_media":0,"comment_status":"open","ping_status":"open","sticky":false,"template":"","format":"standard","meta":{"footnotes":""},"categories":[2,25],"tags":[1610,1033,1612,1616,1613,1611,1609,1614,1615],"class_list":["post-5135","post","type-post","status-publish","format-standard","hentry","category-ag","category-appuntired","tag-abbandono-dei-rifiuti","tag-appunti-di-redazione","tag-categorie-merceologiche","tag-compostaggio-domestico","tag-penalizzate","tag-premiato","tag-raccolta-porta-a-porta","tag-smaltiscono","tag-tariffa"],"yoast_head":"<!-- This site is optimized with the Yoast SEO plugin v25.5 - https:\/\/yoast.com\/wordpress\/plugins\/seo\/ -->\n<title>Raccolta differenziata: Chi me lo fa fare? - Noi di Qua Testata giornalistica e di attualit\u00e0 di Agliana, Montale e Quarrata.<\/title>\n<meta name=\"robots\" content=\"index, follow, max-snippet:-1, max-image-preview:large, max-video-preview:-1\" \/>\n<link rel=\"canonical\" href=\"https:\/\/www.noidiqua.it\/Agliana\/raccolta-differenziata-lo\/\" \/>\n<meta property=\"og:locale\" content=\"it_IT\" \/>\n<meta property=\"og:type\" content=\"article\" \/>\n<meta property=\"og:title\" content=\"Raccolta differenziata: Chi me lo fa fare? - Noi di Qua Testata giornalistica e di attualit\u00e0 di Agliana, Montale e Quarrata.\" \/>\n<meta property=\"og:description\" content=\"di Giacomo Bini giugno 2018 &nbsp; La percentuale della raccolta differenziata \u00e8 in caduta libera nei comuni della piana. Mentre alla fine del 2013, anche dagli Appunti di Redazione di Noidiqua, salutavamo con favore l\u2019avvento del nuovo sistema di raccolta porta a porta e i primi incoraggianti [&hellip;]\" \/>\n<meta property=\"og:url\" content=\"https:\/\/www.noidiqua.it\/Agliana\/raccolta-differenziata-lo\/\" \/>\n<meta property=\"og:site_name\" content=\"Noi di Qua Testata giornalistica e di attualit\u00e0 di Agliana, Montale e Quarrata.\" \/>\n<meta property=\"article:publisher\" content=\"https:\/\/www.facebook.com\/noidiqua.trimestrale\/\" \/>\n<meta property=\"article:published_time\" content=\"2018-07-04T15:25:26+00:00\" \/>\n<meta property=\"article:modified_time\" content=\"2022-01-25T09:51:45+00:00\" \/>\n<meta property=\"og:image\" content=\"https:\/\/www.noidiqua.it\/Agliana\/wp-content\/uploads\/2018\/07\/appunti.png\" \/>\n<meta name=\"author\" content=\"Giacomo Bini\" \/>\n<meta name=\"twitter:label1\" content=\"Scritto da\" \/>\n\t<meta name=\"twitter:data1\" content=\"Giacomo Bini\" \/>\n\t<meta name=\"twitter:label2\" content=\"Tempo di lettura stimato\" \/>\n\t<meta name=\"twitter:data2\" content=\"2 minuti\" \/>\n<script type=\"application\/ld+json\" class=\"yoast-schema-graph\">{\"@context\":\"https:\/\/schema.org\",\"@graph\":[{\"@type\":\"WebPage\",\"@id\":\"https:\/\/www.noidiqua.it\/Agliana\/raccolta-differenziata-lo\/\",\"url\":\"https:\/\/www.noidiqua.it\/Agliana\/raccolta-differenziata-lo\/\",\"name\":\"Raccolta differenziata: Chi me lo fa fare? - Noi di Qua Testata giornalistica e di attualit\u00e0 di Agliana, Montale e Quarrata.\",\"isPartOf\":{\"@id\":\"https:\/\/www.noidiqua.it\/Agliana\/#website\"},\"primaryImageOfPage\":{\"@id\":\"https:\/\/www.noidiqua.it\/Agliana\/raccolta-differenziata-lo\/#primaryimage\"},\"image\":{\"@id\":\"https:\/\/www.noidiqua.it\/Agliana\/raccolta-differenziata-lo\/#primaryimage\"},\"thumbnailUrl\":\"https:\/\/www.noidiqua.it\/Agliana\/wp-content\/uploads\/2018\/07\/appunti.png\",\"datePublished\":\"2018-07-04T15:25:26+00:00\",\"dateModified\":\"2022-01-25T09:51:45+00:00\",\"author\":{\"@id\":\"https:\/\/www.noidiqua.it\/Agliana\/#\/schema\/person\/e2e6f44da50af0dae9c90ad168e471a4\"},\"breadcrumb\":{\"@id\":\"https:\/\/www.noidiqua.it\/Agliana\/raccolta-differenziata-lo\/#breadcrumb\"},\"inLanguage\":\"it-IT\",\"potentialAction\":[{\"@type\":\"ReadAction\",\"target\":[\"https:\/\/www.noidiqua.it\/Agliana\/raccolta-differenziata-lo\/\"]}]},{\"@type\":\"ImageObject\",\"inLanguage\":\"it-IT\",\"@id\":\"https:\/\/www.noidiqua.it\/Agliana\/raccolta-differenziata-lo\/#primaryimage\",\"url\":\"https:\/\/www.noidiqua.it\/Agliana\/wp-content\/uploads\/2018\/07\/appunti.png\",\"contentUrl\":\"https:\/\/www.noidiqua.it\/Agliana\/wp-content\/uploads\/2018\/07\/appunti.png\",\"width\":512,\"height\":322},{\"@type\":\"BreadcrumbList\",\"@id\":\"https:\/\/www.noidiqua.it\/Agliana\/raccolta-differenziata-lo\/#breadcrumb\",\"itemListElement\":[{\"@type\":\"ListItem\",\"position\":1,\"name\":\"Home\",\"item\":\"https:\/\/www.noidiqua.it\/Agliana\/\"},{\"@type\":\"ListItem\",\"position\":2,\"name\":\"Raccolta differenziata: Chi me lo fa fare?\"}]},{\"@type\":\"WebSite\",\"@id\":\"https:\/\/www.noidiqua.it\/Agliana\/#website\",\"url\":\"https:\/\/www.noidiqua.it\/Agliana\/\",\"name\":\"Noi di Qua Testata giornalistica e di attualit\u00e0 di Agliana, Montale e Quarrata.\",\"description\":\"Testata Giornalistica Quarrata Montale Agliana\",\"potentialAction\":[{\"@type\":\"SearchAction\",\"target\":{\"@type\":\"EntryPoint\",\"urlTemplate\":\"https:\/\/www.noidiqua.it\/Agliana\/?s={search_term_string}\"},\"query-input\":{\"@type\":\"PropertyValueSpecification\",\"valueRequired\":true,\"valueName\":\"search_term_string\"}}],\"inLanguage\":\"it-IT\"},{\"@type\":\"Person\",\"@id\":\"https:\/\/www.noidiqua.it\/Agliana\/#\/schema\/person\/e2e6f44da50af0dae9c90ad168e471a4\",\"name\":\"Giacomo Bini\",\"image\":{\"@type\":\"ImageObject\",\"inLanguage\":\"it-IT\",\"@id\":\"https:\/\/www.noidiqua.it\/Agliana\/#\/schema\/person\/image\/\",\"url\":\"https:\/\/secure.gravatar.com\/avatar\/e5c18ae41df5ae37397358f2c6046696187d51a120c5d0b8f0c49f7b606f46f4?s=96&d=mm&r=g\",\"contentUrl\":\"https:\/\/secure.gravatar.com\/avatar\/e5c18ae41df5ae37397358f2c6046696187d51a120c5d0b8f0c49f7b606f46f4?s=96&d=mm&r=g\",\"caption\":\"Giacomo Bini\"},\"url\":\"https:\/\/www.noidiqua.it\/Agliana\/author\/giacomo-bini\/\"}]}<\/script>\n<!-- \/ Yoast SEO plugin. -->","yoast_head_json":{"title":"Raccolta differenziata: Chi me lo fa fare? - Noi di Qua Testata giornalistica e di attualit\u00e0 di Agliana, Montale e Quarrata.","robots":{"index":"index","follow":"follow","max-snippet":"max-snippet:-1","max-image-preview":"max-image-preview:large","max-video-preview":"max-video-preview:-1"},"canonical":"https:\/\/www.noidiqua.it\/Agliana\/raccolta-differenziata-lo\/","og_locale":"it_IT","og_type":"article","og_title":"Raccolta differenziata: Chi me lo fa fare? - Noi di Qua Testata giornalistica e di attualit\u00e0 di Agliana, Montale e Quarrata.","og_description":"di Giacomo Bini giugno 2018 &nbsp; La percentuale della raccolta differenziata \u00e8 in caduta libera nei comuni della piana. Mentre alla fine del 2013, anche dagli Appunti di Redazione di Noidiqua, salutavamo con favore l\u2019avvento del nuovo sistema di raccolta porta a porta e i primi incoraggianti [&hellip;]","og_url":"https:\/\/www.noidiqua.it\/Agliana\/raccolta-differenziata-lo\/","og_site_name":"Noi di Qua Testata giornalistica e di attualit\u00e0 di Agliana, Montale e Quarrata.","article_publisher":"https:\/\/www.facebook.com\/noidiqua.trimestrale\/","article_published_time":"2018-07-04T15:25:26+00:00","article_modified_time":"2022-01-25T09:51:45+00:00","og_image":[{"url":"https:\/\/www.noidiqua.it\/Agliana\/wp-content\/uploads\/2018\/07\/appunti.png","type":"","width":"","height":""}],"author":"Giacomo Bini","twitter_misc":{"Scritto da":"Giacomo Bini","Tempo di lettura stimato":"2 minuti"},"schema":{"@context":"https:\/\/schema.org","@graph":[{"@type":"WebPage","@id":"https:\/\/www.noidiqua.it\/Agliana\/raccolta-differenziata-lo\/","url":"https:\/\/www.noidiqua.it\/Agliana\/raccolta-differenziata-lo\/","name":"Raccolta differenziata: Chi me lo fa fare? - Noi di Qua Testata giornalistica e di attualit\u00e0 di Agliana, Montale e Quarrata.","isPartOf":{"@id":"https:\/\/www.noidiqua.it\/Agliana\/#website"},"primaryImageOfPage":{"@id":"https:\/\/www.noidiqua.it\/Agliana\/raccolta-differenziata-lo\/#primaryimage"},"image":{"@id":"https:\/\/www.noidiqua.it\/Agliana\/raccolta-differenziata-lo\/#primaryimage"},"thumbnailUrl":"https:\/\/www.noidiqua.it\/Agliana\/wp-content\/uploads\/2018\/07\/appunti.png","datePublished":"2018-07-04T15:25:26+00:00","dateModified":"2022-01-25T09:51:45+00:00","author":{"@id":"https:\/\/www.noidiqua.it\/Agliana\/#\/schema\/person\/e2e6f44da50af0dae9c90ad168e471a4"},"breadcrumb":{"@id":"https:\/\/www.noidiqua.it\/Agliana\/raccolta-differenziata-lo\/#breadcrumb"},"inLanguage":"it-IT","potentialAction":[{"@type":"ReadAction","target":["https:\/\/www.noidiqua.it\/Agliana\/raccolta-differenziata-lo\/"]}]},{"@type":"ImageObject","inLanguage":"it-IT","@id":"https:\/\/www.noidiqua.it\/Agliana\/raccolta-differenziata-lo\/#primaryimage","url":"https:\/\/www.noidiqua.it\/Agliana\/wp-content\/uploads\/2018\/07\/appunti.png","contentUrl":"https:\/\/www.noidiqua.it\/Agliana\/wp-content\/uploads\/2018\/07\/appunti.png","width":512,"height":322},{"@type":"BreadcrumbList","@id":"https:\/\/www.noidiqua.it\/Agliana\/raccolta-differenziata-lo\/#breadcrumb","itemListElement":[{"@type":"ListItem","position":1,"name":"Home","item":"https:\/\/www.noidiqua.it\/Agliana\/"},{"@type":"ListItem","position":2,"name":"Raccolta differenziata: Chi me lo fa fare?"}]},{"@type":"WebSite","@id":"https:\/\/www.noidiqua.it\/Agliana\/#website","url":"https:\/\/www.noidiqua.it\/Agliana\/","name":"Noi di Qua Testata giornalistica e di attualit\u00e0 di Agliana, Montale e Quarrata.","description":"Testata Giornalistica Quarrata Montale Agliana","potentialAction":[{"@type":"SearchAction","target":{"@type":"EntryPoint","urlTemplate":"https:\/\/www.noidiqua.it\/Agliana\/?s={search_term_string}"},"query-input":{"@type":"PropertyValueSpecification","valueRequired":true,"valueName":"search_term_string"}}],"inLanguage":"it-IT"},{"@type":"Person","@id":"https:\/\/www.noidiqua.it\/Agliana\/#\/schema\/person\/e2e6f44da50af0dae9c90ad168e471a4","name":"Giacomo Bini","image":{"@type":"ImageObject","inLanguage":"it-IT","@id":"https:\/\/www.noidiqua.it\/Agliana\/#\/schema\/person\/image\/","url":"https:\/\/secure.gravatar.com\/avatar\/e5c18ae41df5ae37397358f2c6046696187d51a120c5d0b8f0c49f7b606f46f4?s=96&d=mm&r=g","contentUrl":"https:\/\/secure.gravatar.com\/avatar\/e5c18ae41df5ae37397358f2c6046696187d51a120c5d0b8f0c49f7b606f46f4?s=96&d=mm&r=g","caption":"Giacomo Bini"},"url":"https:\/\/www.noidiqua.it\/Agliana\/author\/giacomo-bini\/"}]}},"_links":{"self":[{"href":"https:\/\/www.noidiqua.it\/Agliana\/wp-json\/wp\/v2\/posts\/5135","targetHints":{"allow":["GET"]}}],"collection":[{"href":"https:\/\/www.noidiqua.it\/Agliana\/wp-json\/wp\/v2\/posts"}],"about":[{"href":"https:\/\/www.noidiqua.it\/Agliana\/wp-json\/wp\/v2\/types\/post"}],"author":[{"embeddable":true,"href":"https:\/\/www.noidiqua.it\/Agliana\/wp-json\/wp\/v2\/users\/12"}],"replies":[{"embeddable":true,"href":"https:\/\/www.noidiqua.it\/Agliana\/wp-json\/wp\/v2\/comments?post=5135"}],"version-history":[{"count":4,"href":"https:\/\/www.noidiqua.it\/Agliana\/wp-json\/wp\/v2\/posts\/5135\/revisions"}],"predecessor-version":[{"id":6724,"href":"https:\/\/www.noidiqua.it\/Agliana\/wp-json\/wp\/v2\/posts\/5135\/revisions\/6724"}],"wp:attachment":[{"href":"https:\/\/www.noidiqua.it\/Agliana\/wp-json\/wp\/v2\/media?parent=5135"}],"wp:term":[{"taxonomy":"category","embeddable":true,"href":"https:\/\/www.noidiqua.it\/Agliana\/wp-json\/wp\/v2\/categories?post=5135"},{"taxonomy":"post_tag","embeddable":true,"href":"https:\/\/www.noidiqua.it\/Agliana\/wp-json\/wp\/v2\/tags?post=5135"}],"curies":[{"name":"wp","href":"https:\/\/api.w.org\/{rel}","templated":true}]}}