{"id":5146,"date":"2018-07-06T11:38:20","date_gmt":"2018-07-06T09:38:20","guid":{"rendered":"https:\/\/www.noidiqua.it\/Agliana\/?p=5146"},"modified":"2024-11-07T11:59:51","modified_gmt":"2024-11-07T10:59:51","slug":"carlo-pellegrini","status":"publish","type":"post","link":"https:\/\/www.noidiqua.it\/Agliana\/carlo-pellegrini\/","title":{"rendered":"Carlo Pellegrini"},"content":{"rendered":"<p><em style=\"line-height: inherit;\">di\u00a0Marco Bagnoli<\/em><\/p>\n<p>giugno 2018<\/p>\n<p><a href=\"https:\/\/www.noidiqua.it\/Agliana\/wp-content\/uploads\/2018\/07\/CARLO-PELLEGRINI-3.png\" rel=\"wp-prettyPhoto[5146]\"><img loading=\"lazy\" decoding=\"async\" class=\"aligncenter size-full wp-image-6761\" src=\"https:\/\/www.noidiqua.it\/Agliana\/wp-content\/uploads\/2018\/07\/CARLO-PELLEGRINI-3.png\" alt=\"\" width=\"450\" height=\"337\" srcset=\"https:\/\/www.noidiqua.it\/Agliana\/wp-content\/uploads\/2018\/07\/CARLO-PELLEGRINI-3.png 450w, https:\/\/www.noidiqua.it\/Agliana\/wp-content\/uploads\/2018\/07\/CARLO-PELLEGRINI-3-300x225.png 300w\" sizes=\"auto, (max-width: 450px) 100vw, 450px\" \/><\/a><\/p>\n<p class=\"p1\" style=\"text-align: justify;\"><span class=\"s1\">Nel cercare il sottotitolo pi\u00f9 idoneo a questo articolo ci siamo trovati in difficolt\u00e0, dal momento che definire <strong>Carlo Pellegrini<\/strong> con un etichetta avrebbe finito col risultare una cosa limitativa. Forse la sola etichetta utile sarebbe stata quella adesiva del suo gruppo di arrampicata di fine anni Novanta, <strong><i>Les diables de la glace<\/i><\/strong>, che campeggia sullo schedario nel suo laboratorio &#8211; e in un certo senso ci avremmo anche preso. Per cui teniamo per buono che Carlo pu\u00f2 essere un eccellente diavolo del ghiaccio e iniziamo a leggere. <\/span><\/p>\n<p class=\"p1\" style=\"text-align: justify;\"><span class=\"s1\">Tanto per cominciare Carlo \u00e8 un convinto fumatore di <strong>sigaro toscano<\/strong>, e si potrebbe passare del tempo contando le sue scatole accuratamente impilate a futura memoria; ma la cosa importante \u00e8 che mentre fuma, Carlo racconta. E ci parla della <strong>montagna<\/strong>. Sono quarant\u2019anni che Carlo si arrampica. Possono cambiare le pareti o i compagni d\u2019avventura \u2013 e nel corso del tempo si sono avvicendati in molti, travolti dalla vita, dalla famiglia, dai gatti o dall\u2019et\u00e0 \u2013 ma la montagna, che la si chiami con un nome italiano oppure francese, resta sempre l\u00e0, pi\u00f9 o meno in verticale, a sfidare i tuoi timori e i tuoi azzardi.<\/span><\/p>\n<p><a href=\"https:\/\/www.noidiqua.it\/Agliana\/wp-content\/uploads\/2018\/07\/CARLO-PELLEGRINI-1.png\" rel=\"wp-prettyPhoto[5146]\"><img loading=\"lazy\" decoding=\"async\" class=\"aligncenter size-full wp-image-6763\" src=\"https:\/\/www.noidiqua.it\/Agliana\/wp-content\/uploads\/2018\/07\/CARLO-PELLEGRINI-1.png\" alt=\"\" width=\"280\" height=\"380\" srcset=\"https:\/\/www.noidiqua.it\/Agliana\/wp-content\/uploads\/2018\/07\/CARLO-PELLEGRINI-1.png 280w, https:\/\/www.noidiqua.it\/Agliana\/wp-content\/uploads\/2018\/07\/CARLO-PELLEGRINI-1-221x300.png 221w\" sizes=\"auto, (max-width: 280px) 100vw, 280px\" \/><\/a><\/p>\n<p class=\"p1\" style=\"text-align: justify;\"><span class=\"s1\">Si arrampicava tutto l\u2019anno, ma ultimamente solo d&#8217;estate, perch\u00e9 negli ultimi anni l\u2019inverno si \u00e8 fatto freddo anche per lui. Si arrampicava sulla roccia e sul ghiaccio, a forza di mani e<strong> piccozze<\/strong>, magari quelle inventate da lui. La montagna non \u00e8 una vocazione, secondo lui, ma \u00e8 semplicemente qualcosa che negli anni si fa, dedicandoci tempo e un po\u2019 di denaro, anche senza essere capito dagli altri, perch\u00e9 tanto la si fa lo stesso. Molti pensano sia una fatica per il corpo, ma la sfida vera \u00e8 per la testa, psicologica. Oggigiorno \u00e8 possibile arrampicare su delle pareti tracciate, magari nel chiuso illuminato di una palestra, giorno e notte, ma l\u2019<strong>arrampicata<\/strong> \u201cvera\u201d \u00e8 un&#8217;altra cosa \u2013 quelli che arrampicano oggi, con la via segnata e tutti i chiodi gi\u00e0 disposti uno appresso all\u2019altro, fanno una fatica di corpo, ma la vera sfida per la mente \u00e8 su un campo libero sgombro e senza appigli. E per\u00f2 questa \u00e8 un\u2019arrampicata pi\u00f9 di qualit\u00e0. Ora a fine giugno c\u2019\u00e8 la prima uscita della stagione, una macchinata con qualche amico e si parte per le <strong>Dolomiti<\/strong>. <\/span><\/p>\n<p class=\"p1\" style=\"text-align: justify;\"><span class=\"s1\">Inseparabile nei suoi viaggi \u00e8 la <strong>macchina fotografica<\/strong>. Sono migliaia e migliaia di diapositive, comprese quelle che gli altri hanno scattato a lui. E persino Carlo, che non ha un buon rapporto col digitale, si va convincendo sempre pi\u00f9 della necessit\u00e0 di fare una mostra prima o poi, in modo da condividere e rendere un po\u2019 pi\u00f9 social qualcosa che era nata come una cosa intima a molti metri di altezza tra lui e la montagna. Intendiamoci, non \u00e8 che sia contro la tecnologia, solo che per lui, abituato a costruirsi le piccozze da solo, il mondo di oggi pare un po\u2019 troppo vincolato all\u2019energia elettrica, senza la quale si smette anche di essere dei semplici consumatori, mentre il bravo contadino di una volta era anche fabbro, idraulico, muratore\u2026 Il suo sogno \u00e8 un libro intitolato <strong>\u201cAlpinismo in osteria\u201d<\/strong>, e dovrebbe contenere il lato comico e meno brillante dell\u2019esperienza della montagna, un alpinismo preso alla sprovvista, cos\u00ec com\u2019\u00e8.<\/span><\/p>\n<p><a href=\"https:\/\/www.noidiqua.it\/Agliana\/wp-content\/uploads\/2018\/07\/CARLO-PELLEGRINI-2.png\" rel=\"wp-prettyPhoto[5146]\"><img loading=\"lazy\" decoding=\"async\" class=\"aligncenter size-full wp-image-6764\" src=\"https:\/\/www.noidiqua.it\/Agliana\/wp-content\/uploads\/2018\/07\/CARLO-PELLEGRINI-2.png\" alt=\"\" width=\"525\" height=\"380\" srcset=\"https:\/\/www.noidiqua.it\/Agliana\/wp-content\/uploads\/2018\/07\/CARLO-PELLEGRINI-2.png 525w, https:\/\/www.noidiqua.it\/Agliana\/wp-content\/uploads\/2018\/07\/CARLO-PELLEGRINI-2-300x217.png 300w\" sizes=\"auto, (max-width: 525px) 100vw, 525px\" \/><\/a><\/p>\n<p class=\"p1\" style=\"text-align: justify;\"><span class=\"s1\">L\u2019altra sua passione, da pi\u00f9 di cinquant\u2019anni, \u00e8 il <strong>modellismo<\/strong> \u2013 un modellismo in scala ma tutto artigianale, fatto a mano. Navi, aerei, ma anche sommergibili, armi e moto, qualcuna di dimensioni reali. Ci lavora la sera e ultimamente negli inverni della montagna, mentre aspetta l\u2019estate per arrampicare di nuovo. Una storia a parte sarebbe quella delle sue piccozze, realizzate da Carlo su disegno del suo grande amico <strong>Mauro Corona<\/strong>: troppo difficili da brevettare, cos\u00ec ha regalato il progetto a una ditta scozzese.<\/span><\/p>","protected":false},"excerpt":{"rendered":"<p>di\u00a0Marco Bagnoli giugno 2018 Nel cercare il sottotitolo pi\u00f9 idoneo a questo articolo ci siamo trovati in difficolt\u00e0, dal momento che definire Carlo Pellegrini con un etichetta avrebbe finito col risultare una cosa limitativa. Forse la sola etichetta utile sarebbe stata quella adesiva del suo gruppo di [&hellip;]<\/p>","protected":false},"author":3,"featured_media":0,"comment_status":"open","ping_status":"open","sticky":false,"template":"","format":"standard","meta":{"footnotes":""},"categories":[2,24,143],"tags":[1630,1625,1631,1626,1632,1635,1634,1628,1629,1627,1633],"class_list":["post-5146","post","type-post","status-publish","format-standard","hentry","category-ag","category-personaggi-qt","category-persone-e-personaggi","tag-arrampicata","tag-carlo-pellegrini","tag-dolomiti","tag-les-diables-de-la-glace","tag-macchina-fotografica","tag-mauro-corona","tag-modellismo","tag-montagna","tag-piccozze","tag-sigaro-toscano","tag-alpinismo-in-osteria"],"yoast_head":"<!-- This site is optimized with the Yoast SEO plugin v25.5 - https:\/\/yoast.com\/wordpress\/plugins\/seo\/ -->\n<title>Carlo Pellegrini - Noi di Qua Testata giornalistica e di attualit\u00e0 di Agliana, Montale e Quarrata.<\/title>\n<meta name=\"robots\" content=\"index, follow, max-snippet:-1, max-image-preview:large, max-video-preview:-1\" \/>\n<link rel=\"canonical\" href=\"https:\/\/www.noidiqua.it\/Agliana\/carlo-pellegrini\/\" \/>\n<meta property=\"og:locale\" content=\"it_IT\" \/>\n<meta property=\"og:type\" content=\"article\" \/>\n<meta property=\"og:title\" content=\"Carlo Pellegrini - Noi di Qua Testata giornalistica e di attualit\u00e0 di Agliana, Montale e Quarrata.\" \/>\n<meta property=\"og:description\" content=\"di\u00a0Marco Bagnoli giugno 2018 Nel cercare il sottotitolo pi\u00f9 idoneo a questo articolo ci siamo trovati in difficolt\u00e0, dal momento che definire Carlo Pellegrini con un etichetta avrebbe finito col risultare una cosa limitativa. Forse la sola etichetta utile sarebbe stata quella adesiva del suo gruppo di [&hellip;]\" \/>\n<meta property=\"og:url\" content=\"https:\/\/www.noidiqua.it\/Agliana\/carlo-pellegrini\/\" \/>\n<meta property=\"og:site_name\" content=\"Noi di Qua Testata giornalistica e di attualit\u00e0 di Agliana, Montale e Quarrata.\" \/>\n<meta property=\"article:publisher\" content=\"https:\/\/www.facebook.com\/noidiqua.trimestrale\/\" \/>\n<meta property=\"article:published_time\" content=\"2018-07-06T09:38:20+00:00\" \/>\n<meta property=\"article:modified_time\" content=\"2024-11-07T10:59:51+00:00\" \/>\n<meta property=\"og:image\" content=\"https:\/\/www.noidiqua.it\/Agliana\/wp-content\/uploads\/2018\/07\/CARLO-PELLEGRINI-3.png\" \/>\n<meta name=\"author\" content=\"Marco Bagnoli\" \/>\n<meta name=\"twitter:label1\" content=\"Scritto da\" \/>\n\t<meta name=\"twitter:data1\" content=\"Marco Bagnoli\" \/>\n\t<meta name=\"twitter:label2\" content=\"Tempo di lettura stimato\" \/>\n\t<meta name=\"twitter:data2\" content=\"4 minuti\" \/>\n<script type=\"application\/ld+json\" class=\"yoast-schema-graph\">{\"@context\":\"https:\/\/schema.org\",\"@graph\":[{\"@type\":\"WebPage\",\"@id\":\"https:\/\/www.noidiqua.it\/Agliana\/carlo-pellegrini\/\",\"url\":\"https:\/\/www.noidiqua.it\/Agliana\/carlo-pellegrini\/\",\"name\":\"Carlo Pellegrini - Noi di Qua Testata giornalistica e di attualit\u00e0 di Agliana, Montale e Quarrata.\",\"isPartOf\":{\"@id\":\"https:\/\/www.noidiqua.it\/Agliana\/#website\"},\"primaryImageOfPage\":{\"@id\":\"https:\/\/www.noidiqua.it\/Agliana\/carlo-pellegrini\/#primaryimage\"},\"image\":{\"@id\":\"https:\/\/www.noidiqua.it\/Agliana\/carlo-pellegrini\/#primaryimage\"},\"thumbnailUrl\":\"https:\/\/www.noidiqua.it\/Agliana\/wp-content\/uploads\/2018\/07\/CARLO-PELLEGRINI-3.png\",\"datePublished\":\"2018-07-06T09:38:20+00:00\",\"dateModified\":\"2024-11-07T10:59:51+00:00\",\"author\":{\"@id\":\"https:\/\/www.noidiqua.it\/Agliana\/#\/schema\/person\/4e183cb0c6d7951e716a876aa702e1a2\"},\"breadcrumb\":{\"@id\":\"https:\/\/www.noidiqua.it\/Agliana\/carlo-pellegrini\/#breadcrumb\"},\"inLanguage\":\"it-IT\",\"potentialAction\":[{\"@type\":\"ReadAction\",\"target\":[\"https:\/\/www.noidiqua.it\/Agliana\/carlo-pellegrini\/\"]}]},{\"@type\":\"ImageObject\",\"inLanguage\":\"it-IT\",\"@id\":\"https:\/\/www.noidiqua.it\/Agliana\/carlo-pellegrini\/#primaryimage\",\"url\":\"https:\/\/www.noidiqua.it\/Agliana\/wp-content\/uploads\/2018\/07\/CARLO-PELLEGRINI-3.png\",\"contentUrl\":\"https:\/\/www.noidiqua.it\/Agliana\/wp-content\/uploads\/2018\/07\/CARLO-PELLEGRINI-3.png\",\"width\":450,\"height\":337},{\"@type\":\"BreadcrumbList\",\"@id\":\"https:\/\/www.noidiqua.it\/Agliana\/carlo-pellegrini\/#breadcrumb\",\"itemListElement\":[{\"@type\":\"ListItem\",\"position\":1,\"name\":\"Home\",\"item\":\"https:\/\/www.noidiqua.it\/Agliana\/\"},{\"@type\":\"ListItem\",\"position\":2,\"name\":\"Carlo Pellegrini\"}]},{\"@type\":\"WebSite\",\"@id\":\"https:\/\/www.noidiqua.it\/Agliana\/#website\",\"url\":\"https:\/\/www.noidiqua.it\/Agliana\/\",\"name\":\"Noi di Qua Testata giornalistica e di attualit\u00e0 di Agliana, Montale e Quarrata.\",\"description\":\"Testata Giornalistica Quarrata Montale Agliana\",\"potentialAction\":[{\"@type\":\"SearchAction\",\"target\":{\"@type\":\"EntryPoint\",\"urlTemplate\":\"https:\/\/www.noidiqua.it\/Agliana\/?s={search_term_string}\"},\"query-input\":{\"@type\":\"PropertyValueSpecification\",\"valueRequired\":true,\"valueName\":\"search_term_string\"}}],\"inLanguage\":\"it-IT\"},{\"@type\":\"Person\",\"@id\":\"https:\/\/www.noidiqua.it\/Agliana\/#\/schema\/person\/4e183cb0c6d7951e716a876aa702e1a2\",\"name\":\"Marco Bagnoli\",\"image\":{\"@type\":\"ImageObject\",\"inLanguage\":\"it-IT\",\"@id\":\"https:\/\/www.noidiqua.it\/Agliana\/#\/schema\/person\/image\/\",\"url\":\"https:\/\/secure.gravatar.com\/avatar\/73ace53724c50db9c48af54756f17b7cdb015a9d8d2c08c7e04e480539a94eee?s=96&d=mm&r=g\",\"contentUrl\":\"https:\/\/secure.gravatar.com\/avatar\/73ace53724c50db9c48af54756f17b7cdb015a9d8d2c08c7e04e480539a94eee?s=96&d=mm&r=g\",\"caption\":\"Marco Bagnoli\"},\"url\":\"https:\/\/www.noidiqua.it\/Agliana\/author\/marco-bagnoli\/\"}]}<\/script>\n<!-- \/ Yoast SEO plugin. -->","yoast_head_json":{"title":"Carlo Pellegrini - Noi di Qua Testata giornalistica e di attualit\u00e0 di Agliana, Montale e Quarrata.","robots":{"index":"index","follow":"follow","max-snippet":"max-snippet:-1","max-image-preview":"max-image-preview:large","max-video-preview":"max-video-preview:-1"},"canonical":"https:\/\/www.noidiqua.it\/Agliana\/carlo-pellegrini\/","og_locale":"it_IT","og_type":"article","og_title":"Carlo Pellegrini - Noi di Qua Testata giornalistica e di attualit\u00e0 di Agliana, Montale e Quarrata.","og_description":"di\u00a0Marco Bagnoli giugno 2018 Nel cercare il sottotitolo pi\u00f9 idoneo a questo articolo ci siamo trovati in difficolt\u00e0, dal momento che definire Carlo Pellegrini con un etichetta avrebbe finito col risultare una cosa limitativa. Forse la sola etichetta utile sarebbe stata quella adesiva del suo gruppo di [&hellip;]","og_url":"https:\/\/www.noidiqua.it\/Agliana\/carlo-pellegrini\/","og_site_name":"Noi di Qua Testata giornalistica e di attualit\u00e0 di Agliana, Montale e Quarrata.","article_publisher":"https:\/\/www.facebook.com\/noidiqua.trimestrale\/","article_published_time":"2018-07-06T09:38:20+00:00","article_modified_time":"2024-11-07T10:59:51+00:00","og_image":[{"url":"https:\/\/www.noidiqua.it\/Agliana\/wp-content\/uploads\/2018\/07\/CARLO-PELLEGRINI-3.png","type":"","width":"","height":""}],"author":"Marco Bagnoli","twitter_misc":{"Scritto da":"Marco Bagnoli","Tempo di lettura stimato":"4 minuti"},"schema":{"@context":"https:\/\/schema.org","@graph":[{"@type":"WebPage","@id":"https:\/\/www.noidiqua.it\/Agliana\/carlo-pellegrini\/","url":"https:\/\/www.noidiqua.it\/Agliana\/carlo-pellegrini\/","name":"Carlo Pellegrini - Noi di Qua Testata giornalistica e di attualit\u00e0 di Agliana, Montale e Quarrata.","isPartOf":{"@id":"https:\/\/www.noidiqua.it\/Agliana\/#website"},"primaryImageOfPage":{"@id":"https:\/\/www.noidiqua.it\/Agliana\/carlo-pellegrini\/#primaryimage"},"image":{"@id":"https:\/\/www.noidiqua.it\/Agliana\/carlo-pellegrini\/#primaryimage"},"thumbnailUrl":"https:\/\/www.noidiqua.it\/Agliana\/wp-content\/uploads\/2018\/07\/CARLO-PELLEGRINI-3.png","datePublished":"2018-07-06T09:38:20+00:00","dateModified":"2024-11-07T10:59:51+00:00","author":{"@id":"https:\/\/www.noidiqua.it\/Agliana\/#\/schema\/person\/4e183cb0c6d7951e716a876aa702e1a2"},"breadcrumb":{"@id":"https:\/\/www.noidiqua.it\/Agliana\/carlo-pellegrini\/#breadcrumb"},"inLanguage":"it-IT","potentialAction":[{"@type":"ReadAction","target":["https:\/\/www.noidiqua.it\/Agliana\/carlo-pellegrini\/"]}]},{"@type":"ImageObject","inLanguage":"it-IT","@id":"https:\/\/www.noidiqua.it\/Agliana\/carlo-pellegrini\/#primaryimage","url":"https:\/\/www.noidiqua.it\/Agliana\/wp-content\/uploads\/2018\/07\/CARLO-PELLEGRINI-3.png","contentUrl":"https:\/\/www.noidiqua.it\/Agliana\/wp-content\/uploads\/2018\/07\/CARLO-PELLEGRINI-3.png","width":450,"height":337},{"@type":"BreadcrumbList","@id":"https:\/\/www.noidiqua.it\/Agliana\/carlo-pellegrini\/#breadcrumb","itemListElement":[{"@type":"ListItem","position":1,"name":"Home","item":"https:\/\/www.noidiqua.it\/Agliana\/"},{"@type":"ListItem","position":2,"name":"Carlo Pellegrini"}]},{"@type":"WebSite","@id":"https:\/\/www.noidiqua.it\/Agliana\/#website","url":"https:\/\/www.noidiqua.it\/Agliana\/","name":"Noi di Qua Testata giornalistica e di attualit\u00e0 di Agliana, Montale e Quarrata.","description":"Testata Giornalistica Quarrata Montale Agliana","potentialAction":[{"@type":"SearchAction","target":{"@type":"EntryPoint","urlTemplate":"https:\/\/www.noidiqua.it\/Agliana\/?s={search_term_string}"},"query-input":{"@type":"PropertyValueSpecification","valueRequired":true,"valueName":"search_term_string"}}],"inLanguage":"it-IT"},{"@type":"Person","@id":"https:\/\/www.noidiqua.it\/Agliana\/#\/schema\/person\/4e183cb0c6d7951e716a876aa702e1a2","name":"Marco Bagnoli","image":{"@type":"ImageObject","inLanguage":"it-IT","@id":"https:\/\/www.noidiqua.it\/Agliana\/#\/schema\/person\/image\/","url":"https:\/\/secure.gravatar.com\/avatar\/73ace53724c50db9c48af54756f17b7cdb015a9d8d2c08c7e04e480539a94eee?s=96&d=mm&r=g","contentUrl":"https:\/\/secure.gravatar.com\/avatar\/73ace53724c50db9c48af54756f17b7cdb015a9d8d2c08c7e04e480539a94eee?s=96&d=mm&r=g","caption":"Marco Bagnoli"},"url":"https:\/\/www.noidiqua.it\/Agliana\/author\/marco-bagnoli\/"}]}},"_links":{"self":[{"href":"https:\/\/www.noidiqua.it\/Agliana\/wp-json\/wp\/v2\/posts\/5146","targetHints":{"allow":["GET"]}}],"collection":[{"href":"https:\/\/www.noidiqua.it\/Agliana\/wp-json\/wp\/v2\/posts"}],"about":[{"href":"https:\/\/www.noidiqua.it\/Agliana\/wp-json\/wp\/v2\/types\/post"}],"author":[{"embeddable":true,"href":"https:\/\/www.noidiqua.it\/Agliana\/wp-json\/wp\/v2\/users\/3"}],"replies":[{"embeddable":true,"href":"https:\/\/www.noidiqua.it\/Agliana\/wp-json\/wp\/v2\/comments?post=5146"}],"version-history":[{"count":6,"href":"https:\/\/www.noidiqua.it\/Agliana\/wp-json\/wp\/v2\/posts\/5146\/revisions"}],"predecessor-version":[{"id":9344,"href":"https:\/\/www.noidiqua.it\/Agliana\/wp-json\/wp\/v2\/posts\/5146\/revisions\/9344"}],"wp:attachment":[{"href":"https:\/\/www.noidiqua.it\/Agliana\/wp-json\/wp\/v2\/media?parent=5146"}],"wp:term":[{"taxonomy":"category","embeddable":true,"href":"https:\/\/www.noidiqua.it\/Agliana\/wp-json\/wp\/v2\/categories?post=5146"},{"taxonomy":"post_tag","embeddable":true,"href":"https:\/\/www.noidiqua.it\/Agliana\/wp-json\/wp\/v2\/tags?post=5146"}],"curies":[{"name":"wp","href":"https:\/\/api.w.org\/{rel}","templated":true}]}}