{"id":5176,"date":"2018-07-11T11:37:26","date_gmt":"2018-07-11T09:37:26","guid":{"rendered":"https:\/\/www.noidiqua.it\/Agliana\/?p=5176"},"modified":"2022-01-25T11:24:33","modified_gmt":"2022-01-25T10:24:33","slug":"croce-tamburo-fra-storia-tradizione","status":"publish","type":"post","link":"https:\/\/www.noidiqua.it\/Agliana\/croce-tamburo-fra-storia-tradizione\/","title":{"rendered":"Croce di Tamburo &#8211; fra storia e tradizione"},"content":{"rendered":"<p><em style=\"line-height: inherit;\">di\u00a0Piera Salvi<\/em><\/p>\n<p>giugno 2018<\/p>\n<p><a href=\"https:\/\/www.noidiqua.it\/Agliana\/wp-content\/uploads\/2018\/07\/croce.png\" rel=\"wp-prettyPhoto[5176]\"><img loading=\"lazy\" decoding=\"async\" class=\"aligncenter size-full wp-image-6741\" src=\"https:\/\/www.noidiqua.it\/Agliana\/wp-content\/uploads\/2018\/07\/croce.png\" alt=\"\" width=\"498\" height=\"350\" srcset=\"https:\/\/www.noidiqua.it\/Agliana\/wp-content\/uploads\/2018\/07\/croce.png 498w, https:\/\/www.noidiqua.it\/Agliana\/wp-content\/uploads\/2018\/07\/croce-300x211.png 300w\" sizes=\"auto, (max-width: 498px) 100vw, 498px\" \/><\/a><\/p>\n<p>&nbsp;<\/p>\n<p class=\"p1\" style=\"text-align: justify;\"><span class=\"s1\">Le nuove norme sulla sicurezza hanno interrotto una tradizione. Quest\u2019anno la <strong>santa messa<\/strong> che ormai da quasi vent\u2019anni veniva celebrata all\u2019aperto, la sera della festa dell\u2019<strong>Ascensione<\/strong>, attorno alla storica <strong>Croce di Tamburo<\/strong> (su via Garibaldi alla confluenza con via Bellini), si \u00e8 tenuta nella chiesa di San Piero, l\u201911 maggio alle ore 18. La ragione del cambiamento \u00e8 dovuta alle recenti normative sulla sicurezza pubblica, che richiedono misure pi\u00f9 restrittive e personale di vigilanza, di fronte alle quali il comitato di cittadini che cura l\u2019iniziativa, in accordo con il parroco <a href=\"https:\/\/www.noidiqua.it\/Agliana\/don-paolo-tofani\/\"><strong>don Paolo Tofani<\/strong><\/a>, ha optato per la celebrazione religiosa nella chiesa di <strong>San Piero<\/strong>. Cos\u00ec la croce lignea con i simboli della <strong>passione di Cristo<\/strong>, che quest\u2019anno ha raggiunto i 175 anni, per l\u2019eccezionale compleanno \u00e8 stata tolta dal tabernacolo che la ospita per essere portata in chiesa. Alla celebrazione della santa messa ha partecipato anche il vescovo di Pistoia,<strong> Fausto Tardelli<\/strong>.<\/span><\/p>\n<p><a href=\"https:\/\/www.noidiqua.it\/Agliana\/wp-content\/uploads\/2018\/07\/TAMBURO.png\" rel=\"wp-prettyPhoto[5176]\"><img loading=\"lazy\" decoding=\"async\" class=\"aligncenter size-full wp-image-6742\" src=\"https:\/\/www.noidiqua.it\/Agliana\/wp-content\/uploads\/2018\/07\/TAMBURO.png\" alt=\"\" width=\"285\" height=\"380\" srcset=\"https:\/\/www.noidiqua.it\/Agliana\/wp-content\/uploads\/2018\/07\/TAMBURO.png 285w, https:\/\/www.noidiqua.it\/Agliana\/wp-content\/uploads\/2018\/07\/TAMBURO-225x300.png 225w\" sizes=\"auto, (max-width: 285px) 100vw, 285px\" \/><\/a><\/p>\n<p class=\"p1\" style=\"text-align: justify;\"><span class=\"s1\">L\u2019antica croce \u00e8 molto venerata dal popolo. Risale al 1843 e fu installata dall\u2019eremita <a href=\"https:\/\/www.noidiqua.it\/Agliana\/croci-stanziali-storia-dei-monumenti-popolari-di-agliana\/\"><strong>Baldassarre Audiberti<\/strong><\/a> di Vercelli nel periodo della sua predicazione in Toscana, come tappa di un percorso pubblico per la pratica della <strong>Via Crucis<\/strong>. Nel 2000, grazie a un comitato di residenti che si fece carico delle spese la croce fu restaurata. Nel 2008 fu eseguito un successivo intervento di conservazione, con il contributo della Banca di Credito cooperativo di Vignole. Nella collocazione originale la croce era dall\u2019altra parte della strada, sulla facciata di una casa colonica, dove abitava la famiglia Melani. Ma quella casa veniva chiamata la casa di Tamburo, perch\u00e9 cos\u00ec era soprannominato uno dei suoi abitanti. Anche la croce \u00e8 passata alla storia come la Croce di Tamburo e si raccontava che il residente in quella casa, fosse cos\u00ec chiamato perch\u00e9 suonava il tamburo nella banda di San Piero. Abbiamo recentemente appreso dal nipote che Tamburo non era un suonatore e che quel soprannome gli era stato attribuito chiss\u00e0 perch\u00e9&#8230;<\/span><\/p>","protected":false},"excerpt":{"rendered":"<p>di\u00a0Piera Salvi giugno 2018 &nbsp; Le nuove norme sulla sicurezza hanno interrotto una tradizione. Quest\u2019anno la santa messa che ormai da quasi vent\u2019anni veniva celebrata all\u2019aperto, la sera della festa dell\u2019Ascensione, attorno alla storica Croce di Tamburo (su via Garibaldi alla confluenza con via Bellini), si \u00e8 [&hellip;]<\/p>","protected":false},"author":13,"featured_media":0,"comment_status":"open","ping_status":"open","sticky":false,"template":"","format":"standard","meta":{"footnotes":""},"categories":[2,29],"tags":[1655,1658,1656,66,1474,1657,119,1654,1659],"class_list":["post-5176","post","type-post","status-publish","format-standard","hentry","category-ag","category-territorio-qt","tag-ascensione","tag-baldassarre-audiberti","tag-croce-di-tamburo","tag-don-paolo-tofani","tag-fausto-tardelli","tag-passione-di-cristo","tag-san-piero","tag-santa-messa","tag-via-crucis"],"yoast_head":"<!-- This site is optimized with the Yoast SEO plugin v25.5 - https:\/\/yoast.com\/wordpress\/plugins\/seo\/ -->\n<title>Croce di Tamburo - fra storia e tradizione - Noi di Qua Testata giornalistica e di attualit\u00e0 di Agliana, Montale e Quarrata.<\/title>\n<meta name=\"robots\" content=\"index, follow, max-snippet:-1, max-image-preview:large, max-video-preview:-1\" \/>\n<link rel=\"canonical\" href=\"https:\/\/www.noidiqua.it\/Agliana\/croce-tamburo-fra-storia-tradizione\/\" \/>\n<meta property=\"og:locale\" content=\"it_IT\" \/>\n<meta property=\"og:type\" content=\"article\" \/>\n<meta property=\"og:title\" content=\"Croce di Tamburo - fra storia e tradizione - Noi di Qua Testata giornalistica e di attualit\u00e0 di Agliana, Montale e Quarrata.\" \/>\n<meta property=\"og:description\" content=\"di\u00a0Piera Salvi giugno 2018 &nbsp; Le nuove norme sulla sicurezza hanno interrotto una tradizione. Quest\u2019anno la santa messa che ormai da quasi vent\u2019anni veniva celebrata all\u2019aperto, la sera della festa dell\u2019Ascensione, attorno alla storica Croce di Tamburo (su via Garibaldi alla confluenza con via Bellini), si \u00e8 [&hellip;]\" \/>\n<meta property=\"og:url\" content=\"https:\/\/www.noidiqua.it\/Agliana\/croce-tamburo-fra-storia-tradizione\/\" \/>\n<meta property=\"og:site_name\" content=\"Noi di Qua Testata giornalistica e di attualit\u00e0 di Agliana, Montale e Quarrata.\" \/>\n<meta property=\"article:publisher\" content=\"https:\/\/www.facebook.com\/noidiqua.trimestrale\/\" \/>\n<meta property=\"article:published_time\" content=\"2018-07-11T09:37:26+00:00\" \/>\n<meta property=\"article:modified_time\" content=\"2022-01-25T10:24:33+00:00\" \/>\n<meta property=\"og:image\" content=\"https:\/\/www.noidiqua.it\/Agliana\/wp-content\/uploads\/2018\/07\/croce.png\" \/>\n<meta name=\"author\" content=\"Piera Salvi\" \/>\n<meta name=\"twitter:label1\" content=\"Scritto da\" \/>\n\t<meta name=\"twitter:data1\" content=\"Piera Salvi\" \/>\n\t<meta name=\"twitter:label2\" content=\"Tempo di lettura stimato\" \/>\n\t<meta name=\"twitter:data2\" content=\"2 minuti\" \/>\n<script type=\"application\/ld+json\" class=\"yoast-schema-graph\">{\"@context\":\"https:\/\/schema.org\",\"@graph\":[{\"@type\":\"WebPage\",\"@id\":\"https:\/\/www.noidiqua.it\/Agliana\/croce-tamburo-fra-storia-tradizione\/\",\"url\":\"https:\/\/www.noidiqua.it\/Agliana\/croce-tamburo-fra-storia-tradizione\/\",\"name\":\"Croce di Tamburo - fra storia e tradizione - Noi di Qua Testata giornalistica e di attualit\u00e0 di Agliana, Montale e Quarrata.\",\"isPartOf\":{\"@id\":\"https:\/\/www.noidiqua.it\/Agliana\/#website\"},\"primaryImageOfPage\":{\"@id\":\"https:\/\/www.noidiqua.it\/Agliana\/croce-tamburo-fra-storia-tradizione\/#primaryimage\"},\"image\":{\"@id\":\"https:\/\/www.noidiqua.it\/Agliana\/croce-tamburo-fra-storia-tradizione\/#primaryimage\"},\"thumbnailUrl\":\"https:\/\/www.noidiqua.it\/Agliana\/wp-content\/uploads\/2018\/07\/croce.png\",\"datePublished\":\"2018-07-11T09:37:26+00:00\",\"dateModified\":\"2022-01-25T10:24:33+00:00\",\"author\":{\"@id\":\"https:\/\/www.noidiqua.it\/Agliana\/#\/schema\/person\/bb7515c2330bb1137f247276096fa7dc\"},\"breadcrumb\":{\"@id\":\"https:\/\/www.noidiqua.it\/Agliana\/croce-tamburo-fra-storia-tradizione\/#breadcrumb\"},\"inLanguage\":\"it-IT\",\"potentialAction\":[{\"@type\":\"ReadAction\",\"target\":[\"https:\/\/www.noidiqua.it\/Agliana\/croce-tamburo-fra-storia-tradizione\/\"]}]},{\"@type\":\"ImageObject\",\"inLanguage\":\"it-IT\",\"@id\":\"https:\/\/www.noidiqua.it\/Agliana\/croce-tamburo-fra-storia-tradizione\/#primaryimage\",\"url\":\"https:\/\/www.noidiqua.it\/Agliana\/wp-content\/uploads\/2018\/07\/croce.png\",\"contentUrl\":\"https:\/\/www.noidiqua.it\/Agliana\/wp-content\/uploads\/2018\/07\/croce.png\",\"width\":498,\"height\":350},{\"@type\":\"BreadcrumbList\",\"@id\":\"https:\/\/www.noidiqua.it\/Agliana\/croce-tamburo-fra-storia-tradizione\/#breadcrumb\",\"itemListElement\":[{\"@type\":\"ListItem\",\"position\":1,\"name\":\"Home\",\"item\":\"https:\/\/www.noidiqua.it\/Agliana\/\"},{\"@type\":\"ListItem\",\"position\":2,\"name\":\"Croce di Tamburo &#8211; fra storia e tradizione\"}]},{\"@type\":\"WebSite\",\"@id\":\"https:\/\/www.noidiqua.it\/Agliana\/#website\",\"url\":\"https:\/\/www.noidiqua.it\/Agliana\/\",\"name\":\"Noi di Qua Testata giornalistica e di attualit\u00e0 di Agliana, Montale e Quarrata.\",\"description\":\"Testata Giornalistica Quarrata Montale Agliana\",\"potentialAction\":[{\"@type\":\"SearchAction\",\"target\":{\"@type\":\"EntryPoint\",\"urlTemplate\":\"https:\/\/www.noidiqua.it\/Agliana\/?s={search_term_string}\"},\"query-input\":{\"@type\":\"PropertyValueSpecification\",\"valueRequired\":true,\"valueName\":\"search_term_string\"}}],\"inLanguage\":\"it-IT\"},{\"@type\":\"Person\",\"@id\":\"https:\/\/www.noidiqua.it\/Agliana\/#\/schema\/person\/bb7515c2330bb1137f247276096fa7dc\",\"name\":\"Piera Salvi\",\"image\":{\"@type\":\"ImageObject\",\"inLanguage\":\"it-IT\",\"@id\":\"https:\/\/www.noidiqua.it\/Agliana\/#\/schema\/person\/image\/\",\"url\":\"https:\/\/secure.gravatar.com\/avatar\/2f9b1fb6e13f3b3e63bde435d999a73be036e320f7a0f5f32f9ac21859d999cd?s=96&d=mm&r=g\",\"contentUrl\":\"https:\/\/secure.gravatar.com\/avatar\/2f9b1fb6e13f3b3e63bde435d999a73be036e320f7a0f5f32f9ac21859d999cd?s=96&d=mm&r=g\",\"caption\":\"Piera Salvi\"},\"url\":\"https:\/\/www.noidiqua.it\/Agliana\/author\/piera-salvi\/\"}]}<\/script>\n<!-- \/ Yoast SEO plugin. -->","yoast_head_json":{"title":"Croce di Tamburo - fra storia e tradizione - Noi di Qua Testata giornalistica e di attualit\u00e0 di Agliana, Montale e Quarrata.","robots":{"index":"index","follow":"follow","max-snippet":"max-snippet:-1","max-image-preview":"max-image-preview:large","max-video-preview":"max-video-preview:-1"},"canonical":"https:\/\/www.noidiqua.it\/Agliana\/croce-tamburo-fra-storia-tradizione\/","og_locale":"it_IT","og_type":"article","og_title":"Croce di Tamburo - fra storia e tradizione - Noi di Qua Testata giornalistica e di attualit\u00e0 di Agliana, Montale e Quarrata.","og_description":"di\u00a0Piera Salvi giugno 2018 &nbsp; Le nuove norme sulla sicurezza hanno interrotto una tradizione. Quest\u2019anno la santa messa che ormai da quasi vent\u2019anni veniva celebrata all\u2019aperto, la sera della festa dell\u2019Ascensione, attorno alla storica Croce di Tamburo (su via Garibaldi alla confluenza con via Bellini), si \u00e8 [&hellip;]","og_url":"https:\/\/www.noidiqua.it\/Agliana\/croce-tamburo-fra-storia-tradizione\/","og_site_name":"Noi di Qua Testata giornalistica e di attualit\u00e0 di Agliana, Montale e Quarrata.","article_publisher":"https:\/\/www.facebook.com\/noidiqua.trimestrale\/","article_published_time":"2018-07-11T09:37:26+00:00","article_modified_time":"2022-01-25T10:24:33+00:00","og_image":[{"url":"https:\/\/www.noidiqua.it\/Agliana\/wp-content\/uploads\/2018\/07\/croce.png","type":"","width":"","height":""}],"author":"Piera Salvi","twitter_misc":{"Scritto da":"Piera Salvi","Tempo di lettura stimato":"2 minuti"},"schema":{"@context":"https:\/\/schema.org","@graph":[{"@type":"WebPage","@id":"https:\/\/www.noidiqua.it\/Agliana\/croce-tamburo-fra-storia-tradizione\/","url":"https:\/\/www.noidiqua.it\/Agliana\/croce-tamburo-fra-storia-tradizione\/","name":"Croce di Tamburo - fra storia e tradizione - Noi di Qua Testata giornalistica e di attualit\u00e0 di Agliana, Montale e Quarrata.","isPartOf":{"@id":"https:\/\/www.noidiqua.it\/Agliana\/#website"},"primaryImageOfPage":{"@id":"https:\/\/www.noidiqua.it\/Agliana\/croce-tamburo-fra-storia-tradizione\/#primaryimage"},"image":{"@id":"https:\/\/www.noidiqua.it\/Agliana\/croce-tamburo-fra-storia-tradizione\/#primaryimage"},"thumbnailUrl":"https:\/\/www.noidiqua.it\/Agliana\/wp-content\/uploads\/2018\/07\/croce.png","datePublished":"2018-07-11T09:37:26+00:00","dateModified":"2022-01-25T10:24:33+00:00","author":{"@id":"https:\/\/www.noidiqua.it\/Agliana\/#\/schema\/person\/bb7515c2330bb1137f247276096fa7dc"},"breadcrumb":{"@id":"https:\/\/www.noidiqua.it\/Agliana\/croce-tamburo-fra-storia-tradizione\/#breadcrumb"},"inLanguage":"it-IT","potentialAction":[{"@type":"ReadAction","target":["https:\/\/www.noidiqua.it\/Agliana\/croce-tamburo-fra-storia-tradizione\/"]}]},{"@type":"ImageObject","inLanguage":"it-IT","@id":"https:\/\/www.noidiqua.it\/Agliana\/croce-tamburo-fra-storia-tradizione\/#primaryimage","url":"https:\/\/www.noidiqua.it\/Agliana\/wp-content\/uploads\/2018\/07\/croce.png","contentUrl":"https:\/\/www.noidiqua.it\/Agliana\/wp-content\/uploads\/2018\/07\/croce.png","width":498,"height":350},{"@type":"BreadcrumbList","@id":"https:\/\/www.noidiqua.it\/Agliana\/croce-tamburo-fra-storia-tradizione\/#breadcrumb","itemListElement":[{"@type":"ListItem","position":1,"name":"Home","item":"https:\/\/www.noidiqua.it\/Agliana\/"},{"@type":"ListItem","position":2,"name":"Croce di Tamburo &#8211; fra storia e tradizione"}]},{"@type":"WebSite","@id":"https:\/\/www.noidiqua.it\/Agliana\/#website","url":"https:\/\/www.noidiqua.it\/Agliana\/","name":"Noi di Qua Testata giornalistica e di attualit\u00e0 di Agliana, Montale e Quarrata.","description":"Testata Giornalistica Quarrata Montale Agliana","potentialAction":[{"@type":"SearchAction","target":{"@type":"EntryPoint","urlTemplate":"https:\/\/www.noidiqua.it\/Agliana\/?s={search_term_string}"},"query-input":{"@type":"PropertyValueSpecification","valueRequired":true,"valueName":"search_term_string"}}],"inLanguage":"it-IT"},{"@type":"Person","@id":"https:\/\/www.noidiqua.it\/Agliana\/#\/schema\/person\/bb7515c2330bb1137f247276096fa7dc","name":"Piera Salvi","image":{"@type":"ImageObject","inLanguage":"it-IT","@id":"https:\/\/www.noidiqua.it\/Agliana\/#\/schema\/person\/image\/","url":"https:\/\/secure.gravatar.com\/avatar\/2f9b1fb6e13f3b3e63bde435d999a73be036e320f7a0f5f32f9ac21859d999cd?s=96&d=mm&r=g","contentUrl":"https:\/\/secure.gravatar.com\/avatar\/2f9b1fb6e13f3b3e63bde435d999a73be036e320f7a0f5f32f9ac21859d999cd?s=96&d=mm&r=g","caption":"Piera Salvi"},"url":"https:\/\/www.noidiqua.it\/Agliana\/author\/piera-salvi\/"}]}},"_links":{"self":[{"href":"https:\/\/www.noidiqua.it\/Agliana\/wp-json\/wp\/v2\/posts\/5176","targetHints":{"allow":["GET"]}}],"collection":[{"href":"https:\/\/www.noidiqua.it\/Agliana\/wp-json\/wp\/v2\/posts"}],"about":[{"href":"https:\/\/www.noidiqua.it\/Agliana\/wp-json\/wp\/v2\/types\/post"}],"author":[{"embeddable":true,"href":"https:\/\/www.noidiqua.it\/Agliana\/wp-json\/wp\/v2\/users\/13"}],"replies":[{"embeddable":true,"href":"https:\/\/www.noidiqua.it\/Agliana\/wp-json\/wp\/v2\/comments?post=5176"}],"version-history":[{"count":5,"href":"https:\/\/www.noidiqua.it\/Agliana\/wp-json\/wp\/v2\/posts\/5176\/revisions"}],"predecessor-version":[{"id":6743,"href":"https:\/\/www.noidiqua.it\/Agliana\/wp-json\/wp\/v2\/posts\/5176\/revisions\/6743"}],"wp:attachment":[{"href":"https:\/\/www.noidiqua.it\/Agliana\/wp-json\/wp\/v2\/media?parent=5176"}],"wp:term":[{"taxonomy":"category","embeddable":true,"href":"https:\/\/www.noidiqua.it\/Agliana\/wp-json\/wp\/v2\/categories?post=5176"},{"taxonomy":"post_tag","embeddable":true,"href":"https:\/\/www.noidiqua.it\/Agliana\/wp-json\/wp\/v2\/tags?post=5176"}],"curies":[{"name":"wp","href":"https:\/\/api.w.org\/{rel}","templated":true}]}}