{"id":5187,"date":"2018-07-18T12:17:26","date_gmt":"2018-07-18T10:17:26","guid":{"rendered":"https:\/\/www.noidiqua.it\/Agliana\/?p=5187"},"modified":"2022-01-25T11:30:57","modified_gmt":"2022-01-25T10:30:57","slug":"silvano-sottili-pittore","status":"publish","type":"post","link":"https:\/\/www.noidiqua.it\/Agliana\/silvano-sottili-pittore\/","title":{"rendered":"Silvano Sottili &#8211; pittore"},"content":{"rendered":"<p><em style=\"line-height: inherit;\">di\u00a0Piera Salvi<\/em><\/p>\n<p><em>giugno 2018<\/em><\/p>\n<p><a href=\"https:\/\/www.noidiqua.it\/Agliana\/wp-content\/uploads\/2018\/07\/SILVANO-SOTTILI-.png\" rel=\"wp-prettyPhoto[5187]\"><img loading=\"lazy\" decoding=\"async\" class=\"aligncenter size-full wp-image-6746\" src=\"https:\/\/www.noidiqua.it\/Agliana\/wp-content\/uploads\/2018\/07\/SILVANO-SOTTILI-.png\" alt=\"\" width=\"450\" height=\"325\" srcset=\"https:\/\/www.noidiqua.it\/Agliana\/wp-content\/uploads\/2018\/07\/SILVANO-SOTTILI-.png 450w, https:\/\/www.noidiqua.it\/Agliana\/wp-content\/uploads\/2018\/07\/SILVANO-SOTTILI--300x217.png 300w\" sizes=\"auto, (max-width: 450px) 100vw, 450px\" \/><\/a><\/p>\n<p>&nbsp;<\/p>\n<p class=\"p1\" style=\"text-align: justify;\"><strong>Pittura<\/strong>, coltivazione dell\u2019orto e della vite, la pesca, erano le principali passioni di<strong> Silvano Sottili<\/strong>, artista aglianese scomparso a maggio 2016. Era nato nel 1939, nel centro di <strong>Agliana<\/strong>, si era diplomato all\u2019istituto Pacinotti di Pistoia, poi aveva svolto per tutta la vita l\u2019attivit\u00e0 di tessitore artigiano.<\/p>\n<p class=\"p1\" style=\"text-align: justify;\">Si era sempre dedicato all\u2019arte del riuso, creando plastici di trenini, oppure allestendo bellissimi presepi nella sua casa. Spesso realizzava con le sue mani le canne da pesca con le quali si recava poi a pescare nei laghi, nei fiumi o al mare. Negli anni Settanta cominci\u00f2 a dedicarsi alla pittura, rivelando grande talento. In quegli anni partecip\u00f2 con successo a diverse mostre personali e collettive: al <strong>circolo Bizzocchi<\/strong> di Prato (1971) e, nello stesso anno, alla mostra allestita a Pistoia per il 157\u00b0 anniversario dell\u2019Arma dei carabinieri, nel 1972 alla collettiva Arte Europa a Firenze, diverse le mostre allestite alla <a href=\"https:\/\/www.noidiqua.it\/dove-si-ammira-larte\/\"><strong>Soffitta<\/strong><\/a> di Quarrata, a Prato e a Viareggio. Nel 1974 aveva ricevuto la medaglia d\u2019oro al secondo Premio internazionale di pittura e grafica a Montemurlo e successivamente un diploma di merito alla Mostra internazionale di pittura e scultura <strong>Premio Borgo San Jacopo<\/strong> a Firenze. Le sue opere sono in collezioni nazionali ed estere.<\/p>\n<p><a href=\"https:\/\/www.noidiqua.it\/Agliana\/wp-content\/uploads\/2018\/07\/SILVANO-SOTTILI-2.png\" rel=\"wp-prettyPhoto[5187]\"><img loading=\"lazy\" decoding=\"async\" class=\"aligncenter size-full wp-image-6747\" src=\"https:\/\/www.noidiqua.it\/Agliana\/wp-content\/uploads\/2018\/07\/SILVANO-SOTTILI-2.png\" alt=\"\" width=\"239\" height=\"380\" srcset=\"https:\/\/www.noidiqua.it\/Agliana\/wp-content\/uploads\/2018\/07\/SILVANO-SOTTILI-2.png 239w, https:\/\/www.noidiqua.it\/Agliana\/wp-content\/uploads\/2018\/07\/SILVANO-SOTTILI-2-189x300.png 189w\" sizes=\"auto, (max-width: 239px) 100vw, 239px\" \/><\/a><\/p>\n<p>&nbsp;<\/p>\n<p class=\"p1\" style=\"text-align: justify;\">Nell\u2019ottobre 2017 le pitture di Sottili sono tornate in esposizione ad Agliana, a cura del <a href=\"https:\/\/www.noidiqua.it\/Agliana\/luciano-nesti-gruppo-dei-semplici\/\"><strong>Gruppo dei semplici<\/strong><\/a>, nella mostra \u201cPerle nascoste\u201d, allestita nella Compagnia del Santissimo Sacramento della parrocchia di San Piero, con patrocinio del Comune di Agliana. In quella occasione <strong>Lucetta Risaliti<\/strong> (maestra d\u2019arte e curatrice della mostra) ha definito Silvano Sottili un <i>\u00absingolare artista, che ha recepito gli echi del cubismo ma supera e porta la pittura l\u00e0 dove nessuno ormai osa pi\u00f9 spingersi. Ogni opera \u00e8 un capolavoro di perizia e genialit\u00e0. Che siano alberi, case, oggetti o personaggi, le sue immagini sono scultoree presenze\u00bb<\/i>. L\u2019esposizione ha avuto moltissimi visitatori e grandi apprezzamenti.<\/p>\n<p><a href=\"https:\/\/www.noidiqua.it\/Agliana\/wp-content\/uploads\/2018\/07\/SILVANO-SOTTILI-1.png\" rel=\"wp-prettyPhoto[5187]\"><img loading=\"lazy\" decoding=\"async\" class=\"aligncenter size-full wp-image-6749\" src=\"https:\/\/www.noidiqua.it\/Agliana\/wp-content\/uploads\/2018\/07\/SILVANO-SOTTILI-1.png\" alt=\"\" width=\"450\" height=\"317\" srcset=\"https:\/\/www.noidiqua.it\/Agliana\/wp-content\/uploads\/2018\/07\/SILVANO-SOTTILI-1.png 450w, https:\/\/www.noidiqua.it\/Agliana\/wp-content\/uploads\/2018\/07\/SILVANO-SOTTILI-1-300x211.png 300w\" sizes=\"auto, (max-width: 450px) 100vw, 450px\" \/><\/a><\/p>\n<p class=\"p1\" style=\"text-align: justify;\">Silvano era un grande osservatore, apparentemente di poche parole ma pronto a sostenere appassionate discussioni su qualsiasi argomento, in particolare se si trattava di temi sociali o storici. <i>\u00abUna persona socievole di poche parole\u00bb<\/i>, <i>\u00abUno che ti lasciava imparare, osservava e interveniva solo se necessario per dare suggerimenti\u00bb<\/i>, cos\u00ec lo definiscono i suoi familiari. Negli anni Settanta si era impegnato nelle attivit\u00e0 culturali a livello locale, partecipando anche a mostre allestite ad Agliana. Si era dedicato anche al volontariato presso la Misericordia di Agliana. La sua attivit\u00e0 di pittore \u00e8 stata molto intensa fino agli ultimi giorni della sua vita, anche se nel tempo non aveva pi\u00f9 esposto le sue opere. Era cugino del defunto parroco di San Michele, <strong>don Sinibaldo Sottili<\/strong>, che diceva di lui: <i>\u00abSilvano a mio giudizio \u00e8 un vero artista, i suoi quadri si riconoscono lontano un miglio\u00bb<\/i>.<\/p>\n<p>&nbsp;<\/p>","protected":false},"excerpt":{"rendered":"<p>di\u00a0Piera Salvi giugno 2018 &nbsp; Pittura, coltivazione dell\u2019orto e della vite, la pesca, erano le principali passioni di Silvano Sottili, artista aglianese scomparso a maggio 2016. Era nato nel 1939, nel centro di Agliana, si era diplomato all\u2019istituto Pacinotti di Pistoia, poi aveva svolto per tutta la [&hellip;]<\/p>","protected":false},"author":13,"featured_media":0,"comment_status":"open","ping_status":"open","sticky":false,"template":"","format":"standard","meta":{"footnotes":""},"categories":[2,7],"tags":[37,1669,380,1672,1039,1671,1668,1670,794],"class_list":["post-5187","post","type-post","status-publish","format-standard","hentry","category-ag","category-notizie-dal-passato","tag-ag-ag","tag-circolo-bizzocchi","tag-don-sinibaldo-sottili","tag-lucetta-risaliti","tag-pittura","tag-premio-borgo-san-jacopo","tag-silvano-sottili","tag-soffitta","tag-gruppo-dei-semplici"],"yoast_head":"<!-- This site is optimized with the Yoast SEO plugin v25.5 - https:\/\/yoast.com\/wordpress\/plugins\/seo\/ -->\n<title>Silvano Sottili - pittore - Noi di Qua Testata giornalistica e di attualit\u00e0 di Agliana, Montale e Quarrata.<\/title>\n<meta name=\"robots\" content=\"index, follow, max-snippet:-1, max-image-preview:large, max-video-preview:-1\" \/>\n<link rel=\"canonical\" href=\"https:\/\/www.noidiqua.it\/Agliana\/silvano-sottili-pittore\/\" \/>\n<meta property=\"og:locale\" content=\"it_IT\" \/>\n<meta property=\"og:type\" content=\"article\" \/>\n<meta property=\"og:title\" content=\"Silvano Sottili - pittore - Noi di Qua Testata giornalistica e di attualit\u00e0 di Agliana, Montale e Quarrata.\" \/>\n<meta property=\"og:description\" content=\"di\u00a0Piera Salvi giugno 2018 &nbsp; Pittura, coltivazione dell\u2019orto e della vite, la pesca, erano le principali passioni di Silvano Sottili, artista aglianese scomparso a maggio 2016. Era nato nel 1939, nel centro di Agliana, si era diplomato all\u2019istituto Pacinotti di Pistoia, poi aveva svolto per tutta la [&hellip;]\" \/>\n<meta property=\"og:url\" content=\"https:\/\/www.noidiqua.it\/Agliana\/silvano-sottili-pittore\/\" \/>\n<meta property=\"og:site_name\" content=\"Noi di Qua Testata giornalistica e di attualit\u00e0 di Agliana, Montale e Quarrata.\" \/>\n<meta property=\"article:publisher\" content=\"https:\/\/www.facebook.com\/noidiqua.trimestrale\/\" \/>\n<meta property=\"article:published_time\" content=\"2018-07-18T10:17:26+00:00\" \/>\n<meta property=\"article:modified_time\" content=\"2022-01-25T10:30:57+00:00\" \/>\n<meta property=\"og:image\" content=\"https:\/\/www.noidiqua.it\/Agliana\/wp-content\/uploads\/2018\/07\/SILVANO-SOTTILI-.png\" \/>\n<meta name=\"author\" content=\"Piera Salvi\" \/>\n<meta name=\"twitter:label1\" content=\"Scritto da\" \/>\n\t<meta name=\"twitter:data1\" content=\"Piera Salvi\" \/>\n\t<meta name=\"twitter:label2\" content=\"Tempo di lettura stimato\" \/>\n\t<meta name=\"twitter:data2\" content=\"2 minuti\" \/>\n<script type=\"application\/ld+json\" class=\"yoast-schema-graph\">{\"@context\":\"https:\/\/schema.org\",\"@graph\":[{\"@type\":\"WebPage\",\"@id\":\"https:\/\/www.noidiqua.it\/Agliana\/silvano-sottili-pittore\/\",\"url\":\"https:\/\/www.noidiqua.it\/Agliana\/silvano-sottili-pittore\/\",\"name\":\"Silvano Sottili - pittore - Noi di Qua Testata giornalistica e di attualit\u00e0 di Agliana, Montale e Quarrata.\",\"isPartOf\":{\"@id\":\"https:\/\/www.noidiqua.it\/Agliana\/#website\"},\"primaryImageOfPage\":{\"@id\":\"https:\/\/www.noidiqua.it\/Agliana\/silvano-sottili-pittore\/#primaryimage\"},\"image\":{\"@id\":\"https:\/\/www.noidiqua.it\/Agliana\/silvano-sottili-pittore\/#primaryimage\"},\"thumbnailUrl\":\"https:\/\/www.noidiqua.it\/Agliana\/wp-content\/uploads\/2018\/07\/SILVANO-SOTTILI-.png\",\"datePublished\":\"2018-07-18T10:17:26+00:00\",\"dateModified\":\"2022-01-25T10:30:57+00:00\",\"author\":{\"@id\":\"https:\/\/www.noidiqua.it\/Agliana\/#\/schema\/person\/bb7515c2330bb1137f247276096fa7dc\"},\"breadcrumb\":{\"@id\":\"https:\/\/www.noidiqua.it\/Agliana\/silvano-sottili-pittore\/#breadcrumb\"},\"inLanguage\":\"it-IT\",\"potentialAction\":[{\"@type\":\"ReadAction\",\"target\":[\"https:\/\/www.noidiqua.it\/Agliana\/silvano-sottili-pittore\/\"]}]},{\"@type\":\"ImageObject\",\"inLanguage\":\"it-IT\",\"@id\":\"https:\/\/www.noidiqua.it\/Agliana\/silvano-sottili-pittore\/#primaryimage\",\"url\":\"https:\/\/www.noidiqua.it\/Agliana\/wp-content\/uploads\/2018\/07\/SILVANO-SOTTILI-.png\",\"contentUrl\":\"https:\/\/www.noidiqua.it\/Agliana\/wp-content\/uploads\/2018\/07\/SILVANO-SOTTILI-.png\",\"width\":450,\"height\":325},{\"@type\":\"BreadcrumbList\",\"@id\":\"https:\/\/www.noidiqua.it\/Agliana\/silvano-sottili-pittore\/#breadcrumb\",\"itemListElement\":[{\"@type\":\"ListItem\",\"position\":1,\"name\":\"Home\",\"item\":\"https:\/\/www.noidiqua.it\/Agliana\/\"},{\"@type\":\"ListItem\",\"position\":2,\"name\":\"Silvano Sottili &#8211; pittore\"}]},{\"@type\":\"WebSite\",\"@id\":\"https:\/\/www.noidiqua.it\/Agliana\/#website\",\"url\":\"https:\/\/www.noidiqua.it\/Agliana\/\",\"name\":\"Noi di Qua Testata giornalistica e di attualit\u00e0 di Agliana, Montale e Quarrata.\",\"description\":\"Testata Giornalistica Quarrata Montale Agliana\",\"potentialAction\":[{\"@type\":\"SearchAction\",\"target\":{\"@type\":\"EntryPoint\",\"urlTemplate\":\"https:\/\/www.noidiqua.it\/Agliana\/?s={search_term_string}\"},\"query-input\":{\"@type\":\"PropertyValueSpecification\",\"valueRequired\":true,\"valueName\":\"search_term_string\"}}],\"inLanguage\":\"it-IT\"},{\"@type\":\"Person\",\"@id\":\"https:\/\/www.noidiqua.it\/Agliana\/#\/schema\/person\/bb7515c2330bb1137f247276096fa7dc\",\"name\":\"Piera Salvi\",\"image\":{\"@type\":\"ImageObject\",\"inLanguage\":\"it-IT\",\"@id\":\"https:\/\/www.noidiqua.it\/Agliana\/#\/schema\/person\/image\/\",\"url\":\"https:\/\/secure.gravatar.com\/avatar\/2f9b1fb6e13f3b3e63bde435d999a73be036e320f7a0f5f32f9ac21859d999cd?s=96&d=mm&r=g\",\"contentUrl\":\"https:\/\/secure.gravatar.com\/avatar\/2f9b1fb6e13f3b3e63bde435d999a73be036e320f7a0f5f32f9ac21859d999cd?s=96&d=mm&r=g\",\"caption\":\"Piera Salvi\"},\"url\":\"https:\/\/www.noidiqua.it\/Agliana\/author\/piera-salvi\/\"}]}<\/script>\n<!-- \/ Yoast SEO plugin. -->","yoast_head_json":{"title":"Silvano Sottili - pittore - Noi di Qua Testata giornalistica e di attualit\u00e0 di Agliana, Montale e Quarrata.","robots":{"index":"index","follow":"follow","max-snippet":"max-snippet:-1","max-image-preview":"max-image-preview:large","max-video-preview":"max-video-preview:-1"},"canonical":"https:\/\/www.noidiqua.it\/Agliana\/silvano-sottili-pittore\/","og_locale":"it_IT","og_type":"article","og_title":"Silvano Sottili - pittore - Noi di Qua Testata giornalistica e di attualit\u00e0 di Agliana, Montale e Quarrata.","og_description":"di\u00a0Piera Salvi giugno 2018 &nbsp; Pittura, coltivazione dell\u2019orto e della vite, la pesca, erano le principali passioni di Silvano Sottili, artista aglianese scomparso a maggio 2016. Era nato nel 1939, nel centro di Agliana, si era diplomato all\u2019istituto Pacinotti di Pistoia, poi aveva svolto per tutta la [&hellip;]","og_url":"https:\/\/www.noidiqua.it\/Agliana\/silvano-sottili-pittore\/","og_site_name":"Noi di Qua Testata giornalistica e di attualit\u00e0 di Agliana, Montale e Quarrata.","article_publisher":"https:\/\/www.facebook.com\/noidiqua.trimestrale\/","article_published_time":"2018-07-18T10:17:26+00:00","article_modified_time":"2022-01-25T10:30:57+00:00","og_image":[{"url":"https:\/\/www.noidiqua.it\/Agliana\/wp-content\/uploads\/2018\/07\/SILVANO-SOTTILI-.png","type":"","width":"","height":""}],"author":"Piera Salvi","twitter_misc":{"Scritto da":"Piera Salvi","Tempo di lettura stimato":"2 minuti"},"schema":{"@context":"https:\/\/schema.org","@graph":[{"@type":"WebPage","@id":"https:\/\/www.noidiqua.it\/Agliana\/silvano-sottili-pittore\/","url":"https:\/\/www.noidiqua.it\/Agliana\/silvano-sottili-pittore\/","name":"Silvano Sottili - pittore - Noi di Qua Testata giornalistica e di attualit\u00e0 di Agliana, Montale e Quarrata.","isPartOf":{"@id":"https:\/\/www.noidiqua.it\/Agliana\/#website"},"primaryImageOfPage":{"@id":"https:\/\/www.noidiqua.it\/Agliana\/silvano-sottili-pittore\/#primaryimage"},"image":{"@id":"https:\/\/www.noidiqua.it\/Agliana\/silvano-sottili-pittore\/#primaryimage"},"thumbnailUrl":"https:\/\/www.noidiqua.it\/Agliana\/wp-content\/uploads\/2018\/07\/SILVANO-SOTTILI-.png","datePublished":"2018-07-18T10:17:26+00:00","dateModified":"2022-01-25T10:30:57+00:00","author":{"@id":"https:\/\/www.noidiqua.it\/Agliana\/#\/schema\/person\/bb7515c2330bb1137f247276096fa7dc"},"breadcrumb":{"@id":"https:\/\/www.noidiqua.it\/Agliana\/silvano-sottili-pittore\/#breadcrumb"},"inLanguage":"it-IT","potentialAction":[{"@type":"ReadAction","target":["https:\/\/www.noidiqua.it\/Agliana\/silvano-sottili-pittore\/"]}]},{"@type":"ImageObject","inLanguage":"it-IT","@id":"https:\/\/www.noidiqua.it\/Agliana\/silvano-sottili-pittore\/#primaryimage","url":"https:\/\/www.noidiqua.it\/Agliana\/wp-content\/uploads\/2018\/07\/SILVANO-SOTTILI-.png","contentUrl":"https:\/\/www.noidiqua.it\/Agliana\/wp-content\/uploads\/2018\/07\/SILVANO-SOTTILI-.png","width":450,"height":325},{"@type":"BreadcrumbList","@id":"https:\/\/www.noidiqua.it\/Agliana\/silvano-sottili-pittore\/#breadcrumb","itemListElement":[{"@type":"ListItem","position":1,"name":"Home","item":"https:\/\/www.noidiqua.it\/Agliana\/"},{"@type":"ListItem","position":2,"name":"Silvano Sottili &#8211; pittore"}]},{"@type":"WebSite","@id":"https:\/\/www.noidiqua.it\/Agliana\/#website","url":"https:\/\/www.noidiqua.it\/Agliana\/","name":"Noi di Qua Testata giornalistica e di attualit\u00e0 di Agliana, Montale e Quarrata.","description":"Testata Giornalistica Quarrata Montale Agliana","potentialAction":[{"@type":"SearchAction","target":{"@type":"EntryPoint","urlTemplate":"https:\/\/www.noidiqua.it\/Agliana\/?s={search_term_string}"},"query-input":{"@type":"PropertyValueSpecification","valueRequired":true,"valueName":"search_term_string"}}],"inLanguage":"it-IT"},{"@type":"Person","@id":"https:\/\/www.noidiqua.it\/Agliana\/#\/schema\/person\/bb7515c2330bb1137f247276096fa7dc","name":"Piera Salvi","image":{"@type":"ImageObject","inLanguage":"it-IT","@id":"https:\/\/www.noidiqua.it\/Agliana\/#\/schema\/person\/image\/","url":"https:\/\/secure.gravatar.com\/avatar\/2f9b1fb6e13f3b3e63bde435d999a73be036e320f7a0f5f32f9ac21859d999cd?s=96&d=mm&r=g","contentUrl":"https:\/\/secure.gravatar.com\/avatar\/2f9b1fb6e13f3b3e63bde435d999a73be036e320f7a0f5f32f9ac21859d999cd?s=96&d=mm&r=g","caption":"Piera Salvi"},"url":"https:\/\/www.noidiqua.it\/Agliana\/author\/piera-salvi\/"}]}},"_links":{"self":[{"href":"https:\/\/www.noidiqua.it\/Agliana\/wp-json\/wp\/v2\/posts\/5187","targetHints":{"allow":["GET"]}}],"collection":[{"href":"https:\/\/www.noidiqua.it\/Agliana\/wp-json\/wp\/v2\/posts"}],"about":[{"href":"https:\/\/www.noidiqua.it\/Agliana\/wp-json\/wp\/v2\/types\/post"}],"author":[{"embeddable":true,"href":"https:\/\/www.noidiqua.it\/Agliana\/wp-json\/wp\/v2\/users\/13"}],"replies":[{"embeddable":true,"href":"https:\/\/www.noidiqua.it\/Agliana\/wp-json\/wp\/v2\/comments?post=5187"}],"version-history":[{"count":4,"href":"https:\/\/www.noidiqua.it\/Agliana\/wp-json\/wp\/v2\/posts\/5187\/revisions"}],"predecessor-version":[{"id":6750,"href":"https:\/\/www.noidiqua.it\/Agliana\/wp-json\/wp\/v2\/posts\/5187\/revisions\/6750"}],"wp:attachment":[{"href":"https:\/\/www.noidiqua.it\/Agliana\/wp-json\/wp\/v2\/media?parent=5187"}],"wp:term":[{"taxonomy":"category","embeddable":true,"href":"https:\/\/www.noidiqua.it\/Agliana\/wp-json\/wp\/v2\/categories?post=5187"},{"taxonomy":"post_tag","embeddable":true,"href":"https:\/\/www.noidiqua.it\/Agliana\/wp-json\/wp\/v2\/tags?post=5187"}],"curies":[{"name":"wp","href":"https:\/\/api.w.org\/{rel}","templated":true}]}}