{"id":5237,"date":"2018-09-05T15:33:30","date_gmt":"2018-09-05T13:33:30","guid":{"rendered":"https:\/\/www.noidiqua.it\/Agliana\/?p=5237"},"modified":"2022-01-21T12:33:06","modified_gmt":"2022-01-21T11:33:06","slug":"25-anni-officinae","status":"publish","type":"post","link":"https:\/\/www.noidiqua.it\/Agliana\/25-anni-officinae\/","title":{"rendered":"25 anni di Officinae"},"content":{"rendered":"<p><em>di Piera Salvi<br \/>\n<\/em><\/p>\n<p><em>settembre 2018<\/em><\/p>\n<p><a href=\"https:\/\/www.noidiqua.it\/Agliana\/wp-content\/uploads\/2018\/09\/OFFICINAE_1.png\" rel=\"wp-prettyPhoto[5237]\"><img loading=\"lazy\" decoding=\"async\" class=\"aligncenter size-full wp-image-6675\" src=\"https:\/\/www.noidiqua.it\/Agliana\/wp-content\/uploads\/2018\/09\/OFFICINAE_1.png\" alt=\"\" width=\"450\" height=\"300\" srcset=\"https:\/\/www.noidiqua.it\/Agliana\/wp-content\/uploads\/2018\/09\/OFFICINAE_1.png 450w, https:\/\/www.noidiqua.it\/Agliana\/wp-content\/uploads\/2018\/09\/OFFICINAE_1-300x200.png 300w\" sizes=\"auto, (max-width: 450px) 100vw, 450px\" \/><\/a><span class=\"s1\">Dal 14 al 22 settembre <strong>\u201cOfficinae\u201d<\/strong> ha festeggiato il 25\u00b0 compleanno, con una mostra allestita al <strong>teatro Moderno<\/strong> e l\u2019inaugurazione del nuovo forno per la cottura della ceramica, acquistato con il contributo della <strong>Fondazione Banca Alta Toscana<\/strong>. Come eventi collaterali: il 15 c\u2019\u00e8 stato uno spettacolo teatrale a cura della \u201cCompagnia dei semplici\u201d, dell\u2019associazione \u201cAmici di Pupigliana e della Valle del Brandeglio\u201d (di cui \u201cOfficinae\u201d fa parte), il 20 un concerto di \u201cQuirales duo\u201d, e il 22 \u00e8 avvenuto l\u2019incontro \u201cArte e dono: la stessa anima\u201d, tra Aido provinciale e il maestro Melani dal titolo.<\/span><\/p>\n<p><span class=\"s1\">Fra i numerosi laboratori attivati nell\u2019autunno 1993 dal Comune di Agliana, idea nata da un incontro tra lo <strong>scultore<\/strong> <strong>Vanni Melani<\/strong> e l\u2019allora assessore alla cultura Cinzia Salvini, quello artistico \u00e8 l\u2019unico ad avere resistito 25 anni, seguito sempre dallo stesso direttore, il maestro Vanni Melani, che ha insegnato materie artistiche alle scuole medie e superiori, in Italia e all\u2019estero. Nella nostra zona, \u00e8 stato docente a <strong>Montale<\/strong> e <strong>Agliana<\/strong> per oltre trent\u2019anni, di cui ben 26 a Montale. Negli ultimi anni, il laboratorio \u201cOfficinae\u201d \u00e8 inserito nelle attivit\u00e0 culturali unificate tra le amministrazioni comunali di Agliana e Montale. Dall\u2019inaugurazione ad oggi \u201cOfficinae\u201d ha stabile dimora in via Vittorio Bellini a San Niccol\u00f2, in un locale che in passato era uno dei tanti <strong>stanzoni<\/strong> aglianesi dove battevano i telai. Un luogo che \u00e8, dunque, passato dall\u2019artigianato all\u2019arte, dove chi ha interessi artistici ha potuto dedicarsi a varie attivit\u00e0: non solo plastica-ceramica, ma anche batik, mosaico, disegno, corsi di nudo, calcografia, decorazione, pittura e storia dell\u2019arte, supportata da visite a citt\u00e0 d\u2019arte, mostre, musei ed incontri con artisti. Gli allievi vengono dall\u2019area pistoiese e pratese.<\/span><\/p>\n<p>&nbsp;<\/p>\n<p><a href=\"https:\/\/www.noidiqua.it\/Agliana\/wp-content\/uploads\/2018\/09\/OFFICINAE_2.png\" rel=\"wp-prettyPhoto[5237]\"><img loading=\"lazy\" decoding=\"async\" class=\"aligncenter size-full wp-image-6677\" src=\"https:\/\/www.noidiqua.it\/Agliana\/wp-content\/uploads\/2018\/09\/OFFICINAE_2.png\" alt=\"\" width=\"450\" height=\"300\" srcset=\"https:\/\/www.noidiqua.it\/Agliana\/wp-content\/uploads\/2018\/09\/OFFICINAE_2.png 450w, https:\/\/www.noidiqua.it\/Agliana\/wp-content\/uploads\/2018\/09\/OFFICINAE_2-300x200.png 300w\" sizes=\"auto, (max-width: 450px) 100vw, 450px\" \/><\/a><\/p>\n<p class=\"p1\" style=\"text-align: justify;\"><span class=\"s1\">In un quarto di secolo la media annua \u00e8 stata sui venti iscritti, venticinque nell\u2019anno 2017-2018. Tra gli allievi pi\u00f9 assidui c\u2019\u00e8 che chi frequenta il laboratorio da pi\u00f9 di quindici anni, ma tutti hanno passato in questo luogo magico almeno tre anni. Fra i due sessi \u00e8 notevole la prevalenza delle donne. Le mostre annuali dei corsisti (ad Agliana, Pistoia e Quarrata), si sono alternate a quelle degli istituti d\u2019arte di Sesto Fiorentino, Lucca, Firenze, Pistoia e le scuole d\u2019arte di Prato e Montelupo. Numerosi gli illustri ospiti: Giuseppe Gavazzi, Sergio Beragnoli, Roberto Ceccherini, Paolo Tesi, Luciano Caruso, Salvatore Cipolla, Aladino Sforzi, Renzo Ferrari, Michele Fabbricatore, Giuseppe Bartolozzi e Pier Luigi Zollo. I <strong>corsisti<\/strong> hanno contribuito anche a realizzare il frontone sulla facciata del laboratorio che rappresenta arti e mestieri, il bassorilievo nella sala consiliare del Comune e al parco Pertini a ricordo della fornace.<\/span><\/p>\n<p class=\"p1\" style=\"text-align: justify;\"><span class=\"s1\"><i>\u00ab\u201cOfficinae\u201d, oltre che un laboratorio\u00bb<\/i> spiega Melani <i>\u00ab\u00e8 un punto di riferimento e luogo d\u2019incontro. Si lavora nell\u2019ambito delle arti figurative, su teoria e pratica. L\u2019anima del laboratorio \u00e8 lo spirito della bottega d\u2019arte, dove trascorrere delle ore staccando completamente da ci\u00f2 che \u00e8 fuori. E&#8217; un luogo laico, dove l\u2019interesse comune \u00e8 la ricerca delle forme espressive artistiche, classiche e contemporanee. E&#8217; luogo di scambio, critiche e analisi, nel tentativo di comprendere la realt\u00e0 culturale, non solo per gli addetti ai lavori, con concetti espressi in parole semplici. C\u2019\u00e8 stato l\u2019impegno dei corsisti nell\u2019adoperarsi con sacrificio, sentendo il laboratorio una cosa propria. Naturalmente, c\u2019\u00e8 stata la volont\u00e0 dell\u2019amministrazione comunale di dare continuit\u00e0 a questa realt\u00e0, nonostante i tempi difficili\u00bb<\/i>.<\/span><a href=\"https:\/\/www.noidiqua.it\/Agliana\/wp-content\/uploads\/2018\/09\/OFFICINAE_3.png\" rel=\"wp-prettyPhoto[5237]\"><img loading=\"lazy\" decoding=\"async\" class=\"aligncenter size-full wp-image-6678\" src=\"https:\/\/www.noidiqua.it\/Agliana\/wp-content\/uploads\/2018\/09\/OFFICINAE_3.png\" alt=\"\" width=\"450\" height=\"300\" srcset=\"https:\/\/www.noidiqua.it\/Agliana\/wp-content\/uploads\/2018\/09\/OFFICINAE_3.png 450w, https:\/\/www.noidiqua.it\/Agliana\/wp-content\/uploads\/2018\/09\/OFFICINAE_3-300x200.png 300w\" sizes=\"auto, (max-width: 450px) 100vw, 450px\" \/><\/a><span class=\"s1\">E c\u2019\u00e8 sicuramente la passione, la professionalit\u00e0 e la costanza del maestro Vanni Melani, che col suo approccio con l\u2019allievo, crea la giusta sintonia tra indicazioni tecniche, lavoro manuale e libert\u00e0 espressiva. <\/span><\/p>\n<p>&nbsp;<\/p>","protected":false},"excerpt":{"rendered":"<p>di Piera Salvi settembre 2018 Dal 14 al 22 settembre \u201cOfficinae\u201d ha festeggiato il 25\u00b0 compleanno, con una mostra allestita al teatro Moderno e l\u2019inaugurazione del nuovo forno per la cottura della ceramica, acquistato con il contributo della Fondazione Banca Alta Toscana. Come eventi collaterali: il 15 [&hellip;]<\/p>","protected":false},"author":13,"featured_media":0,"comment_status":"open","ping_status":"open","sticky":false,"template":"","format":"standard","meta":{"footnotes":""},"categories":[2,3],"tags":[37,1737,1734,1036,98,156,1736,367,1735],"class_list":["post-5237","post","type-post","status-publish","format-standard","hentry","category-ag","category-arte-artigianato-qt","tag-ag-ag","tag-corsisti","tag-fondazione-banca-alta-toscana","tag-mt","tag-officinae","tag-scultore","tag-stanzoni","tag-teatro-moderno","tag-vanni-melani"],"yoast_head":"<!-- This site is optimized with the Yoast SEO plugin v25.5 - https:\/\/yoast.com\/wordpress\/plugins\/seo\/ -->\n<title>25 anni di Officinae - Noi di Qua Testata giornalistica e di attualit\u00e0 di Agliana, Montale e Quarrata.<\/title>\n<meta name=\"robots\" content=\"index, follow, max-snippet:-1, max-image-preview:large, max-video-preview:-1\" \/>\n<link rel=\"canonical\" href=\"https:\/\/www.noidiqua.it\/Agliana\/25-anni-officinae\/\" \/>\n<meta property=\"og:locale\" content=\"it_IT\" \/>\n<meta property=\"og:type\" content=\"article\" \/>\n<meta property=\"og:title\" content=\"25 anni di Officinae - Noi di Qua Testata giornalistica e di attualit\u00e0 di Agliana, Montale e Quarrata.\" \/>\n<meta property=\"og:description\" content=\"di Piera Salvi settembre 2018 Dal 14 al 22 settembre \u201cOfficinae\u201d ha festeggiato il 25\u00b0 compleanno, con una mostra allestita al teatro Moderno e l\u2019inaugurazione del nuovo forno per la cottura della ceramica, acquistato con il contributo della Fondazione Banca Alta Toscana. Come eventi collaterali: il 15 [&hellip;]\" \/>\n<meta property=\"og:url\" content=\"https:\/\/www.noidiqua.it\/Agliana\/25-anni-officinae\/\" \/>\n<meta property=\"og:site_name\" content=\"Noi di Qua Testata giornalistica e di attualit\u00e0 di Agliana, Montale e Quarrata.\" \/>\n<meta property=\"article:publisher\" content=\"https:\/\/www.facebook.com\/noidiqua.trimestrale\/\" \/>\n<meta property=\"article:published_time\" content=\"2018-09-05T13:33:30+00:00\" \/>\n<meta property=\"article:modified_time\" content=\"2022-01-21T11:33:06+00:00\" \/>\n<meta property=\"og:image\" content=\"https:\/\/www.noidiqua.it\/Agliana\/wp-content\/uploads\/2018\/09\/OFFICINAE_1.png\" \/>\n<meta name=\"author\" content=\"Piera Salvi\" \/>\n<meta name=\"twitter:label1\" content=\"Scritto da\" \/>\n\t<meta name=\"twitter:data1\" content=\"Piera Salvi\" \/>\n\t<meta name=\"twitter:label2\" content=\"Tempo di lettura stimato\" \/>\n\t<meta name=\"twitter:data2\" content=\"3 minuti\" \/>\n<script type=\"application\/ld+json\" class=\"yoast-schema-graph\">{\"@context\":\"https:\/\/schema.org\",\"@graph\":[{\"@type\":\"WebPage\",\"@id\":\"https:\/\/www.noidiqua.it\/Agliana\/25-anni-officinae\/\",\"url\":\"https:\/\/www.noidiqua.it\/Agliana\/25-anni-officinae\/\",\"name\":\"25 anni di Officinae - Noi di Qua Testata giornalistica e di attualit\u00e0 di Agliana, Montale e Quarrata.\",\"isPartOf\":{\"@id\":\"https:\/\/www.noidiqua.it\/Agliana\/#website\"},\"primaryImageOfPage\":{\"@id\":\"https:\/\/www.noidiqua.it\/Agliana\/25-anni-officinae\/#primaryimage\"},\"image\":{\"@id\":\"https:\/\/www.noidiqua.it\/Agliana\/25-anni-officinae\/#primaryimage\"},\"thumbnailUrl\":\"https:\/\/www.noidiqua.it\/Agliana\/wp-content\/uploads\/2018\/09\/OFFICINAE_1.png\",\"datePublished\":\"2018-09-05T13:33:30+00:00\",\"dateModified\":\"2022-01-21T11:33:06+00:00\",\"author\":{\"@id\":\"https:\/\/www.noidiqua.it\/Agliana\/#\/schema\/person\/bb7515c2330bb1137f247276096fa7dc\"},\"breadcrumb\":{\"@id\":\"https:\/\/www.noidiqua.it\/Agliana\/25-anni-officinae\/#breadcrumb\"},\"inLanguage\":\"it-IT\",\"potentialAction\":[{\"@type\":\"ReadAction\",\"target\":[\"https:\/\/www.noidiqua.it\/Agliana\/25-anni-officinae\/\"]}]},{\"@type\":\"ImageObject\",\"inLanguage\":\"it-IT\",\"@id\":\"https:\/\/www.noidiqua.it\/Agliana\/25-anni-officinae\/#primaryimage\",\"url\":\"https:\/\/www.noidiqua.it\/Agliana\/wp-content\/uploads\/2018\/09\/OFFICINAE_1.png\",\"contentUrl\":\"https:\/\/www.noidiqua.it\/Agliana\/wp-content\/uploads\/2018\/09\/OFFICINAE_1.png\",\"width\":450,\"height\":300},{\"@type\":\"BreadcrumbList\",\"@id\":\"https:\/\/www.noidiqua.it\/Agliana\/25-anni-officinae\/#breadcrumb\",\"itemListElement\":[{\"@type\":\"ListItem\",\"position\":1,\"name\":\"Home\",\"item\":\"https:\/\/www.noidiqua.it\/Agliana\/\"},{\"@type\":\"ListItem\",\"position\":2,\"name\":\"25 anni di Officinae\"}]},{\"@type\":\"WebSite\",\"@id\":\"https:\/\/www.noidiqua.it\/Agliana\/#website\",\"url\":\"https:\/\/www.noidiqua.it\/Agliana\/\",\"name\":\"Noi di Qua Testata giornalistica e di attualit\u00e0 di Agliana, Montale e Quarrata.\",\"description\":\"Testata Giornalistica Quarrata Montale Agliana\",\"potentialAction\":[{\"@type\":\"SearchAction\",\"target\":{\"@type\":\"EntryPoint\",\"urlTemplate\":\"https:\/\/www.noidiqua.it\/Agliana\/?s={search_term_string}\"},\"query-input\":{\"@type\":\"PropertyValueSpecification\",\"valueRequired\":true,\"valueName\":\"search_term_string\"}}],\"inLanguage\":\"it-IT\"},{\"@type\":\"Person\",\"@id\":\"https:\/\/www.noidiqua.it\/Agliana\/#\/schema\/person\/bb7515c2330bb1137f247276096fa7dc\",\"name\":\"Piera Salvi\",\"image\":{\"@type\":\"ImageObject\",\"inLanguage\":\"it-IT\",\"@id\":\"https:\/\/www.noidiqua.it\/Agliana\/#\/schema\/person\/image\/\",\"url\":\"https:\/\/secure.gravatar.com\/avatar\/2f9b1fb6e13f3b3e63bde435d999a73be036e320f7a0f5f32f9ac21859d999cd?s=96&d=mm&r=g\",\"contentUrl\":\"https:\/\/secure.gravatar.com\/avatar\/2f9b1fb6e13f3b3e63bde435d999a73be036e320f7a0f5f32f9ac21859d999cd?s=96&d=mm&r=g\",\"caption\":\"Piera Salvi\"},\"url\":\"https:\/\/www.noidiqua.it\/Agliana\/author\/piera-salvi\/\"}]}<\/script>\n<!-- \/ Yoast SEO plugin. -->","yoast_head_json":{"title":"25 anni di Officinae - Noi di Qua Testata giornalistica e di attualit\u00e0 di Agliana, Montale e Quarrata.","robots":{"index":"index","follow":"follow","max-snippet":"max-snippet:-1","max-image-preview":"max-image-preview:large","max-video-preview":"max-video-preview:-1"},"canonical":"https:\/\/www.noidiqua.it\/Agliana\/25-anni-officinae\/","og_locale":"it_IT","og_type":"article","og_title":"25 anni di Officinae - Noi di Qua Testata giornalistica e di attualit\u00e0 di Agliana, Montale e Quarrata.","og_description":"di Piera Salvi settembre 2018 Dal 14 al 22 settembre \u201cOfficinae\u201d ha festeggiato il 25\u00b0 compleanno, con una mostra allestita al teatro Moderno e l\u2019inaugurazione del nuovo forno per la cottura della ceramica, acquistato con il contributo della Fondazione Banca Alta Toscana. Come eventi collaterali: il 15 [&hellip;]","og_url":"https:\/\/www.noidiqua.it\/Agliana\/25-anni-officinae\/","og_site_name":"Noi di Qua Testata giornalistica e di attualit\u00e0 di Agliana, Montale e Quarrata.","article_publisher":"https:\/\/www.facebook.com\/noidiqua.trimestrale\/","article_published_time":"2018-09-05T13:33:30+00:00","article_modified_time":"2022-01-21T11:33:06+00:00","og_image":[{"url":"https:\/\/www.noidiqua.it\/Agliana\/wp-content\/uploads\/2018\/09\/OFFICINAE_1.png","type":"","width":"","height":""}],"author":"Piera Salvi","twitter_misc":{"Scritto da":"Piera Salvi","Tempo di lettura stimato":"3 minuti"},"schema":{"@context":"https:\/\/schema.org","@graph":[{"@type":"WebPage","@id":"https:\/\/www.noidiqua.it\/Agliana\/25-anni-officinae\/","url":"https:\/\/www.noidiqua.it\/Agliana\/25-anni-officinae\/","name":"25 anni di Officinae - Noi di Qua Testata giornalistica e di attualit\u00e0 di Agliana, Montale e Quarrata.","isPartOf":{"@id":"https:\/\/www.noidiqua.it\/Agliana\/#website"},"primaryImageOfPage":{"@id":"https:\/\/www.noidiqua.it\/Agliana\/25-anni-officinae\/#primaryimage"},"image":{"@id":"https:\/\/www.noidiqua.it\/Agliana\/25-anni-officinae\/#primaryimage"},"thumbnailUrl":"https:\/\/www.noidiqua.it\/Agliana\/wp-content\/uploads\/2018\/09\/OFFICINAE_1.png","datePublished":"2018-09-05T13:33:30+00:00","dateModified":"2022-01-21T11:33:06+00:00","author":{"@id":"https:\/\/www.noidiqua.it\/Agliana\/#\/schema\/person\/bb7515c2330bb1137f247276096fa7dc"},"breadcrumb":{"@id":"https:\/\/www.noidiqua.it\/Agliana\/25-anni-officinae\/#breadcrumb"},"inLanguage":"it-IT","potentialAction":[{"@type":"ReadAction","target":["https:\/\/www.noidiqua.it\/Agliana\/25-anni-officinae\/"]}]},{"@type":"ImageObject","inLanguage":"it-IT","@id":"https:\/\/www.noidiqua.it\/Agliana\/25-anni-officinae\/#primaryimage","url":"https:\/\/www.noidiqua.it\/Agliana\/wp-content\/uploads\/2018\/09\/OFFICINAE_1.png","contentUrl":"https:\/\/www.noidiqua.it\/Agliana\/wp-content\/uploads\/2018\/09\/OFFICINAE_1.png","width":450,"height":300},{"@type":"BreadcrumbList","@id":"https:\/\/www.noidiqua.it\/Agliana\/25-anni-officinae\/#breadcrumb","itemListElement":[{"@type":"ListItem","position":1,"name":"Home","item":"https:\/\/www.noidiqua.it\/Agliana\/"},{"@type":"ListItem","position":2,"name":"25 anni di Officinae"}]},{"@type":"WebSite","@id":"https:\/\/www.noidiqua.it\/Agliana\/#website","url":"https:\/\/www.noidiqua.it\/Agliana\/","name":"Noi di Qua Testata giornalistica e di attualit\u00e0 di Agliana, Montale e Quarrata.","description":"Testata Giornalistica Quarrata Montale Agliana","potentialAction":[{"@type":"SearchAction","target":{"@type":"EntryPoint","urlTemplate":"https:\/\/www.noidiqua.it\/Agliana\/?s={search_term_string}"},"query-input":{"@type":"PropertyValueSpecification","valueRequired":true,"valueName":"search_term_string"}}],"inLanguage":"it-IT"},{"@type":"Person","@id":"https:\/\/www.noidiqua.it\/Agliana\/#\/schema\/person\/bb7515c2330bb1137f247276096fa7dc","name":"Piera Salvi","image":{"@type":"ImageObject","inLanguage":"it-IT","@id":"https:\/\/www.noidiqua.it\/Agliana\/#\/schema\/person\/image\/","url":"https:\/\/secure.gravatar.com\/avatar\/2f9b1fb6e13f3b3e63bde435d999a73be036e320f7a0f5f32f9ac21859d999cd?s=96&d=mm&r=g","contentUrl":"https:\/\/secure.gravatar.com\/avatar\/2f9b1fb6e13f3b3e63bde435d999a73be036e320f7a0f5f32f9ac21859d999cd?s=96&d=mm&r=g","caption":"Piera Salvi"},"url":"https:\/\/www.noidiqua.it\/Agliana\/author\/piera-salvi\/"}]}},"_links":{"self":[{"href":"https:\/\/www.noidiqua.it\/Agliana\/wp-json\/wp\/v2\/posts\/5237","targetHints":{"allow":["GET"]}}],"collection":[{"href":"https:\/\/www.noidiqua.it\/Agliana\/wp-json\/wp\/v2\/posts"}],"about":[{"href":"https:\/\/www.noidiqua.it\/Agliana\/wp-json\/wp\/v2\/types\/post"}],"author":[{"embeddable":true,"href":"https:\/\/www.noidiqua.it\/Agliana\/wp-json\/wp\/v2\/users\/13"}],"replies":[{"embeddable":true,"href":"https:\/\/www.noidiqua.it\/Agliana\/wp-json\/wp\/v2\/comments?post=5237"}],"version-history":[{"count":8,"href":"https:\/\/www.noidiqua.it\/Agliana\/wp-json\/wp\/v2\/posts\/5237\/revisions"}],"predecessor-version":[{"id":6679,"href":"https:\/\/www.noidiqua.it\/Agliana\/wp-json\/wp\/v2\/posts\/5237\/revisions\/6679"}],"wp:attachment":[{"href":"https:\/\/www.noidiqua.it\/Agliana\/wp-json\/wp\/v2\/media?parent=5237"}],"wp:term":[{"taxonomy":"category","embeddable":true,"href":"https:\/\/www.noidiqua.it\/Agliana\/wp-json\/wp\/v2\/categories?post=5237"},{"taxonomy":"post_tag","embeddable":true,"href":"https:\/\/www.noidiqua.it\/Agliana\/wp-json\/wp\/v2\/tags?post=5237"}],"curies":[{"name":"wp","href":"https:\/\/api.w.org\/{rel}","templated":true}]}}