{"id":5272,"date":"2018-09-05T17:05:57","date_gmt":"2018-09-05T15:05:57","guid":{"rendered":"https:\/\/www.noidiqua.it\/Agliana\/?p=5272"},"modified":"2022-01-21T12:46:47","modified_gmt":"2022-01-21T11:46:47","slug":"ultima-spiaggia-30-anni","status":"publish","type":"post","link":"https:\/\/www.noidiqua.it\/Agliana\/ultima-spiaggia-30-anni\/","title":{"rendered":"Ultima spiaggia&#8230; da 30 anni"},"content":{"rendered":"<p><em style=\"line-height: inherit;\">di Piera Salvi<\/em><\/p>\n<p><em>settembre 2018<\/em><\/p>\n<p><a href=\"https:\/\/www.noidiqua.it\/Agliana\/wp-content\/uploads\/2018\/09\/ULTIMA-SPIAGGIA_1.png\" rel=\"wp-prettyPhoto[5272]\"><img loading=\"lazy\" decoding=\"async\" class=\"aligncenter size-full wp-image-6685\" src=\"https:\/\/www.noidiqua.it\/Agliana\/wp-content\/uploads\/2018\/09\/ULTIMA-SPIAGGIA_1.png\" alt=\"\" width=\"450\" height=\"267\" srcset=\"https:\/\/www.noidiqua.it\/Agliana\/wp-content\/uploads\/2018\/09\/ULTIMA-SPIAGGIA_1.png 450w, https:\/\/www.noidiqua.it\/Agliana\/wp-content\/uploads\/2018\/09\/ULTIMA-SPIAGGIA_1-300x178.png 300w\" sizes=\"auto, (max-width: 450px) 100vw, 450px\" \/><\/a><span class=\"s1\">\u201cUltima spiaggia\u201d. L\u2019insegna \u00e8 visibile transitando da Agliana sulla Sp1 (Nuova provinciale pratese) e dalla piazza di S. Michele, per dirci che nel palazzo tra la Provinciale e la piazza c\u2019\u00e8 un\u2019agenzia di viaggi. Ma perch\u00e9 questo nome, che evoca un\u2019espressione spesso usata per dire che siamo giunti al limite o che abbiamo l\u2019ultima possibilit\u00e0 di speranza? Ce lo spiega Vito Gori, fondatore con la moglie Marzia Giovannetti di \u201cEnergy Tour\u201d, che quest\u2019anno festeggia trent\u2019anni di attivit\u00e0 e da cui \u00e8 nata \u201cUltima spiaggia\u201d. E allora teniamoci per un po\u2019 la curiosit\u00e0 e cominciamo un viaggio indietro nel tempo.<\/span><\/p>\n<p>&nbsp;<\/p>\n<p class=\"p3\" style=\"text-align: justify;\"><span class=\"s2\"><b>Perch\u00e9 nel 1988 avete deciso di aprire un\u2019agenzia di viaggi?<\/b><\/span><\/p>\n<p class=\"p1\" style=\"text-align: justify;\"><span class=\"s1\"><i>Io e Marzia avevamo esperienze lavorative diverse, ma in comune la passione per i viaggi. Cos\u00ec \u00e8 nata l\u2019idea.<\/i><\/span><\/p>\n<p class=\"p3\" style=\"text-align: justify;\"><span class=\"s2\"><b>Per\u00f2 inizialmente avete aperto a S. Marcello, sulla montagna pistoiese: come mai?<\/b><\/span><\/p>\n<p class=\"p1\" style=\"text-align: justify;\"><span class=\"s1\"><i>In quegli anni le agenzie di viaggi erano a numero chiuso. La Provincia stabiliva dove si poteva aprire, in base ai servizi presenti nelle varie zone. Energy Tour \u00e8 stata l\u2019ultima agenzia autorizzata dalla Provincia di Pistoia prima della legge regionale sulle liberalizzazioni. Siamo rimasti a S. Marcello fino al 1993, anno in cui abbiamo aperto ad Agliana, ma dal 1991 al 2006 abbiamo avuto un\u2019agenzia anche a Pistoia. Energy Tour \u00e8 stata fino al 2007 un\u2019entit\u00e0 unica, sia come tour operator (che vende attraverso agenzie), sia come agenzia di viaggi (che ha contatti diretti con il cliente). Nel 2007 abbiamo deciso di dividere le due attivit\u00e0 lasciando al tour operator il nome Energy Tour. Quindi dovevamo trovare un nuovo nome all\u2019agenzia di viaggi\u00bb<\/i>.<\/span><\/p>\n<p class=\"p3\" style=\"text-align: justify;\"><span class=\"s2\"><b>E ora possiamo scoprire perch\u00e9 avete scelto Ultima spiaggia&#8230;<\/b><\/span><\/p>\n<p class=\"p1\" style=\"text-align: justify;\"><span class=\"s1\"><i>Il nome di un\u2019agenzia di viaggi deve essere unico in tutta Italia e autorizzato dal Ministero competente, a cui viene inviata una rosa di nomi. Avevamo inserito anche Ultima spiaggia perch\u00e9 pu\u00f2 avere un doppio significato: per esempio la possibilit\u00e0 di rilassarsi per chi \u00e8 stressato, oppure la spiaggia pi\u00f9 nuova da visitare. Era disponibile e l\u2019abbiamo scelto<\/i>. <\/span><\/p>\n<p class=\"p3\" style=\"text-align: justify;\"><span class=\"s2\"><b>Com\u2019\u00e8 stato il vostro lungo viaggio professionale, fino ad oggi?<\/b><\/span><\/p>\n<p class=\"p1\" style=\"text-align: justify;\"><span class=\"s1\"><i>\u00e8 un lavoro che richiede professionalit\u00e0, passione, conoscenza, esperienza e seriet\u00e0 nel fornire i servizi.<span class=\"Apple-converted-space\">\u00a0 <\/span>\u00e8 duro ma offre tante soddisfazioni. Come tour operator per un periodo siamo stati il principale cliente delle compagnie aeree spagnole.<\/i><\/span><\/p>\n<p><a href=\"https:\/\/www.noidiqua.it\/Agliana\/wp-content\/uploads\/2018\/09\/staff.png\" rel=\"wp-prettyPhoto[5272]\"><img loading=\"lazy\" decoding=\"async\" class=\"aligncenter size-full wp-image-6687\" src=\"https:\/\/www.noidiqua.it\/Agliana\/wp-content\/uploads\/2018\/09\/staff.png\" alt=\"\" width=\"497\" height=\"332\" srcset=\"https:\/\/www.noidiqua.it\/Agliana\/wp-content\/uploads\/2018\/09\/staff.png 497w, https:\/\/www.noidiqua.it\/Agliana\/wp-content\/uploads\/2018\/09\/staff-300x200.png 300w\" sizes=\"auto, (max-width: 497px) 100vw, 497px\" \/><\/a><\/p>\n<p class=\"p1\" style=\"text-align: justify;\"><span class=\"s2\"><b>In trent\u2019anni tante cose sono cambiate: com\u2019era il vostro lavoro senza computer e senza internet?<\/b><\/span><\/p>\n<p class=\"p1\" style=\"text-align: justify;\"><span class=\"s1\"><i>Nei primi anni era un lavoro manuale. Non c\u2019era neppure il fax, si comunicava solo con il telefono fisso, si spedivano tante lettere, non esisteva il bonifico bancario e gli assegni giravano per posta. Poi, dopo una sperimentazione di successo in Francia, arriv\u00f2 anche in Italia il minitel e con quello abbiamo fatto le prime prenotazioni online. <\/i><\/span><\/p>\n<p class=\"p1\" style=\"text-align: justify;\"><span class=\"s2\"><b>&#8230;Oggi sempre pi\u00f9 utilizzate nel turismo fai da te. Il vostro settore ne risente?<\/b><\/span><\/p>\n<p class=\"p1\" style=\"text-align: justify;\"><span class=\"s1\"><i>S\u00ec, ma ci siamo adeguati. Abbiamo creato portali online per le prenotazioni e pu\u00f2 capitare che qualcuno della zona faccia una prenotazione online ma di fatto la fa attraverso di noi. E comunque tante persone stanno tornando in agenzia per prenotare. Perch\u00e9 la prenotazione online pu\u00f2 essere comoda, in qualche caso c\u2019\u00e8 anche il risparmio, per\u00f2 non c\u2019\u00e8 consulenza, non c\u2019\u00e8 assistenza, n\u00e9 sicurezza. <\/i><\/span><\/p>\n<p class=\"p1\" style=\"text-align: justify;\"><span class=\"s2\"><b>Quindi siete soddisfatti?<\/b><\/span><\/p>\n<p class=\"p1\" style=\"text-align: justify;\"><span class=\"s1\"><i>S\u00ec perch\u00e9 siamo cresciuti professionalmente e continuiamo a imparare. \u00e8 un lavoro creativo e di contatto con gli altri. E tra le tante persone che sono passate dal nostro staff c\u2019\u00e8 anche chi \u00e8 da sempre con noi, come Arianna Neri. <\/i><\/span><\/p>\n<p>&nbsp;<\/p>","protected":false},"excerpt":{"rendered":"<p>di Piera Salvi settembre 2018 \u201cUltima spiaggia\u201d. L\u2019insegna \u00e8 visibile transitando da Agliana sulla Sp1 (Nuova provinciale pratese) e dalla piazza di S. Michele, per dirci che nel palazzo tra la Provinciale e la piazza c\u2019\u00e8 un\u2019agenzia di viaggi. Ma perch\u00e9 questo nome, che evoca un\u2019espressione spesso [&hellip;]<\/p>","protected":false},"author":13,"featured_media":0,"comment_status":"open","ping_status":"open","sticky":false,"template":"","format":"standard","meta":{"footnotes":""},"categories":[2,1029],"tags":[1774,37,1773,379,1771,1772],"class_list":["post-5272","post","type-post","status-publish","format-standard","hentry","category-ag","category-una-bella-impresa","tag-agenzia-di-viaggi","tag-ag-ag","tag-energy-tour","tag-s-michele","tag-ultima-spiaggia","tag-vito-gori"],"yoast_head":"<!-- This site is optimized with the Yoast SEO plugin v25.5 - https:\/\/yoast.com\/wordpress\/plugins\/seo\/ -->\n<title>Ultima spiaggia... da 30 anni - Noi di Qua Testata giornalistica e di attualit\u00e0 di Agliana, Montale e Quarrata.<\/title>\n<meta name=\"robots\" content=\"index, follow, max-snippet:-1, max-image-preview:large, max-video-preview:-1\" \/>\n<link rel=\"canonical\" href=\"https:\/\/www.noidiqua.it\/Agliana\/ultima-spiaggia-30-anni\/\" \/>\n<meta property=\"og:locale\" content=\"it_IT\" \/>\n<meta property=\"og:type\" content=\"article\" \/>\n<meta property=\"og:title\" content=\"Ultima spiaggia... da 30 anni - Noi di Qua Testata giornalistica e di attualit\u00e0 di Agliana, Montale e Quarrata.\" \/>\n<meta property=\"og:description\" content=\"di Piera Salvi settembre 2018 \u201cUltima spiaggia\u201d. L\u2019insegna \u00e8 visibile transitando da Agliana sulla Sp1 (Nuova provinciale pratese) e dalla piazza di S. Michele, per dirci che nel palazzo tra la Provinciale e la piazza c\u2019\u00e8 un\u2019agenzia di viaggi. Ma perch\u00e9 questo nome, che evoca un\u2019espressione spesso [&hellip;]\" \/>\n<meta property=\"og:url\" content=\"https:\/\/www.noidiqua.it\/Agliana\/ultima-spiaggia-30-anni\/\" \/>\n<meta property=\"og:site_name\" content=\"Noi di Qua Testata giornalistica e di attualit\u00e0 di Agliana, Montale e Quarrata.\" \/>\n<meta property=\"article:publisher\" content=\"https:\/\/www.facebook.com\/noidiqua.trimestrale\/\" \/>\n<meta property=\"article:published_time\" content=\"2018-09-05T15:05:57+00:00\" \/>\n<meta property=\"article:modified_time\" content=\"2022-01-21T11:46:47+00:00\" \/>\n<meta property=\"og:image\" content=\"https:\/\/www.noidiqua.it\/Agliana\/wp-content\/uploads\/2018\/09\/ULTIMA-SPIAGGIA_1.png\" \/>\n<meta name=\"author\" content=\"Piera Salvi\" \/>\n<meta name=\"twitter:label1\" content=\"Scritto da\" \/>\n\t<meta name=\"twitter:data1\" content=\"Piera Salvi\" \/>\n\t<meta name=\"twitter:label2\" content=\"Tempo di lettura stimato\" \/>\n\t<meta name=\"twitter:data2\" content=\"3 minuti\" \/>\n<script type=\"application\/ld+json\" class=\"yoast-schema-graph\">{\"@context\":\"https:\/\/schema.org\",\"@graph\":[{\"@type\":\"WebPage\",\"@id\":\"https:\/\/www.noidiqua.it\/Agliana\/ultima-spiaggia-30-anni\/\",\"url\":\"https:\/\/www.noidiqua.it\/Agliana\/ultima-spiaggia-30-anni\/\",\"name\":\"Ultima spiaggia... da 30 anni - Noi di Qua Testata giornalistica e di attualit\u00e0 di Agliana, Montale e Quarrata.\",\"isPartOf\":{\"@id\":\"https:\/\/www.noidiqua.it\/Agliana\/#website\"},\"primaryImageOfPage\":{\"@id\":\"https:\/\/www.noidiqua.it\/Agliana\/ultima-spiaggia-30-anni\/#primaryimage\"},\"image\":{\"@id\":\"https:\/\/www.noidiqua.it\/Agliana\/ultima-spiaggia-30-anni\/#primaryimage\"},\"thumbnailUrl\":\"https:\/\/www.noidiqua.it\/Agliana\/wp-content\/uploads\/2018\/09\/ULTIMA-SPIAGGIA_1.png\",\"datePublished\":\"2018-09-05T15:05:57+00:00\",\"dateModified\":\"2022-01-21T11:46:47+00:00\",\"author\":{\"@id\":\"https:\/\/www.noidiqua.it\/Agliana\/#\/schema\/person\/bb7515c2330bb1137f247276096fa7dc\"},\"breadcrumb\":{\"@id\":\"https:\/\/www.noidiqua.it\/Agliana\/ultima-spiaggia-30-anni\/#breadcrumb\"},\"inLanguage\":\"it-IT\",\"potentialAction\":[{\"@type\":\"ReadAction\",\"target\":[\"https:\/\/www.noidiqua.it\/Agliana\/ultima-spiaggia-30-anni\/\"]}]},{\"@type\":\"ImageObject\",\"inLanguage\":\"it-IT\",\"@id\":\"https:\/\/www.noidiqua.it\/Agliana\/ultima-spiaggia-30-anni\/#primaryimage\",\"url\":\"https:\/\/www.noidiqua.it\/Agliana\/wp-content\/uploads\/2018\/09\/ULTIMA-SPIAGGIA_1.png\",\"contentUrl\":\"https:\/\/www.noidiqua.it\/Agliana\/wp-content\/uploads\/2018\/09\/ULTIMA-SPIAGGIA_1.png\",\"width\":450,\"height\":267},{\"@type\":\"BreadcrumbList\",\"@id\":\"https:\/\/www.noidiqua.it\/Agliana\/ultima-spiaggia-30-anni\/#breadcrumb\",\"itemListElement\":[{\"@type\":\"ListItem\",\"position\":1,\"name\":\"Home\",\"item\":\"https:\/\/www.noidiqua.it\/Agliana\/\"},{\"@type\":\"ListItem\",\"position\":2,\"name\":\"Ultima spiaggia&#8230; da 30 anni\"}]},{\"@type\":\"WebSite\",\"@id\":\"https:\/\/www.noidiqua.it\/Agliana\/#website\",\"url\":\"https:\/\/www.noidiqua.it\/Agliana\/\",\"name\":\"Noi di Qua Testata giornalistica e di attualit\u00e0 di Agliana, Montale e Quarrata.\",\"description\":\"Testata Giornalistica Quarrata Montale Agliana\",\"potentialAction\":[{\"@type\":\"SearchAction\",\"target\":{\"@type\":\"EntryPoint\",\"urlTemplate\":\"https:\/\/www.noidiqua.it\/Agliana\/?s={search_term_string}\"},\"query-input\":{\"@type\":\"PropertyValueSpecification\",\"valueRequired\":true,\"valueName\":\"search_term_string\"}}],\"inLanguage\":\"it-IT\"},{\"@type\":\"Person\",\"@id\":\"https:\/\/www.noidiqua.it\/Agliana\/#\/schema\/person\/bb7515c2330bb1137f247276096fa7dc\",\"name\":\"Piera Salvi\",\"image\":{\"@type\":\"ImageObject\",\"inLanguage\":\"it-IT\",\"@id\":\"https:\/\/www.noidiqua.it\/Agliana\/#\/schema\/person\/image\/\",\"url\":\"https:\/\/secure.gravatar.com\/avatar\/2f9b1fb6e13f3b3e63bde435d999a73be036e320f7a0f5f32f9ac21859d999cd?s=96&d=mm&r=g\",\"contentUrl\":\"https:\/\/secure.gravatar.com\/avatar\/2f9b1fb6e13f3b3e63bde435d999a73be036e320f7a0f5f32f9ac21859d999cd?s=96&d=mm&r=g\",\"caption\":\"Piera Salvi\"},\"url\":\"https:\/\/www.noidiqua.it\/Agliana\/author\/piera-salvi\/\"}]}<\/script>\n<!-- \/ Yoast SEO plugin. -->","yoast_head_json":{"title":"Ultima spiaggia... da 30 anni - Noi di Qua Testata giornalistica e di attualit\u00e0 di Agliana, Montale e Quarrata.","robots":{"index":"index","follow":"follow","max-snippet":"max-snippet:-1","max-image-preview":"max-image-preview:large","max-video-preview":"max-video-preview:-1"},"canonical":"https:\/\/www.noidiqua.it\/Agliana\/ultima-spiaggia-30-anni\/","og_locale":"it_IT","og_type":"article","og_title":"Ultima spiaggia... da 30 anni - Noi di Qua Testata giornalistica e di attualit\u00e0 di Agliana, Montale e Quarrata.","og_description":"di Piera Salvi settembre 2018 \u201cUltima spiaggia\u201d. L\u2019insegna \u00e8 visibile transitando da Agliana sulla Sp1 (Nuova provinciale pratese) e dalla piazza di S. Michele, per dirci che nel palazzo tra la Provinciale e la piazza c\u2019\u00e8 un\u2019agenzia di viaggi. Ma perch\u00e9 questo nome, che evoca un\u2019espressione spesso [&hellip;]","og_url":"https:\/\/www.noidiqua.it\/Agliana\/ultima-spiaggia-30-anni\/","og_site_name":"Noi di Qua Testata giornalistica e di attualit\u00e0 di Agliana, Montale e Quarrata.","article_publisher":"https:\/\/www.facebook.com\/noidiqua.trimestrale\/","article_published_time":"2018-09-05T15:05:57+00:00","article_modified_time":"2022-01-21T11:46:47+00:00","og_image":[{"url":"https:\/\/www.noidiqua.it\/Agliana\/wp-content\/uploads\/2018\/09\/ULTIMA-SPIAGGIA_1.png","type":"","width":"","height":""}],"author":"Piera Salvi","twitter_misc":{"Scritto da":"Piera Salvi","Tempo di lettura stimato":"3 minuti"},"schema":{"@context":"https:\/\/schema.org","@graph":[{"@type":"WebPage","@id":"https:\/\/www.noidiqua.it\/Agliana\/ultima-spiaggia-30-anni\/","url":"https:\/\/www.noidiqua.it\/Agliana\/ultima-spiaggia-30-anni\/","name":"Ultima spiaggia... da 30 anni - Noi di Qua Testata giornalistica e di attualit\u00e0 di Agliana, Montale e Quarrata.","isPartOf":{"@id":"https:\/\/www.noidiqua.it\/Agliana\/#website"},"primaryImageOfPage":{"@id":"https:\/\/www.noidiqua.it\/Agliana\/ultima-spiaggia-30-anni\/#primaryimage"},"image":{"@id":"https:\/\/www.noidiqua.it\/Agliana\/ultima-spiaggia-30-anni\/#primaryimage"},"thumbnailUrl":"https:\/\/www.noidiqua.it\/Agliana\/wp-content\/uploads\/2018\/09\/ULTIMA-SPIAGGIA_1.png","datePublished":"2018-09-05T15:05:57+00:00","dateModified":"2022-01-21T11:46:47+00:00","author":{"@id":"https:\/\/www.noidiqua.it\/Agliana\/#\/schema\/person\/bb7515c2330bb1137f247276096fa7dc"},"breadcrumb":{"@id":"https:\/\/www.noidiqua.it\/Agliana\/ultima-spiaggia-30-anni\/#breadcrumb"},"inLanguage":"it-IT","potentialAction":[{"@type":"ReadAction","target":["https:\/\/www.noidiqua.it\/Agliana\/ultima-spiaggia-30-anni\/"]}]},{"@type":"ImageObject","inLanguage":"it-IT","@id":"https:\/\/www.noidiqua.it\/Agliana\/ultima-spiaggia-30-anni\/#primaryimage","url":"https:\/\/www.noidiqua.it\/Agliana\/wp-content\/uploads\/2018\/09\/ULTIMA-SPIAGGIA_1.png","contentUrl":"https:\/\/www.noidiqua.it\/Agliana\/wp-content\/uploads\/2018\/09\/ULTIMA-SPIAGGIA_1.png","width":450,"height":267},{"@type":"BreadcrumbList","@id":"https:\/\/www.noidiqua.it\/Agliana\/ultima-spiaggia-30-anni\/#breadcrumb","itemListElement":[{"@type":"ListItem","position":1,"name":"Home","item":"https:\/\/www.noidiqua.it\/Agliana\/"},{"@type":"ListItem","position":2,"name":"Ultima spiaggia&#8230; da 30 anni"}]},{"@type":"WebSite","@id":"https:\/\/www.noidiqua.it\/Agliana\/#website","url":"https:\/\/www.noidiqua.it\/Agliana\/","name":"Noi di Qua Testata giornalistica e di attualit\u00e0 di Agliana, Montale e Quarrata.","description":"Testata Giornalistica Quarrata Montale Agliana","potentialAction":[{"@type":"SearchAction","target":{"@type":"EntryPoint","urlTemplate":"https:\/\/www.noidiqua.it\/Agliana\/?s={search_term_string}"},"query-input":{"@type":"PropertyValueSpecification","valueRequired":true,"valueName":"search_term_string"}}],"inLanguage":"it-IT"},{"@type":"Person","@id":"https:\/\/www.noidiqua.it\/Agliana\/#\/schema\/person\/bb7515c2330bb1137f247276096fa7dc","name":"Piera Salvi","image":{"@type":"ImageObject","inLanguage":"it-IT","@id":"https:\/\/www.noidiqua.it\/Agliana\/#\/schema\/person\/image\/","url":"https:\/\/secure.gravatar.com\/avatar\/2f9b1fb6e13f3b3e63bde435d999a73be036e320f7a0f5f32f9ac21859d999cd?s=96&d=mm&r=g","contentUrl":"https:\/\/secure.gravatar.com\/avatar\/2f9b1fb6e13f3b3e63bde435d999a73be036e320f7a0f5f32f9ac21859d999cd?s=96&d=mm&r=g","caption":"Piera Salvi"},"url":"https:\/\/www.noidiqua.it\/Agliana\/author\/piera-salvi\/"}]}},"_links":{"self":[{"href":"https:\/\/www.noidiqua.it\/Agliana\/wp-json\/wp\/v2\/posts\/5272","targetHints":{"allow":["GET"]}}],"collection":[{"href":"https:\/\/www.noidiqua.it\/Agliana\/wp-json\/wp\/v2\/posts"}],"about":[{"href":"https:\/\/www.noidiqua.it\/Agliana\/wp-json\/wp\/v2\/types\/post"}],"author":[{"embeddable":true,"href":"https:\/\/www.noidiqua.it\/Agliana\/wp-json\/wp\/v2\/users\/13"}],"replies":[{"embeddable":true,"href":"https:\/\/www.noidiqua.it\/Agliana\/wp-json\/wp\/v2\/comments?post=5272"}],"version-history":[{"count":5,"href":"https:\/\/www.noidiqua.it\/Agliana\/wp-json\/wp\/v2\/posts\/5272\/revisions"}],"predecessor-version":[{"id":6688,"href":"https:\/\/www.noidiqua.it\/Agliana\/wp-json\/wp\/v2\/posts\/5272\/revisions\/6688"}],"wp:attachment":[{"href":"https:\/\/www.noidiqua.it\/Agliana\/wp-json\/wp\/v2\/media?parent=5272"}],"wp:term":[{"taxonomy":"category","embeddable":true,"href":"https:\/\/www.noidiqua.it\/Agliana\/wp-json\/wp\/v2\/categories?post=5272"},{"taxonomy":"post_tag","embeddable":true,"href":"https:\/\/www.noidiqua.it\/Agliana\/wp-json\/wp\/v2\/tags?post=5272"}],"curies":[{"name":"wp","href":"https:\/\/api.w.org\/{rel}","templated":true}]}}