{"id":5278,"date":"2018-09-05T17:20:08","date_gmt":"2018-09-05T15:20:08","guid":{"rendered":"https:\/\/www.noidiqua.it\/Agliana\/?p=5278"},"modified":"2022-01-21T15:23:12","modified_gmt":"2022-01-21T14:23:12","slug":"rita-edo-eroismo-solidarieta-loccupazione-nazista","status":"publish","type":"post","link":"https:\/\/www.noidiqua.it\/Agliana\/rita-edo-eroismo-solidarieta-loccupazione-nazista\/","title":{"rendered":"Rita e Edo &#8211; eroismo e solidariet\u00e0 durante l&#8217;occupazione nazista"},"content":{"rendered":"<p><em style=\"line-height: inherit;\">di Marco Bagnoli<\/em><\/p>\n<p>settembre 2018<\/p>\n<p><a href=\"https:\/\/www.noidiqua.it\/Agliana\/wp-content\/uploads\/2018\/09\/RITA-E-EDO_1.png\" rel=\"wp-prettyPhoto[5278]\"><img loading=\"lazy\" decoding=\"async\" class=\"aligncenter size-full wp-image-6694\" src=\"https:\/\/www.noidiqua.it\/Agliana\/wp-content\/uploads\/2018\/09\/RITA-E-EDO_1.png\" alt=\"\" width=\"450\" height=\"273\" srcset=\"https:\/\/www.noidiqua.it\/Agliana\/wp-content\/uploads\/2018\/09\/RITA-E-EDO_1.png 450w, https:\/\/www.noidiqua.it\/Agliana\/wp-content\/uploads\/2018\/09\/RITA-E-EDO_1-300x182.png 300w\" sizes=\"auto, (max-width: 450px) 100vw, 450px\" \/><\/a><\/p>\n<p>&nbsp;<\/p>\n<p class=\"p1\" style=\"text-align: justify;\"><span class=\"s1\">Approfittiamo di un tardo pomeriggio nel fresco di un\u2019estate gi\u00e0 inoltrata per andare un po\u2019 indietro con la memoria. Ci raccontano tutto <strong>Alfio Giacomelli<\/strong> e <strong>Fabio Gori<\/strong>, che all\u2019epoca dei fatti non erano ancora nati. Siamo nell\u2019estate del 1944, e da un anno circa la penisola \u00e8 in mano all\u2019occupazione straniera. <\/span><\/p>\n<p class=\"p1\" style=\"text-align: justify;\"><span class=\"s1\">La prima storia \u00e8 quella della mamma di Alfio, <strong>Rita Fedi di Giovanni<\/strong>. Rita \u00e8 originaria di Canapale, ma da sposata \u00e8 ritornata di casa in via Branaccia alla <strong>Ferruccia<\/strong>. All\u2019epoca ha appena trentasei anni. Apparentemente non c\u2019\u00e8 nulla di strano nella sua vita, eppure Rita nasconde un segreto: \u00e8 ormai un annetto o due che porta di nascosto viveri e vestiti ad una sua amica di Chiazzano. Questa amica, che forse \u00e8 anche lei uno dei tramiti, fa in modo che questa roba venga consegnata ai <strong>partigiani<\/strong>. Forse questi partigiani sono in contatto diretto con gli inglesi del comando alleato, forse Rita \u00e8 stata segnalata dal gruppo partigiano, visto che dopo la guerra il <strong>Maresciallo britannico<\/strong> comandante supremo delle forze alleate nel Mediterraneo le rilascia un attestato di<i> \u201cgratitudine e riconoscimento per l\u2019aiuto dato ai membri delle Forze Armate degli <strong>Alleati<\/strong> che li ha messi in grado di evadere od evitare di essere catturati dal nemico<\/i>\u201d.<\/span><\/p>\n<p><a href=\"https:\/\/www.noidiqua.it\/Agliana\/wp-content\/uploads\/2018\/09\/RITA-E-EDO_2.png\" rel=\"wp-prettyPhoto[5278]\"><img loading=\"lazy\" decoding=\"async\" class=\"aligncenter size-full wp-image-6695\" src=\"https:\/\/www.noidiqua.it\/Agliana\/wp-content\/uploads\/2018\/09\/RITA-E-EDO_2.png\" alt=\"\" width=\"450\" height=\"306\" srcset=\"https:\/\/www.noidiqua.it\/Agliana\/wp-content\/uploads\/2018\/09\/RITA-E-EDO_2.png 450w, https:\/\/www.noidiqua.it\/Agliana\/wp-content\/uploads\/2018\/09\/RITA-E-EDO_2-300x204.png 300w\" sizes=\"auto, (max-width: 450px) 100vw, 450px\" \/><\/a><\/p>\n<p class=\"p1\" style=\"text-align: justify;\"><span class=\"s1\">L\u2019altra storia ce la racconta Fabio, amico di Alfio e un tempo suo vicino di casa. Questa vicenda riguarda il suo babbo, Edo Gori. Edo, in quell\u2019estate \u201ccalda\u201d del &#8217;44 era da poco sposato e in casa ospitava un paio di sorelle sfollate da Prato con relativi mariti. Come se non fosse gi\u00e0 a sufficienza, pens\u00f2 bene di accogliere sotto il suo tetto anche un <strong>paracadutista inglese<\/strong> sfuggito ai tedeschi. Edo aveva gi\u00e0 preparato un nascondiglio in casa per s\u00e9 e la sua famiglia, ma questo si adatt\u00f2 benissimo anche per George &#8211; questo il nome del soldato. Questa bella pensata gli venne col <strong>comando tedesco<\/strong> giusto a un tiro di schioppo, <a href=\"https:\/\/www.noidiqua.it\/Agliana\/ferruccia-anni-40-la-cena-segreta-della-wehrmacht-ponte-linsediamento-degli-alleati\/\">installato com\u2019era a Villa Baldi<\/a>. Come nel caso di Rita anche per Edo entrano in gioco i parenti poco contenti di quello che i stava combinando; ma loro giustamente proseguirono per la loro strada. Com\u2019\u00e8 come non \u00e8 un giorno una zia di Prato si accorse che stavano arrivando due tedeschi per la strada. \u00c8 molto probabile che qualcuno del paese avesse fatto una soffiata. Edo cerc\u00f2 subito di far uscire il soldato dalla porta della cantina sul retro, per farlo nascondere in una frasca in attesa del termine della perquisizione, ma quelli erano gi\u00e0 pronti col fucile e spararono due colpi sulla porta chiusa. Allora Edo lo infil\u00f2 tra le balle di paglia del fienile e cos\u00ec la scamp\u00f2, perch\u00e9 i <strong>tedeschi<\/strong> entrarono ma non buttarono all\u2019aria niente e se ne andarono. La sera stessa George pens\u00f2 bene di togliere il disturbo, perch\u00e9 era troppo il rischio per la famiglia Gori. Anche Edo, come Rita, ha ricevuto dopo la guerra il nel certificato di riconoscenza.<\/span><\/p>\n<p class=\"p1\" style=\"text-align: justify;\"><span class=\"s1\">Ps: alla notizia di essere inviso a certi parenti di idee avverse, pare che un giorno Edo si presentasse al dopolavoro con la pistola infilata nella cintola dei pantaloni, tanto per far capire che aria tirasse. La stessa aria fresca che c\u2019\u00e8 adesso e purifica un po\u2019 la terra dall\u2019aria opprimente e soffocante.<\/span><\/p>","protected":false},"excerpt":{"rendered":"<p>di Marco Bagnoli settembre 2018 &nbsp; Approfittiamo di un tardo pomeriggio nel fresco di un\u2019estate gi\u00e0 inoltrata per andare un po\u2019 indietro con la memoria. Ci raccontano tutto Alfio Giacomelli e Fabio Gori, che all\u2019epoca dei fatti non erano ancora nati. Siamo nell\u2019estate del 1944, e da [&hellip;]<\/p>","protected":false},"author":3,"featured_media":0,"comment_status":"open","ping_status":"open","sticky":false,"template":"","format":"standard","meta":{"footnotes":""},"categories":[2,7],"tags":[1775,1780,1782,1776,149,1779,1781,1778,1777,1783],"class_list":["post-5278","post","type-post","status-publish","format-standard","hentry","category-ag","category-notizie-dal-passato","tag-alfio-giacomelli","tag-alleati","tag-comando-tedesco","tag-fabio-gori","tag-ferruccia","tag-maresciallo-britannico","tag-paracadutista-inglese","tag-partigiani","tag-rita-fedi-di-giovanni","tag-tedeschi"],"yoast_head":"<!-- This site is optimized with the Yoast SEO plugin v25.5 - https:\/\/yoast.com\/wordpress\/plugins\/seo\/ -->\n<title>Rita e Edo - eroismo e solidariet\u00e0 durante l&#039;occupazione nazista - Noi di Qua Testata giornalistica e di attualit\u00e0 di Agliana, Montale e Quarrata.<\/title>\n<meta name=\"robots\" content=\"index, follow, max-snippet:-1, max-image-preview:large, max-video-preview:-1\" \/>\n<link rel=\"canonical\" href=\"https:\/\/www.noidiqua.it\/Agliana\/rita-edo-eroismo-solidarieta-loccupazione-nazista\/\" \/>\n<meta property=\"og:locale\" content=\"it_IT\" \/>\n<meta property=\"og:type\" content=\"article\" \/>\n<meta property=\"og:title\" content=\"Rita e Edo - eroismo e solidariet\u00e0 durante l&#039;occupazione nazista - Noi di Qua Testata giornalistica e di attualit\u00e0 di Agliana, Montale e Quarrata.\" \/>\n<meta property=\"og:description\" content=\"di Marco Bagnoli settembre 2018 &nbsp; Approfittiamo di un tardo pomeriggio nel fresco di un\u2019estate gi\u00e0 inoltrata per andare un po\u2019 indietro con la memoria. Ci raccontano tutto Alfio Giacomelli e Fabio Gori, che all\u2019epoca dei fatti non erano ancora nati. Siamo nell\u2019estate del 1944, e da [&hellip;]\" \/>\n<meta property=\"og:url\" content=\"https:\/\/www.noidiqua.it\/Agliana\/rita-edo-eroismo-solidarieta-loccupazione-nazista\/\" \/>\n<meta property=\"og:site_name\" content=\"Noi di Qua Testata giornalistica e di attualit\u00e0 di Agliana, Montale e Quarrata.\" \/>\n<meta property=\"article:publisher\" content=\"https:\/\/www.facebook.com\/noidiqua.trimestrale\/\" \/>\n<meta property=\"article:published_time\" content=\"2018-09-05T15:20:08+00:00\" \/>\n<meta property=\"article:modified_time\" content=\"2022-01-21T14:23:12+00:00\" \/>\n<meta property=\"og:image\" content=\"https:\/\/www.noidiqua.it\/Agliana\/wp-content\/uploads\/2018\/09\/RITA-E-EDO_1.png\" \/>\n<meta name=\"author\" content=\"Marco Bagnoli\" \/>\n<meta name=\"twitter:label1\" content=\"Scritto da\" \/>\n\t<meta name=\"twitter:data1\" content=\"Marco Bagnoli\" \/>\n\t<meta name=\"twitter:label2\" content=\"Tempo di lettura stimato\" \/>\n\t<meta name=\"twitter:data2\" content=\"3 minuti\" \/>\n<script type=\"application\/ld+json\" class=\"yoast-schema-graph\">{\"@context\":\"https:\/\/schema.org\",\"@graph\":[{\"@type\":\"WebPage\",\"@id\":\"https:\/\/www.noidiqua.it\/Agliana\/rita-edo-eroismo-solidarieta-loccupazione-nazista\/\",\"url\":\"https:\/\/www.noidiqua.it\/Agliana\/rita-edo-eroismo-solidarieta-loccupazione-nazista\/\",\"name\":\"Rita e Edo - eroismo e solidariet\u00e0 durante l'occupazione nazista - Noi di Qua Testata giornalistica e di attualit\u00e0 di Agliana, Montale e Quarrata.\",\"isPartOf\":{\"@id\":\"https:\/\/www.noidiqua.it\/Agliana\/#website\"},\"primaryImageOfPage\":{\"@id\":\"https:\/\/www.noidiqua.it\/Agliana\/rita-edo-eroismo-solidarieta-loccupazione-nazista\/#primaryimage\"},\"image\":{\"@id\":\"https:\/\/www.noidiqua.it\/Agliana\/rita-edo-eroismo-solidarieta-loccupazione-nazista\/#primaryimage\"},\"thumbnailUrl\":\"https:\/\/www.noidiqua.it\/Agliana\/wp-content\/uploads\/2018\/09\/RITA-E-EDO_1.png\",\"datePublished\":\"2018-09-05T15:20:08+00:00\",\"dateModified\":\"2022-01-21T14:23:12+00:00\",\"author\":{\"@id\":\"https:\/\/www.noidiqua.it\/Agliana\/#\/schema\/person\/4e183cb0c6d7951e716a876aa702e1a2\"},\"breadcrumb\":{\"@id\":\"https:\/\/www.noidiqua.it\/Agliana\/rita-edo-eroismo-solidarieta-loccupazione-nazista\/#breadcrumb\"},\"inLanguage\":\"it-IT\",\"potentialAction\":[{\"@type\":\"ReadAction\",\"target\":[\"https:\/\/www.noidiqua.it\/Agliana\/rita-edo-eroismo-solidarieta-loccupazione-nazista\/\"]}]},{\"@type\":\"ImageObject\",\"inLanguage\":\"it-IT\",\"@id\":\"https:\/\/www.noidiqua.it\/Agliana\/rita-edo-eroismo-solidarieta-loccupazione-nazista\/#primaryimage\",\"url\":\"https:\/\/www.noidiqua.it\/Agliana\/wp-content\/uploads\/2018\/09\/RITA-E-EDO_1.png\",\"contentUrl\":\"https:\/\/www.noidiqua.it\/Agliana\/wp-content\/uploads\/2018\/09\/RITA-E-EDO_1.png\",\"width\":450,\"height\":273},{\"@type\":\"BreadcrumbList\",\"@id\":\"https:\/\/www.noidiqua.it\/Agliana\/rita-edo-eroismo-solidarieta-loccupazione-nazista\/#breadcrumb\",\"itemListElement\":[{\"@type\":\"ListItem\",\"position\":1,\"name\":\"Home\",\"item\":\"https:\/\/www.noidiqua.it\/Agliana\/\"},{\"@type\":\"ListItem\",\"position\":2,\"name\":\"Rita e Edo &#8211; eroismo e solidariet\u00e0 durante l&#8217;occupazione nazista\"}]},{\"@type\":\"WebSite\",\"@id\":\"https:\/\/www.noidiqua.it\/Agliana\/#website\",\"url\":\"https:\/\/www.noidiqua.it\/Agliana\/\",\"name\":\"Noi di Qua Testata giornalistica e di attualit\u00e0 di Agliana, Montale e Quarrata.\",\"description\":\"Testata Giornalistica Quarrata Montale Agliana\",\"potentialAction\":[{\"@type\":\"SearchAction\",\"target\":{\"@type\":\"EntryPoint\",\"urlTemplate\":\"https:\/\/www.noidiqua.it\/Agliana\/?s={search_term_string}\"},\"query-input\":{\"@type\":\"PropertyValueSpecification\",\"valueRequired\":true,\"valueName\":\"search_term_string\"}}],\"inLanguage\":\"it-IT\"},{\"@type\":\"Person\",\"@id\":\"https:\/\/www.noidiqua.it\/Agliana\/#\/schema\/person\/4e183cb0c6d7951e716a876aa702e1a2\",\"name\":\"Marco Bagnoli\",\"image\":{\"@type\":\"ImageObject\",\"inLanguage\":\"it-IT\",\"@id\":\"https:\/\/www.noidiqua.it\/Agliana\/#\/schema\/person\/image\/\",\"url\":\"https:\/\/secure.gravatar.com\/avatar\/73ace53724c50db9c48af54756f17b7cdb015a9d8d2c08c7e04e480539a94eee?s=96&d=mm&r=g\",\"contentUrl\":\"https:\/\/secure.gravatar.com\/avatar\/73ace53724c50db9c48af54756f17b7cdb015a9d8d2c08c7e04e480539a94eee?s=96&d=mm&r=g\",\"caption\":\"Marco Bagnoli\"},\"url\":\"https:\/\/www.noidiqua.it\/Agliana\/author\/marco-bagnoli\/\"}]}<\/script>\n<!-- \/ Yoast SEO plugin. -->","yoast_head_json":{"title":"Rita e Edo - eroismo e solidariet\u00e0 durante l'occupazione nazista - Noi di Qua Testata giornalistica e di attualit\u00e0 di Agliana, Montale e Quarrata.","robots":{"index":"index","follow":"follow","max-snippet":"max-snippet:-1","max-image-preview":"max-image-preview:large","max-video-preview":"max-video-preview:-1"},"canonical":"https:\/\/www.noidiqua.it\/Agliana\/rita-edo-eroismo-solidarieta-loccupazione-nazista\/","og_locale":"it_IT","og_type":"article","og_title":"Rita e Edo - eroismo e solidariet\u00e0 durante l'occupazione nazista - Noi di Qua Testata giornalistica e di attualit\u00e0 di Agliana, Montale e Quarrata.","og_description":"di Marco Bagnoli settembre 2018 &nbsp; Approfittiamo di un tardo pomeriggio nel fresco di un\u2019estate gi\u00e0 inoltrata per andare un po\u2019 indietro con la memoria. Ci raccontano tutto Alfio Giacomelli e Fabio Gori, che all\u2019epoca dei fatti non erano ancora nati. Siamo nell\u2019estate del 1944, e da [&hellip;]","og_url":"https:\/\/www.noidiqua.it\/Agliana\/rita-edo-eroismo-solidarieta-loccupazione-nazista\/","og_site_name":"Noi di Qua Testata giornalistica e di attualit\u00e0 di Agliana, Montale e Quarrata.","article_publisher":"https:\/\/www.facebook.com\/noidiqua.trimestrale\/","article_published_time":"2018-09-05T15:20:08+00:00","article_modified_time":"2022-01-21T14:23:12+00:00","og_image":[{"url":"https:\/\/www.noidiqua.it\/Agliana\/wp-content\/uploads\/2018\/09\/RITA-E-EDO_1.png","type":"","width":"","height":""}],"author":"Marco Bagnoli","twitter_misc":{"Scritto da":"Marco Bagnoli","Tempo di lettura stimato":"3 minuti"},"schema":{"@context":"https:\/\/schema.org","@graph":[{"@type":"WebPage","@id":"https:\/\/www.noidiqua.it\/Agliana\/rita-edo-eroismo-solidarieta-loccupazione-nazista\/","url":"https:\/\/www.noidiqua.it\/Agliana\/rita-edo-eroismo-solidarieta-loccupazione-nazista\/","name":"Rita e Edo - eroismo e solidariet\u00e0 durante l'occupazione nazista - Noi di Qua Testata giornalistica e di attualit\u00e0 di Agliana, Montale e Quarrata.","isPartOf":{"@id":"https:\/\/www.noidiqua.it\/Agliana\/#website"},"primaryImageOfPage":{"@id":"https:\/\/www.noidiqua.it\/Agliana\/rita-edo-eroismo-solidarieta-loccupazione-nazista\/#primaryimage"},"image":{"@id":"https:\/\/www.noidiqua.it\/Agliana\/rita-edo-eroismo-solidarieta-loccupazione-nazista\/#primaryimage"},"thumbnailUrl":"https:\/\/www.noidiqua.it\/Agliana\/wp-content\/uploads\/2018\/09\/RITA-E-EDO_1.png","datePublished":"2018-09-05T15:20:08+00:00","dateModified":"2022-01-21T14:23:12+00:00","author":{"@id":"https:\/\/www.noidiqua.it\/Agliana\/#\/schema\/person\/4e183cb0c6d7951e716a876aa702e1a2"},"breadcrumb":{"@id":"https:\/\/www.noidiqua.it\/Agliana\/rita-edo-eroismo-solidarieta-loccupazione-nazista\/#breadcrumb"},"inLanguage":"it-IT","potentialAction":[{"@type":"ReadAction","target":["https:\/\/www.noidiqua.it\/Agliana\/rita-edo-eroismo-solidarieta-loccupazione-nazista\/"]}]},{"@type":"ImageObject","inLanguage":"it-IT","@id":"https:\/\/www.noidiqua.it\/Agliana\/rita-edo-eroismo-solidarieta-loccupazione-nazista\/#primaryimage","url":"https:\/\/www.noidiqua.it\/Agliana\/wp-content\/uploads\/2018\/09\/RITA-E-EDO_1.png","contentUrl":"https:\/\/www.noidiqua.it\/Agliana\/wp-content\/uploads\/2018\/09\/RITA-E-EDO_1.png","width":450,"height":273},{"@type":"BreadcrumbList","@id":"https:\/\/www.noidiqua.it\/Agliana\/rita-edo-eroismo-solidarieta-loccupazione-nazista\/#breadcrumb","itemListElement":[{"@type":"ListItem","position":1,"name":"Home","item":"https:\/\/www.noidiqua.it\/Agliana\/"},{"@type":"ListItem","position":2,"name":"Rita e Edo &#8211; eroismo e solidariet\u00e0 durante l&#8217;occupazione nazista"}]},{"@type":"WebSite","@id":"https:\/\/www.noidiqua.it\/Agliana\/#website","url":"https:\/\/www.noidiqua.it\/Agliana\/","name":"Noi di Qua Testata giornalistica e di attualit\u00e0 di Agliana, Montale e Quarrata.","description":"Testata Giornalistica Quarrata Montale Agliana","potentialAction":[{"@type":"SearchAction","target":{"@type":"EntryPoint","urlTemplate":"https:\/\/www.noidiqua.it\/Agliana\/?s={search_term_string}"},"query-input":{"@type":"PropertyValueSpecification","valueRequired":true,"valueName":"search_term_string"}}],"inLanguage":"it-IT"},{"@type":"Person","@id":"https:\/\/www.noidiqua.it\/Agliana\/#\/schema\/person\/4e183cb0c6d7951e716a876aa702e1a2","name":"Marco Bagnoli","image":{"@type":"ImageObject","inLanguage":"it-IT","@id":"https:\/\/www.noidiqua.it\/Agliana\/#\/schema\/person\/image\/","url":"https:\/\/secure.gravatar.com\/avatar\/73ace53724c50db9c48af54756f17b7cdb015a9d8d2c08c7e04e480539a94eee?s=96&d=mm&r=g","contentUrl":"https:\/\/secure.gravatar.com\/avatar\/73ace53724c50db9c48af54756f17b7cdb015a9d8d2c08c7e04e480539a94eee?s=96&d=mm&r=g","caption":"Marco Bagnoli"},"url":"https:\/\/www.noidiqua.it\/Agliana\/author\/marco-bagnoli\/"}]}},"_links":{"self":[{"href":"https:\/\/www.noidiqua.it\/Agliana\/wp-json\/wp\/v2\/posts\/5278","targetHints":{"allow":["GET"]}}],"collection":[{"href":"https:\/\/www.noidiqua.it\/Agliana\/wp-json\/wp\/v2\/posts"}],"about":[{"href":"https:\/\/www.noidiqua.it\/Agliana\/wp-json\/wp\/v2\/types\/post"}],"author":[{"embeddable":true,"href":"https:\/\/www.noidiqua.it\/Agliana\/wp-json\/wp\/v2\/users\/3"}],"replies":[{"embeddable":true,"href":"https:\/\/www.noidiqua.it\/Agliana\/wp-json\/wp\/v2\/comments?post=5278"}],"version-history":[{"count":5,"href":"https:\/\/www.noidiqua.it\/Agliana\/wp-json\/wp\/v2\/posts\/5278\/revisions"}],"predecessor-version":[{"id":6696,"href":"https:\/\/www.noidiqua.it\/Agliana\/wp-json\/wp\/v2\/posts\/5278\/revisions\/6696"}],"wp:attachment":[{"href":"https:\/\/www.noidiqua.it\/Agliana\/wp-json\/wp\/v2\/media?parent=5278"}],"wp:term":[{"taxonomy":"category","embeddable":true,"href":"https:\/\/www.noidiqua.it\/Agliana\/wp-json\/wp\/v2\/categories?post=5278"},{"taxonomy":"post_tag","embeddable":true,"href":"https:\/\/www.noidiqua.it\/Agliana\/wp-json\/wp\/v2\/tags?post=5278"}],"curies":[{"name":"wp","href":"https:\/\/api.w.org\/{rel}","templated":true}]}}