{"id":5285,"date":"2018-09-05T17:33:36","date_gmt":"2018-09-05T15:33:36","guid":{"rendered":"https:\/\/www.noidiqua.it\/Agliana\/?p=5285"},"modified":"2022-01-21T15:48:21","modified_gmt":"2022-01-21T14:48:21","slug":"massimiliano-petrolo-flora-fauna-montale-agliana-quarrata","status":"publish","type":"post","link":"https:\/\/www.noidiqua.it\/Agliana\/massimiliano-petrolo-flora-fauna-montale-agliana-quarrata\/","title":{"rendered":"Massimiliano Petrolo &#8211; flora e fauna di Montale, Agliana e Quarrata"},"content":{"rendered":"<p><em style=\"line-height: inherit;\">di Piera Salvi<\/em><\/p>\n<p>settembre 2018<\/p>\n<p><a href=\"https:\/\/www.noidiqua.it\/Agliana\/wp-content\/uploads\/2018\/09\/MASSIMILIANO-PETROLO.png\" rel=\"wp-prettyPhoto[5285]\"><img loading=\"lazy\" decoding=\"async\" class=\"aligncenter size-full wp-image-6702\" src=\"https:\/\/www.noidiqua.it\/Agliana\/wp-content\/uploads\/2018\/09\/MASSIMILIANO-PETROLO.png\" alt=\"\" width=\"450\" height=\"374\" srcset=\"https:\/\/www.noidiqua.it\/Agliana\/wp-content\/uploads\/2018\/09\/MASSIMILIANO-PETROLO.png 450w, https:\/\/www.noidiqua.it\/Agliana\/wp-content\/uploads\/2018\/09\/MASSIMILIANO-PETROLO-300x249.png 300w\" sizes=\"auto, (max-width: 450px) 100vw, 450px\" \/><\/a><\/p>\n<p>&nbsp;<\/p>\n<p class=\"p1\" style=\"text-align: justify;\"><span class=\"s1\"><i>\u00abIn sette, otto ore, camminando a passo d\u2019uomo lungo una sentieristica che gi\u00e0 esiste e che basterebbe valorizzare con un\u2019adeguata segnaletica, si pu\u00f2 andare dall\u2019Acquerino al Montalbano. E&#8217; un mio sogno\u00bb<\/i> ci rivela Massimiliano Petrolo, nato a Santomato, vissuto ad Agliana dal 1993 al 2004, poi trasferito nell\u2019area protetta delle Cerbaie, in provincia di Pisa, sul confine con Firenze, Lucca e Pistoia. <\/span><span class=\"s1\">Massimiliano, naturalista e guida ambientale dell\u2019Ecoistituto delle Cerbaie, conosce benissimo il territorio dei comuni di Montale, Agliana e Quarrata. <i>\u00abQui sono nato e cresciuto e ho studiato, mi ci sono anche perduto tante volte\u00bb<\/i> confessa ridendo. <i>\u00abA Montale, Agliana e Quarrata, da venti anni curo vari progetti e guido escursioni naturalistiche per adulti e scolaresche\u00bb<\/i>. <\/span><\/p>\n<p class=\"p1\" style=\"text-align: justify;\"><span class=\"s1\">Abbiamo chiesto a Petrolo di farci un quadro (ovviamente molto sintetico) della flora e della fauna tipica che ancora sopravvive, in questi tre comuni della Piana pistoiese. <\/span><\/p>\n<p class=\"p3\" style=\"text-align: justify;\"><span class=\"s2\"><b>Cominciamo da Montale<\/b>.<\/span><\/p>\n<p class=\"p1\" style=\"text-align: justify;\"><span class=\"s1\"><i>\u00abA Striglianella si trova il granchio di fiume\u00bb <\/i>spiega Petrolo, <i>\u00abspecie un tempo molto diffusa e che oggi vive solo in ambienti incontaminati. Il lupo sta tornando, fortunatamente, perch\u00e9 \u00e8 l\u2019unico elemento equilibratore. Se in ambiente ci sono solo erbivori si estingue la vegetazione. Il confine nord di Montale arriva ad un\u2019altitudine di mille metri. La particolarit\u00e0 del territorio \u00e8 che vi si trovano faggete nella parte alta, castagneti a media altezza fino al querceto misto nella parte pi\u00f9 bassa\u00bb<\/i>. <\/span><\/p>\n<p class=\"p3\" style=\"text-align: justify;\"><span class=\"s2\"><b>Passiamo al territorio aglianese<\/b>.<\/span><\/p>\n<p class=\"p1\" style=\"text-align: justify;\"><span class=\"s1\"><i>\u00abE&#8217; tutto pianeggiante e fortemente antropizzato\u00bb<\/i> rileva il naturalista, <i>\u00abma si trovano ancora molte specie spontanee. Le aree pi\u00f9 interessanti sono il lago di Fiorello (lago da caccia) e il parco Pertini. Il lago di Fiorello \u00e8 un\u2019oasi mista di uccelli stanziali: molti aironi (cenerino, garzetta e airone guardabuoi) e il cavaliere d\u2019Italia che ha scelto questo luogo per nidificare. Qui si ritrovano praticamente tutti i vertebrati censiti nel comune di Agliana. Al Pertini la fauna tipica delle zone lagate \u00e8 rappresentata da anatre e gallinelle, queste ultime sono anche in alcuni fossi. Tra gli anfibi \u00e8 interessante la presenza di tritoni in vari canali. Per la flora prevalgono le specie erbacee spontanee e poche farnie. Ad Agliana sono notevolmente diminuiti gli alberi, a causa del consumo del suolo e dei recenti eventi atmosferici. C\u2019erano piccoli boschetti che sono scomparsi e non sono stati ripiantati. E gli alberi sono l\u2019unica nostra difesa contro l\u2019inquinamento\u00bb<\/i>.<\/span><\/p>\n<p class=\"p3\" style=\"text-align: justify;\"><span class=\"s2\"><b>E arriviamo a Quarrata<\/b>.<\/span><\/p>\n<p class=\"p1\" style=\"text-align: justify;\"><span class=\"s1\"><i>\u00abL\u2019area della Querciola \u00e8 il primo esempio di ripristino ambientale\u00bb <\/i>rileva Petrolo. <i>\u00abVi sono state piantate farnie, che sono le nostre querce. La Querciola e il lago di Fiorello sono ambienti gemelli. Ci sono 150 specie di uccelli, stanziali o migratori, che utilizzano questi due spazi. La M\u00e0gia \u00e8 l\u2019unico vero bosco di pianura rimasto e anche qui \u00e8 interessante la presenza delle querce. Tra le specie animali, troviamo il picchio verde, i gufi, le civette e altri piccoli uccelli meno conosciuti\u00bb<\/i>. <\/span><\/p>\n<p class=\"p3\" style=\"text-align: justify;\"><span class=\"s2\"><b>Quindi il nostro territorio \u00e8 interessante?<\/b><\/span><\/p>\n<p class=\"p1\" style=\"text-align: justify;\"><span class=\"s1\"><i>\u00abIl territorio di questi tre comuni, da un punto di vista squisitamente naturalistico, rappresenta tutti gli ambienti caratteristici della Piana di Firenze, Prato e Pistoia, dai paesaggi appenninici alla piana fino ad arrivare alla catena montuosa del Montalbano, con itinerari che attraversano ambienti dalle caratteristiche ecologiche molto differenti. Lungo il nostro ideale percorso potremmo passare dalla splendida cornice in cui nasce l\u2019Agna di Striglianella fra Fognano e Tobbiana di Montale, appena sotto la cima dei nostri Appennini per poi, lungo le vie d\u2019acqua, arrivare alla sorgente del piccolo torrente della Settola, fino ad Agliana a Spedalino. Sempre ad Agliana, la vecchia cava trasformata nel parco Pertini \u00e8 una piccola perla dove hanno trovato rifugio animali e piante. Arrivando a Quarrata, scendendo dall\u2019Ombrone, si arriva nell\u2019area umida della Querciola, luogo d\u2019acqua appunto dove un piccolo bosco di farnie fa da cornice ai chiari, ricchi di avifauna e microfauna. Luogo ideale per l\u2019osservazione degli uccelli migratori e per le osservazioni sulla flora spontanea. Un posto a parte merita il parco della M\u00e0gia, forse l\u2019ultimo querceto planiziale di tutta la Piana. Ci si pu\u00f2 arrivare dalla Querciola, sfiorando appena le vie pi\u00f9 trafficate, per immergersi poi in quello che possiamo definire senza timore una vera e propria oasi di verde nella Piana, con le sue piante monumentali di querce, lecci, cerri, roverelle e farnie\u00bb<\/i>.<\/span><\/p>\n<p class=\"p3\" style=\"text-align: justify;\"><span class=\"s2\"><b>Cosa pensi delle cicogne nella nostra zona?<\/b><\/span><\/p>\n<p class=\"p1\" style=\"text-align: justify;\"><span class=\"s1\"><i>\u00abPi\u00f9 che esultare per la cicogna che passa, dovremmo conoscere le specie autoctone, molto pi\u00f9 importanti come segnale della salute del nostro ambiente\u00bb<\/i>. <\/span><\/p>","protected":false},"excerpt":{"rendered":"<p>di Piera Salvi settembre 2018 &nbsp; \u00abIn sette, otto ore, camminando a passo d\u2019uomo lungo una sentieristica che gi\u00e0 esiste e che basterebbe valorizzare con un\u2019adeguata segnaletica, si pu\u00f2 andare dall\u2019Acquerino al Montalbano. E&#8217; un mio sogno\u00bb ci rivela Massimiliano Petrolo, nato a Santomato, vissuto ad Agliana [&hellip;]<\/p>","protected":false},"author":13,"featured_media":0,"comment_status":"open","ping_status":"open","sticky":false,"template":"","format":"standard","meta":{"footnotes":""},"categories":[2,1691],"tags":[1623,37,1784,1619,1787,1785,1786,1739,1242,1036,1788,315,1727,1622,1789,1790],"class_list":["post-5285","post","type-post","status-publish","format-standard","hentry","category-ag","category-qualita-di-vita","tag-acquerino","tag-ag-ag","tag-area-protetta","tag-ecoistituto-delle-cerbaie","tag-fiorello","tag-guida-ambientale","tag-lago","tag-massimiliano-petrolo","tag-montalbano","tag-mt","tag-naturalista","tag-quarrata","tag-querciola","tag-sentieristica","tag-striglianella","tag-zone-lagate"],"yoast_head":"<!-- This site is optimized with the Yoast SEO plugin v25.5 - https:\/\/yoast.com\/wordpress\/plugins\/seo\/ -->\n<title>Massimiliano Petrolo - flora e fauna di Montale, Agliana e Quarrata - Noi di Qua Testata giornalistica e di attualit\u00e0 di Agliana, Montale e Quarrata.<\/title>\n<meta name=\"robots\" content=\"index, follow, max-snippet:-1, max-image-preview:large, max-video-preview:-1\" \/>\n<link rel=\"canonical\" href=\"https:\/\/www.noidiqua.it\/Agliana\/massimiliano-petrolo-flora-fauna-montale-agliana-quarrata\/\" \/>\n<meta property=\"og:locale\" content=\"it_IT\" \/>\n<meta property=\"og:type\" content=\"article\" \/>\n<meta property=\"og:title\" content=\"Massimiliano Petrolo - flora e fauna di Montale, Agliana e Quarrata - Noi di Qua Testata giornalistica e di attualit\u00e0 di Agliana, Montale e Quarrata.\" \/>\n<meta property=\"og:description\" content=\"di Piera Salvi settembre 2018 &nbsp; \u00abIn sette, otto ore, camminando a passo d\u2019uomo lungo una sentieristica che gi\u00e0 esiste e che basterebbe valorizzare con un\u2019adeguata segnaletica, si pu\u00f2 andare dall\u2019Acquerino al Montalbano. E&#8217; un mio sogno\u00bb ci rivela Massimiliano Petrolo, nato a Santomato, vissuto ad Agliana [&hellip;]\" \/>\n<meta property=\"og:url\" content=\"https:\/\/www.noidiqua.it\/Agliana\/massimiliano-petrolo-flora-fauna-montale-agliana-quarrata\/\" \/>\n<meta property=\"og:site_name\" content=\"Noi di Qua Testata giornalistica e di attualit\u00e0 di Agliana, Montale e Quarrata.\" \/>\n<meta property=\"article:publisher\" content=\"https:\/\/www.facebook.com\/noidiqua.trimestrale\/\" \/>\n<meta property=\"article:published_time\" content=\"2018-09-05T15:33:36+00:00\" \/>\n<meta property=\"article:modified_time\" content=\"2022-01-21T14:48:21+00:00\" \/>\n<meta property=\"og:image\" content=\"https:\/\/www.noidiqua.it\/Agliana\/wp-content\/uploads\/2018\/09\/MASSIMILIANO-PETROLO.png\" \/>\n<meta name=\"author\" content=\"Piera Salvi\" \/>\n<meta name=\"twitter:label1\" content=\"Scritto da\" \/>\n\t<meta name=\"twitter:data1\" content=\"Piera Salvi\" \/>\n\t<meta name=\"twitter:label2\" content=\"Tempo di lettura stimato\" \/>\n\t<meta name=\"twitter:data2\" content=\"4 minuti\" \/>\n<script type=\"application\/ld+json\" class=\"yoast-schema-graph\">{\"@context\":\"https:\/\/schema.org\",\"@graph\":[{\"@type\":\"WebPage\",\"@id\":\"https:\/\/www.noidiqua.it\/Agliana\/massimiliano-petrolo-flora-fauna-montale-agliana-quarrata\/\",\"url\":\"https:\/\/www.noidiqua.it\/Agliana\/massimiliano-petrolo-flora-fauna-montale-agliana-quarrata\/\",\"name\":\"Massimiliano Petrolo - flora e fauna di Montale, Agliana e Quarrata - Noi di Qua Testata giornalistica e di attualit\u00e0 di Agliana, Montale e Quarrata.\",\"isPartOf\":{\"@id\":\"https:\/\/www.noidiqua.it\/Agliana\/#website\"},\"primaryImageOfPage\":{\"@id\":\"https:\/\/www.noidiqua.it\/Agliana\/massimiliano-petrolo-flora-fauna-montale-agliana-quarrata\/#primaryimage\"},\"image\":{\"@id\":\"https:\/\/www.noidiqua.it\/Agliana\/massimiliano-petrolo-flora-fauna-montale-agliana-quarrata\/#primaryimage\"},\"thumbnailUrl\":\"https:\/\/www.noidiqua.it\/Agliana\/wp-content\/uploads\/2018\/09\/MASSIMILIANO-PETROLO.png\",\"datePublished\":\"2018-09-05T15:33:36+00:00\",\"dateModified\":\"2022-01-21T14:48:21+00:00\",\"author\":{\"@id\":\"https:\/\/www.noidiqua.it\/Agliana\/#\/schema\/person\/bb7515c2330bb1137f247276096fa7dc\"},\"breadcrumb\":{\"@id\":\"https:\/\/www.noidiqua.it\/Agliana\/massimiliano-petrolo-flora-fauna-montale-agliana-quarrata\/#breadcrumb\"},\"inLanguage\":\"it-IT\",\"potentialAction\":[{\"@type\":\"ReadAction\",\"target\":[\"https:\/\/www.noidiqua.it\/Agliana\/massimiliano-petrolo-flora-fauna-montale-agliana-quarrata\/\"]}]},{\"@type\":\"ImageObject\",\"inLanguage\":\"it-IT\",\"@id\":\"https:\/\/www.noidiqua.it\/Agliana\/massimiliano-petrolo-flora-fauna-montale-agliana-quarrata\/#primaryimage\",\"url\":\"https:\/\/www.noidiqua.it\/Agliana\/wp-content\/uploads\/2018\/09\/MASSIMILIANO-PETROLO.png\",\"contentUrl\":\"https:\/\/www.noidiqua.it\/Agliana\/wp-content\/uploads\/2018\/09\/MASSIMILIANO-PETROLO.png\",\"width\":450,\"height\":374},{\"@type\":\"BreadcrumbList\",\"@id\":\"https:\/\/www.noidiqua.it\/Agliana\/massimiliano-petrolo-flora-fauna-montale-agliana-quarrata\/#breadcrumb\",\"itemListElement\":[{\"@type\":\"ListItem\",\"position\":1,\"name\":\"Home\",\"item\":\"https:\/\/www.noidiqua.it\/Agliana\/\"},{\"@type\":\"ListItem\",\"position\":2,\"name\":\"Massimiliano Petrolo &#8211; flora e fauna di Montale, Agliana e Quarrata\"}]},{\"@type\":\"WebSite\",\"@id\":\"https:\/\/www.noidiqua.it\/Agliana\/#website\",\"url\":\"https:\/\/www.noidiqua.it\/Agliana\/\",\"name\":\"Noi di Qua Testata giornalistica e di attualit\u00e0 di Agliana, Montale e Quarrata.\",\"description\":\"Testata Giornalistica Quarrata Montale Agliana\",\"potentialAction\":[{\"@type\":\"SearchAction\",\"target\":{\"@type\":\"EntryPoint\",\"urlTemplate\":\"https:\/\/www.noidiqua.it\/Agliana\/?s={search_term_string}\"},\"query-input\":{\"@type\":\"PropertyValueSpecification\",\"valueRequired\":true,\"valueName\":\"search_term_string\"}}],\"inLanguage\":\"it-IT\"},{\"@type\":\"Person\",\"@id\":\"https:\/\/www.noidiqua.it\/Agliana\/#\/schema\/person\/bb7515c2330bb1137f247276096fa7dc\",\"name\":\"Piera Salvi\",\"image\":{\"@type\":\"ImageObject\",\"inLanguage\":\"it-IT\",\"@id\":\"https:\/\/www.noidiqua.it\/Agliana\/#\/schema\/person\/image\/\",\"url\":\"https:\/\/secure.gravatar.com\/avatar\/2f9b1fb6e13f3b3e63bde435d999a73be036e320f7a0f5f32f9ac21859d999cd?s=96&d=mm&r=g\",\"contentUrl\":\"https:\/\/secure.gravatar.com\/avatar\/2f9b1fb6e13f3b3e63bde435d999a73be036e320f7a0f5f32f9ac21859d999cd?s=96&d=mm&r=g\",\"caption\":\"Piera Salvi\"},\"url\":\"https:\/\/www.noidiqua.it\/Agliana\/author\/piera-salvi\/\"}]}<\/script>\n<!-- \/ Yoast SEO plugin. -->","yoast_head_json":{"title":"Massimiliano Petrolo - flora e fauna di Montale, Agliana e Quarrata - Noi di Qua Testata giornalistica e di attualit\u00e0 di Agliana, Montale e Quarrata.","robots":{"index":"index","follow":"follow","max-snippet":"max-snippet:-1","max-image-preview":"max-image-preview:large","max-video-preview":"max-video-preview:-1"},"canonical":"https:\/\/www.noidiqua.it\/Agliana\/massimiliano-petrolo-flora-fauna-montale-agliana-quarrata\/","og_locale":"it_IT","og_type":"article","og_title":"Massimiliano Petrolo - flora e fauna di Montale, Agliana e Quarrata - Noi di Qua Testata giornalistica e di attualit\u00e0 di Agliana, Montale e Quarrata.","og_description":"di Piera Salvi settembre 2018 &nbsp; \u00abIn sette, otto ore, camminando a passo d\u2019uomo lungo una sentieristica che gi\u00e0 esiste e che basterebbe valorizzare con un\u2019adeguata segnaletica, si pu\u00f2 andare dall\u2019Acquerino al Montalbano. E&#8217; un mio sogno\u00bb ci rivela Massimiliano Petrolo, nato a Santomato, vissuto ad Agliana [&hellip;]","og_url":"https:\/\/www.noidiqua.it\/Agliana\/massimiliano-petrolo-flora-fauna-montale-agliana-quarrata\/","og_site_name":"Noi di Qua Testata giornalistica e di attualit\u00e0 di Agliana, Montale e Quarrata.","article_publisher":"https:\/\/www.facebook.com\/noidiqua.trimestrale\/","article_published_time":"2018-09-05T15:33:36+00:00","article_modified_time":"2022-01-21T14:48:21+00:00","og_image":[{"url":"https:\/\/www.noidiqua.it\/Agliana\/wp-content\/uploads\/2018\/09\/MASSIMILIANO-PETROLO.png","type":"","width":"","height":""}],"author":"Piera Salvi","twitter_misc":{"Scritto da":"Piera Salvi","Tempo di lettura stimato":"4 minuti"},"schema":{"@context":"https:\/\/schema.org","@graph":[{"@type":"WebPage","@id":"https:\/\/www.noidiqua.it\/Agliana\/massimiliano-petrolo-flora-fauna-montale-agliana-quarrata\/","url":"https:\/\/www.noidiqua.it\/Agliana\/massimiliano-petrolo-flora-fauna-montale-agliana-quarrata\/","name":"Massimiliano Petrolo - flora e fauna di Montale, Agliana e Quarrata - Noi di Qua Testata giornalistica e di attualit\u00e0 di Agliana, Montale e Quarrata.","isPartOf":{"@id":"https:\/\/www.noidiqua.it\/Agliana\/#website"},"primaryImageOfPage":{"@id":"https:\/\/www.noidiqua.it\/Agliana\/massimiliano-petrolo-flora-fauna-montale-agliana-quarrata\/#primaryimage"},"image":{"@id":"https:\/\/www.noidiqua.it\/Agliana\/massimiliano-petrolo-flora-fauna-montale-agliana-quarrata\/#primaryimage"},"thumbnailUrl":"https:\/\/www.noidiqua.it\/Agliana\/wp-content\/uploads\/2018\/09\/MASSIMILIANO-PETROLO.png","datePublished":"2018-09-05T15:33:36+00:00","dateModified":"2022-01-21T14:48:21+00:00","author":{"@id":"https:\/\/www.noidiqua.it\/Agliana\/#\/schema\/person\/bb7515c2330bb1137f247276096fa7dc"},"breadcrumb":{"@id":"https:\/\/www.noidiqua.it\/Agliana\/massimiliano-petrolo-flora-fauna-montale-agliana-quarrata\/#breadcrumb"},"inLanguage":"it-IT","potentialAction":[{"@type":"ReadAction","target":["https:\/\/www.noidiqua.it\/Agliana\/massimiliano-petrolo-flora-fauna-montale-agliana-quarrata\/"]}]},{"@type":"ImageObject","inLanguage":"it-IT","@id":"https:\/\/www.noidiqua.it\/Agliana\/massimiliano-petrolo-flora-fauna-montale-agliana-quarrata\/#primaryimage","url":"https:\/\/www.noidiqua.it\/Agliana\/wp-content\/uploads\/2018\/09\/MASSIMILIANO-PETROLO.png","contentUrl":"https:\/\/www.noidiqua.it\/Agliana\/wp-content\/uploads\/2018\/09\/MASSIMILIANO-PETROLO.png","width":450,"height":374},{"@type":"BreadcrumbList","@id":"https:\/\/www.noidiqua.it\/Agliana\/massimiliano-petrolo-flora-fauna-montale-agliana-quarrata\/#breadcrumb","itemListElement":[{"@type":"ListItem","position":1,"name":"Home","item":"https:\/\/www.noidiqua.it\/Agliana\/"},{"@type":"ListItem","position":2,"name":"Massimiliano Petrolo &#8211; flora e fauna di Montale, Agliana e Quarrata"}]},{"@type":"WebSite","@id":"https:\/\/www.noidiqua.it\/Agliana\/#website","url":"https:\/\/www.noidiqua.it\/Agliana\/","name":"Noi di Qua Testata giornalistica e di attualit\u00e0 di Agliana, Montale e Quarrata.","description":"Testata Giornalistica Quarrata Montale Agliana","potentialAction":[{"@type":"SearchAction","target":{"@type":"EntryPoint","urlTemplate":"https:\/\/www.noidiqua.it\/Agliana\/?s={search_term_string}"},"query-input":{"@type":"PropertyValueSpecification","valueRequired":true,"valueName":"search_term_string"}}],"inLanguage":"it-IT"},{"@type":"Person","@id":"https:\/\/www.noidiqua.it\/Agliana\/#\/schema\/person\/bb7515c2330bb1137f247276096fa7dc","name":"Piera Salvi","image":{"@type":"ImageObject","inLanguage":"it-IT","@id":"https:\/\/www.noidiqua.it\/Agliana\/#\/schema\/person\/image\/","url":"https:\/\/secure.gravatar.com\/avatar\/2f9b1fb6e13f3b3e63bde435d999a73be036e320f7a0f5f32f9ac21859d999cd?s=96&d=mm&r=g","contentUrl":"https:\/\/secure.gravatar.com\/avatar\/2f9b1fb6e13f3b3e63bde435d999a73be036e320f7a0f5f32f9ac21859d999cd?s=96&d=mm&r=g","caption":"Piera Salvi"},"url":"https:\/\/www.noidiqua.it\/Agliana\/author\/piera-salvi\/"}]}},"_links":{"self":[{"href":"https:\/\/www.noidiqua.it\/Agliana\/wp-json\/wp\/v2\/posts\/5285","targetHints":{"allow":["GET"]}}],"collection":[{"href":"https:\/\/www.noidiqua.it\/Agliana\/wp-json\/wp\/v2\/posts"}],"about":[{"href":"https:\/\/www.noidiqua.it\/Agliana\/wp-json\/wp\/v2\/types\/post"}],"author":[{"embeddable":true,"href":"https:\/\/www.noidiqua.it\/Agliana\/wp-json\/wp\/v2\/users\/13"}],"replies":[{"embeddable":true,"href":"https:\/\/www.noidiqua.it\/Agliana\/wp-json\/wp\/v2\/comments?post=5285"}],"version-history":[{"count":7,"href":"https:\/\/www.noidiqua.it\/Agliana\/wp-json\/wp\/v2\/posts\/5285\/revisions"}],"predecessor-version":[{"id":6720,"href":"https:\/\/www.noidiqua.it\/Agliana\/wp-json\/wp\/v2\/posts\/5285\/revisions\/6720"}],"wp:attachment":[{"href":"https:\/\/www.noidiqua.it\/Agliana\/wp-json\/wp\/v2\/media?parent=5285"}],"wp:term":[{"taxonomy":"category","embeddable":true,"href":"https:\/\/www.noidiqua.it\/Agliana\/wp-json\/wp\/v2\/categories?post=5285"},{"taxonomy":"post_tag","embeddable":true,"href":"https:\/\/www.noidiqua.it\/Agliana\/wp-json\/wp\/v2\/tags?post=5285"}],"curies":[{"name":"wp","href":"https:\/\/api.w.org\/{rel}","templated":true}]}}