{"id":5339,"date":"2018-12-06T09:59:41","date_gmt":"2018-12-06T08:59:41","guid":{"rendered":"https:\/\/www.noidiqua.it\/Agliana\/?p=5339"},"modified":"2024-01-23T10:31:22","modified_gmt":"2024-01-23T09:31:22","slug":"festa-santantonio-ferruccia","status":"publish","type":"post","link":"https:\/\/www.noidiqua.it\/Agliana\/festa-santantonio-ferruccia\/","title":{"rendered":"Festa di Sant&#8217;Antonio a Ferruccia"},"content":{"rendered":"<p><em>di Piera Salvi<\/em><\/p>\n<p><em>dicembre 2018<\/em><\/p>\n<p><a href=\"https:\/\/www.noidiqua.it\/Agliana\/wp-content\/uploads\/2018\/12\/SANT-ANTONIO_2.png\" rel=\"wp-prettyPhoto[5339]\"><img loading=\"lazy\" decoding=\"async\" class=\"aligncenter size-full wp-image-6631\" src=\"https:\/\/www.noidiqua.it\/Agliana\/wp-content\/uploads\/2018\/12\/SANT-ANTONIO_2.png\" alt=\"\" width=\"450\" height=\"294\" srcset=\"https:\/\/www.noidiqua.it\/Agliana\/wp-content\/uploads\/2018\/12\/SANT-ANTONIO_2.png 450w, https:\/\/www.noidiqua.it\/Agliana\/wp-content\/uploads\/2018\/12\/SANT-ANTONIO_2-300x196.png 300w\" sizes=\"auto, (max-width: 450px) 100vw, 450px\" \/><\/a><\/p>\n<p><span class=\"s1\">A <strong>Ferruccia<\/strong> la devozione per <strong>Sant&#8217;Antonio<\/strong> <strong>abate<\/strong> si unisce con la valorizzazione delle radici e delle tradizioni contadine, in un territorio che ha negli animali, nella terra e nel lavoro i suoi antichi valori. Sant&#8217;Antonio abate \u00e8 venerato come <strong>patrono<\/strong> degli animali, la sua festa si celebra il <strong>17 gennaio<\/strong> e nell\u2019antica tradizione rurale i contadini portavano animali, foraggi e pane a benedire in chiesa o nelle piazze davanti agli edifici sacri. L\u2019idea di valorizzare questa festa \u00e8 dell\u2019associazione <strong>Feste rurali<\/strong> di Ferruccia, attiva ormai da circa trent\u2019anni per tenere vive le tradizioni, che ha rilanciato con grande successo la bella festa di Sant&#8217;Antonio abate, che richiama tante persone anche dai paesi vicini. <\/span><\/p>\n<p><span class=\"s1\">La festa si svolge, di solito, la domenica mattina successiva al 17 gennaio, a cura dell\u2019associazione Feste rurali, in collaborazione con <strong>Coldiretti Pistoia<\/strong> e patrocinio delle amministrazioni comunali di <strong>Quarrata<\/strong> e <strong>Agliana<\/strong> (poich\u00e9 la frazione \u00e8 ubicata nei due comuni). Il programma \u00e8 ricco e molto attraente, soprattutto per i bambini. Da <strong>piazza Ceccarelli<\/strong> (nel comune di Agliana) parte la sfilata dei cavalli e il carro trainato da buoi di razza chianina, carico di pani da distribuire in piazza. Nella piazza davanti alla chiesa dei Santi Filippo e Giacomo si radunano centinaia di persone portando animali di ogni specie per farli benedire. Per festeggiare il santo protettore degli animali, molto amato dai contadini, in alcune edizioni sono stati organizzati anche mercatini di prodotti tipici del nostro territorio. Per la festa di Sant&#8217;Antonio abate l\u2019associazione Feste rurali ha restaurato diversi anni fa un antico carro settecentesco, in legno decorato a mano, che nel lontano passato veniva utilizzato in agricoltura ma anche per la distribuzione del pane benedetto per la festa di Sant&#8217;Antonio di Padova (il 13 giugno), una tradizione che a Ferruccia si rinnova per la festa di Sant&#8217;Antonio abate. Dopo la celebrazione della santa messa nella chiesa parrocchiale, il parroco benedice gli animali in piazza e il pane che \u00e8 contenuto nel carro, che poi i volontari dell\u2019associazione Feste rurali distribuiscono ai presenti.<\/span><\/p>\n<p><a href=\"https:\/\/www.noidiqua.it\/Agliana\/wp-content\/uploads\/2018\/12\/SANT-ANTONIO_1.png\" rel=\"wp-prettyPhoto[5339]\"><img loading=\"lazy\" decoding=\"async\" class=\"aligncenter size-full wp-image-6633\" src=\"https:\/\/www.noidiqua.it\/Agliana\/wp-content\/uploads\/2018\/12\/SANT-ANTONIO_1.png\" alt=\"\" width=\"450\" height=\"291\" srcset=\"https:\/\/www.noidiqua.it\/Agliana\/wp-content\/uploads\/2018\/12\/SANT-ANTONIO_1.png 450w, https:\/\/www.noidiqua.it\/Agliana\/wp-content\/uploads\/2018\/12\/SANT-ANTONIO_1-300x194.png 300w\" sizes=\"auto, (max-width: 450px) 100vw, 450px\" \/><\/a><span class=\"s1\">Una bella festa che suscita curiosit\u00e0 nei bambini e intensi ricordi negli anziani e che continua ad affascinare tutte le generazioni.<span class=\"Apple-converted-space\">\u00a0 <\/span><\/span><\/p>\n<p>&nbsp;<\/p>","protected":false},"excerpt":{"rendered":"<p>di Piera Salvi dicembre 2018 A Ferruccia la devozione per Sant&#8217;Antonio abate si unisce con la valorizzazione delle radici e delle tradizioni contadine, in un territorio che ha negli animali, nella terra e nel lavoro i suoi antichi valori. Sant&#8217;Antonio abate \u00e8 venerato come patrono degli animali, [&hellip;]<\/p>","protected":false},"author":13,"featured_media":0,"comment_status":"open","ping_status":"open","sticky":false,"template":"","format":"standard","meta":{"footnotes":""},"categories":[2,29],"tags":[1850,1847,37,483,149,1849,1848,748,315,1846],"class_list":["post-5339","post","type-post","status-publish","format-standard","hentry","category-ag","category-territorio-qt","tag-17-gennaio","tag-abate","tag-ag-ag","tag-coldiretti-pistoia","tag-ferruccia","tag-feste-rurali","tag-patrono","tag-piazza-ceccarelli","tag-quarrata","tag-santantonio"],"yoast_head":"<!-- This site is optimized with the Yoast SEO plugin v25.5 - https:\/\/yoast.com\/wordpress\/plugins\/seo\/ -->\n<title>Festa di Sant&#039;Antonio a Ferruccia - Noi di Qua Testata giornalistica e di attualit\u00e0 di Agliana, Montale e Quarrata.<\/title>\n<meta name=\"robots\" content=\"index, follow, max-snippet:-1, max-image-preview:large, max-video-preview:-1\" \/>\n<link rel=\"canonical\" href=\"https:\/\/www.noidiqua.it\/Agliana\/festa-santantonio-ferruccia\/\" \/>\n<meta property=\"og:locale\" content=\"it_IT\" \/>\n<meta property=\"og:type\" content=\"article\" \/>\n<meta property=\"og:title\" content=\"Festa di Sant&#039;Antonio a Ferruccia - Noi di Qua Testata giornalistica e di attualit\u00e0 di Agliana, Montale e Quarrata.\" \/>\n<meta property=\"og:description\" content=\"di Piera Salvi dicembre 2018 A Ferruccia la devozione per Sant&#8217;Antonio abate si unisce con la valorizzazione delle radici e delle tradizioni contadine, in un territorio che ha negli animali, nella terra e nel lavoro i suoi antichi valori. Sant&#8217;Antonio abate \u00e8 venerato come patrono degli animali, [&hellip;]\" \/>\n<meta property=\"og:url\" content=\"https:\/\/www.noidiqua.it\/Agliana\/festa-santantonio-ferruccia\/\" \/>\n<meta property=\"og:site_name\" content=\"Noi di Qua Testata giornalistica e di attualit\u00e0 di Agliana, Montale e Quarrata.\" \/>\n<meta property=\"article:publisher\" content=\"https:\/\/www.facebook.com\/noidiqua.trimestrale\/\" \/>\n<meta property=\"article:published_time\" content=\"2018-12-06T08:59:41+00:00\" \/>\n<meta property=\"article:modified_time\" content=\"2024-01-23T09:31:22+00:00\" \/>\n<meta property=\"og:image\" content=\"https:\/\/www.noidiqua.it\/Agliana\/wp-content\/uploads\/2018\/12\/SANT-ANTONIO_2.png\" \/>\n<meta name=\"author\" content=\"Piera Salvi\" \/>\n<meta name=\"twitter:label1\" content=\"Scritto da\" \/>\n\t<meta name=\"twitter:data1\" content=\"Piera Salvi\" \/>\n\t<meta name=\"twitter:label2\" content=\"Tempo di lettura stimato\" \/>\n\t<meta name=\"twitter:data2\" content=\"2 minuti\" \/>\n<script type=\"application\/ld+json\" class=\"yoast-schema-graph\">{\"@context\":\"https:\/\/schema.org\",\"@graph\":[{\"@type\":\"WebPage\",\"@id\":\"https:\/\/www.noidiqua.it\/Agliana\/festa-santantonio-ferruccia\/\",\"url\":\"https:\/\/www.noidiqua.it\/Agliana\/festa-santantonio-ferruccia\/\",\"name\":\"Festa di Sant'Antonio a Ferruccia - Noi di Qua Testata giornalistica e di attualit\u00e0 di Agliana, Montale e Quarrata.\",\"isPartOf\":{\"@id\":\"https:\/\/www.noidiqua.it\/Agliana\/#website\"},\"primaryImageOfPage\":{\"@id\":\"https:\/\/www.noidiqua.it\/Agliana\/festa-santantonio-ferruccia\/#primaryimage\"},\"image\":{\"@id\":\"https:\/\/www.noidiqua.it\/Agliana\/festa-santantonio-ferruccia\/#primaryimage\"},\"thumbnailUrl\":\"https:\/\/www.noidiqua.it\/Agliana\/wp-content\/uploads\/2018\/12\/SANT-ANTONIO_2.png\",\"datePublished\":\"2018-12-06T08:59:41+00:00\",\"dateModified\":\"2024-01-23T09:31:22+00:00\",\"author\":{\"@id\":\"https:\/\/www.noidiqua.it\/Agliana\/#\/schema\/person\/bb7515c2330bb1137f247276096fa7dc\"},\"breadcrumb\":{\"@id\":\"https:\/\/www.noidiqua.it\/Agliana\/festa-santantonio-ferruccia\/#breadcrumb\"},\"inLanguage\":\"it-IT\",\"potentialAction\":[{\"@type\":\"ReadAction\",\"target\":[\"https:\/\/www.noidiqua.it\/Agliana\/festa-santantonio-ferruccia\/\"]}]},{\"@type\":\"ImageObject\",\"inLanguage\":\"it-IT\",\"@id\":\"https:\/\/www.noidiqua.it\/Agliana\/festa-santantonio-ferruccia\/#primaryimage\",\"url\":\"https:\/\/www.noidiqua.it\/Agliana\/wp-content\/uploads\/2018\/12\/SANT-ANTONIO_2.png\",\"contentUrl\":\"https:\/\/www.noidiqua.it\/Agliana\/wp-content\/uploads\/2018\/12\/SANT-ANTONIO_2.png\",\"width\":450,\"height\":294},{\"@type\":\"BreadcrumbList\",\"@id\":\"https:\/\/www.noidiqua.it\/Agliana\/festa-santantonio-ferruccia\/#breadcrumb\",\"itemListElement\":[{\"@type\":\"ListItem\",\"position\":1,\"name\":\"Home\",\"item\":\"https:\/\/www.noidiqua.it\/Agliana\/\"},{\"@type\":\"ListItem\",\"position\":2,\"name\":\"Festa di Sant&#8217;Antonio a Ferruccia\"}]},{\"@type\":\"WebSite\",\"@id\":\"https:\/\/www.noidiqua.it\/Agliana\/#website\",\"url\":\"https:\/\/www.noidiqua.it\/Agliana\/\",\"name\":\"Noi di Qua Testata giornalistica e di attualit\u00e0 di Agliana, Montale e Quarrata.\",\"description\":\"Testata Giornalistica Quarrata Montale Agliana\",\"potentialAction\":[{\"@type\":\"SearchAction\",\"target\":{\"@type\":\"EntryPoint\",\"urlTemplate\":\"https:\/\/www.noidiqua.it\/Agliana\/?s={search_term_string}\"},\"query-input\":{\"@type\":\"PropertyValueSpecification\",\"valueRequired\":true,\"valueName\":\"search_term_string\"}}],\"inLanguage\":\"it-IT\"},{\"@type\":\"Person\",\"@id\":\"https:\/\/www.noidiqua.it\/Agliana\/#\/schema\/person\/bb7515c2330bb1137f247276096fa7dc\",\"name\":\"Piera Salvi\",\"image\":{\"@type\":\"ImageObject\",\"inLanguage\":\"it-IT\",\"@id\":\"https:\/\/www.noidiqua.it\/Agliana\/#\/schema\/person\/image\/\",\"url\":\"https:\/\/secure.gravatar.com\/avatar\/2f9b1fb6e13f3b3e63bde435d999a73be036e320f7a0f5f32f9ac21859d999cd?s=96&d=mm&r=g\",\"contentUrl\":\"https:\/\/secure.gravatar.com\/avatar\/2f9b1fb6e13f3b3e63bde435d999a73be036e320f7a0f5f32f9ac21859d999cd?s=96&d=mm&r=g\",\"caption\":\"Piera Salvi\"},\"url\":\"https:\/\/www.noidiqua.it\/Agliana\/author\/piera-salvi\/\"}]}<\/script>\n<!-- \/ Yoast SEO plugin. -->","yoast_head_json":{"title":"Festa di Sant'Antonio a Ferruccia - Noi di Qua Testata giornalistica e di attualit\u00e0 di Agliana, Montale e Quarrata.","robots":{"index":"index","follow":"follow","max-snippet":"max-snippet:-1","max-image-preview":"max-image-preview:large","max-video-preview":"max-video-preview:-1"},"canonical":"https:\/\/www.noidiqua.it\/Agliana\/festa-santantonio-ferruccia\/","og_locale":"it_IT","og_type":"article","og_title":"Festa di Sant'Antonio a Ferruccia - Noi di Qua Testata giornalistica e di attualit\u00e0 di Agliana, Montale e Quarrata.","og_description":"di Piera Salvi dicembre 2018 A Ferruccia la devozione per Sant&#8217;Antonio abate si unisce con la valorizzazione delle radici e delle tradizioni contadine, in un territorio che ha negli animali, nella terra e nel lavoro i suoi antichi valori. Sant&#8217;Antonio abate \u00e8 venerato come patrono degli animali, [&hellip;]","og_url":"https:\/\/www.noidiqua.it\/Agliana\/festa-santantonio-ferruccia\/","og_site_name":"Noi di Qua Testata giornalistica e di attualit\u00e0 di Agliana, Montale e Quarrata.","article_publisher":"https:\/\/www.facebook.com\/noidiqua.trimestrale\/","article_published_time":"2018-12-06T08:59:41+00:00","article_modified_time":"2024-01-23T09:31:22+00:00","og_image":[{"url":"https:\/\/www.noidiqua.it\/Agliana\/wp-content\/uploads\/2018\/12\/SANT-ANTONIO_2.png","type":"","width":"","height":""}],"author":"Piera Salvi","twitter_misc":{"Scritto da":"Piera Salvi","Tempo di lettura stimato":"2 minuti"},"schema":{"@context":"https:\/\/schema.org","@graph":[{"@type":"WebPage","@id":"https:\/\/www.noidiqua.it\/Agliana\/festa-santantonio-ferruccia\/","url":"https:\/\/www.noidiqua.it\/Agliana\/festa-santantonio-ferruccia\/","name":"Festa di Sant'Antonio a Ferruccia - Noi di Qua Testata giornalistica e di attualit\u00e0 di Agliana, Montale e Quarrata.","isPartOf":{"@id":"https:\/\/www.noidiqua.it\/Agliana\/#website"},"primaryImageOfPage":{"@id":"https:\/\/www.noidiqua.it\/Agliana\/festa-santantonio-ferruccia\/#primaryimage"},"image":{"@id":"https:\/\/www.noidiqua.it\/Agliana\/festa-santantonio-ferruccia\/#primaryimage"},"thumbnailUrl":"https:\/\/www.noidiqua.it\/Agliana\/wp-content\/uploads\/2018\/12\/SANT-ANTONIO_2.png","datePublished":"2018-12-06T08:59:41+00:00","dateModified":"2024-01-23T09:31:22+00:00","author":{"@id":"https:\/\/www.noidiqua.it\/Agliana\/#\/schema\/person\/bb7515c2330bb1137f247276096fa7dc"},"breadcrumb":{"@id":"https:\/\/www.noidiqua.it\/Agliana\/festa-santantonio-ferruccia\/#breadcrumb"},"inLanguage":"it-IT","potentialAction":[{"@type":"ReadAction","target":["https:\/\/www.noidiqua.it\/Agliana\/festa-santantonio-ferruccia\/"]}]},{"@type":"ImageObject","inLanguage":"it-IT","@id":"https:\/\/www.noidiqua.it\/Agliana\/festa-santantonio-ferruccia\/#primaryimage","url":"https:\/\/www.noidiqua.it\/Agliana\/wp-content\/uploads\/2018\/12\/SANT-ANTONIO_2.png","contentUrl":"https:\/\/www.noidiqua.it\/Agliana\/wp-content\/uploads\/2018\/12\/SANT-ANTONIO_2.png","width":450,"height":294},{"@type":"BreadcrumbList","@id":"https:\/\/www.noidiqua.it\/Agliana\/festa-santantonio-ferruccia\/#breadcrumb","itemListElement":[{"@type":"ListItem","position":1,"name":"Home","item":"https:\/\/www.noidiqua.it\/Agliana\/"},{"@type":"ListItem","position":2,"name":"Festa di Sant&#8217;Antonio a Ferruccia"}]},{"@type":"WebSite","@id":"https:\/\/www.noidiqua.it\/Agliana\/#website","url":"https:\/\/www.noidiqua.it\/Agliana\/","name":"Noi di Qua Testata giornalistica e di attualit\u00e0 di Agliana, Montale e Quarrata.","description":"Testata Giornalistica Quarrata Montale Agliana","potentialAction":[{"@type":"SearchAction","target":{"@type":"EntryPoint","urlTemplate":"https:\/\/www.noidiqua.it\/Agliana\/?s={search_term_string}"},"query-input":{"@type":"PropertyValueSpecification","valueRequired":true,"valueName":"search_term_string"}}],"inLanguage":"it-IT"},{"@type":"Person","@id":"https:\/\/www.noidiqua.it\/Agliana\/#\/schema\/person\/bb7515c2330bb1137f247276096fa7dc","name":"Piera Salvi","image":{"@type":"ImageObject","inLanguage":"it-IT","@id":"https:\/\/www.noidiqua.it\/Agliana\/#\/schema\/person\/image\/","url":"https:\/\/secure.gravatar.com\/avatar\/2f9b1fb6e13f3b3e63bde435d999a73be036e320f7a0f5f32f9ac21859d999cd?s=96&d=mm&r=g","contentUrl":"https:\/\/secure.gravatar.com\/avatar\/2f9b1fb6e13f3b3e63bde435d999a73be036e320f7a0f5f32f9ac21859d999cd?s=96&d=mm&r=g","caption":"Piera Salvi"},"url":"https:\/\/www.noidiqua.it\/Agliana\/author\/piera-salvi\/"}]}},"_links":{"self":[{"href":"https:\/\/www.noidiqua.it\/Agliana\/wp-json\/wp\/v2\/posts\/5339","targetHints":{"allow":["GET"]}}],"collection":[{"href":"https:\/\/www.noidiqua.it\/Agliana\/wp-json\/wp\/v2\/posts"}],"about":[{"href":"https:\/\/www.noidiqua.it\/Agliana\/wp-json\/wp\/v2\/types\/post"}],"author":[{"embeddable":true,"href":"https:\/\/www.noidiqua.it\/Agliana\/wp-json\/wp\/v2\/users\/13"}],"replies":[{"embeddable":true,"href":"https:\/\/www.noidiqua.it\/Agliana\/wp-json\/wp\/v2\/comments?post=5339"}],"version-history":[{"count":6,"href":"https:\/\/www.noidiqua.it\/Agliana\/wp-json\/wp\/v2\/posts\/5339\/revisions"}],"predecessor-version":[{"id":9030,"href":"https:\/\/www.noidiqua.it\/Agliana\/wp-json\/wp\/v2\/posts\/5339\/revisions\/9030"}],"wp:attachment":[{"href":"https:\/\/www.noidiqua.it\/Agliana\/wp-json\/wp\/v2\/media?parent=5339"}],"wp:term":[{"taxonomy":"category","embeddable":true,"href":"https:\/\/www.noidiqua.it\/Agliana\/wp-json\/wp\/v2\/categories?post=5339"},{"taxonomy":"post_tag","embeddable":true,"href":"https:\/\/www.noidiqua.it\/Agliana\/wp-json\/wp\/v2\/tags?post=5339"}],"curies":[{"name":"wp","href":"https:\/\/api.w.org\/{rel}","templated":true}]}}