{"id":5388,"date":"2018-12-14T15:25:27","date_gmt":"2018-12-14T14:25:27","guid":{"rendered":"https:\/\/www.noidiqua.it\/Agliana\/?p=5388"},"modified":"2022-01-20T09:25:12","modified_gmt":"2022-01-20T08:25:12","slug":"abbandono-dei-rifiuti-piaga-debellare","status":"publish","type":"post","link":"https:\/\/www.noidiqua.it\/Agliana\/abbandono-dei-rifiuti-piaga-debellare\/","title":{"rendered":"Abbandono dei rifiuti: una piaga da debellare"},"content":{"rendered":"<p><em>di Piera Salvi<\/em><\/p>\n<p><em>dicembre 2018<\/em><\/p>\n<p><a href=\"https:\/\/www.noidiqua.it\/Agliana\/wp-content\/uploads\/2018\/12\/storia-1.png\" rel=\"wp-prettyPhoto[5388]\"><img loading=\"lazy\" decoding=\"async\" class=\"aligncenter  wp-image-6645\" src=\"https:\/\/www.noidiqua.it\/Agliana\/wp-content\/uploads\/2018\/12\/storia-1.png\" alt=\"\" width=\"398\" height=\"298\" srcset=\"https:\/\/www.noidiqua.it\/Agliana\/wp-content\/uploads\/2018\/12\/storia-1.png 499w, https:\/\/www.noidiqua.it\/Agliana\/wp-content\/uploads\/2018\/12\/storia-1-300x225.png 300w\" sizes=\"auto, (max-width: 398px) 100vw, 398px\" \/><\/a><span class=\"s1\">Le <strong>guardie giurate<\/strong> con cani addestrati sono gi\u00e0 all\u2019opera per contrastare il <strong>degrado urbano<\/strong>, come gli <strong>atti vandalici<\/strong>, e garantire una maggiore sicurezza nei luoghi pubblici. Saranno in servizio fino al 31 dicembre in via sperimentale, poi il Comune decider\u00e0 cosa fare. Mentre scriviamo l\u2019amministrazione comunale \u00e8 al lavoro per installare tre <strong>telecamere mobili<\/strong> che saranno spostate in sette zone del territorio comunale soggette a <strong>discariche abusive<\/strong>: via Branaccia, via Ferrucci, via Lungo Calice, via Matteotti, via della Repubblica, via Grosseto e via Coppi. Lo scopo \u00e8 beccare e sanzionare chi abbandona incivilmente i rifiuti. <\/span><\/p>\n<p><span class=\"s1\">Gli abbandoni selvaggi di rifiuti ingombranti, ma anche di bottiglie, contenitori vari, fazzoletti di carta, scatole e borse contenenti di tutto, nonch\u00e9 di abiti, sono purtroppo una piaga che affligge il territorio da anni. Cosa fare per debellarla? <\/span><\/p>\n<p><span class=\"s1\">Molti ricorderanno la \u201c<strong>Caccia alla lattina<\/strong>\u201d, promossa dal 1991 al 2004 dal servizio volontario di protezione civile di Agliana in collaborazione con il Comune. Tramite una campagna di sensibilizzazione nelle scuole i bambini venivano invitati a raccogliere le lattine, utilizzate in famiglia ma anche disseminate sul territorio, che poi venivano consegnate agli organizzatori e avviate al riciclo. Lo scopo era educare i bambini e le famiglie alla raccolta differenziata, al riciclo dei rifiuti, all\u2019ecologia e al rispetto dell\u2019ambiente. Nel 1994 venne raggiunto il record di oltre 41mila lattine raccolte. <i>\u00abIn quegli anni sul territorio aglianese non si vedeva una lattina abbandonata\u00bb<\/i> ricorda <strong>Piergino Chiti<\/strong>, volontario del servizio protezione civile.<\/span><a href=\"https:\/\/www.noidiqua.it\/Agliana\/wp-content\/uploads\/2018\/12\/storia-2.png\" rel=\"wp-prettyPhoto[5388]\"><img loading=\"lazy\" decoding=\"async\" class=\"aligncenter size-full wp-image-6646\" src=\"https:\/\/www.noidiqua.it\/Agliana\/wp-content\/uploads\/2018\/12\/storia-2.png\" alt=\"\" width=\"480\" height=\"360\" srcset=\"https:\/\/www.noidiqua.it\/Agliana\/wp-content\/uploads\/2018\/12\/storia-2.png 480w, https:\/\/www.noidiqua.it\/Agliana\/wp-content\/uploads\/2018\/12\/storia-2-300x225.png 300w\" sizes=\"auto, (max-width: 480px) 100vw, 480px\" \/><\/a><span class=\"s1\">Ogni anno <strong>Legambiente di Agliana<\/strong>, in collaborazione con il Comune, aderisce alla manifestazione nazionale \u201c<strong>Puliamo il mondo<\/strong>\u201d e vengono ripulite alcune zone del territorio. Quest\u2019anno sono stati raccolti una quarantina di sacchi di rifiuti, tra cui multimateriale, vetro e indifferenziato. Purtroppo, il presidente di Legambiente, Simone Bartolini, ci ha riferito che in diverse aree ripulite il 22 settembre, dopo pochi giorni erano ricomparsi i rifiuti. Stessa cosa in via Lungo Calice, dove recentemente sono stati rimossi, dopo numerose sollecitazioni dei cittadini, tre materassi e del mobilio, lasciando per\u00f2 tanto altro sporco al suolo. Dopo pochi giorni altri tre materassi sono stati abbandonati a pochi metri di distanza. In via Buzzati, dall\u2019estate un grosso imballaggio abbandonato non \u00e8 stato rimosso. Ebbene, a met\u00e0 novembre un altro grosso involucro \u00e8 stato scaricato a fargli compagnia. <i>\u00abIl decoro invita al rispetto dell\u2019ambiente ma il degrado invita al degrado\u00bb<\/i> rilevano diversi cittadini, constatando che molti rifiuti restano l\u00ec per mesi ed \u00e8 pi\u00f9 facile che in quelle stesse aree venga abbandonato altro materiale. Rifiuti ingombranti ma anche sacchetti di spazzatura disseminati lungo le strade, nonch\u00e9 bottiglie e bicchieri di plastica, indumenti e altro materiale. Il problema delle discariche abusive passa dalle periferie al centro, dal confine con Pistoia a quello con Prato.<\/span><\/p>\n<p><span style=\"text-align: justify; line-height: 1.5;\">Tra i luoghi pi\u00f9 soggetti, al confine con Pistoia la zona industriale e le vie Palaia, Salceto, Moso, Mosino, Branaccia, in centro via della Repubblica, via Guido Rossa, piazza Michelucci. Sul confine con Prato le vie Buzzati, Parallela sud, Lungo Calice e Panaro. Tra i giardini pubblici, quelli di via Livorno, di Catena e il giardino Ovidio Sgatti. Ci sono poi i piccoli rifiuti disseminati ovunque, in particolare bottiglie di plastica, ma anche di vetro, lattine e fazzoletti di carta, ai bordi delle strade e pure nei fossi e spesso possono costituire un ostacolo al defluire delle acque. Sui social si scatena spesso la <\/span><strong style=\"text-align: justify; line-height: 1.5;\">protesta<\/strong><span style=\"text-align: justify; line-height: 1.5;\"> dei cittadini, molti ci dicono che fanno segnalazioni in Comune e al gestore dei rifiuti. Le telecamere possono essere un deterrente, ma quello che serve veramente \u00e8 una cultura civile e di rispetto per l\u2019ambiente e una rimozione veloce dei rifiuti abbandonati per mantenere il decoro cittadino.<\/span><a href=\"https:\/\/www.noidiqua.it\/Agliana\/wp-content\/uploads\/2018\/12\/storia-3.png\" rel=\"wp-prettyPhoto[5388]\"><img loading=\"lazy\" decoding=\"async\" class=\"aligncenter size-full wp-image-6647\" src=\"https:\/\/www.noidiqua.it\/Agliana\/wp-content\/uploads\/2018\/12\/storia-3.png\" alt=\"\" width=\"481\" height=\"361\" srcset=\"https:\/\/www.noidiqua.it\/Agliana\/wp-content\/uploads\/2018\/12\/storia-3.png 481w, https:\/\/www.noidiqua.it\/Agliana\/wp-content\/uploads\/2018\/12\/storia-3-300x225.png 300w\" sizes=\"auto, (max-width: 481px) 100vw, 481px\" \/><\/a><span class=\"s1\">Ricordiamo, che c\u2019\u00e8 un servizio gratuito di conferimento degli ingombranti alle piattaforme ecologiche di via Tobagi a Stazione di Montale e in via Bocca di Gora e Tinaia a Quarrata. E si pu\u00f2 anche prenotare il ritiro gratuito degli ingombranti a domicilio. Il nostro auspicio per nel nuovo anno \u00e8 quello di non raccontare pi\u00f9 storie di discariche abusive e degrado.<\/span><\/p>\n<p>&nbsp;<\/p>","protected":false},"excerpt":{"rendered":"<p>di Piera Salvi dicembre 2018 Le guardie giurate con cani addestrati sono gi\u00e0 all\u2019opera per contrastare il degrado urbano, come gli atti vandalici, e garantire una maggiore sicurezza nei luoghi pubblici. Saranno in servizio fino al 31 dicembre in via sperimentale, poi il Comune decider\u00e0 cosa fare. [&hellip;]<\/p>","protected":false},"author":13,"featured_media":0,"comment_status":"open","ping_status":"open","sticky":false,"template":"","format":"standard","meta":{"footnotes":""},"categories":[2,16],"tags":[1906,1909,1905,1908,1904,1911,1910,1913,1912,1907],"class_list":["post-5388","post","type-post","status-publish","format-standard","hentry","category-ag","category-storia-qt","tag-atti-vandalici","tag-caccia-alla-lattina","tag-degrado-urbano","tag-discariche-abusive","tag-guardie-giurate","tag-legambiente-di-agliana","tag-piergino-chiti","tag-protesta","tag-puliamo-il-mondo","tag-telecamere-mobili"],"yoast_head":"<!-- This site is optimized with the Yoast SEO plugin v25.5 - https:\/\/yoast.com\/wordpress\/plugins\/seo\/ -->\n<title>Abbandono dei rifiuti: una piaga da debellare - Noi di Qua Testata giornalistica e di attualit\u00e0 di Agliana, Montale e Quarrata.<\/title>\n<meta name=\"robots\" content=\"index, follow, max-snippet:-1, max-image-preview:large, max-video-preview:-1\" \/>\n<link rel=\"canonical\" href=\"https:\/\/www.noidiqua.it\/Agliana\/abbandono-dei-rifiuti-piaga-debellare\/\" \/>\n<meta property=\"og:locale\" content=\"it_IT\" \/>\n<meta property=\"og:type\" content=\"article\" \/>\n<meta property=\"og:title\" content=\"Abbandono dei rifiuti: una piaga da debellare - Noi di Qua Testata giornalistica e di attualit\u00e0 di Agliana, Montale e Quarrata.\" \/>\n<meta property=\"og:description\" content=\"di Piera Salvi dicembre 2018 Le guardie giurate con cani addestrati sono gi\u00e0 all\u2019opera per contrastare il degrado urbano, come gli atti vandalici, e garantire una maggiore sicurezza nei luoghi pubblici. Saranno in servizio fino al 31 dicembre in via sperimentale, poi il Comune decider\u00e0 cosa fare. [&hellip;]\" \/>\n<meta property=\"og:url\" content=\"https:\/\/www.noidiqua.it\/Agliana\/abbandono-dei-rifiuti-piaga-debellare\/\" \/>\n<meta property=\"og:site_name\" content=\"Noi di Qua Testata giornalistica e di attualit\u00e0 di Agliana, Montale e Quarrata.\" \/>\n<meta property=\"article:publisher\" content=\"https:\/\/www.facebook.com\/noidiqua.trimestrale\/\" \/>\n<meta property=\"article:published_time\" content=\"2018-12-14T14:25:27+00:00\" \/>\n<meta property=\"article:modified_time\" content=\"2022-01-20T08:25:12+00:00\" \/>\n<meta property=\"og:image\" content=\"https:\/\/www.noidiqua.it\/Agliana\/wp-content\/uploads\/2018\/12\/storia-1.png\" \/>\n<meta name=\"author\" content=\"Piera Salvi\" \/>\n<meta name=\"twitter:label1\" content=\"Scritto da\" \/>\n\t<meta name=\"twitter:data1\" content=\"Piera Salvi\" \/>\n\t<meta name=\"twitter:label2\" content=\"Tempo di lettura stimato\" \/>\n\t<meta name=\"twitter:data2\" content=\"3 minuti\" \/>\n<script type=\"application\/ld+json\" class=\"yoast-schema-graph\">{\"@context\":\"https:\/\/schema.org\",\"@graph\":[{\"@type\":\"WebPage\",\"@id\":\"https:\/\/www.noidiqua.it\/Agliana\/abbandono-dei-rifiuti-piaga-debellare\/\",\"url\":\"https:\/\/www.noidiqua.it\/Agliana\/abbandono-dei-rifiuti-piaga-debellare\/\",\"name\":\"Abbandono dei rifiuti: una piaga da debellare - Noi di Qua Testata giornalistica e di attualit\u00e0 di Agliana, Montale e Quarrata.\",\"isPartOf\":{\"@id\":\"https:\/\/www.noidiqua.it\/Agliana\/#website\"},\"primaryImageOfPage\":{\"@id\":\"https:\/\/www.noidiqua.it\/Agliana\/abbandono-dei-rifiuti-piaga-debellare\/#primaryimage\"},\"image\":{\"@id\":\"https:\/\/www.noidiqua.it\/Agliana\/abbandono-dei-rifiuti-piaga-debellare\/#primaryimage\"},\"thumbnailUrl\":\"https:\/\/www.noidiqua.it\/Agliana\/wp-content\/uploads\/2018\/12\/storia-1.png\",\"datePublished\":\"2018-12-14T14:25:27+00:00\",\"dateModified\":\"2022-01-20T08:25:12+00:00\",\"author\":{\"@id\":\"https:\/\/www.noidiqua.it\/Agliana\/#\/schema\/person\/bb7515c2330bb1137f247276096fa7dc\"},\"breadcrumb\":{\"@id\":\"https:\/\/www.noidiqua.it\/Agliana\/abbandono-dei-rifiuti-piaga-debellare\/#breadcrumb\"},\"inLanguage\":\"it-IT\",\"potentialAction\":[{\"@type\":\"ReadAction\",\"target\":[\"https:\/\/www.noidiqua.it\/Agliana\/abbandono-dei-rifiuti-piaga-debellare\/\"]}]},{\"@type\":\"ImageObject\",\"inLanguage\":\"it-IT\",\"@id\":\"https:\/\/www.noidiqua.it\/Agliana\/abbandono-dei-rifiuti-piaga-debellare\/#primaryimage\",\"url\":\"https:\/\/www.noidiqua.it\/Agliana\/wp-content\/uploads\/2018\/12\/storia-1.png\",\"contentUrl\":\"https:\/\/www.noidiqua.it\/Agliana\/wp-content\/uploads\/2018\/12\/storia-1.png\",\"width\":499,\"height\":374},{\"@type\":\"BreadcrumbList\",\"@id\":\"https:\/\/www.noidiqua.it\/Agliana\/abbandono-dei-rifiuti-piaga-debellare\/#breadcrumb\",\"itemListElement\":[{\"@type\":\"ListItem\",\"position\":1,\"name\":\"Home\",\"item\":\"https:\/\/www.noidiqua.it\/Agliana\/\"},{\"@type\":\"ListItem\",\"position\":2,\"name\":\"Abbandono dei rifiuti: una piaga da debellare\"}]},{\"@type\":\"WebSite\",\"@id\":\"https:\/\/www.noidiqua.it\/Agliana\/#website\",\"url\":\"https:\/\/www.noidiqua.it\/Agliana\/\",\"name\":\"Noi di Qua Testata giornalistica e di attualit\u00e0 di Agliana, Montale e Quarrata.\",\"description\":\"Testata Giornalistica Quarrata Montale Agliana\",\"potentialAction\":[{\"@type\":\"SearchAction\",\"target\":{\"@type\":\"EntryPoint\",\"urlTemplate\":\"https:\/\/www.noidiqua.it\/Agliana\/?s={search_term_string}\"},\"query-input\":{\"@type\":\"PropertyValueSpecification\",\"valueRequired\":true,\"valueName\":\"search_term_string\"}}],\"inLanguage\":\"it-IT\"},{\"@type\":\"Person\",\"@id\":\"https:\/\/www.noidiqua.it\/Agliana\/#\/schema\/person\/bb7515c2330bb1137f247276096fa7dc\",\"name\":\"Piera Salvi\",\"image\":{\"@type\":\"ImageObject\",\"inLanguage\":\"it-IT\",\"@id\":\"https:\/\/www.noidiqua.it\/Agliana\/#\/schema\/person\/image\/\",\"url\":\"https:\/\/secure.gravatar.com\/avatar\/2f9b1fb6e13f3b3e63bde435d999a73be036e320f7a0f5f32f9ac21859d999cd?s=96&d=mm&r=g\",\"contentUrl\":\"https:\/\/secure.gravatar.com\/avatar\/2f9b1fb6e13f3b3e63bde435d999a73be036e320f7a0f5f32f9ac21859d999cd?s=96&d=mm&r=g\",\"caption\":\"Piera Salvi\"},\"url\":\"https:\/\/www.noidiqua.it\/Agliana\/author\/piera-salvi\/\"}]}<\/script>\n<!-- \/ Yoast SEO plugin. -->","yoast_head_json":{"title":"Abbandono dei rifiuti: una piaga da debellare - Noi di Qua Testata giornalistica e di attualit\u00e0 di Agliana, Montale e Quarrata.","robots":{"index":"index","follow":"follow","max-snippet":"max-snippet:-1","max-image-preview":"max-image-preview:large","max-video-preview":"max-video-preview:-1"},"canonical":"https:\/\/www.noidiqua.it\/Agliana\/abbandono-dei-rifiuti-piaga-debellare\/","og_locale":"it_IT","og_type":"article","og_title":"Abbandono dei rifiuti: una piaga da debellare - Noi di Qua Testata giornalistica e di attualit\u00e0 di Agliana, Montale e Quarrata.","og_description":"di Piera Salvi dicembre 2018 Le guardie giurate con cani addestrati sono gi\u00e0 all\u2019opera per contrastare il degrado urbano, come gli atti vandalici, e garantire una maggiore sicurezza nei luoghi pubblici. Saranno in servizio fino al 31 dicembre in via sperimentale, poi il Comune decider\u00e0 cosa fare. [&hellip;]","og_url":"https:\/\/www.noidiqua.it\/Agliana\/abbandono-dei-rifiuti-piaga-debellare\/","og_site_name":"Noi di Qua Testata giornalistica e di attualit\u00e0 di Agliana, Montale e Quarrata.","article_publisher":"https:\/\/www.facebook.com\/noidiqua.trimestrale\/","article_published_time":"2018-12-14T14:25:27+00:00","article_modified_time":"2022-01-20T08:25:12+00:00","og_image":[{"url":"https:\/\/www.noidiqua.it\/Agliana\/wp-content\/uploads\/2018\/12\/storia-1.png","type":"","width":"","height":""}],"author":"Piera Salvi","twitter_misc":{"Scritto da":"Piera Salvi","Tempo di lettura stimato":"3 minuti"},"schema":{"@context":"https:\/\/schema.org","@graph":[{"@type":"WebPage","@id":"https:\/\/www.noidiqua.it\/Agliana\/abbandono-dei-rifiuti-piaga-debellare\/","url":"https:\/\/www.noidiqua.it\/Agliana\/abbandono-dei-rifiuti-piaga-debellare\/","name":"Abbandono dei rifiuti: una piaga da debellare - Noi di Qua Testata giornalistica e di attualit\u00e0 di Agliana, Montale e Quarrata.","isPartOf":{"@id":"https:\/\/www.noidiqua.it\/Agliana\/#website"},"primaryImageOfPage":{"@id":"https:\/\/www.noidiqua.it\/Agliana\/abbandono-dei-rifiuti-piaga-debellare\/#primaryimage"},"image":{"@id":"https:\/\/www.noidiqua.it\/Agliana\/abbandono-dei-rifiuti-piaga-debellare\/#primaryimage"},"thumbnailUrl":"https:\/\/www.noidiqua.it\/Agliana\/wp-content\/uploads\/2018\/12\/storia-1.png","datePublished":"2018-12-14T14:25:27+00:00","dateModified":"2022-01-20T08:25:12+00:00","author":{"@id":"https:\/\/www.noidiqua.it\/Agliana\/#\/schema\/person\/bb7515c2330bb1137f247276096fa7dc"},"breadcrumb":{"@id":"https:\/\/www.noidiqua.it\/Agliana\/abbandono-dei-rifiuti-piaga-debellare\/#breadcrumb"},"inLanguage":"it-IT","potentialAction":[{"@type":"ReadAction","target":["https:\/\/www.noidiqua.it\/Agliana\/abbandono-dei-rifiuti-piaga-debellare\/"]}]},{"@type":"ImageObject","inLanguage":"it-IT","@id":"https:\/\/www.noidiqua.it\/Agliana\/abbandono-dei-rifiuti-piaga-debellare\/#primaryimage","url":"https:\/\/www.noidiqua.it\/Agliana\/wp-content\/uploads\/2018\/12\/storia-1.png","contentUrl":"https:\/\/www.noidiqua.it\/Agliana\/wp-content\/uploads\/2018\/12\/storia-1.png","width":499,"height":374},{"@type":"BreadcrumbList","@id":"https:\/\/www.noidiqua.it\/Agliana\/abbandono-dei-rifiuti-piaga-debellare\/#breadcrumb","itemListElement":[{"@type":"ListItem","position":1,"name":"Home","item":"https:\/\/www.noidiqua.it\/Agliana\/"},{"@type":"ListItem","position":2,"name":"Abbandono dei rifiuti: una piaga da debellare"}]},{"@type":"WebSite","@id":"https:\/\/www.noidiqua.it\/Agliana\/#website","url":"https:\/\/www.noidiqua.it\/Agliana\/","name":"Noi di Qua Testata giornalistica e di attualit\u00e0 di Agliana, Montale e Quarrata.","description":"Testata Giornalistica Quarrata Montale Agliana","potentialAction":[{"@type":"SearchAction","target":{"@type":"EntryPoint","urlTemplate":"https:\/\/www.noidiqua.it\/Agliana\/?s={search_term_string}"},"query-input":{"@type":"PropertyValueSpecification","valueRequired":true,"valueName":"search_term_string"}}],"inLanguage":"it-IT"},{"@type":"Person","@id":"https:\/\/www.noidiqua.it\/Agliana\/#\/schema\/person\/bb7515c2330bb1137f247276096fa7dc","name":"Piera Salvi","image":{"@type":"ImageObject","inLanguage":"it-IT","@id":"https:\/\/www.noidiqua.it\/Agliana\/#\/schema\/person\/image\/","url":"https:\/\/secure.gravatar.com\/avatar\/2f9b1fb6e13f3b3e63bde435d999a73be036e320f7a0f5f32f9ac21859d999cd?s=96&d=mm&r=g","contentUrl":"https:\/\/secure.gravatar.com\/avatar\/2f9b1fb6e13f3b3e63bde435d999a73be036e320f7a0f5f32f9ac21859d999cd?s=96&d=mm&r=g","caption":"Piera Salvi"},"url":"https:\/\/www.noidiqua.it\/Agliana\/author\/piera-salvi\/"}]}},"_links":{"self":[{"href":"https:\/\/www.noidiqua.it\/Agliana\/wp-json\/wp\/v2\/posts\/5388","targetHints":{"allow":["GET"]}}],"collection":[{"href":"https:\/\/www.noidiqua.it\/Agliana\/wp-json\/wp\/v2\/posts"}],"about":[{"href":"https:\/\/www.noidiqua.it\/Agliana\/wp-json\/wp\/v2\/types\/post"}],"author":[{"embeddable":true,"href":"https:\/\/www.noidiqua.it\/Agliana\/wp-json\/wp\/v2\/users\/13"}],"replies":[{"embeddable":true,"href":"https:\/\/www.noidiqua.it\/Agliana\/wp-json\/wp\/v2\/comments?post=5388"}],"version-history":[{"count":7,"href":"https:\/\/www.noidiqua.it\/Agliana\/wp-json\/wp\/v2\/posts\/5388\/revisions"}],"predecessor-version":[{"id":6648,"href":"https:\/\/www.noidiqua.it\/Agliana\/wp-json\/wp\/v2\/posts\/5388\/revisions\/6648"}],"wp:attachment":[{"href":"https:\/\/www.noidiqua.it\/Agliana\/wp-json\/wp\/v2\/media?parent=5388"}],"wp:term":[{"taxonomy":"category","embeddable":true,"href":"https:\/\/www.noidiqua.it\/Agliana\/wp-json\/wp\/v2\/categories?post=5388"},{"taxonomy":"post_tag","embeddable":true,"href":"https:\/\/www.noidiqua.it\/Agliana\/wp-json\/wp\/v2\/tags?post=5388"}],"curies":[{"name":"wp","href":"https:\/\/api.w.org\/{rel}","templated":true}]}}