{"id":5395,"date":"2018-12-14T15:33:15","date_gmt":"2018-12-14T14:33:15","guid":{"rendered":"https:\/\/www.noidiqua.it\/Agliana\/?p=5395"},"modified":"2022-01-19T17:54:30","modified_gmt":"2022-01-19T16:54:30","slug":"enrica-giuseppina-attivita-storica","status":"publish","type":"post","link":"https:\/\/www.noidiqua.it\/Agliana\/enrica-giuseppina-attivita-storica\/","title":{"rendered":"Enrica e Giuseppina &#8211; attivit\u00e0 storica"},"content":{"rendered":"<p><em>di Marco Bagnoli<\/em><\/p>\n<p><em>dicembre 2018<\/em><\/p>\n<p><a href=\"https:\/\/www.noidiqua.it\/Agliana\/wp-content\/uploads\/2018\/12\/erica-giuseppina-2.png\" rel=\"wp-prettyPhoto[5395]\"><img loading=\"lazy\" decoding=\"async\" class=\"aligncenter size-full wp-image-6635\" src=\"https:\/\/www.noidiqua.it\/Agliana\/wp-content\/uploads\/2018\/12\/erica-giuseppina-2.png\" alt=\"\" width=\"478\" height=\"372\" srcset=\"https:\/\/www.noidiqua.it\/Agliana\/wp-content\/uploads\/2018\/12\/erica-giuseppina-2.png 478w, https:\/\/www.noidiqua.it\/Agliana\/wp-content\/uploads\/2018\/12\/erica-giuseppina-2-300x233.png 300w\" sizes=\"auto, (max-width: 478px) 100vw, 478px\" \/><\/a><\/p>\n<p>&nbsp;<\/p>\n<p class=\"p1\" style=\"text-align: justify;\">In un tiepido pomeriggio di met\u00e0 ottobre attraversiamo il centro di Agliana per entrare in uno storico <strong>negozio d&#8217;abbigliamento<\/strong> poco fuori la piazza. Apriamo la porta e il campanello elettrico ci annuncia all\u2019attenzione della signora Meoni e della signora Valeri, che a San Piero tutti conoscono come <strong>Enrica e Giuseppina<\/strong>.<\/p>\n<p class=\"p1\" style=\"text-align: justify;\">Gli scaffali ricolmi ci accolgono come un uovo nel nido e mentre un paio di clienti vengono debitamente servite si inizia quella chiacchierata che ci riporta cos\u00ec indietro negli anni. Tanto per cominciare lo sguardo casca subito sulla targa del Comune che commemora gli \u201coltre cinquant\u2019anni di attivit\u00e0\u201d dell\u2019esercizio. Enrica e Giuseppina sono subentrate nella conduzione nel 1987, quasi trent\u2019anni fa, ma l\u2019attivit\u00e0 esisteva gi\u00e0 da prima. Ad iniziarla e a portarla a buon punto fino alla sua prematura scomparsa a soli cinquantotto anni di et\u00e0, era stata <strong>Franca Mazzei<\/strong>, zia dei loro mariti. Anche Franca vendeva abbigliamento uomo, donna e bambino, addirittura cuciva lei i <strong>grembiulini<\/strong> per la scuola. Entrare a lavorare dove stava lei \u00e8 stata per Enrica e Giuseppina una cosa molto naturale, cos\u00ec come lo \u00e8 per ogni attivit\u00e0 di tipo familiare che si rispetti. Oggi vendono <strong>abiti da donna<\/strong>, intimo per lei e per lui, un abbigliamento classico poco suscettibile alle bizze delle varie mode, ma sempre adatto ad ogni esigenza.<\/p>\n<p class=\"p1\" style=\"text-align: justify;\">In tutti questi anni Enrica e Giuseppina pi\u00f9 che cognate, sono state delle sorelle; fin da bambine sono state sempre unite e anche da ragazze uscivano insieme con i loro fidanzati e tutti e quattro salivano sulla stessa automobile. Sempre d\u2019accordo e senza mai uno screzio, si sono sempre date consiglio e aiutate nelle quotidiane incombenze, soprattutto dopo la nascita dei figli, anche loro tutt&#8217;oggi molto legati. E un&#8217;ulteriore gioia per entrambe \u00e8 stato l&#8217;arrivo dei nipoti, Niccol\u00f2 di sei anni e<span class=\"Apple-converted-space\">\u00a0 <\/span>Matteo di appena due mesi. Quindi da sempre loro sono l\u00ec, facendo avanti e indietro fra casa e bancone, per fortuna vicini, con un occhio rivolto al lavoro e uno alla mamma, ai figli e al marito.<\/p>\n<p><a href=\"https:\/\/www.noidiqua.it\/Agliana\/wp-content\/uploads\/2018\/12\/erica-giuseppina-1.png\" rel=\"wp-prettyPhoto[5395]\"><img loading=\"lazy\" decoding=\"async\" class=\"aligncenter size-full wp-image-6636\" src=\"https:\/\/www.noidiqua.it\/Agliana\/wp-content\/uploads\/2018\/12\/erica-giuseppina-1.png\" alt=\"\" width=\"353\" height=\"393\" srcset=\"https:\/\/www.noidiqua.it\/Agliana\/wp-content\/uploads\/2018\/12\/erica-giuseppina-1.png 353w, https:\/\/www.noidiqua.it\/Agliana\/wp-content\/uploads\/2018\/12\/erica-giuseppina-1-269x300.png 269w\" sizes=\"auto, (max-width: 353px) 100vw, 353px\" \/><\/a><\/p>\n<p class=\"p1\" style=\"text-align: justify;\">Hanno da sempre vestito le signore di <strong>Agliana<\/strong>, ma anche qualche marito negli anni ha avuto modo di apprezzare i loro pigiami. Una cliente ci dice che si \u00e8 sempre trovata bene, trovando sempre quello di cui necessitava, e ci dice che soprattutto i centri commerciali non sono all\u2019altezza, perch\u00e9 la pazienza e la disponibilit\u00e0 che sa dimostrare un negoziante di paese non lo si riesce ad ottenere da un semplice commesso della grande distribuzione. Oltretutto Enrica e Giuseppina sanno anche consigliare, al punto che nessuna cliente esce da negozio senza essere rivestita al meglio che si pu\u00f2. Forse perch\u00e9 magari altrove si riforniscono di merci non italiane\u2026 Certo, in tutti questi anni sono cambiati i tempi. Prima c\u2019\u00e8 stata la chiusura delle grandi ditte che davano lavoro a un sacco di gente, poi la crisi dell\u2019ultimo periodo \u2013 e adesso?<\/p>\n<p class=\"p1\" style=\"text-align: justify;\">Adesso il lavoro si \u00e8 fatto un po\u2019 difficile, con tante nuove attivit\u00e0 analoghe che presto si affrettano a far capolino per poi altrettanto velocemente chiudere bottega. Il rapporto col cliente, quel bel cliente fisso che c\u2019era una volta, si \u00e8 andato un po\u2019 sfilacciando, allargando il ventaglio degli acquirenti sempre pi\u00f9 a gente di passaggio; per le prossime feste li vedremo tornare, non ai primi del mese, non a met\u00e0 novembre come un tempo, ma magari all\u2019ultimo momento, di fretta come siamo tutti di fretta oggi giorno, per comprare un qualcosa per s\u00e9, o un pensiero per chi se lo sar\u00e0 meritato.<\/p>\n<p class=\"p1\" style=\"text-align: justify;\">Enrica e Giuseppina saranno ancora qui, sorridenti come prima, pronte a dispiegare le preziosit\u00e0 del loro negozio per vedere di accontentarvi un po\u2019. Noi prendiamo una caramella dal cestino sul bancone e assaporiamo un po\u2019 della <strong>gentilezza<\/strong> di Agliana com\u2019era.<\/p>","protected":false},"excerpt":{"rendered":"<p>di Marco Bagnoli dicembre 2018 &nbsp; In un tiepido pomeriggio di met\u00e0 ottobre attraversiamo il centro di Agliana per entrare in uno storico negozio d&#8217;abbigliamento poco fuori la piazza. Apriamo la porta e il campanello elettrico ci annuncia all\u2019attenzione della signora Meoni e della signora Valeri, che [&hellip;]<\/p>","protected":false},"author":3,"featured_media":0,"comment_status":"open","ping_status":"open","sticky":false,"template":"","format":"standard","meta":{"footnotes":""},"categories":[2,1029],"tags":[1918,37,1920,1914,1916,1919,1917,1915],"class_list":["post-5395","post","type-post","status-publish","format-standard","hentry","category-ag","category-una-bella-impresa","tag-abiti-da-donna","tag-ag-ag","tag-attivita-storica","tag-enrica-e-giuseppina","tag-franca-mazzei","tag-gentilezza","tag-grembiulini","tag-negozio-dabbigliamento"],"yoast_head":"<!-- This site is optimized with the Yoast SEO plugin v25.5 - https:\/\/yoast.com\/wordpress\/plugins\/seo\/ -->\n<title>Enrica e Giuseppina - attivit\u00e0 storica - Noi di Qua Testata giornalistica e di attualit\u00e0 di Agliana, Montale e Quarrata.<\/title>\n<meta name=\"robots\" content=\"index, follow, max-snippet:-1, max-image-preview:large, max-video-preview:-1\" \/>\n<link rel=\"canonical\" href=\"https:\/\/www.noidiqua.it\/Agliana\/enrica-giuseppina-attivita-storica\/\" \/>\n<meta property=\"og:locale\" content=\"it_IT\" \/>\n<meta property=\"og:type\" content=\"article\" \/>\n<meta property=\"og:title\" content=\"Enrica e Giuseppina - attivit\u00e0 storica - Noi di Qua Testata giornalistica e di attualit\u00e0 di Agliana, Montale e Quarrata.\" \/>\n<meta property=\"og:description\" content=\"di Marco Bagnoli dicembre 2018 &nbsp; In un tiepido pomeriggio di met\u00e0 ottobre attraversiamo il centro di Agliana per entrare in uno storico negozio d&#8217;abbigliamento poco fuori la piazza. Apriamo la porta e il campanello elettrico ci annuncia all\u2019attenzione della signora Meoni e della signora Valeri, che [&hellip;]\" \/>\n<meta property=\"og:url\" content=\"https:\/\/www.noidiqua.it\/Agliana\/enrica-giuseppina-attivita-storica\/\" \/>\n<meta property=\"og:site_name\" content=\"Noi di Qua Testata giornalistica e di attualit\u00e0 di Agliana, Montale e Quarrata.\" \/>\n<meta property=\"article:publisher\" content=\"https:\/\/www.facebook.com\/noidiqua.trimestrale\/\" \/>\n<meta property=\"article:published_time\" content=\"2018-12-14T14:33:15+00:00\" \/>\n<meta property=\"article:modified_time\" content=\"2022-01-19T16:54:30+00:00\" \/>\n<meta property=\"og:image\" content=\"https:\/\/www.noidiqua.it\/Agliana\/wp-content\/uploads\/2018\/12\/erica-giuseppina-2.png\" \/>\n<meta name=\"author\" content=\"Marco Bagnoli\" \/>\n<meta name=\"twitter:label1\" content=\"Scritto da\" \/>\n\t<meta name=\"twitter:data1\" content=\"Marco Bagnoli\" \/>\n\t<meta name=\"twitter:label2\" content=\"Tempo di lettura stimato\" \/>\n\t<meta name=\"twitter:data2\" content=\"3 minuti\" \/>\n<script type=\"application\/ld+json\" class=\"yoast-schema-graph\">{\"@context\":\"https:\/\/schema.org\",\"@graph\":[{\"@type\":\"WebPage\",\"@id\":\"https:\/\/www.noidiqua.it\/Agliana\/enrica-giuseppina-attivita-storica\/\",\"url\":\"https:\/\/www.noidiqua.it\/Agliana\/enrica-giuseppina-attivita-storica\/\",\"name\":\"Enrica e Giuseppina - attivit\u00e0 storica - Noi di Qua Testata giornalistica e di attualit\u00e0 di Agliana, Montale e Quarrata.\",\"isPartOf\":{\"@id\":\"https:\/\/www.noidiqua.it\/Agliana\/#website\"},\"primaryImageOfPage\":{\"@id\":\"https:\/\/www.noidiqua.it\/Agliana\/enrica-giuseppina-attivita-storica\/#primaryimage\"},\"image\":{\"@id\":\"https:\/\/www.noidiqua.it\/Agliana\/enrica-giuseppina-attivita-storica\/#primaryimage\"},\"thumbnailUrl\":\"https:\/\/www.noidiqua.it\/Agliana\/wp-content\/uploads\/2018\/12\/erica-giuseppina-2.png\",\"datePublished\":\"2018-12-14T14:33:15+00:00\",\"dateModified\":\"2022-01-19T16:54:30+00:00\",\"author\":{\"@id\":\"https:\/\/www.noidiqua.it\/Agliana\/#\/schema\/person\/4e183cb0c6d7951e716a876aa702e1a2\"},\"breadcrumb\":{\"@id\":\"https:\/\/www.noidiqua.it\/Agliana\/enrica-giuseppina-attivita-storica\/#breadcrumb\"},\"inLanguage\":\"it-IT\",\"potentialAction\":[{\"@type\":\"ReadAction\",\"target\":[\"https:\/\/www.noidiqua.it\/Agliana\/enrica-giuseppina-attivita-storica\/\"]}]},{\"@type\":\"ImageObject\",\"inLanguage\":\"it-IT\",\"@id\":\"https:\/\/www.noidiqua.it\/Agliana\/enrica-giuseppina-attivita-storica\/#primaryimage\",\"url\":\"https:\/\/www.noidiqua.it\/Agliana\/wp-content\/uploads\/2018\/12\/erica-giuseppina-2.png\",\"contentUrl\":\"https:\/\/www.noidiqua.it\/Agliana\/wp-content\/uploads\/2018\/12\/erica-giuseppina-2.png\",\"width\":478,\"height\":372},{\"@type\":\"BreadcrumbList\",\"@id\":\"https:\/\/www.noidiqua.it\/Agliana\/enrica-giuseppina-attivita-storica\/#breadcrumb\",\"itemListElement\":[{\"@type\":\"ListItem\",\"position\":1,\"name\":\"Home\",\"item\":\"https:\/\/www.noidiqua.it\/Agliana\/\"},{\"@type\":\"ListItem\",\"position\":2,\"name\":\"Enrica e Giuseppina &#8211; attivit\u00e0 storica\"}]},{\"@type\":\"WebSite\",\"@id\":\"https:\/\/www.noidiqua.it\/Agliana\/#website\",\"url\":\"https:\/\/www.noidiqua.it\/Agliana\/\",\"name\":\"Noi di Qua Testata giornalistica e di attualit\u00e0 di Agliana, Montale e Quarrata.\",\"description\":\"Testata Giornalistica Quarrata Montale Agliana\",\"potentialAction\":[{\"@type\":\"SearchAction\",\"target\":{\"@type\":\"EntryPoint\",\"urlTemplate\":\"https:\/\/www.noidiqua.it\/Agliana\/?s={search_term_string}\"},\"query-input\":{\"@type\":\"PropertyValueSpecification\",\"valueRequired\":true,\"valueName\":\"search_term_string\"}}],\"inLanguage\":\"it-IT\"},{\"@type\":\"Person\",\"@id\":\"https:\/\/www.noidiqua.it\/Agliana\/#\/schema\/person\/4e183cb0c6d7951e716a876aa702e1a2\",\"name\":\"Marco Bagnoli\",\"image\":{\"@type\":\"ImageObject\",\"inLanguage\":\"it-IT\",\"@id\":\"https:\/\/www.noidiqua.it\/Agliana\/#\/schema\/person\/image\/\",\"url\":\"https:\/\/secure.gravatar.com\/avatar\/73ace53724c50db9c48af54756f17b7cdb015a9d8d2c08c7e04e480539a94eee?s=96&d=mm&r=g\",\"contentUrl\":\"https:\/\/secure.gravatar.com\/avatar\/73ace53724c50db9c48af54756f17b7cdb015a9d8d2c08c7e04e480539a94eee?s=96&d=mm&r=g\",\"caption\":\"Marco Bagnoli\"},\"url\":\"https:\/\/www.noidiqua.it\/Agliana\/author\/marco-bagnoli\/\"}]}<\/script>\n<!-- \/ Yoast SEO plugin. -->","yoast_head_json":{"title":"Enrica e Giuseppina - attivit\u00e0 storica - Noi di Qua Testata giornalistica e di attualit\u00e0 di Agliana, Montale e Quarrata.","robots":{"index":"index","follow":"follow","max-snippet":"max-snippet:-1","max-image-preview":"max-image-preview:large","max-video-preview":"max-video-preview:-1"},"canonical":"https:\/\/www.noidiqua.it\/Agliana\/enrica-giuseppina-attivita-storica\/","og_locale":"it_IT","og_type":"article","og_title":"Enrica e Giuseppina - attivit\u00e0 storica - Noi di Qua Testata giornalistica e di attualit\u00e0 di Agliana, Montale e Quarrata.","og_description":"di Marco Bagnoli dicembre 2018 &nbsp; In un tiepido pomeriggio di met\u00e0 ottobre attraversiamo il centro di Agliana per entrare in uno storico negozio d&#8217;abbigliamento poco fuori la piazza. Apriamo la porta e il campanello elettrico ci annuncia all\u2019attenzione della signora Meoni e della signora Valeri, che [&hellip;]","og_url":"https:\/\/www.noidiqua.it\/Agliana\/enrica-giuseppina-attivita-storica\/","og_site_name":"Noi di Qua Testata giornalistica e di attualit\u00e0 di Agliana, Montale e Quarrata.","article_publisher":"https:\/\/www.facebook.com\/noidiqua.trimestrale\/","article_published_time":"2018-12-14T14:33:15+00:00","article_modified_time":"2022-01-19T16:54:30+00:00","og_image":[{"url":"https:\/\/www.noidiqua.it\/Agliana\/wp-content\/uploads\/2018\/12\/erica-giuseppina-2.png","type":"","width":"","height":""}],"author":"Marco Bagnoli","twitter_misc":{"Scritto da":"Marco Bagnoli","Tempo di lettura stimato":"3 minuti"},"schema":{"@context":"https:\/\/schema.org","@graph":[{"@type":"WebPage","@id":"https:\/\/www.noidiqua.it\/Agliana\/enrica-giuseppina-attivita-storica\/","url":"https:\/\/www.noidiqua.it\/Agliana\/enrica-giuseppina-attivita-storica\/","name":"Enrica e Giuseppina - attivit\u00e0 storica - Noi di Qua Testata giornalistica e di attualit\u00e0 di Agliana, Montale e Quarrata.","isPartOf":{"@id":"https:\/\/www.noidiqua.it\/Agliana\/#website"},"primaryImageOfPage":{"@id":"https:\/\/www.noidiqua.it\/Agliana\/enrica-giuseppina-attivita-storica\/#primaryimage"},"image":{"@id":"https:\/\/www.noidiqua.it\/Agliana\/enrica-giuseppina-attivita-storica\/#primaryimage"},"thumbnailUrl":"https:\/\/www.noidiqua.it\/Agliana\/wp-content\/uploads\/2018\/12\/erica-giuseppina-2.png","datePublished":"2018-12-14T14:33:15+00:00","dateModified":"2022-01-19T16:54:30+00:00","author":{"@id":"https:\/\/www.noidiqua.it\/Agliana\/#\/schema\/person\/4e183cb0c6d7951e716a876aa702e1a2"},"breadcrumb":{"@id":"https:\/\/www.noidiqua.it\/Agliana\/enrica-giuseppina-attivita-storica\/#breadcrumb"},"inLanguage":"it-IT","potentialAction":[{"@type":"ReadAction","target":["https:\/\/www.noidiqua.it\/Agliana\/enrica-giuseppina-attivita-storica\/"]}]},{"@type":"ImageObject","inLanguage":"it-IT","@id":"https:\/\/www.noidiqua.it\/Agliana\/enrica-giuseppina-attivita-storica\/#primaryimage","url":"https:\/\/www.noidiqua.it\/Agliana\/wp-content\/uploads\/2018\/12\/erica-giuseppina-2.png","contentUrl":"https:\/\/www.noidiqua.it\/Agliana\/wp-content\/uploads\/2018\/12\/erica-giuseppina-2.png","width":478,"height":372},{"@type":"BreadcrumbList","@id":"https:\/\/www.noidiqua.it\/Agliana\/enrica-giuseppina-attivita-storica\/#breadcrumb","itemListElement":[{"@type":"ListItem","position":1,"name":"Home","item":"https:\/\/www.noidiqua.it\/Agliana\/"},{"@type":"ListItem","position":2,"name":"Enrica e Giuseppina &#8211; attivit\u00e0 storica"}]},{"@type":"WebSite","@id":"https:\/\/www.noidiqua.it\/Agliana\/#website","url":"https:\/\/www.noidiqua.it\/Agliana\/","name":"Noi di Qua Testata giornalistica e di attualit\u00e0 di Agliana, Montale e Quarrata.","description":"Testata Giornalistica Quarrata Montale Agliana","potentialAction":[{"@type":"SearchAction","target":{"@type":"EntryPoint","urlTemplate":"https:\/\/www.noidiqua.it\/Agliana\/?s={search_term_string}"},"query-input":{"@type":"PropertyValueSpecification","valueRequired":true,"valueName":"search_term_string"}}],"inLanguage":"it-IT"},{"@type":"Person","@id":"https:\/\/www.noidiqua.it\/Agliana\/#\/schema\/person\/4e183cb0c6d7951e716a876aa702e1a2","name":"Marco Bagnoli","image":{"@type":"ImageObject","inLanguage":"it-IT","@id":"https:\/\/www.noidiqua.it\/Agliana\/#\/schema\/person\/image\/","url":"https:\/\/secure.gravatar.com\/avatar\/73ace53724c50db9c48af54756f17b7cdb015a9d8d2c08c7e04e480539a94eee?s=96&d=mm&r=g","contentUrl":"https:\/\/secure.gravatar.com\/avatar\/73ace53724c50db9c48af54756f17b7cdb015a9d8d2c08c7e04e480539a94eee?s=96&d=mm&r=g","caption":"Marco Bagnoli"},"url":"https:\/\/www.noidiqua.it\/Agliana\/author\/marco-bagnoli\/"}]}},"_links":{"self":[{"href":"https:\/\/www.noidiqua.it\/Agliana\/wp-json\/wp\/v2\/posts\/5395","targetHints":{"allow":["GET"]}}],"collection":[{"href":"https:\/\/www.noidiqua.it\/Agliana\/wp-json\/wp\/v2\/posts"}],"about":[{"href":"https:\/\/www.noidiqua.it\/Agliana\/wp-json\/wp\/v2\/types\/post"}],"author":[{"embeddable":true,"href":"https:\/\/www.noidiqua.it\/Agliana\/wp-json\/wp\/v2\/users\/3"}],"replies":[{"embeddable":true,"href":"https:\/\/www.noidiqua.it\/Agliana\/wp-json\/wp\/v2\/comments?post=5395"}],"version-history":[{"count":4,"href":"https:\/\/www.noidiqua.it\/Agliana\/wp-json\/wp\/v2\/posts\/5395\/revisions"}],"predecessor-version":[{"id":6637,"href":"https:\/\/www.noidiqua.it\/Agliana\/wp-json\/wp\/v2\/posts\/5395\/revisions\/6637"}],"wp:attachment":[{"href":"https:\/\/www.noidiqua.it\/Agliana\/wp-json\/wp\/v2\/media?parent=5395"}],"wp:term":[{"taxonomy":"category","embeddable":true,"href":"https:\/\/www.noidiqua.it\/Agliana\/wp-json\/wp\/v2\/categories?post=5395"},{"taxonomy":"post_tag","embeddable":true,"href":"https:\/\/www.noidiqua.it\/Agliana\/wp-json\/wp\/v2\/tags?post=5395"}],"curies":[{"name":"wp","href":"https:\/\/api.w.org\/{rel}","templated":true}]}}