{"id":5400,"date":"2018-12-14T15:39:13","date_gmt":"2018-12-14T14:39:13","guid":{"rendered":"https:\/\/www.noidiqua.it\/Agliana\/?p=5400"},"modified":"2022-01-20T09:21:25","modified_gmt":"2022-01-20T08:21:25","slug":"banca-alta-toscana-tutte-le-novita-2019","status":"publish","type":"post","link":"https:\/\/www.noidiqua.it\/Agliana\/banca-alta-toscana-tutte-le-novita-2019\/","title":{"rendered":"Banca Alta Toscana \u2013 tutte le novit\u00e0 per il 2019"},"content":{"rendered":"<p><em>di Piera Salvi<\/em><\/p>\n<p><em>dicembre 2018<\/em><\/p>\n<p><a href=\"https:\/\/www.noidiqua.it\/Agliana\/wp-content\/uploads\/2018\/12\/BAT.png\" rel=\"wp-prettyPhoto[5400]\"><img loading=\"lazy\" decoding=\"async\" class=\"aligncenter size-full wp-image-6642\" src=\"https:\/\/www.noidiqua.it\/Agliana\/wp-content\/uploads\/2018\/12\/BAT.png\" alt=\"\" width=\"450\" height=\"300\" srcset=\"https:\/\/www.noidiqua.it\/Agliana\/wp-content\/uploads\/2018\/12\/BAT.png 450w, https:\/\/www.noidiqua.it\/Agliana\/wp-content\/uploads\/2018\/12\/BAT-300x200.png 300w\" sizes=\"auto, (max-width: 450px) 100vw, 450px\" \/><\/a><\/p>\n<p class=\"p1\" style=\"text-align: justify;\"><span class=\"s1\">Ampliamento della sede centrale e ingresso nel Gruppo Bancario Cooperativo Iccrea. La Banca Alta Toscana si avvia a chiudere il 2018 con questi due importanti progetti, dopo le fusioni degli anni passati con la Banca della Montagna Pistoiese con sede a Maresca (nel 2012) e con la Banca di Masiano (nel 2017). Ne abbiamo parlato con il direttore generale Elio Squillantini.<\/span><\/p>\n<p class=\"p3\" style=\"text-align: justify;\"><span class=\"s2\"><b>Quale sar\u00e0 la destinazione dei nuovi locali in via IV Novembre a Quarrata?<\/b><\/span><\/p>\n<p class=\"p1\" style=\"text-align: justify;\"><span class=\"s1\"><i>E\u2019 in corso l\u2019ampliamento della sede sociale, che rientra in un progetto planivolumetrico pi\u00f9 vasto a livello comunale. L\u2019ampliamento permetter\u00e0 di riunire in un unico ambiente i numerosi uffici amministrativi e di controllo oggi dislocati, a seguito della fusione con la Banca di Masiano, presso la ex Sede di Vignole e quella di Masiano, con evidenti vantaggi in termini di maggiore efficienza operativa. La nuova ala ospiter\u00e0 il centro direzionale, gli uffici di staff della direzione generale e la Sede della Fondazione \u201cBanca Alta Toscana\u201d nonch\u00e9 un ampio spazio da adibire ad archivio e magazzino. Inoltre, ci sar\u00e0 un auditorium da 700 posti a disposizione della comunit\u00e0, mentre l\u2019auditorium attuale rester\u00e0 a uso interno.<\/i><\/span><\/p>\n<p class=\"p3\" style=\"text-align: justify;\"><span class=\"s2\"><b>Quando saranno fruibili i nuovi locali?<\/b><\/span><\/p>\n<p class=\"p1\" style=\"text-align: justify;\"><span class=\"s1\"><i>Sar\u00e0 data priorit\u00e0 alla predisposizione degli uffici, rinviando a esercizi successivi il completamento dell\u2019auditorium.<\/i><\/span><\/p>\n<p class=\"p3\" style=\"text-align: justify;\"><span class=\"s2\"><b>E\u2019 imminente anche l\u2019ingresso nel Gruppo Bancario Cooperativo Iccrea. Quali sono i motivi dell\u2019ingresso in Iccrea?<\/b><\/span><\/p>\n<p class=\"p1\" style=\"text-align: justify;\"><span class=\"s1\"><i>Il Gruppo \u00e8 stato costituito per due motivi. Incrementare la solidit\u00e0 patrimoniale e l\u2019offerta di prodotti e servizi di qualit\u00e0 ancora pi\u00f9 elevata ai soci e ai clienti. Inoltre, perch\u00e9 permette alle banche affiliate di effettuare investimenti in tecnologia che da sole non sarebbero state in grado di sostenere, ma che rappresentano una condizione necessaria per competere sui mercati.<\/i><\/span><\/p>\n<p class=\"p3\" style=\"text-align: justify;\"><span class=\"s2\"><b>Quante sono in Italia le banche affiliate al Gruppo Iccrea?<\/b><\/span><\/p>\n<p class=\"p1\" style=\"text-align: justify;\"><span class=\"s1\"><i>\u00e9 il quarto gruppo a livello nazionale con 142 banche affiliate. Entrare nel Gruppo Iccrea significa dare pi\u00f9 garanzie a soci e clienti e migliorare i servizi. Ci sono stati due anni di lavoro intenso. Oggi siamo alla fase finale, che dovrebbe trovare il punto pi\u00f9 significativo nell\u2019assemblea ordinaria e straordinaria dei soci prevista, in seconda convocazione, per il 16 dicembre a Pistoia nella Cattedrale ex Breda. I soci saranno chiamati a deliberare sulle necessarie variazioni statutarie e il nuovo regolamento assembleare ed elettorale.<\/i><\/span><\/p>\n<p class=\"p3\" style=\"text-align: justify;\"><span class=\"s2\"><b>Quando ci sar\u00e0 la costituzione effettiva del Gruppo?<\/b><\/span><\/p>\n<p class=\"p1\" style=\"text-align: justify;\"><span class=\"s1\"><i>\u00e8 prevista entro febbraio 2019, salvo emendamenti che potrebbero far slittare questa data.<\/i><\/span><\/p>\n<p class=\"p3\" style=\"text-align: justify;\"><span class=\"s2\"><b>Si riferisce a eventuali cambiamenti previsti dal Governo?<\/b><\/span><\/p>\n<p class=\"p1\" style=\"text-align: justify;\"><span class=\"s1\"><i>S\u00ec. Naturalmente qualsiasi miglioramento della legge e del contratto di coesione tra banche aderenti \u00e8 il benvenuto, ma ritardare ulteriormente il processo di costituzione del Gruppo non favorirebbe certo l\u2019interesse dei soci e clienti delle banche di credito cooperativo.<\/i><\/span><\/p>\n<p class=\"p3\" style=\"text-align: justify;\"><span class=\"s2\"><b>Ma con questo cambiamento le Banche di Credito Cooperativo potranno mantenere la vicinanza con il territorio che le ha sempre caratterizzate?<\/b><\/span><\/p>\n<p class=\"p1\" style=\"text-align: justify;\"><span class=\"s1\"><i>Non potr\u00e0 e non dovr\u00e0 cambiare il modo di relazionarsi con il territorio. Le Banche di Credito Cooperativo si diversificano per questo. Essere radicati in un territorio abbastanza ristretto impone un approccio basato sulla relazione diretta con i propri soci che, ricordiamo, sono e dovranno restare il punto di riferimento delle scelte e di tutta l\u2019operativit\u00e0 della loro banca. Questo perch\u00e9 \u00e8 previsto dallo statuto e riconosciuto dalla legge di autoriforma del 2015, garantendo il carattere cooperativo e localistico.<\/i><\/span><\/p>","protected":false},"excerpt":{"rendered":"<p>di Piera Salvi dicembre 2018 Ampliamento della sede centrale e ingresso nel Gruppo Bancario Cooperativo Iccrea. La Banca Alta Toscana si avvia a chiudere il 2018 con questi due importanti progetti, dopo le fusioni degli anni passati con la Banca della Montagna Pistoiese con sede a Maresca [&hellip;]<\/p>","protected":false},"author":13,"featured_media":0,"comment_status":"open","ping_status":"open","sticky":false,"template":"","format":"standard","meta":{"footnotes":""},"categories":[2,1029],"tags":[1924,1921,1922,1925,1926,1923],"class_list":["post-5400","post","type-post","status-publish","format-standard","hentry","category-ag","category-una-bella-impresa","tag-banca","tag-banca-alta-toscana","tag-banche","tag-bcc","tag-elio-squillantini","tag-gruppo-bancario-cooperativo-iccrea"],"yoast_head":"<!-- This site is optimized with the Yoast SEO plugin v25.5 - https:\/\/yoast.com\/wordpress\/plugins\/seo\/ -->\n<title>Banca Alta Toscana \u2013 tutte le novit\u00e0 per il 2019 - Noi di Qua Testata giornalistica e di attualit\u00e0 di Agliana, Montale e Quarrata.<\/title>\n<meta name=\"robots\" content=\"index, follow, max-snippet:-1, max-image-preview:large, max-video-preview:-1\" \/>\n<link rel=\"canonical\" href=\"https:\/\/www.noidiqua.it\/Agliana\/banca-alta-toscana-tutte-le-novita-2019\/\" \/>\n<meta property=\"og:locale\" content=\"it_IT\" \/>\n<meta property=\"og:type\" content=\"article\" \/>\n<meta property=\"og:title\" content=\"Banca Alta Toscana \u2013 tutte le novit\u00e0 per il 2019 - Noi di Qua Testata giornalistica e di attualit\u00e0 di Agliana, Montale e Quarrata.\" \/>\n<meta property=\"og:description\" content=\"di Piera Salvi dicembre 2018 Ampliamento della sede centrale e ingresso nel Gruppo Bancario Cooperativo Iccrea. La Banca Alta Toscana si avvia a chiudere il 2018 con questi due importanti progetti, dopo le fusioni degli anni passati con la Banca della Montagna Pistoiese con sede a Maresca [&hellip;]\" \/>\n<meta property=\"og:url\" content=\"https:\/\/www.noidiqua.it\/Agliana\/banca-alta-toscana-tutte-le-novita-2019\/\" \/>\n<meta property=\"og:site_name\" content=\"Noi di Qua Testata giornalistica e di attualit\u00e0 di Agliana, Montale e Quarrata.\" \/>\n<meta property=\"article:publisher\" content=\"https:\/\/www.facebook.com\/noidiqua.trimestrale\/\" \/>\n<meta property=\"article:published_time\" content=\"2018-12-14T14:39:13+00:00\" \/>\n<meta property=\"article:modified_time\" content=\"2022-01-20T08:21:25+00:00\" \/>\n<meta property=\"og:image\" content=\"https:\/\/www.noidiqua.it\/Agliana\/wp-content\/uploads\/2018\/12\/BAT.png\" \/>\n<meta name=\"author\" content=\"Piera Salvi\" \/>\n<meta name=\"twitter:label1\" content=\"Scritto da\" \/>\n\t<meta name=\"twitter:data1\" content=\"Piera Salvi\" \/>\n\t<meta name=\"twitter:label2\" content=\"Tempo di lettura stimato\" \/>\n\t<meta name=\"twitter:data2\" content=\"3 minuti\" \/>\n<script type=\"application\/ld+json\" class=\"yoast-schema-graph\">{\"@context\":\"https:\/\/schema.org\",\"@graph\":[{\"@type\":\"WebPage\",\"@id\":\"https:\/\/www.noidiqua.it\/Agliana\/banca-alta-toscana-tutte-le-novita-2019\/\",\"url\":\"https:\/\/www.noidiqua.it\/Agliana\/banca-alta-toscana-tutte-le-novita-2019\/\",\"name\":\"Banca Alta Toscana \u2013 tutte le novit\u00e0 per il 2019 - Noi di Qua Testata giornalistica e di attualit\u00e0 di Agliana, Montale e Quarrata.\",\"isPartOf\":{\"@id\":\"https:\/\/www.noidiqua.it\/Agliana\/#website\"},\"primaryImageOfPage\":{\"@id\":\"https:\/\/www.noidiqua.it\/Agliana\/banca-alta-toscana-tutte-le-novita-2019\/#primaryimage\"},\"image\":{\"@id\":\"https:\/\/www.noidiqua.it\/Agliana\/banca-alta-toscana-tutte-le-novita-2019\/#primaryimage\"},\"thumbnailUrl\":\"https:\/\/www.noidiqua.it\/Agliana\/wp-content\/uploads\/2018\/12\/BAT.png\",\"datePublished\":\"2018-12-14T14:39:13+00:00\",\"dateModified\":\"2022-01-20T08:21:25+00:00\",\"author\":{\"@id\":\"https:\/\/www.noidiqua.it\/Agliana\/#\/schema\/person\/bb7515c2330bb1137f247276096fa7dc\"},\"breadcrumb\":{\"@id\":\"https:\/\/www.noidiqua.it\/Agliana\/banca-alta-toscana-tutte-le-novita-2019\/#breadcrumb\"},\"inLanguage\":\"it-IT\",\"potentialAction\":[{\"@type\":\"ReadAction\",\"target\":[\"https:\/\/www.noidiqua.it\/Agliana\/banca-alta-toscana-tutte-le-novita-2019\/\"]}]},{\"@type\":\"ImageObject\",\"inLanguage\":\"it-IT\",\"@id\":\"https:\/\/www.noidiqua.it\/Agliana\/banca-alta-toscana-tutte-le-novita-2019\/#primaryimage\",\"url\":\"https:\/\/www.noidiqua.it\/Agliana\/wp-content\/uploads\/2018\/12\/BAT.png\",\"contentUrl\":\"https:\/\/www.noidiqua.it\/Agliana\/wp-content\/uploads\/2018\/12\/BAT.png\",\"width\":450,\"height\":300},{\"@type\":\"BreadcrumbList\",\"@id\":\"https:\/\/www.noidiqua.it\/Agliana\/banca-alta-toscana-tutte-le-novita-2019\/#breadcrumb\",\"itemListElement\":[{\"@type\":\"ListItem\",\"position\":1,\"name\":\"Home\",\"item\":\"https:\/\/www.noidiqua.it\/Agliana\/\"},{\"@type\":\"ListItem\",\"position\":2,\"name\":\"Banca Alta Toscana \u2013 tutte le novit\u00e0 per il 2019\"}]},{\"@type\":\"WebSite\",\"@id\":\"https:\/\/www.noidiqua.it\/Agliana\/#website\",\"url\":\"https:\/\/www.noidiqua.it\/Agliana\/\",\"name\":\"Noi di Qua Testata giornalistica e di attualit\u00e0 di Agliana, Montale e Quarrata.\",\"description\":\"Testata Giornalistica Quarrata Montale Agliana\",\"potentialAction\":[{\"@type\":\"SearchAction\",\"target\":{\"@type\":\"EntryPoint\",\"urlTemplate\":\"https:\/\/www.noidiqua.it\/Agliana\/?s={search_term_string}\"},\"query-input\":{\"@type\":\"PropertyValueSpecification\",\"valueRequired\":true,\"valueName\":\"search_term_string\"}}],\"inLanguage\":\"it-IT\"},{\"@type\":\"Person\",\"@id\":\"https:\/\/www.noidiqua.it\/Agliana\/#\/schema\/person\/bb7515c2330bb1137f247276096fa7dc\",\"name\":\"Piera Salvi\",\"image\":{\"@type\":\"ImageObject\",\"inLanguage\":\"it-IT\",\"@id\":\"https:\/\/www.noidiqua.it\/Agliana\/#\/schema\/person\/image\/\",\"url\":\"https:\/\/secure.gravatar.com\/avatar\/2f9b1fb6e13f3b3e63bde435d999a73be036e320f7a0f5f32f9ac21859d999cd?s=96&d=mm&r=g\",\"contentUrl\":\"https:\/\/secure.gravatar.com\/avatar\/2f9b1fb6e13f3b3e63bde435d999a73be036e320f7a0f5f32f9ac21859d999cd?s=96&d=mm&r=g\",\"caption\":\"Piera Salvi\"},\"url\":\"https:\/\/www.noidiqua.it\/Agliana\/author\/piera-salvi\/\"}]}<\/script>\n<!-- \/ Yoast SEO plugin. -->","yoast_head_json":{"title":"Banca Alta Toscana \u2013 tutte le novit\u00e0 per il 2019 - Noi di Qua Testata giornalistica e di attualit\u00e0 di Agliana, Montale e Quarrata.","robots":{"index":"index","follow":"follow","max-snippet":"max-snippet:-1","max-image-preview":"max-image-preview:large","max-video-preview":"max-video-preview:-1"},"canonical":"https:\/\/www.noidiqua.it\/Agliana\/banca-alta-toscana-tutte-le-novita-2019\/","og_locale":"it_IT","og_type":"article","og_title":"Banca Alta Toscana \u2013 tutte le novit\u00e0 per il 2019 - Noi di Qua Testata giornalistica e di attualit\u00e0 di Agliana, Montale e Quarrata.","og_description":"di Piera Salvi dicembre 2018 Ampliamento della sede centrale e ingresso nel Gruppo Bancario Cooperativo Iccrea. La Banca Alta Toscana si avvia a chiudere il 2018 con questi due importanti progetti, dopo le fusioni degli anni passati con la Banca della Montagna Pistoiese con sede a Maresca [&hellip;]","og_url":"https:\/\/www.noidiqua.it\/Agliana\/banca-alta-toscana-tutte-le-novita-2019\/","og_site_name":"Noi di Qua Testata giornalistica e di attualit\u00e0 di Agliana, Montale e Quarrata.","article_publisher":"https:\/\/www.facebook.com\/noidiqua.trimestrale\/","article_published_time":"2018-12-14T14:39:13+00:00","article_modified_time":"2022-01-20T08:21:25+00:00","og_image":[{"url":"https:\/\/www.noidiqua.it\/Agliana\/wp-content\/uploads\/2018\/12\/BAT.png","type":"","width":"","height":""}],"author":"Piera Salvi","twitter_misc":{"Scritto da":"Piera Salvi","Tempo di lettura stimato":"3 minuti"},"schema":{"@context":"https:\/\/schema.org","@graph":[{"@type":"WebPage","@id":"https:\/\/www.noidiqua.it\/Agliana\/banca-alta-toscana-tutte-le-novita-2019\/","url":"https:\/\/www.noidiqua.it\/Agliana\/banca-alta-toscana-tutte-le-novita-2019\/","name":"Banca Alta Toscana \u2013 tutte le novit\u00e0 per il 2019 - Noi di Qua Testata giornalistica e di attualit\u00e0 di Agliana, Montale e Quarrata.","isPartOf":{"@id":"https:\/\/www.noidiqua.it\/Agliana\/#website"},"primaryImageOfPage":{"@id":"https:\/\/www.noidiqua.it\/Agliana\/banca-alta-toscana-tutte-le-novita-2019\/#primaryimage"},"image":{"@id":"https:\/\/www.noidiqua.it\/Agliana\/banca-alta-toscana-tutte-le-novita-2019\/#primaryimage"},"thumbnailUrl":"https:\/\/www.noidiqua.it\/Agliana\/wp-content\/uploads\/2018\/12\/BAT.png","datePublished":"2018-12-14T14:39:13+00:00","dateModified":"2022-01-20T08:21:25+00:00","author":{"@id":"https:\/\/www.noidiqua.it\/Agliana\/#\/schema\/person\/bb7515c2330bb1137f247276096fa7dc"},"breadcrumb":{"@id":"https:\/\/www.noidiqua.it\/Agliana\/banca-alta-toscana-tutte-le-novita-2019\/#breadcrumb"},"inLanguage":"it-IT","potentialAction":[{"@type":"ReadAction","target":["https:\/\/www.noidiqua.it\/Agliana\/banca-alta-toscana-tutte-le-novita-2019\/"]}]},{"@type":"ImageObject","inLanguage":"it-IT","@id":"https:\/\/www.noidiqua.it\/Agliana\/banca-alta-toscana-tutte-le-novita-2019\/#primaryimage","url":"https:\/\/www.noidiqua.it\/Agliana\/wp-content\/uploads\/2018\/12\/BAT.png","contentUrl":"https:\/\/www.noidiqua.it\/Agliana\/wp-content\/uploads\/2018\/12\/BAT.png","width":450,"height":300},{"@type":"BreadcrumbList","@id":"https:\/\/www.noidiqua.it\/Agliana\/banca-alta-toscana-tutte-le-novita-2019\/#breadcrumb","itemListElement":[{"@type":"ListItem","position":1,"name":"Home","item":"https:\/\/www.noidiqua.it\/Agliana\/"},{"@type":"ListItem","position":2,"name":"Banca Alta Toscana \u2013 tutte le novit\u00e0 per il 2019"}]},{"@type":"WebSite","@id":"https:\/\/www.noidiqua.it\/Agliana\/#website","url":"https:\/\/www.noidiqua.it\/Agliana\/","name":"Noi di Qua Testata giornalistica e di attualit\u00e0 di Agliana, Montale e Quarrata.","description":"Testata Giornalistica Quarrata Montale Agliana","potentialAction":[{"@type":"SearchAction","target":{"@type":"EntryPoint","urlTemplate":"https:\/\/www.noidiqua.it\/Agliana\/?s={search_term_string}"},"query-input":{"@type":"PropertyValueSpecification","valueRequired":true,"valueName":"search_term_string"}}],"inLanguage":"it-IT"},{"@type":"Person","@id":"https:\/\/www.noidiqua.it\/Agliana\/#\/schema\/person\/bb7515c2330bb1137f247276096fa7dc","name":"Piera Salvi","image":{"@type":"ImageObject","inLanguage":"it-IT","@id":"https:\/\/www.noidiqua.it\/Agliana\/#\/schema\/person\/image\/","url":"https:\/\/secure.gravatar.com\/avatar\/2f9b1fb6e13f3b3e63bde435d999a73be036e320f7a0f5f32f9ac21859d999cd?s=96&d=mm&r=g","contentUrl":"https:\/\/secure.gravatar.com\/avatar\/2f9b1fb6e13f3b3e63bde435d999a73be036e320f7a0f5f32f9ac21859d999cd?s=96&d=mm&r=g","caption":"Piera Salvi"},"url":"https:\/\/www.noidiqua.it\/Agliana\/author\/piera-salvi\/"}]}},"_links":{"self":[{"href":"https:\/\/www.noidiqua.it\/Agliana\/wp-json\/wp\/v2\/posts\/5400","targetHints":{"allow":["GET"]}}],"collection":[{"href":"https:\/\/www.noidiqua.it\/Agliana\/wp-json\/wp\/v2\/posts"}],"about":[{"href":"https:\/\/www.noidiqua.it\/Agliana\/wp-json\/wp\/v2\/types\/post"}],"author":[{"embeddable":true,"href":"https:\/\/www.noidiqua.it\/Agliana\/wp-json\/wp\/v2\/users\/13"}],"replies":[{"embeddable":true,"href":"https:\/\/www.noidiqua.it\/Agliana\/wp-json\/wp\/v2\/comments?post=5400"}],"version-history":[{"count":3,"href":"https:\/\/www.noidiqua.it\/Agliana\/wp-json\/wp\/v2\/posts\/5400\/revisions"}],"predecessor-version":[{"id":5419,"href":"https:\/\/www.noidiqua.it\/Agliana\/wp-json\/wp\/v2\/posts\/5400\/revisions\/5419"}],"wp:attachment":[{"href":"https:\/\/www.noidiqua.it\/Agliana\/wp-json\/wp\/v2\/media?parent=5400"}],"wp:term":[{"taxonomy":"category","embeddable":true,"href":"https:\/\/www.noidiqua.it\/Agliana\/wp-json\/wp\/v2\/categories?post=5400"},{"taxonomy":"post_tag","embeddable":true,"href":"https:\/\/www.noidiqua.it\/Agliana\/wp-json\/wp\/v2\/tags?post=5400"}],"curies":[{"name":"wp","href":"https:\/\/api.w.org\/{rel}","templated":true}]}}