{"id":5435,"date":"2019-03-13T17:21:43","date_gmt":"2019-03-13T16:21:43","guid":{"rendered":"https:\/\/www.noidiqua.it\/Agliana\/?p=5435"},"modified":"2022-01-13T11:29:10","modified_gmt":"2022-01-13T10:29:10","slug":"valiano-natali-storico-tenore","status":"publish","type":"post","link":"https:\/\/www.noidiqua.it\/Agliana\/valiano-natali-storico-tenore\/","title":{"rendered":"Valiano Natali &#8211; storico tenore"},"content":{"rendered":"<p><em style=\"line-height: inherit;\">di Piera Salvi<\/em><\/p>\n<p><em>marzo 2018<\/em><\/p>\n<p><a href=\"https:\/\/www.noidiqua.it\/Agliana\/wp-content\/uploads\/2019\/03\/Natali-tenore.png\" rel=\"wp-prettyPhoto[5435]\"><img loading=\"lazy\" decoding=\"async\" class=\"aligncenter size-full wp-image-6537\" src=\"https:\/\/www.noidiqua.it\/Agliana\/wp-content\/uploads\/2019\/03\/Natali-tenore.png\" alt=\"\" width=\"517\" height=\"394\" srcset=\"https:\/\/www.noidiqua.it\/Agliana\/wp-content\/uploads\/2019\/03\/Natali-tenore.png 517w, https:\/\/www.noidiqua.it\/Agliana\/wp-content\/uploads\/2019\/03\/Natali-tenore-300x229.png 300w\" sizes=\"auto, (max-width: 517px) 100vw, 517px\" \/><\/a><\/p>\n<p>&nbsp;<\/p>\n<p>&nbsp;<\/p>\n<p class=\"p1\" style=\"text-align: justify;\"><span class=\"s1\">Il 9 dicembre 1918 nasceva ad Agliana il <strong>tenore<\/strong> <strong>Valiano Natali<\/strong>, che cant\u00f2 anche a fianco di <strong>Maria Callas<\/strong>. Il 9 dicembre 2018 era dunque il centenario della sua nascita ed \u00e8 stato l\u2019ex sindaco di Agliana, <strong>Marco Giunti<\/strong>, a voler ricordare questo concittadino illustre, che mor\u00ec in Versilia il 30 marzo del 2000 e fu sepolto a Campi Bisenzio. <\/span><\/p>\n<p class=\"p1\" style=\"text-align: justify;\"><span class=\"s1\">Abbiamo accolto volentieri l\u2019invito di Marco Giunti a ricordare il centenario della nascita di Natali, anche perch\u00e9 \u00e8 sicuramente nel cuore di molti aglianesi, per il legame che ha sempre mantenuto con Agliana. Valiano era figlio di Guido e di Giovanna Lunardi;<span class=\"Apple-converted-space\">\u00a0 <\/span>venne al mondo ad Agliana, ma la famiglia si trasfer\u00ec a Prato quando Valiano aveva solo sette anni, per\u00f2 lui \u00e8 sempre rimasto profondamente legato alla sua terra di origine. Le sue doti vocali, come cantante di musica leggera, erano emerse<span class=\"Apple-converted-space\">\u00a0 <\/span>da giovanissimo, in esibizioni al Caff\u00e8 Margherita di Viareggio, citt\u00e0 dove incontr\u00f2 una ragazza fiorentina, Maresca Bacci, che fu sua compagna inseparabile per tutta la vita. Si sposano nel 1942 a Firenze, dove poi si trasferirono. Nel dopoguerra Natali vinse un concorso al Maggio Musicale Fiorentino e da l\u00ec inizi\u00f2 la sua carriera di cantante lirico.<\/span><\/p>\n<p><a href=\"https:\/\/www.noidiqua.it\/Agliana\/wp-content\/uploads\/2019\/03\/VALIANO-NATALI-2.png\" rel=\"wp-prettyPhoto[5435]\"><img loading=\"lazy\" decoding=\"async\" class=\"aligncenter size-full wp-image-6535\" src=\"https:\/\/www.noidiqua.it\/Agliana\/wp-content\/uploads\/2019\/03\/VALIANO-NATALI-2.png\" alt=\"\" width=\"271\" height=\"380\" srcset=\"https:\/\/www.noidiqua.it\/Agliana\/wp-content\/uploads\/2019\/03\/VALIANO-NATALI-2.png 271w, https:\/\/www.noidiqua.it\/Agliana\/wp-content\/uploads\/2019\/03\/VALIANO-NATALI-2-214x300.png 214w\" sizes=\"auto, (max-width: 271px) 100vw, 271px\" \/><\/a><\/p>\n<p>&nbsp;<\/p>\n<p class=\"p1\" style=\"text-align: justify;\"><span class=\"s1\">Nel 1953, al Comunale di Firenze, si esib\u00ec insieme a Maria Callas e <strong>Giuseppe Di Stefano<\/strong> nella rappresentazione della Lucia di Lammermoor, diretta dal maestro Franco Ghione. Nello stesso anno, ancora con la Callas e Di Stefano, sotto la direzione di Tullio Serafin, partecip\u00f2 alla celeberrima ed indimenticata incisione su disco di quest\u2019opera. Nel 1955, al teatro Carlo Felice di Genova, Valiano interpret\u00f2 il ruolo di Cassio nell\u2019Otello di Giuseppe Verdi. Nel 1956 era nel cast del Macbeth all\u2019Opera di Roma. Era ormai richiesto dai principali teatri nazionali ed internazionali, quando un incidente lo costrinse a fermarsi per mesi e lo rese permanentemente claudicante. In queste condizioni, nonostante l\u2019impegno personale, dovette ripiegare su ruoli secondari, ma continu\u00f2 ad andare in scena fino alla fine degli anni settanta. Nel 1982 si trasfer\u00ec a Torre del Lago Puccini e poi entr\u00f2 a far parte del Consiglio d\u2019amministrazione del Festival Pucciniano, dedicandosi anche all\u2019attivit\u00e0 di maestro di canto. Tra i suoi allievi c\u2019\u00e8 anche il tenore aglianese<a href=\"https:\/\/www.noidiqua.it\/Agliana\/sauro-casseri-il-pasticciere-tenore-di-agliana\/\"><strong> Sauro Casseri<\/strong><\/a>.<\/span><\/p>\n<p><a href=\"https:\/\/www.noidiqua.it\/Agliana\/wp-content\/uploads\/2019\/03\/VALIANO-NATALI.png\" rel=\"wp-prettyPhoto[5435]\"><img loading=\"lazy\" decoding=\"async\" class=\"aligncenter size-full wp-image-6538\" src=\"https:\/\/www.noidiqua.it\/Agliana\/wp-content\/uploads\/2019\/03\/VALIANO-NATALI.png\" alt=\"\" width=\"450\" height=\"241\" srcset=\"https:\/\/www.noidiqua.it\/Agliana\/wp-content\/uploads\/2019\/03\/VALIANO-NATALI.png 450w, https:\/\/www.noidiqua.it\/Agliana\/wp-content\/uploads\/2019\/03\/VALIANO-NATALI-300x161.png 300w\" sizes=\"auto, (max-width: 450px) 100vw, 450px\" \/><\/a><\/p>\n<p>&nbsp;<\/p>\n<p class=\"p1\" style=\"text-align: justify;\"><span class=\"s1\">I rapporti con Agliana furono particolarmente stretti nella seconda met\u00e0 degli anni Ottanta. Il Comune, allora guidato dal sindaco Marco Giunti, insieme a Valiano Natali, organizz\u00f2 in quegli anni diversi concerti nei quali si esibirono i suoi allievi. Venne allestita al teatro Moderno anche un\u2019intera opera, eseguita in forma di concerto. Un evento partecipatissimo si svolse la sera del 23 luglio 1989 nel nuovo parco realizzato dal Comune nell\u2019ex fornace e cava Frosini, inaugurato quello stesso giorno e che pochi mesi dopo venne intitolato ad uno dei presidenti della Repubblica pi\u00f9 amati dagli italiani: Sandro Pertini. In quella serata, gli aglianesi ebbero modo di apprezzare alcuni ottimi allievi di Natali, preparati e presentati dallo stesso maestro. <span class=\"Apple-converted-space\">\u00a0 <\/span>Fra questi c\u2019era anche il tenore aglianese <strong>Sauro Casseri<\/strong>.<\/span><\/p>","protected":false},"excerpt":{"rendered":"<p>di Piera Salvi marzo 2018 &nbsp; &nbsp; Il 9 dicembre 1918 nasceva ad Agliana il tenore Valiano Natali, che cant\u00f2 anche a fianco di Maria Callas. Il 9 dicembre 2018 era dunque il centenario della sua nascita ed \u00e8 stato l\u2019ex sindaco di Agliana, Marco Giunti, a [&hellip;]<\/p>","protected":false},"author":13,"featured_media":0,"comment_status":"open","ping_status":"open","sticky":false,"template":"","format":"standard","meta":{"footnotes":""},"categories":[2,7],"tags":[1957,244,1955,1958,1956,1954],"class_list":["post-5435","post","type-post","status-publish","format-standard","hentry","category-ag","category-notizie-dal-passato","tag-giuseppe-di-stefano","tag-marco-giunti","tag-maria-callas","tag-sauro-casseri","tag-tenore","tag-valiano-natali"],"yoast_head":"<!-- This site is optimized with the Yoast SEO plugin v25.5 - https:\/\/yoast.com\/wordpress\/plugins\/seo\/ -->\n<title>Valiano Natali - storico tenore - Noi di Qua Testata giornalistica e di attualit\u00e0 di Agliana, Montale e Quarrata.<\/title>\n<meta name=\"robots\" content=\"index, follow, max-snippet:-1, max-image-preview:large, max-video-preview:-1\" \/>\n<link rel=\"canonical\" href=\"https:\/\/www.noidiqua.it\/Agliana\/valiano-natali-storico-tenore\/\" \/>\n<meta property=\"og:locale\" content=\"it_IT\" \/>\n<meta property=\"og:type\" content=\"article\" \/>\n<meta property=\"og:title\" content=\"Valiano Natali - storico tenore - Noi di Qua Testata giornalistica e di attualit\u00e0 di Agliana, Montale e Quarrata.\" \/>\n<meta property=\"og:description\" content=\"di Piera Salvi marzo 2018 &nbsp; &nbsp; Il 9 dicembre 1918 nasceva ad Agliana il tenore Valiano Natali, che cant\u00f2 anche a fianco di Maria Callas. Il 9 dicembre 2018 era dunque il centenario della sua nascita ed \u00e8 stato l\u2019ex sindaco di Agliana, Marco Giunti, a [&hellip;]\" \/>\n<meta property=\"og:url\" content=\"https:\/\/www.noidiqua.it\/Agliana\/valiano-natali-storico-tenore\/\" \/>\n<meta property=\"og:site_name\" content=\"Noi di Qua Testata giornalistica e di attualit\u00e0 di Agliana, Montale e Quarrata.\" \/>\n<meta property=\"article:publisher\" content=\"https:\/\/www.facebook.com\/noidiqua.trimestrale\/\" \/>\n<meta property=\"article:published_time\" content=\"2019-03-13T16:21:43+00:00\" \/>\n<meta property=\"article:modified_time\" content=\"2022-01-13T10:29:10+00:00\" \/>\n<meta property=\"og:image\" content=\"https:\/\/www.noidiqua.it\/Agliana\/wp-content\/uploads\/2019\/03\/Natali-tenore.png\" \/>\n<meta name=\"author\" content=\"Piera Salvi\" \/>\n<meta name=\"twitter:label1\" content=\"Scritto da\" \/>\n\t<meta name=\"twitter:data1\" content=\"Piera Salvi\" \/>\n\t<meta name=\"twitter:label2\" content=\"Tempo di lettura stimato\" \/>\n\t<meta name=\"twitter:data2\" content=\"2 minuti\" \/>\n<script type=\"application\/ld+json\" class=\"yoast-schema-graph\">{\"@context\":\"https:\/\/schema.org\",\"@graph\":[{\"@type\":\"WebPage\",\"@id\":\"https:\/\/www.noidiqua.it\/Agliana\/valiano-natali-storico-tenore\/\",\"url\":\"https:\/\/www.noidiqua.it\/Agliana\/valiano-natali-storico-tenore\/\",\"name\":\"Valiano Natali - storico tenore - Noi di Qua Testata giornalistica e di attualit\u00e0 di Agliana, Montale e Quarrata.\",\"isPartOf\":{\"@id\":\"https:\/\/www.noidiqua.it\/Agliana\/#website\"},\"primaryImageOfPage\":{\"@id\":\"https:\/\/www.noidiqua.it\/Agliana\/valiano-natali-storico-tenore\/#primaryimage\"},\"image\":{\"@id\":\"https:\/\/www.noidiqua.it\/Agliana\/valiano-natali-storico-tenore\/#primaryimage\"},\"thumbnailUrl\":\"https:\/\/www.noidiqua.it\/Agliana\/wp-content\/uploads\/2019\/03\/Natali-tenore.png\",\"datePublished\":\"2019-03-13T16:21:43+00:00\",\"dateModified\":\"2022-01-13T10:29:10+00:00\",\"author\":{\"@id\":\"https:\/\/www.noidiqua.it\/Agliana\/#\/schema\/person\/bb7515c2330bb1137f247276096fa7dc\"},\"breadcrumb\":{\"@id\":\"https:\/\/www.noidiqua.it\/Agliana\/valiano-natali-storico-tenore\/#breadcrumb\"},\"inLanguage\":\"it-IT\",\"potentialAction\":[{\"@type\":\"ReadAction\",\"target\":[\"https:\/\/www.noidiqua.it\/Agliana\/valiano-natali-storico-tenore\/\"]}]},{\"@type\":\"ImageObject\",\"inLanguage\":\"it-IT\",\"@id\":\"https:\/\/www.noidiqua.it\/Agliana\/valiano-natali-storico-tenore\/#primaryimage\",\"url\":\"https:\/\/www.noidiqua.it\/Agliana\/wp-content\/uploads\/2019\/03\/Natali-tenore.png\",\"contentUrl\":\"https:\/\/www.noidiqua.it\/Agliana\/wp-content\/uploads\/2019\/03\/Natali-tenore.png\",\"width\":517,\"height\":394},{\"@type\":\"BreadcrumbList\",\"@id\":\"https:\/\/www.noidiqua.it\/Agliana\/valiano-natali-storico-tenore\/#breadcrumb\",\"itemListElement\":[{\"@type\":\"ListItem\",\"position\":1,\"name\":\"Home\",\"item\":\"https:\/\/www.noidiqua.it\/Agliana\/\"},{\"@type\":\"ListItem\",\"position\":2,\"name\":\"Valiano Natali &#8211; storico tenore\"}]},{\"@type\":\"WebSite\",\"@id\":\"https:\/\/www.noidiqua.it\/Agliana\/#website\",\"url\":\"https:\/\/www.noidiqua.it\/Agliana\/\",\"name\":\"Noi di Qua Testata giornalistica e di attualit\u00e0 di Agliana, Montale e Quarrata.\",\"description\":\"Testata Giornalistica Quarrata Montale Agliana\",\"potentialAction\":[{\"@type\":\"SearchAction\",\"target\":{\"@type\":\"EntryPoint\",\"urlTemplate\":\"https:\/\/www.noidiqua.it\/Agliana\/?s={search_term_string}\"},\"query-input\":{\"@type\":\"PropertyValueSpecification\",\"valueRequired\":true,\"valueName\":\"search_term_string\"}}],\"inLanguage\":\"it-IT\"},{\"@type\":\"Person\",\"@id\":\"https:\/\/www.noidiqua.it\/Agliana\/#\/schema\/person\/bb7515c2330bb1137f247276096fa7dc\",\"name\":\"Piera Salvi\",\"image\":{\"@type\":\"ImageObject\",\"inLanguage\":\"it-IT\",\"@id\":\"https:\/\/www.noidiqua.it\/Agliana\/#\/schema\/person\/image\/\",\"url\":\"https:\/\/secure.gravatar.com\/avatar\/2f9b1fb6e13f3b3e63bde435d999a73be036e320f7a0f5f32f9ac21859d999cd?s=96&d=mm&r=g\",\"contentUrl\":\"https:\/\/secure.gravatar.com\/avatar\/2f9b1fb6e13f3b3e63bde435d999a73be036e320f7a0f5f32f9ac21859d999cd?s=96&d=mm&r=g\",\"caption\":\"Piera Salvi\"},\"url\":\"https:\/\/www.noidiqua.it\/Agliana\/author\/piera-salvi\/\"}]}<\/script>\n<!-- \/ Yoast SEO plugin. -->","yoast_head_json":{"title":"Valiano Natali - storico tenore - Noi di Qua Testata giornalistica e di attualit\u00e0 di Agliana, Montale e Quarrata.","robots":{"index":"index","follow":"follow","max-snippet":"max-snippet:-1","max-image-preview":"max-image-preview:large","max-video-preview":"max-video-preview:-1"},"canonical":"https:\/\/www.noidiqua.it\/Agliana\/valiano-natali-storico-tenore\/","og_locale":"it_IT","og_type":"article","og_title":"Valiano Natali - storico tenore - Noi di Qua Testata giornalistica e di attualit\u00e0 di Agliana, Montale e Quarrata.","og_description":"di Piera Salvi marzo 2018 &nbsp; &nbsp; Il 9 dicembre 1918 nasceva ad Agliana il tenore Valiano Natali, che cant\u00f2 anche a fianco di Maria Callas. Il 9 dicembre 2018 era dunque il centenario della sua nascita ed \u00e8 stato l\u2019ex sindaco di Agliana, Marco Giunti, a [&hellip;]","og_url":"https:\/\/www.noidiqua.it\/Agliana\/valiano-natali-storico-tenore\/","og_site_name":"Noi di Qua Testata giornalistica e di attualit\u00e0 di Agliana, Montale e Quarrata.","article_publisher":"https:\/\/www.facebook.com\/noidiqua.trimestrale\/","article_published_time":"2019-03-13T16:21:43+00:00","article_modified_time":"2022-01-13T10:29:10+00:00","og_image":[{"url":"https:\/\/www.noidiqua.it\/Agliana\/wp-content\/uploads\/2019\/03\/Natali-tenore.png","type":"","width":"","height":""}],"author":"Piera Salvi","twitter_misc":{"Scritto da":"Piera Salvi","Tempo di lettura stimato":"2 minuti"},"schema":{"@context":"https:\/\/schema.org","@graph":[{"@type":"WebPage","@id":"https:\/\/www.noidiqua.it\/Agliana\/valiano-natali-storico-tenore\/","url":"https:\/\/www.noidiqua.it\/Agliana\/valiano-natali-storico-tenore\/","name":"Valiano Natali - storico tenore - Noi di Qua Testata giornalistica e di attualit\u00e0 di Agliana, Montale e Quarrata.","isPartOf":{"@id":"https:\/\/www.noidiqua.it\/Agliana\/#website"},"primaryImageOfPage":{"@id":"https:\/\/www.noidiqua.it\/Agliana\/valiano-natali-storico-tenore\/#primaryimage"},"image":{"@id":"https:\/\/www.noidiqua.it\/Agliana\/valiano-natali-storico-tenore\/#primaryimage"},"thumbnailUrl":"https:\/\/www.noidiqua.it\/Agliana\/wp-content\/uploads\/2019\/03\/Natali-tenore.png","datePublished":"2019-03-13T16:21:43+00:00","dateModified":"2022-01-13T10:29:10+00:00","author":{"@id":"https:\/\/www.noidiqua.it\/Agliana\/#\/schema\/person\/bb7515c2330bb1137f247276096fa7dc"},"breadcrumb":{"@id":"https:\/\/www.noidiqua.it\/Agliana\/valiano-natali-storico-tenore\/#breadcrumb"},"inLanguage":"it-IT","potentialAction":[{"@type":"ReadAction","target":["https:\/\/www.noidiqua.it\/Agliana\/valiano-natali-storico-tenore\/"]}]},{"@type":"ImageObject","inLanguage":"it-IT","@id":"https:\/\/www.noidiqua.it\/Agliana\/valiano-natali-storico-tenore\/#primaryimage","url":"https:\/\/www.noidiqua.it\/Agliana\/wp-content\/uploads\/2019\/03\/Natali-tenore.png","contentUrl":"https:\/\/www.noidiqua.it\/Agliana\/wp-content\/uploads\/2019\/03\/Natali-tenore.png","width":517,"height":394},{"@type":"BreadcrumbList","@id":"https:\/\/www.noidiqua.it\/Agliana\/valiano-natali-storico-tenore\/#breadcrumb","itemListElement":[{"@type":"ListItem","position":1,"name":"Home","item":"https:\/\/www.noidiqua.it\/Agliana\/"},{"@type":"ListItem","position":2,"name":"Valiano Natali &#8211; storico tenore"}]},{"@type":"WebSite","@id":"https:\/\/www.noidiqua.it\/Agliana\/#website","url":"https:\/\/www.noidiqua.it\/Agliana\/","name":"Noi di Qua Testata giornalistica e di attualit\u00e0 di Agliana, Montale e Quarrata.","description":"Testata Giornalistica Quarrata Montale Agliana","potentialAction":[{"@type":"SearchAction","target":{"@type":"EntryPoint","urlTemplate":"https:\/\/www.noidiqua.it\/Agliana\/?s={search_term_string}"},"query-input":{"@type":"PropertyValueSpecification","valueRequired":true,"valueName":"search_term_string"}}],"inLanguage":"it-IT"},{"@type":"Person","@id":"https:\/\/www.noidiqua.it\/Agliana\/#\/schema\/person\/bb7515c2330bb1137f247276096fa7dc","name":"Piera Salvi","image":{"@type":"ImageObject","inLanguage":"it-IT","@id":"https:\/\/www.noidiqua.it\/Agliana\/#\/schema\/person\/image\/","url":"https:\/\/secure.gravatar.com\/avatar\/2f9b1fb6e13f3b3e63bde435d999a73be036e320f7a0f5f32f9ac21859d999cd?s=96&d=mm&r=g","contentUrl":"https:\/\/secure.gravatar.com\/avatar\/2f9b1fb6e13f3b3e63bde435d999a73be036e320f7a0f5f32f9ac21859d999cd?s=96&d=mm&r=g","caption":"Piera Salvi"},"url":"https:\/\/www.noidiqua.it\/Agliana\/author\/piera-salvi\/"}]}},"_links":{"self":[{"href":"https:\/\/www.noidiqua.it\/Agliana\/wp-json\/wp\/v2\/posts\/5435","targetHints":{"allow":["GET"]}}],"collection":[{"href":"https:\/\/www.noidiqua.it\/Agliana\/wp-json\/wp\/v2\/posts"}],"about":[{"href":"https:\/\/www.noidiqua.it\/Agliana\/wp-json\/wp\/v2\/types\/post"}],"author":[{"embeddable":true,"href":"https:\/\/www.noidiqua.it\/Agliana\/wp-json\/wp\/v2\/users\/13"}],"replies":[{"embeddable":true,"href":"https:\/\/www.noidiqua.it\/Agliana\/wp-json\/wp\/v2\/comments?post=5435"}],"version-history":[{"count":3,"href":"https:\/\/www.noidiqua.it\/Agliana\/wp-json\/wp\/v2\/posts\/5435\/revisions"}],"predecessor-version":[{"id":6539,"href":"https:\/\/www.noidiqua.it\/Agliana\/wp-json\/wp\/v2\/posts\/5435\/revisions\/6539"}],"wp:attachment":[{"href":"https:\/\/www.noidiqua.it\/Agliana\/wp-json\/wp\/v2\/media?parent=5435"}],"wp:term":[{"taxonomy":"category","embeddable":true,"href":"https:\/\/www.noidiqua.it\/Agliana\/wp-json\/wp\/v2\/categories?post=5435"},{"taxonomy":"post_tag","embeddable":true,"href":"https:\/\/www.noidiqua.it\/Agliana\/wp-json\/wp\/v2\/tags?post=5435"}],"curies":[{"name":"wp","href":"https:\/\/api.w.org\/{rel}","templated":true}]}}