{"id":5468,"date":"2019-03-13T12:17:20","date_gmt":"2019-03-13T11:17:20","guid":{"rendered":"https:\/\/www.noidiqua.it\/Agliana\/?p=5468"},"modified":"2022-01-13T11:14:05","modified_gmt":"2022-01-13T10:14:05","slug":"antonella-raoni-la-bellezza-della-pittura","status":"publish","type":"post","link":"https:\/\/www.noidiqua.it\/Agliana\/antonella-raoni-la-bellezza-della-pittura\/","title":{"rendered":"Antonella Raoni &#8211; la bellezza della pittura"},"content":{"rendered":"<p><em>di Piera Salvi<\/em><\/p>\n<p><em>marzo 2019<\/em><\/p>\n<p><a href=\"https:\/\/www.noidiqua.it\/Agliana\/wp-content\/uploads\/2019\/03\/ANTONELLA-RAONI-2.png\" rel=\"wp-prettyPhoto[5468]\"><img loading=\"lazy\" decoding=\"async\" class=\"aligncenter  wp-image-6525\" src=\"https:\/\/www.noidiqua.it\/Agliana\/wp-content\/uploads\/2019\/03\/ANTONELLA-RAONI-2.png\" alt=\"\" width=\"409\" height=\"301\" srcset=\"https:\/\/www.noidiqua.it\/Agliana\/wp-content\/uploads\/2019\/03\/ANTONELLA-RAONI-2.png 550w, https:\/\/www.noidiqua.it\/Agliana\/wp-content\/uploads\/2019\/03\/ANTONELLA-RAONI-2-300x221.png 300w\" sizes=\"auto, (max-width: 409px) 100vw, 409px\" \/><\/a><\/p>\n<p class=\"p1\" style=\"text-align: justify;\"><span class=\"s1\">Terminati gli studi si \u00e8 dedicata alla libera professione, ma ha continuato a coltivare la sua profonda passione per la <strong>pittura<\/strong>. Una passione, quella di <strong>Antonella Raoni<\/strong>, unita all&#8217;ammirazione per i grandi maestri del passato che l&#8217;hanno portata a intraprendere il suo percorso artistico. Originaria di Prato, si \u00e8 poi trasferita ad <strong>Agliana<\/strong>, dove vive e lavora. <\/span><\/p>\n<p class=\"p1\" style=\"text-align: justify;\"><span class=\"s1\">Molti aglianesi l\u2019hanno scoperta e apprezzata nella mostra di pittura <strong>\u201cTrasparenze\u201d<\/strong>, che \u00e8 stata allestita nel novembre 2018 nei locali della Compagnia del Santissimo Sacramento della parrocchia di San Piero a cura del <a href=\"https:\/\/www.noidiqua.it\/Agliana\/luciano-nesti-gruppo-dei-semplici\/\"><strong>Gruppo dei semplici<\/strong><\/a>, con patrocinio del Comune. Antonella \u00e8 stata per molti visitatori una vera rivelazione, perch\u00e9 nonostante i numerosi riconoscimenti ottenuti in varie citt\u00e0, tra cui Prato, Torino, nel livornese e nell&#8217;aretino sconfinando fino in Umbria, Antonella Raoni era finora poco conosciuta ad Agliana.<\/span><\/p>\n<p><a href=\"https:\/\/www.noidiqua.it\/Agliana\/wp-content\/uploads\/2019\/03\/ANTONELLA-RAONI-3.png\" rel=\"wp-prettyPhoto[5468]\"><img loading=\"lazy\" decoding=\"async\" class=\"aligncenter  wp-image-6526\" src=\"https:\/\/www.noidiqua.it\/Agliana\/wp-content\/uploads\/2019\/03\/ANTONELLA-RAONI-3.png\" alt=\"\" width=\"376\" height=\"326\" srcset=\"https:\/\/www.noidiqua.it\/Agliana\/wp-content\/uploads\/2019\/03\/ANTONELLA-RAONI-3.png 450w, https:\/\/www.noidiqua.it\/Agliana\/wp-content\/uploads\/2019\/03\/ANTONELLA-RAONI-3-300x260.png 300w\" sizes=\"auto, (max-width: 376px) 100vw, 376px\" \/><\/a><\/p>\n<p><span class=\"s1\">La pittrice si \u00e8 formata artisticamente con il maestro <strong>Bruno Di Maio<\/strong>. <i>\u00abUn incontro fondamentale\u00bb<\/i> spiega Antonella, <i>\u00absia per la mia formazione artistica che per avvicinarmi alla pittura realista, nella quale ho trovato quella che considero l&#8217;espressione artistica che mi \u00e8 pi\u00f9 congeniale\u00bb<\/i>. Nelle sue tele si coglie l\u2019ammirazione dell\u2019autrice per gli artisti del XVII secolo riproposta in chiave moderna.<span class=\"Apple-converted-space\">\u00a0 <\/span>Prevalgono i colori bianco, rosso e giallo su fondo nero, che giocano con le trasparenze del vetro, <strong>drappeggi<\/strong> e argenti. <i>\u00abI quadri di Antonella\u00bb<\/i> rileva Lucetta Risaliti, critico d\u2019arte <i>\u00absuscitano in noi continui paradigmi. Nelle opere di <strong>Rembrandt<\/strong> i soggetti vivono di luce propria come se fossero illuminati dall&#8217;interno. Caravaggio faceva circolare l&#8217;aria nell&#8217;ombra. Antonella crea colore lucente e l&#8217;atmosfera appare limpida anche quando usa toni molto scuri. Tutti i suoi soggetti sono dotati di chiarezza adamantina e l&#8217;ombra pi\u00f9 nera fa riverberare di trascendente chiarit\u00e0 i magnifici trionfi di fiori appena colti e la frutta che penzola dalle brillanti alzatine di cristallo\u00bb<\/i>.<\/span><\/p>\n<p>&nbsp;<\/p>\n<p><a href=\"https:\/\/www.noidiqua.it\/Agliana\/wp-content\/uploads\/2019\/03\/ANTONELLA-RAONI-.png\" rel=\"wp-prettyPhoto[5468]\"><img loading=\"lazy\" decoding=\"async\" class=\"aligncenter size-full wp-image-6527\" src=\"https:\/\/www.noidiqua.it\/Agliana\/wp-content\/uploads\/2019\/03\/ANTONELLA-RAONI-.png\" alt=\"\" width=\"260\" height=\"380\" srcset=\"https:\/\/www.noidiqua.it\/Agliana\/wp-content\/uploads\/2019\/03\/ANTONELLA-RAONI-.png 260w, https:\/\/www.noidiqua.it\/Agliana\/wp-content\/uploads\/2019\/03\/ANTONELLA-RAONI--205x300.png 205w\" sizes=\"auto, (max-width: 260px) 100vw, 260px\" \/><\/a><\/p>\n<p class=\"p1\" style=\"text-align: justify;\"><span class=\"s1\"><i>\u00abIn un contesto culturale e artistico come quello in cui siamo immersi oggi\u00bb<\/i> rileva ancora <strong>Lucetta Risaliti<\/strong>, <i>\u00absaturo di immagini computerizzate dove tutto \u00e8 possibile, ma disastrosamente effimero, dove chi ancora dipinge, lavora nel totale disorientamento, producendo opere senza pensiero, ci sorprendono e ci meravigliano i dipinti di Antonella Raoni, osservando i quali potremmo sentirci come improvvisamente catapultati nel XVII secolo, davanti alle nature morte dei pittori fiamminghi, o in un passato ancora pi\u00f9 remoto, davanti a qualche pittura pompeiana di <strong>trompe l&#8217;oeil<\/strong>. Un filo rosso lega quei grandi artisti del passato alle moderne tele di questa straordinaria pittrice che coraggiosamente, ha fatto tesoro della loro lezione e ce la ripropone in chiave moderna, alla luce delle sue odierne esperienze\u00bb<\/i>.<\/span><\/p>","protected":false},"excerpt":{"rendered":"<p>di Piera Salvi marzo 2019 Terminati gli studi si \u00e8 dedicata alla libera professione, ma ha continuato a coltivare la sua profonda passione per la pittura. Una passione, quella di Antonella Raoni, unita all&#8217;ammirazione per i grandi maestri del passato che l&#8217;hanno portata a intraprendere il suo [&hellip;]<\/p>","protected":false},"author":13,"featured_media":0,"comment_status":"open","ping_status":"open","sticky":false,"template":"","format":"standard","meta":{"footnotes":""},"categories":[2,3],"tags":[37,1986,1988,1989,1672,1039,1990,1991,794,1987],"class_list":["post-5468","post","type-post","status-publish","format-standard","hentry","category-ag","category-arte-artigianato-qt","tag-ag-ag","tag-antonella-raoni","tag-bruno-di-maio","tag-drappeggi","tag-lucetta-risaliti","tag-pittura","tag-rembrandt","tag-trompe-loeil","tag-gruppo-dei-semplici","tag-trasparenze"],"yoast_head":"<!-- This site is optimized with the Yoast SEO plugin v25.5 - https:\/\/yoast.com\/wordpress\/plugins\/seo\/ -->\n<title>Antonella Raoni - la bellezza della pittura - Noi di Qua Testata giornalistica e di attualit\u00e0 di Agliana, Montale e Quarrata.<\/title>\n<meta name=\"robots\" content=\"index, follow, max-snippet:-1, max-image-preview:large, max-video-preview:-1\" \/>\n<link rel=\"canonical\" href=\"https:\/\/www.noidiqua.it\/Agliana\/antonella-raoni-la-bellezza-della-pittura\/\" \/>\n<meta property=\"og:locale\" content=\"it_IT\" \/>\n<meta property=\"og:type\" content=\"article\" \/>\n<meta property=\"og:title\" content=\"Antonella Raoni - la bellezza della pittura - Noi di Qua Testata giornalistica e di attualit\u00e0 di Agliana, Montale e Quarrata.\" \/>\n<meta property=\"og:description\" content=\"di Piera Salvi marzo 2019 Terminati gli studi si \u00e8 dedicata alla libera professione, ma ha continuato a coltivare la sua profonda passione per la pittura. Una passione, quella di Antonella Raoni, unita all&#8217;ammirazione per i grandi maestri del passato che l&#8217;hanno portata a intraprendere il suo [&hellip;]\" \/>\n<meta property=\"og:url\" content=\"https:\/\/www.noidiqua.it\/Agliana\/antonella-raoni-la-bellezza-della-pittura\/\" \/>\n<meta property=\"og:site_name\" content=\"Noi di Qua Testata giornalistica e di attualit\u00e0 di Agliana, Montale e Quarrata.\" \/>\n<meta property=\"article:publisher\" content=\"https:\/\/www.facebook.com\/noidiqua.trimestrale\/\" \/>\n<meta property=\"article:published_time\" content=\"2019-03-13T11:17:20+00:00\" \/>\n<meta property=\"article:modified_time\" content=\"2022-01-13T10:14:05+00:00\" \/>\n<meta property=\"og:image\" content=\"https:\/\/www.noidiqua.it\/Agliana\/wp-content\/uploads\/2019\/03\/ANTONELLA-RAONI-2.png\" \/>\n<meta name=\"author\" content=\"Piera Salvi\" \/>\n<meta name=\"twitter:label1\" content=\"Scritto da\" \/>\n\t<meta name=\"twitter:data1\" content=\"Piera Salvi\" \/>\n\t<meta name=\"twitter:label2\" content=\"Tempo di lettura stimato\" \/>\n\t<meta name=\"twitter:data2\" content=\"2 minuti\" \/>\n<script type=\"application\/ld+json\" class=\"yoast-schema-graph\">{\"@context\":\"https:\/\/schema.org\",\"@graph\":[{\"@type\":\"WebPage\",\"@id\":\"https:\/\/www.noidiqua.it\/Agliana\/antonella-raoni-la-bellezza-della-pittura\/\",\"url\":\"https:\/\/www.noidiqua.it\/Agliana\/antonella-raoni-la-bellezza-della-pittura\/\",\"name\":\"Antonella Raoni - la bellezza della pittura - Noi di Qua Testata giornalistica e di attualit\u00e0 di Agliana, Montale e Quarrata.\",\"isPartOf\":{\"@id\":\"https:\/\/www.noidiqua.it\/Agliana\/#website\"},\"primaryImageOfPage\":{\"@id\":\"https:\/\/www.noidiqua.it\/Agliana\/antonella-raoni-la-bellezza-della-pittura\/#primaryimage\"},\"image\":{\"@id\":\"https:\/\/www.noidiqua.it\/Agliana\/antonella-raoni-la-bellezza-della-pittura\/#primaryimage\"},\"thumbnailUrl\":\"https:\/\/www.noidiqua.it\/Agliana\/wp-content\/uploads\/2019\/03\/ANTONELLA-RAONI-2.png\",\"datePublished\":\"2019-03-13T11:17:20+00:00\",\"dateModified\":\"2022-01-13T10:14:05+00:00\",\"author\":{\"@id\":\"https:\/\/www.noidiqua.it\/Agliana\/#\/schema\/person\/bb7515c2330bb1137f247276096fa7dc\"},\"breadcrumb\":{\"@id\":\"https:\/\/www.noidiqua.it\/Agliana\/antonella-raoni-la-bellezza-della-pittura\/#breadcrumb\"},\"inLanguage\":\"it-IT\",\"potentialAction\":[{\"@type\":\"ReadAction\",\"target\":[\"https:\/\/www.noidiqua.it\/Agliana\/antonella-raoni-la-bellezza-della-pittura\/\"]}]},{\"@type\":\"ImageObject\",\"inLanguage\":\"it-IT\",\"@id\":\"https:\/\/www.noidiqua.it\/Agliana\/antonella-raoni-la-bellezza-della-pittura\/#primaryimage\",\"url\":\"https:\/\/www.noidiqua.it\/Agliana\/wp-content\/uploads\/2019\/03\/ANTONELLA-RAONI-2.png\",\"contentUrl\":\"https:\/\/www.noidiqua.it\/Agliana\/wp-content\/uploads\/2019\/03\/ANTONELLA-RAONI-2.png\",\"width\":550,\"height\":405},{\"@type\":\"BreadcrumbList\",\"@id\":\"https:\/\/www.noidiqua.it\/Agliana\/antonella-raoni-la-bellezza-della-pittura\/#breadcrumb\",\"itemListElement\":[{\"@type\":\"ListItem\",\"position\":1,\"name\":\"Home\",\"item\":\"https:\/\/www.noidiqua.it\/Agliana\/\"},{\"@type\":\"ListItem\",\"position\":2,\"name\":\"Antonella Raoni &#8211; la bellezza della pittura\"}]},{\"@type\":\"WebSite\",\"@id\":\"https:\/\/www.noidiqua.it\/Agliana\/#website\",\"url\":\"https:\/\/www.noidiqua.it\/Agliana\/\",\"name\":\"Noi di Qua Testata giornalistica e di attualit\u00e0 di Agliana, Montale e Quarrata.\",\"description\":\"Testata Giornalistica Quarrata Montale Agliana\",\"potentialAction\":[{\"@type\":\"SearchAction\",\"target\":{\"@type\":\"EntryPoint\",\"urlTemplate\":\"https:\/\/www.noidiqua.it\/Agliana\/?s={search_term_string}\"},\"query-input\":{\"@type\":\"PropertyValueSpecification\",\"valueRequired\":true,\"valueName\":\"search_term_string\"}}],\"inLanguage\":\"it-IT\"},{\"@type\":\"Person\",\"@id\":\"https:\/\/www.noidiqua.it\/Agliana\/#\/schema\/person\/bb7515c2330bb1137f247276096fa7dc\",\"name\":\"Piera Salvi\",\"image\":{\"@type\":\"ImageObject\",\"inLanguage\":\"it-IT\",\"@id\":\"https:\/\/www.noidiqua.it\/Agliana\/#\/schema\/person\/image\/\",\"url\":\"https:\/\/secure.gravatar.com\/avatar\/2f9b1fb6e13f3b3e63bde435d999a73be036e320f7a0f5f32f9ac21859d999cd?s=96&d=mm&r=g\",\"contentUrl\":\"https:\/\/secure.gravatar.com\/avatar\/2f9b1fb6e13f3b3e63bde435d999a73be036e320f7a0f5f32f9ac21859d999cd?s=96&d=mm&r=g\",\"caption\":\"Piera Salvi\"},\"url\":\"https:\/\/www.noidiqua.it\/Agliana\/author\/piera-salvi\/\"}]}<\/script>\n<!-- \/ Yoast SEO plugin. -->","yoast_head_json":{"title":"Antonella Raoni - la bellezza della pittura - Noi di Qua Testata giornalistica e di attualit\u00e0 di Agliana, Montale e Quarrata.","robots":{"index":"index","follow":"follow","max-snippet":"max-snippet:-1","max-image-preview":"max-image-preview:large","max-video-preview":"max-video-preview:-1"},"canonical":"https:\/\/www.noidiqua.it\/Agliana\/antonella-raoni-la-bellezza-della-pittura\/","og_locale":"it_IT","og_type":"article","og_title":"Antonella Raoni - la bellezza della pittura - Noi di Qua Testata giornalistica e di attualit\u00e0 di Agliana, Montale e Quarrata.","og_description":"di Piera Salvi marzo 2019 Terminati gli studi si \u00e8 dedicata alla libera professione, ma ha continuato a coltivare la sua profonda passione per la pittura. Una passione, quella di Antonella Raoni, unita all&#8217;ammirazione per i grandi maestri del passato che l&#8217;hanno portata a intraprendere il suo [&hellip;]","og_url":"https:\/\/www.noidiqua.it\/Agliana\/antonella-raoni-la-bellezza-della-pittura\/","og_site_name":"Noi di Qua Testata giornalistica e di attualit\u00e0 di Agliana, Montale e Quarrata.","article_publisher":"https:\/\/www.facebook.com\/noidiqua.trimestrale\/","article_published_time":"2019-03-13T11:17:20+00:00","article_modified_time":"2022-01-13T10:14:05+00:00","og_image":[{"url":"https:\/\/www.noidiqua.it\/Agliana\/wp-content\/uploads\/2019\/03\/ANTONELLA-RAONI-2.png","type":"","width":"","height":""}],"author":"Piera Salvi","twitter_misc":{"Scritto da":"Piera Salvi","Tempo di lettura stimato":"2 minuti"},"schema":{"@context":"https:\/\/schema.org","@graph":[{"@type":"WebPage","@id":"https:\/\/www.noidiqua.it\/Agliana\/antonella-raoni-la-bellezza-della-pittura\/","url":"https:\/\/www.noidiqua.it\/Agliana\/antonella-raoni-la-bellezza-della-pittura\/","name":"Antonella Raoni - la bellezza della pittura - Noi di Qua Testata giornalistica e di attualit\u00e0 di Agliana, Montale e Quarrata.","isPartOf":{"@id":"https:\/\/www.noidiqua.it\/Agliana\/#website"},"primaryImageOfPage":{"@id":"https:\/\/www.noidiqua.it\/Agliana\/antonella-raoni-la-bellezza-della-pittura\/#primaryimage"},"image":{"@id":"https:\/\/www.noidiqua.it\/Agliana\/antonella-raoni-la-bellezza-della-pittura\/#primaryimage"},"thumbnailUrl":"https:\/\/www.noidiqua.it\/Agliana\/wp-content\/uploads\/2019\/03\/ANTONELLA-RAONI-2.png","datePublished":"2019-03-13T11:17:20+00:00","dateModified":"2022-01-13T10:14:05+00:00","author":{"@id":"https:\/\/www.noidiqua.it\/Agliana\/#\/schema\/person\/bb7515c2330bb1137f247276096fa7dc"},"breadcrumb":{"@id":"https:\/\/www.noidiqua.it\/Agliana\/antonella-raoni-la-bellezza-della-pittura\/#breadcrumb"},"inLanguage":"it-IT","potentialAction":[{"@type":"ReadAction","target":["https:\/\/www.noidiqua.it\/Agliana\/antonella-raoni-la-bellezza-della-pittura\/"]}]},{"@type":"ImageObject","inLanguage":"it-IT","@id":"https:\/\/www.noidiqua.it\/Agliana\/antonella-raoni-la-bellezza-della-pittura\/#primaryimage","url":"https:\/\/www.noidiqua.it\/Agliana\/wp-content\/uploads\/2019\/03\/ANTONELLA-RAONI-2.png","contentUrl":"https:\/\/www.noidiqua.it\/Agliana\/wp-content\/uploads\/2019\/03\/ANTONELLA-RAONI-2.png","width":550,"height":405},{"@type":"BreadcrumbList","@id":"https:\/\/www.noidiqua.it\/Agliana\/antonella-raoni-la-bellezza-della-pittura\/#breadcrumb","itemListElement":[{"@type":"ListItem","position":1,"name":"Home","item":"https:\/\/www.noidiqua.it\/Agliana\/"},{"@type":"ListItem","position":2,"name":"Antonella Raoni &#8211; la bellezza della pittura"}]},{"@type":"WebSite","@id":"https:\/\/www.noidiqua.it\/Agliana\/#website","url":"https:\/\/www.noidiqua.it\/Agliana\/","name":"Noi di Qua Testata giornalistica e di attualit\u00e0 di Agliana, Montale e Quarrata.","description":"Testata Giornalistica Quarrata Montale Agliana","potentialAction":[{"@type":"SearchAction","target":{"@type":"EntryPoint","urlTemplate":"https:\/\/www.noidiqua.it\/Agliana\/?s={search_term_string}"},"query-input":{"@type":"PropertyValueSpecification","valueRequired":true,"valueName":"search_term_string"}}],"inLanguage":"it-IT"},{"@type":"Person","@id":"https:\/\/www.noidiqua.it\/Agliana\/#\/schema\/person\/bb7515c2330bb1137f247276096fa7dc","name":"Piera Salvi","image":{"@type":"ImageObject","inLanguage":"it-IT","@id":"https:\/\/www.noidiqua.it\/Agliana\/#\/schema\/person\/image\/","url":"https:\/\/secure.gravatar.com\/avatar\/2f9b1fb6e13f3b3e63bde435d999a73be036e320f7a0f5f32f9ac21859d999cd?s=96&d=mm&r=g","contentUrl":"https:\/\/secure.gravatar.com\/avatar\/2f9b1fb6e13f3b3e63bde435d999a73be036e320f7a0f5f32f9ac21859d999cd?s=96&d=mm&r=g","caption":"Piera Salvi"},"url":"https:\/\/www.noidiqua.it\/Agliana\/author\/piera-salvi\/"}]}},"_links":{"self":[{"href":"https:\/\/www.noidiqua.it\/Agliana\/wp-json\/wp\/v2\/posts\/5468","targetHints":{"allow":["GET"]}}],"collection":[{"href":"https:\/\/www.noidiqua.it\/Agliana\/wp-json\/wp\/v2\/posts"}],"about":[{"href":"https:\/\/www.noidiqua.it\/Agliana\/wp-json\/wp\/v2\/types\/post"}],"author":[{"embeddable":true,"href":"https:\/\/www.noidiqua.it\/Agliana\/wp-json\/wp\/v2\/users\/13"}],"replies":[{"embeddable":true,"href":"https:\/\/www.noidiqua.it\/Agliana\/wp-json\/wp\/v2\/comments?post=5468"}],"version-history":[{"count":8,"href":"https:\/\/www.noidiqua.it\/Agliana\/wp-json\/wp\/v2\/posts\/5468\/revisions"}],"predecessor-version":[{"id":6528,"href":"https:\/\/www.noidiqua.it\/Agliana\/wp-json\/wp\/v2\/posts\/5468\/revisions\/6528"}],"wp:attachment":[{"href":"https:\/\/www.noidiqua.it\/Agliana\/wp-json\/wp\/v2\/media?parent=5468"}],"wp:term":[{"taxonomy":"category","embeddable":true,"href":"https:\/\/www.noidiqua.it\/Agliana\/wp-json\/wp\/v2\/categories?post=5468"},{"taxonomy":"post_tag","embeddable":true,"href":"https:\/\/www.noidiqua.it\/Agliana\/wp-json\/wp\/v2\/tags?post=5468"}],"curies":[{"name":"wp","href":"https:\/\/api.w.org\/{rel}","templated":true}]}}