{"id":5493,"date":"2019-03-13T16:29:52","date_gmt":"2019-03-13T15:29:52","guid":{"rendered":"https:\/\/www.noidiqua.it\/Agliana\/?p=5493"},"modified":"2022-01-13T11:30:55","modified_gmt":"2022-01-13T10:30:55","slug":"ideal-termo-pignataro-fondata-nel-1978","status":"publish","type":"post","link":"https:\/\/www.noidiqua.it\/Agliana\/ideal-termo-pignataro-fondata-nel-1978\/","title":{"rendered":"Ideal Termo Pignataro &#8211; fondata nel 1978"},"content":{"rendered":"<p><em>di\u00a0Marco Bagnoli<br \/>\n<\/em><\/p>\n<p><i>marzo 2019<\/i><\/p>\n<p><a href=\"https:\/\/www.noidiqua.it\/Agliana\/wp-content\/uploads\/2019\/03\/PIGNATARO-.png\" rel=\"wp-prettyPhoto[5493]\"><img loading=\"lazy\" decoding=\"async\" class=\"aligncenter size-full wp-image-6540\" src=\"https:\/\/www.noidiqua.it\/Agliana\/wp-content\/uploads\/2019\/03\/PIGNATARO-.png\" alt=\"\" width=\"450\" height=\"267\" srcset=\"https:\/\/www.noidiqua.it\/Agliana\/wp-content\/uploads\/2019\/03\/PIGNATARO-.png 450w, https:\/\/www.noidiqua.it\/Agliana\/wp-content\/uploads\/2019\/03\/PIGNATARO--300x178.png 300w\" sizes=\"auto, (max-width: 450px) 100vw, 450px\" \/><\/a><\/p>\n<p>&nbsp;<\/p>\n<p class=\"p1\" style=\"text-align: justify;\"><span class=\"s1\">Proseguiamo nella nostra rassegna delle aziende storiche di Agliana, celebrando stavolta i quarantun&#8217;anni della <strong>Ideal Termo Pignataro<\/strong>. Tutto comincia nel 1978, quando l\u2019allora diciannovenne <strong>Roberto Pignataro<\/strong> apre la sua attivit\u00e0 negli spazi di casa sua, in via Leopardi; si tratta giusto di uno stanzoncino nel quale iniziare il suo <strong>mestiere<\/strong> di <strong>idraulico<\/strong> \u2013 un mestiere del resto ampiamente coltivato dal nostro, che era stato apprendista e poi operaio in diverse analoghe realt\u00e0 del paese. Erano quelli gli anni buoni per intraprendere un\u2019attivit\u00e0 del genere: infatti il 1978 \u00e8 l\u2019anno nel quale arriva finalmente l\u2019acquedotto e viene allacciata anche la rete del metano \u2013 quindi un idraulico aveva di che lavorare. Per diversi anni Roberto lavora da solo, fin verso l\u2019&#8217;85-&#8217;86, quando mette in piedi una societ\u00e0 con cinque dipendenti, la Termo Comfort, in via della Libert\u00e0, che rester\u00e0 in attivit\u00e0 fino al 1994, quando si trasferisce in via Roma e diventa la <strong>Euroimpianti<\/strong>.<\/span><\/p>\n<p class=\"p1\" style=\"text-align: justify;\"><span class=\"s1\">La Euroimpianti vede nel 2001 l\u2019ingresso del figlio maggiore, Simone, anche lui gi\u00e0 esperto del mestiere. Nel 2007 \u00e8 poi finalmente il turno della Ideal Termo. Stavolta nella societ\u00e0 c\u2019\u00e8 anche il figlio piccolo, <strong>Andrea<\/strong>, che nel 2014 sceglier\u00e0 poi un\u2019altra strada. Il 2014 \u00e8 anche l\u2018anno nel quale Simone diventa titolare, un anno dopo che Roberto \u00e8 andato in pensione. Il lavoro negli anni \u00e8 cambiato parecchio. All\u2019inizio, racconta Roberto, si lavorava in casa occupandosi delle beghe domestiche del vicinato. Poi \u00e8 intervenuto il passaparola, e il cerchio dell\u2019attivit\u00e0 si \u00e8 esteso all\u2019intero paese.<\/span><\/p>\n<p><a href=\"https:\/\/www.noidiqua.it\/Agliana\/wp-content\/uploads\/2019\/03\/PIGNATARO-2.png\" rel=\"wp-prettyPhoto[5493]\"><img loading=\"lazy\" decoding=\"async\" class=\"aligncenter size-full wp-image-6541\" src=\"https:\/\/www.noidiqua.it\/Agliana\/wp-content\/uploads\/2019\/03\/PIGNATARO-2.png\" alt=\"\" width=\"450\" height=\"338\" srcset=\"https:\/\/www.noidiqua.it\/Agliana\/wp-content\/uploads\/2019\/03\/PIGNATARO-2.png 450w, https:\/\/www.noidiqua.it\/Agliana\/wp-content\/uploads\/2019\/03\/PIGNATARO-2-300x225.png 300w\" sizes=\"auto, (max-width: 450px) 100vw, 450px\" \/><\/a><\/p>\n<p class=\"p1\" style=\"text-align: justify;\"><span class=\"s1\">Oggi il tutto si \u00e8 ulteriormente ampliato, toccando non solo Pistoia, ma anche Firenze e Viareggio. Trattandosi di un\u2019attivit\u00e0 di quelle \u201cbasilari\u201d, come il fornaio o il barbiere, il lavoro non \u00e8 mai mancato. La pubblicit\u00e0 non \u00e8 mai servita, ma la si \u00e8 fatta comunque, magari anche solo per contribuire alla sfilata dei carri per il carnevale. Il lavoro infatti lo portano i geometri e i muratori, categoria quest\u2019ultima un tempo ben presente ad Agliana. <\/span><\/p>\n<p class=\"p1\" style=\"text-align: justify;\"><span class=\"s1\">Ci si domanda se i giovani d\u2019oggi abbiano ancora la voglia \u2013 o la stoffa \u2013 per fare gli idraulici. A sentir loro della Ideal Termo, questa potrebbe benissimo essere l\u2019ultima generazione, dopo di che potrebbero ricevere il testimone gli stranieri. Questo perch\u00e9 quello dell\u2019idraulico \u00e8 un mestiere impegnativo, che non ha orari, dovendo dipendere in tutto dalle esigenze del cliente, che solitamente lavora pure lui, ed \u00e8 in casa solo al mattino presto o la sera tardi \u2013 o magari nel fine settimana. Anche per i familiari dell\u2019idraulico non \u00e8 facile, ma ormai sono abituati. Simone, che oggi ha un bimbo di tre mesi, si mostra dubbioso sulla possibilit\u00e0 che possa un giorno rilevare l\u2019attivit\u00e0, perch\u00e9 \u00e8 richiesta molta pazienza, oltre che passione nel fare e un carattere un po\u2019 fatto apposta. <\/span><span class=\"s1\">C\u2019\u00e8 poi da lottare con la <strong>concorrenza<\/strong>, coi clienti stessi \u2013 \u00e8 tutto un fare preventivi e darsi poi da fare per seguire i lavori. Fortuna che oggi, dal momento che idraulico, muratore e elettricista lavorano assieme \u00e8 possibile elaborare un pacchetto di prezzo da piazzare. Lavorare in squadra poi \u00e8 anche meglio, perch\u00e9 si conoscono tutti e sanno con chi hanno a che fare. Nel frattempo \u00e8 arrivata anche la fattura elettronica, cos\u00ec si fa ammattire anche la ragioniera&#8230;<\/span><\/p>\n<p>&nbsp;<\/p>","protected":false},"excerpt":{"rendered":"<p>di\u00a0Marco Bagnoli marzo 2019 &nbsp; Proseguiamo nella nostra rassegna delle aziende storiche di Agliana, celebrando stavolta i quarantun&#8217;anni della Ideal Termo Pignataro. Tutto comincia nel 1978, quando l\u2019allora diciannovenne Roberto Pignataro apre la sua attivit\u00e0 negli spazi di casa sua, in via Leopardi; si tratta giusto di [&hellip;]<\/p>","protected":false},"author":3,"featured_media":0,"comment_status":"open","ping_status":"open","sticky":false,"template":"","format":"standard","meta":{"footnotes":""},"categories":[2,1029],"tags":[150,2009,2008,2004,2007,2006,2005],"class_list":["post-5493","post","type-post","status-publish","format-standard","hentry","category-ag","category-una-bella-impresa","tag-andrea","tag-concorrenza","tag-euroimpianti","tag-ideal-termo-pignataro","tag-idraulico","tag-mestiere","tag-roberto-pignataro"],"yoast_head":"<!-- This site is optimized with the Yoast SEO plugin v25.5 - https:\/\/yoast.com\/wordpress\/plugins\/seo\/ -->\n<title>Ideal Termo Pignataro - fondata nel 1978 - Noi di Qua Testata giornalistica e di attualit\u00e0 di Agliana, Montale e Quarrata.<\/title>\n<meta name=\"robots\" content=\"index, follow, max-snippet:-1, max-image-preview:large, max-video-preview:-1\" \/>\n<link rel=\"canonical\" href=\"https:\/\/www.noidiqua.it\/Agliana\/ideal-termo-pignataro-fondata-nel-1978\/\" \/>\n<meta property=\"og:locale\" content=\"it_IT\" \/>\n<meta property=\"og:type\" content=\"article\" \/>\n<meta property=\"og:title\" content=\"Ideal Termo Pignataro - fondata nel 1978 - Noi di Qua Testata giornalistica e di attualit\u00e0 di Agliana, Montale e Quarrata.\" \/>\n<meta property=\"og:description\" content=\"di\u00a0Marco Bagnoli marzo 2019 &nbsp; Proseguiamo nella nostra rassegna delle aziende storiche di Agliana, celebrando stavolta i quarantun&#8217;anni della Ideal Termo Pignataro. Tutto comincia nel 1978, quando l\u2019allora diciannovenne Roberto Pignataro apre la sua attivit\u00e0 negli spazi di casa sua, in via Leopardi; si tratta giusto di [&hellip;]\" \/>\n<meta property=\"og:url\" content=\"https:\/\/www.noidiqua.it\/Agliana\/ideal-termo-pignataro-fondata-nel-1978\/\" \/>\n<meta property=\"og:site_name\" content=\"Noi di Qua Testata giornalistica e di attualit\u00e0 di Agliana, Montale e Quarrata.\" \/>\n<meta property=\"article:publisher\" content=\"https:\/\/www.facebook.com\/noidiqua.trimestrale\/\" \/>\n<meta property=\"article:published_time\" content=\"2019-03-13T15:29:52+00:00\" \/>\n<meta property=\"article:modified_time\" content=\"2022-01-13T10:30:55+00:00\" \/>\n<meta property=\"og:image\" content=\"https:\/\/www.noidiqua.it\/Agliana\/wp-content\/uploads\/2019\/03\/PIGNATARO-.png\" \/>\n<meta name=\"author\" content=\"Marco Bagnoli\" \/>\n<meta name=\"twitter:label1\" content=\"Scritto da\" \/>\n\t<meta name=\"twitter:data1\" content=\"Marco Bagnoli\" \/>\n\t<meta name=\"twitter:label2\" content=\"Tempo di lettura stimato\" \/>\n\t<meta name=\"twitter:data2\" content=\"3 minuti\" \/>\n<script type=\"application\/ld+json\" class=\"yoast-schema-graph\">{\"@context\":\"https:\/\/schema.org\",\"@graph\":[{\"@type\":\"WebPage\",\"@id\":\"https:\/\/www.noidiqua.it\/Agliana\/ideal-termo-pignataro-fondata-nel-1978\/\",\"url\":\"https:\/\/www.noidiqua.it\/Agliana\/ideal-termo-pignataro-fondata-nel-1978\/\",\"name\":\"Ideal Termo Pignataro - fondata nel 1978 - Noi di Qua Testata giornalistica e di attualit\u00e0 di Agliana, Montale e Quarrata.\",\"isPartOf\":{\"@id\":\"https:\/\/www.noidiqua.it\/Agliana\/#website\"},\"primaryImageOfPage\":{\"@id\":\"https:\/\/www.noidiqua.it\/Agliana\/ideal-termo-pignataro-fondata-nel-1978\/#primaryimage\"},\"image\":{\"@id\":\"https:\/\/www.noidiqua.it\/Agliana\/ideal-termo-pignataro-fondata-nel-1978\/#primaryimage\"},\"thumbnailUrl\":\"https:\/\/www.noidiqua.it\/Agliana\/wp-content\/uploads\/2019\/03\/PIGNATARO-.png\",\"datePublished\":\"2019-03-13T15:29:52+00:00\",\"dateModified\":\"2022-01-13T10:30:55+00:00\",\"author\":{\"@id\":\"https:\/\/www.noidiqua.it\/Agliana\/#\/schema\/person\/4e183cb0c6d7951e716a876aa702e1a2\"},\"breadcrumb\":{\"@id\":\"https:\/\/www.noidiqua.it\/Agliana\/ideal-termo-pignataro-fondata-nel-1978\/#breadcrumb\"},\"inLanguage\":\"it-IT\",\"potentialAction\":[{\"@type\":\"ReadAction\",\"target\":[\"https:\/\/www.noidiqua.it\/Agliana\/ideal-termo-pignataro-fondata-nel-1978\/\"]}]},{\"@type\":\"ImageObject\",\"inLanguage\":\"it-IT\",\"@id\":\"https:\/\/www.noidiqua.it\/Agliana\/ideal-termo-pignataro-fondata-nel-1978\/#primaryimage\",\"url\":\"https:\/\/www.noidiqua.it\/Agliana\/wp-content\/uploads\/2019\/03\/PIGNATARO-.png\",\"contentUrl\":\"https:\/\/www.noidiqua.it\/Agliana\/wp-content\/uploads\/2019\/03\/PIGNATARO-.png\",\"width\":450,\"height\":267},{\"@type\":\"BreadcrumbList\",\"@id\":\"https:\/\/www.noidiqua.it\/Agliana\/ideal-termo-pignataro-fondata-nel-1978\/#breadcrumb\",\"itemListElement\":[{\"@type\":\"ListItem\",\"position\":1,\"name\":\"Home\",\"item\":\"https:\/\/www.noidiqua.it\/Agliana\/\"},{\"@type\":\"ListItem\",\"position\":2,\"name\":\"Ideal Termo Pignataro &#8211; fondata nel 1978\"}]},{\"@type\":\"WebSite\",\"@id\":\"https:\/\/www.noidiqua.it\/Agliana\/#website\",\"url\":\"https:\/\/www.noidiqua.it\/Agliana\/\",\"name\":\"Noi di Qua Testata giornalistica e di attualit\u00e0 di Agliana, Montale e Quarrata.\",\"description\":\"Testata Giornalistica Quarrata Montale Agliana\",\"potentialAction\":[{\"@type\":\"SearchAction\",\"target\":{\"@type\":\"EntryPoint\",\"urlTemplate\":\"https:\/\/www.noidiqua.it\/Agliana\/?s={search_term_string}\"},\"query-input\":{\"@type\":\"PropertyValueSpecification\",\"valueRequired\":true,\"valueName\":\"search_term_string\"}}],\"inLanguage\":\"it-IT\"},{\"@type\":\"Person\",\"@id\":\"https:\/\/www.noidiqua.it\/Agliana\/#\/schema\/person\/4e183cb0c6d7951e716a876aa702e1a2\",\"name\":\"Marco Bagnoli\",\"image\":{\"@type\":\"ImageObject\",\"inLanguage\":\"it-IT\",\"@id\":\"https:\/\/www.noidiqua.it\/Agliana\/#\/schema\/person\/image\/\",\"url\":\"https:\/\/secure.gravatar.com\/avatar\/73ace53724c50db9c48af54756f17b7cdb015a9d8d2c08c7e04e480539a94eee?s=96&d=mm&r=g\",\"contentUrl\":\"https:\/\/secure.gravatar.com\/avatar\/73ace53724c50db9c48af54756f17b7cdb015a9d8d2c08c7e04e480539a94eee?s=96&d=mm&r=g\",\"caption\":\"Marco Bagnoli\"},\"url\":\"https:\/\/www.noidiqua.it\/Agliana\/author\/marco-bagnoli\/\"}]}<\/script>\n<!-- \/ Yoast SEO plugin. -->","yoast_head_json":{"title":"Ideal Termo Pignataro - fondata nel 1978 - Noi di Qua Testata giornalistica e di attualit\u00e0 di Agliana, Montale e Quarrata.","robots":{"index":"index","follow":"follow","max-snippet":"max-snippet:-1","max-image-preview":"max-image-preview:large","max-video-preview":"max-video-preview:-1"},"canonical":"https:\/\/www.noidiqua.it\/Agliana\/ideal-termo-pignataro-fondata-nel-1978\/","og_locale":"it_IT","og_type":"article","og_title":"Ideal Termo Pignataro - fondata nel 1978 - Noi di Qua Testata giornalistica e di attualit\u00e0 di Agliana, Montale e Quarrata.","og_description":"di\u00a0Marco Bagnoli marzo 2019 &nbsp; Proseguiamo nella nostra rassegna delle aziende storiche di Agliana, celebrando stavolta i quarantun&#8217;anni della Ideal Termo Pignataro. Tutto comincia nel 1978, quando l\u2019allora diciannovenne Roberto Pignataro apre la sua attivit\u00e0 negli spazi di casa sua, in via Leopardi; si tratta giusto di [&hellip;]","og_url":"https:\/\/www.noidiqua.it\/Agliana\/ideal-termo-pignataro-fondata-nel-1978\/","og_site_name":"Noi di Qua Testata giornalistica e di attualit\u00e0 di Agliana, Montale e Quarrata.","article_publisher":"https:\/\/www.facebook.com\/noidiqua.trimestrale\/","article_published_time":"2019-03-13T15:29:52+00:00","article_modified_time":"2022-01-13T10:30:55+00:00","og_image":[{"url":"https:\/\/www.noidiqua.it\/Agliana\/wp-content\/uploads\/2019\/03\/PIGNATARO-.png","type":"","width":"","height":""}],"author":"Marco Bagnoli","twitter_misc":{"Scritto da":"Marco Bagnoli","Tempo di lettura stimato":"3 minuti"},"schema":{"@context":"https:\/\/schema.org","@graph":[{"@type":"WebPage","@id":"https:\/\/www.noidiqua.it\/Agliana\/ideal-termo-pignataro-fondata-nel-1978\/","url":"https:\/\/www.noidiqua.it\/Agliana\/ideal-termo-pignataro-fondata-nel-1978\/","name":"Ideal Termo Pignataro - fondata nel 1978 - Noi di Qua Testata giornalistica e di attualit\u00e0 di Agliana, Montale e Quarrata.","isPartOf":{"@id":"https:\/\/www.noidiqua.it\/Agliana\/#website"},"primaryImageOfPage":{"@id":"https:\/\/www.noidiqua.it\/Agliana\/ideal-termo-pignataro-fondata-nel-1978\/#primaryimage"},"image":{"@id":"https:\/\/www.noidiqua.it\/Agliana\/ideal-termo-pignataro-fondata-nel-1978\/#primaryimage"},"thumbnailUrl":"https:\/\/www.noidiqua.it\/Agliana\/wp-content\/uploads\/2019\/03\/PIGNATARO-.png","datePublished":"2019-03-13T15:29:52+00:00","dateModified":"2022-01-13T10:30:55+00:00","author":{"@id":"https:\/\/www.noidiqua.it\/Agliana\/#\/schema\/person\/4e183cb0c6d7951e716a876aa702e1a2"},"breadcrumb":{"@id":"https:\/\/www.noidiqua.it\/Agliana\/ideal-termo-pignataro-fondata-nel-1978\/#breadcrumb"},"inLanguage":"it-IT","potentialAction":[{"@type":"ReadAction","target":["https:\/\/www.noidiqua.it\/Agliana\/ideal-termo-pignataro-fondata-nel-1978\/"]}]},{"@type":"ImageObject","inLanguage":"it-IT","@id":"https:\/\/www.noidiqua.it\/Agliana\/ideal-termo-pignataro-fondata-nel-1978\/#primaryimage","url":"https:\/\/www.noidiqua.it\/Agliana\/wp-content\/uploads\/2019\/03\/PIGNATARO-.png","contentUrl":"https:\/\/www.noidiqua.it\/Agliana\/wp-content\/uploads\/2019\/03\/PIGNATARO-.png","width":450,"height":267},{"@type":"BreadcrumbList","@id":"https:\/\/www.noidiqua.it\/Agliana\/ideal-termo-pignataro-fondata-nel-1978\/#breadcrumb","itemListElement":[{"@type":"ListItem","position":1,"name":"Home","item":"https:\/\/www.noidiqua.it\/Agliana\/"},{"@type":"ListItem","position":2,"name":"Ideal Termo Pignataro &#8211; fondata nel 1978"}]},{"@type":"WebSite","@id":"https:\/\/www.noidiqua.it\/Agliana\/#website","url":"https:\/\/www.noidiqua.it\/Agliana\/","name":"Noi di Qua Testata giornalistica e di attualit\u00e0 di Agliana, Montale e Quarrata.","description":"Testata Giornalistica Quarrata Montale Agliana","potentialAction":[{"@type":"SearchAction","target":{"@type":"EntryPoint","urlTemplate":"https:\/\/www.noidiqua.it\/Agliana\/?s={search_term_string}"},"query-input":{"@type":"PropertyValueSpecification","valueRequired":true,"valueName":"search_term_string"}}],"inLanguage":"it-IT"},{"@type":"Person","@id":"https:\/\/www.noidiqua.it\/Agliana\/#\/schema\/person\/4e183cb0c6d7951e716a876aa702e1a2","name":"Marco Bagnoli","image":{"@type":"ImageObject","inLanguage":"it-IT","@id":"https:\/\/www.noidiqua.it\/Agliana\/#\/schema\/person\/image\/","url":"https:\/\/secure.gravatar.com\/avatar\/73ace53724c50db9c48af54756f17b7cdb015a9d8d2c08c7e04e480539a94eee?s=96&d=mm&r=g","contentUrl":"https:\/\/secure.gravatar.com\/avatar\/73ace53724c50db9c48af54756f17b7cdb015a9d8d2c08c7e04e480539a94eee?s=96&d=mm&r=g","caption":"Marco Bagnoli"},"url":"https:\/\/www.noidiqua.it\/Agliana\/author\/marco-bagnoli\/"}]}},"_links":{"self":[{"href":"https:\/\/www.noidiqua.it\/Agliana\/wp-json\/wp\/v2\/posts\/5493","targetHints":{"allow":["GET"]}}],"collection":[{"href":"https:\/\/www.noidiqua.it\/Agliana\/wp-json\/wp\/v2\/posts"}],"about":[{"href":"https:\/\/www.noidiqua.it\/Agliana\/wp-json\/wp\/v2\/types\/post"}],"author":[{"embeddable":true,"href":"https:\/\/www.noidiqua.it\/Agliana\/wp-json\/wp\/v2\/users\/3"}],"replies":[{"embeddable":true,"href":"https:\/\/www.noidiqua.it\/Agliana\/wp-json\/wp\/v2\/comments?post=5493"}],"version-history":[{"count":10,"href":"https:\/\/www.noidiqua.it\/Agliana\/wp-json\/wp\/v2\/posts\/5493\/revisions"}],"predecessor-version":[{"id":6542,"href":"https:\/\/www.noidiqua.it\/Agliana\/wp-json\/wp\/v2\/posts\/5493\/revisions\/6542"}],"wp:attachment":[{"href":"https:\/\/www.noidiqua.it\/Agliana\/wp-json\/wp\/v2\/media?parent=5493"}],"wp:term":[{"taxonomy":"category","embeddable":true,"href":"https:\/\/www.noidiqua.it\/Agliana\/wp-json\/wp\/v2\/categories?post=5493"},{"taxonomy":"post_tag","embeddable":true,"href":"https:\/\/www.noidiqua.it\/Agliana\/wp-json\/wp\/v2\/tags?post=5493"}],"curies":[{"name":"wp","href":"https:\/\/api.w.org\/{rel}","templated":true}]}}