{"id":5594,"date":"2019-06-12T10:43:48","date_gmt":"2019-06-12T08:43:48","guid":{"rendered":"https:\/\/www.noidiqua.it\/Agliana\/?p=5594"},"modified":"2022-01-13T12:38:04","modified_gmt":"2022-01-13T11:38:04","slug":"lettera-aperta-al-sindaco","status":"publish","type":"post","link":"https:\/\/www.noidiqua.it\/Agliana\/lettera-aperta-al-sindaco\/","title":{"rendered":"Lettera aperta al nuovo sindaco"},"content":{"rendered":"<p><em>di Piera Salvi<\/em><\/p>\n<p><i>giugno 2019<\/i><\/p>\n<p><a href=\"https:\/\/www.noidiqua.it\/Agliana\/wp-content\/uploads\/2019\/06\/LETTERA-APERTA-5.png\" rel=\"wp-prettyPhoto[5594]\"><img loading=\"lazy\" decoding=\"async\" class=\"aligncenter size-full wp-image-6579\" src=\"https:\/\/www.noidiqua.it\/Agliana\/wp-content\/uploads\/2019\/06\/LETTERA-APERTA-5.png\" alt=\"\" width=\"450\" height=\"253\" srcset=\"https:\/\/www.noidiqua.it\/Agliana\/wp-content\/uploads\/2019\/06\/LETTERA-APERTA-5.png 450w, https:\/\/www.noidiqua.it\/Agliana\/wp-content\/uploads\/2019\/06\/LETTERA-APERTA-5-300x169.png 300w\" sizes=\"auto, (max-width: 450px) 100vw, 450px\" \/><\/a><\/p>\n<p><span class=\"s1\">In questo numero salutiamo l\u2019ex sindaco Giacomo Mangoni, che per cinque anni ha guidato l\u2019amministrazione comunale di Agliana e <b>diamo il benvenuto a Luca Benesperi<\/b>, eletto nuovo sindaco al ballottaggio del 9 giugno scorso con Massimo Vannuccini. Per la prima volta gli elettori aglianesi hanno scelto il proprio sindaco al ballottaggio e hanno segnato una svolta storica: in oltre settant\u2019anni questa sar\u00e0 la prima amministrazione di centrodestra al governo di Agliana. <\/span><\/p>\n<p>&nbsp;<\/p>\n<p>&nbsp;<\/p>\n<p class=\"p3\" style=\"text-align: justify;\"><span class=\"s2\">Caro sindaco, innanzitutto le auguriamo buon lavoro per i prossimi cinque anni, insieme alla giunta e a tutto il consiglio comunale. <b>Sperando le sia utile, pubblichiamo su Noidiqua un piccolo promemoria, che riassume le richieste che abbiamo raccolto dai cittadini in vista delle elezioni comunali 2019, riprendendo anche le questioni per le quali, <a href=\"https:\/\/www.noidiqua.it\/Agliana\/i-problemi-da-risolvere-per-il-nuovo-sindaco\/\">gi\u00e0 alle elezioni 2014<\/a>, gli aglianesi chiedevano soluzioni e che restano ancora irrisolte<\/b>.<\/span><\/p>\n<p class=\"p3\" style=\"text-align: justify;\"><span class=\"s1\">C\u2019\u00e8 attesa per la conclusione dei lavori del nido comunale Il Glicine e per trovare una sede adeguata e definitiva alla biblioteca Angela Marcesini. L\u2019ambiente, con l\u2019abbandono incivile dei rifiuti, l\u2019inceneritore e altre ditte insalubri,<b> erano cinque anni fa, come oggi, tra i problemi pi\u00f9 sentiti<\/b>. <\/span><\/p>\n<p class=\"p3\" style=\"text-align: justify;\"><span class=\"s1\">Contro l\u2019abbandono dei rifiuti sono state installate nei mesi scorsi telecamere mobili, ma non si riscontrano miglioramenti, non c\u2019\u00e8 una tempestiva rimozione e questo favorisce il proliferare di discariche a cielo aperto.<b> I cittadini invitano il sindaco a sollecitare Alia per la veloce rimozione dei materiali abbandonati, perch\u00e9 il degrado favorisce ulteriore degrado<\/b>, ma anche a intensificare i controlli e sanzionare i trasgressori.<\/span><\/p>\n<p class=\"p3\" style=\"text-align: justify;\"><span class=\"s1\">Le persone sanno che la chiusura dell\u2019inceneritore non pu\u00f2 dipendere solo dal sindaco di Agliana, ma al primo cittadino chiedono il massimo impegno per la chiusura nel 2023, a scadenza del mutuo come sarebbe previsto. <b>Per\u00f2 mancano pochi anni, non c\u2019\u00e8 un piano di dismissione n\u00e9 un progetto di riconversione e temono che la mancata costruzione del nuovo impianto di Case Passerini possa allungare la vita di quello di Montale<\/b>.\u00a0<\/span><\/p>\n<p class=\"p3\" style=\"text-align: justify;\"><span class=\"s1\">Sindaco, gli aglianesi sono stufi di subire da oltre quarant\u2019anni le emissioni dell\u2019inceneritore, con tutti i rischi connessi alla salute, a cui si aggiunge un\u2019indagine epidemiologica mai conclusa. Poi c&#8217;\u00e8 la tariffa puntuale (chi pi\u00f9 differenzia meno paga) che non \u00e8 stata introdotta, anzi <b>la tassa sui rifiuti cresce ogni anno, oltretutto senza nessun ristoro ambientale, che \u00e8 stato assegnato solo a Montale<\/b>, nel cui territorio \u00e8 ubicato l\u2019impianto, che per\u00f2 ha ricadute anche nell\u2019area limitrofa. Ora tocca a lei impegnarsi per dare risposte concrete.<\/span><\/p>\n<p><a href=\"https:\/\/www.noidiqua.it\/Agliana\/wp-content\/uploads\/2019\/06\/LETTERA-APERTA-3.png\" rel=\"wp-prettyPhoto[5594]\"><img loading=\"lazy\" decoding=\"async\" class=\"aligncenter size-full wp-image-6577\" src=\"https:\/\/www.noidiqua.it\/Agliana\/wp-content\/uploads\/2019\/06\/LETTERA-APERTA-3.png\" alt=\"\" width=\"450\" height=\"298\" srcset=\"https:\/\/www.noidiqua.it\/Agliana\/wp-content\/uploads\/2019\/06\/LETTERA-APERTA-3.png 450w, https:\/\/www.noidiqua.it\/Agliana\/wp-content\/uploads\/2019\/06\/LETTERA-APERTA-3-300x199.png 300w\" sizes=\"auto, (max-width: 450px) 100vw, 450px\" \/><\/a><\/p>\n<p><span class=\"s1\">Le perdite dell\u2019acquedotto, nonostante alcuni interventi fatti da Publiacqua, come la sostituzione della rete idrica sulle vie Selva e Lavagnini, \u00e8 un problema che passa da un\u2019amministrazione all\u2019altra, anche quella appena insediata dovr\u00e0 sollecitare il gestore della rete idrica a porre fine alle infinite rotture dei tubi con spreco di acqua e, talvolta, con famiglie e aziende che restano con i rubinetti a secco. <b>Fondamentale \u00e8 anche provvedere a realizzare adeguati ed efficienti impianti di depurazione<\/b>. Gli aglianesi chiedono costante attenzione alla manutenzione dei corsi d\u2019acqua e al taglio della vegetazione, monitoraggi sulla qualit\u00e0 dell\u2019aria, con centraline nei punti pi\u00f9 critici, dove insistono aziende insalubri. <\/span><\/p>\n<p><span class=\"s2\">Per la sicurezza idrogeologica uno degli auspici \u00e8 la veloce realizzazione della<b> cassa di contenimento sul Settola che, finalmente, \u00e8 stata finanziata dalla Regione<\/b>.<\/span><\/p>\n<p><span class=\"s1\"><b>Chiedono una viabilit\u00e0 pi\u00f9 sicura, a partire dalla manutenzione delle strade e dei marciapiedi, con abbattimento delle barriere architettoniche e percorsi in sicurezza per anziani, disabili, pedoni e ciclisti<\/b>. Diverse persone sollecitano anche un accesso pi\u00f9 sicuro all\u2019area Bellucci per il mercato del gioved\u00ec mattina, dove l\u2019ingresso a doppio senso per le auto \u00e8 stretto e pericoloso. Numerose le proteste per il dissesto di tante strade. Per molti aglianesi, anche se piazza Gramsci non \u00e8 bella, le principali risorse devono essere investite per mettere in sicurezza le strade.<\/span><\/p>\n<p><span class=\"s1\"><b>A proposito, \u00e8 molto sentito anche il tema della sicurezza pubblica, in particolare dalle persone anziane, che hanno sempre pi\u00f9 paura d\u2019intrusioni dei ladri nelle case e scippi per strada<\/b>. E non mancano gli atti vandalici. Si chiede al nuovo sindaco di aumentare la videosorveglianza nei luoghi pubblici, d\u2019impegnarsi con le forze dell\u2019ordine per intensificare i controlli, in particolare di notte. Gli anziani chiedono al primo cittadino anche di creare luoghi di socializzazione per la terza et\u00e0. <\/span><\/p>\n<p><span class=\"s1\"><b>A Benesperi i cittadini chiedono maggiore attenzione alle periferie<\/b>, dove si pagano ugualmente le tasse ma con meno servizi e subendo anche i disagi che vengono dai comuni confinanti (come a Ponte dei Bini e San Michele per il depuratore pratese). <\/span><\/p>\n<p><span class=\"s1\">Per quanto riguarda le iniziative, abbiamo riscontrato in generale la richiesta di <b>meno Giugno aglianese e pi\u00f9 eventi durante tutto l\u2019anno<\/b>. <\/span><\/p>\n<p><span class=\"s1\">Insomma, caro sindaco, i cittadini di Agliana le hanno offerto la bicicletta e per i prossimi cinque anni avr\u00e0 sicuramente da pedalare&#8230;<\/span><\/p>\n<p>&nbsp;<\/p>\n<p>&nbsp;<\/p>\n<p>&nbsp;<\/p>\n<p>&nbsp;<\/p>\n<p>&nbsp;<\/p>","protected":false},"excerpt":{"rendered":"<p>di Piera Salvi giugno 2019 In questo numero salutiamo l\u2019ex sindaco Giacomo Mangoni, che per cinque anni ha guidato l\u2019amministrazione comunale di Agliana e diamo il benvenuto a Luca Benesperi, eletto nuovo sindaco al ballottaggio del 9 giugno scorso con Massimo Vannuccini. Per la prima volta gli [&hellip;]<\/p>","protected":false},"author":13,"featured_media":0,"comment_status":"open","ping_status":"open","sticky":false,"template":"","format":"standard","meta":{"footnotes":""},"categories":[2,16],"tags":[1577,2106,2105,326,822,2108,2104,810,1036,2107,1663,976],"class_list":["post-5594","post","type-post","status-publish","format-standard","hentry","category-ag","category-storia-qt","tag-alia","tag-case-passerini","tag-elettori-aglianesi","tag-giacomo-mangoni","tag-il-glicine","tag-impianti-di-depurazione","tag-luca-benesperi","tag-massimo-vannuccini","tag-mt","tag-perdite-dellacquedotto","tag-rete-idrica","tag-settola"],"yoast_head":"<!-- This site is optimized with the Yoast SEO plugin v25.5 - https:\/\/yoast.com\/wordpress\/plugins\/seo\/ -->\n<title>Lettera aperta al nuovo sindaco - Noi di Qua Testata giornalistica e di attualit\u00e0 di Agliana, Montale e Quarrata.<\/title>\n<meta name=\"robots\" content=\"index, follow, max-snippet:-1, max-image-preview:large, max-video-preview:-1\" \/>\n<link rel=\"canonical\" href=\"https:\/\/www.noidiqua.it\/Agliana\/lettera-aperta-al-sindaco\/\" \/>\n<meta property=\"og:locale\" content=\"it_IT\" \/>\n<meta property=\"og:type\" content=\"article\" \/>\n<meta property=\"og:title\" content=\"Lettera aperta al nuovo sindaco - Noi di Qua Testata giornalistica e di attualit\u00e0 di Agliana, Montale e Quarrata.\" \/>\n<meta property=\"og:description\" content=\"di Piera Salvi giugno 2019 In questo numero salutiamo l\u2019ex sindaco Giacomo Mangoni, che per cinque anni ha guidato l\u2019amministrazione comunale di Agliana e diamo il benvenuto a Luca Benesperi, eletto nuovo sindaco al ballottaggio del 9 giugno scorso con Massimo Vannuccini. Per la prima volta gli [&hellip;]\" \/>\n<meta property=\"og:url\" content=\"https:\/\/www.noidiqua.it\/Agliana\/lettera-aperta-al-sindaco\/\" \/>\n<meta property=\"og:site_name\" content=\"Noi di Qua Testata giornalistica e di attualit\u00e0 di Agliana, Montale e Quarrata.\" \/>\n<meta property=\"article:publisher\" content=\"https:\/\/www.facebook.com\/noidiqua.trimestrale\/\" \/>\n<meta property=\"article:published_time\" content=\"2019-06-12T08:43:48+00:00\" \/>\n<meta property=\"article:modified_time\" content=\"2022-01-13T11:38:04+00:00\" \/>\n<meta property=\"og:image\" content=\"https:\/\/www.noidiqua.it\/Agliana\/wp-content\/uploads\/2019\/06\/LETTERA-APERTA-5.png\" \/>\n<meta name=\"author\" content=\"Piera Salvi\" \/>\n<meta name=\"twitter:label1\" content=\"Scritto da\" \/>\n\t<meta name=\"twitter:data1\" content=\"Piera Salvi\" \/>\n\t<meta name=\"twitter:label2\" content=\"Tempo di lettura stimato\" \/>\n\t<meta name=\"twitter:data2\" content=\"4 minuti\" \/>\n<script type=\"application\/ld+json\" class=\"yoast-schema-graph\">{\"@context\":\"https:\/\/schema.org\",\"@graph\":[{\"@type\":\"WebPage\",\"@id\":\"https:\/\/www.noidiqua.it\/Agliana\/lettera-aperta-al-sindaco\/\",\"url\":\"https:\/\/www.noidiqua.it\/Agliana\/lettera-aperta-al-sindaco\/\",\"name\":\"Lettera aperta al nuovo sindaco - Noi di Qua Testata giornalistica e di attualit\u00e0 di Agliana, Montale e Quarrata.\",\"isPartOf\":{\"@id\":\"https:\/\/www.noidiqua.it\/Agliana\/#website\"},\"primaryImageOfPage\":{\"@id\":\"https:\/\/www.noidiqua.it\/Agliana\/lettera-aperta-al-sindaco\/#primaryimage\"},\"image\":{\"@id\":\"https:\/\/www.noidiqua.it\/Agliana\/lettera-aperta-al-sindaco\/#primaryimage\"},\"thumbnailUrl\":\"https:\/\/www.noidiqua.it\/Agliana\/wp-content\/uploads\/2019\/06\/LETTERA-APERTA-5.png\",\"datePublished\":\"2019-06-12T08:43:48+00:00\",\"dateModified\":\"2022-01-13T11:38:04+00:00\",\"author\":{\"@id\":\"https:\/\/www.noidiqua.it\/Agliana\/#\/schema\/person\/bb7515c2330bb1137f247276096fa7dc\"},\"breadcrumb\":{\"@id\":\"https:\/\/www.noidiqua.it\/Agliana\/lettera-aperta-al-sindaco\/#breadcrumb\"},\"inLanguage\":\"it-IT\",\"potentialAction\":[{\"@type\":\"ReadAction\",\"target\":[\"https:\/\/www.noidiqua.it\/Agliana\/lettera-aperta-al-sindaco\/\"]}]},{\"@type\":\"ImageObject\",\"inLanguage\":\"it-IT\",\"@id\":\"https:\/\/www.noidiqua.it\/Agliana\/lettera-aperta-al-sindaco\/#primaryimage\",\"url\":\"https:\/\/www.noidiqua.it\/Agliana\/wp-content\/uploads\/2019\/06\/LETTERA-APERTA-5.png\",\"contentUrl\":\"https:\/\/www.noidiqua.it\/Agliana\/wp-content\/uploads\/2019\/06\/LETTERA-APERTA-5.png\",\"width\":450,\"height\":253},{\"@type\":\"BreadcrumbList\",\"@id\":\"https:\/\/www.noidiqua.it\/Agliana\/lettera-aperta-al-sindaco\/#breadcrumb\",\"itemListElement\":[{\"@type\":\"ListItem\",\"position\":1,\"name\":\"Home\",\"item\":\"https:\/\/www.noidiqua.it\/Agliana\/\"},{\"@type\":\"ListItem\",\"position\":2,\"name\":\"Lettera aperta al nuovo sindaco\"}]},{\"@type\":\"WebSite\",\"@id\":\"https:\/\/www.noidiqua.it\/Agliana\/#website\",\"url\":\"https:\/\/www.noidiqua.it\/Agliana\/\",\"name\":\"Noi di Qua Testata giornalistica e di attualit\u00e0 di Agliana, Montale e Quarrata.\",\"description\":\"Testata Giornalistica Quarrata Montale Agliana\",\"potentialAction\":[{\"@type\":\"SearchAction\",\"target\":{\"@type\":\"EntryPoint\",\"urlTemplate\":\"https:\/\/www.noidiqua.it\/Agliana\/?s={search_term_string}\"},\"query-input\":{\"@type\":\"PropertyValueSpecification\",\"valueRequired\":true,\"valueName\":\"search_term_string\"}}],\"inLanguage\":\"it-IT\"},{\"@type\":\"Person\",\"@id\":\"https:\/\/www.noidiqua.it\/Agliana\/#\/schema\/person\/bb7515c2330bb1137f247276096fa7dc\",\"name\":\"Piera Salvi\",\"image\":{\"@type\":\"ImageObject\",\"inLanguage\":\"it-IT\",\"@id\":\"https:\/\/www.noidiqua.it\/Agliana\/#\/schema\/person\/image\/\",\"url\":\"https:\/\/secure.gravatar.com\/avatar\/2f9b1fb6e13f3b3e63bde435d999a73be036e320f7a0f5f32f9ac21859d999cd?s=96&d=mm&r=g\",\"contentUrl\":\"https:\/\/secure.gravatar.com\/avatar\/2f9b1fb6e13f3b3e63bde435d999a73be036e320f7a0f5f32f9ac21859d999cd?s=96&d=mm&r=g\",\"caption\":\"Piera Salvi\"},\"url\":\"https:\/\/www.noidiqua.it\/Agliana\/author\/piera-salvi\/\"}]}<\/script>\n<!-- \/ Yoast SEO plugin. -->","yoast_head_json":{"title":"Lettera aperta al nuovo sindaco - Noi di Qua Testata giornalistica e di attualit\u00e0 di Agliana, Montale e Quarrata.","robots":{"index":"index","follow":"follow","max-snippet":"max-snippet:-1","max-image-preview":"max-image-preview:large","max-video-preview":"max-video-preview:-1"},"canonical":"https:\/\/www.noidiqua.it\/Agliana\/lettera-aperta-al-sindaco\/","og_locale":"it_IT","og_type":"article","og_title":"Lettera aperta al nuovo sindaco - Noi di Qua Testata giornalistica e di attualit\u00e0 di Agliana, Montale e Quarrata.","og_description":"di Piera Salvi giugno 2019 In questo numero salutiamo l\u2019ex sindaco Giacomo Mangoni, che per cinque anni ha guidato l\u2019amministrazione comunale di Agliana e diamo il benvenuto a Luca Benesperi, eletto nuovo sindaco al ballottaggio del 9 giugno scorso con Massimo Vannuccini. Per la prima volta gli [&hellip;]","og_url":"https:\/\/www.noidiqua.it\/Agliana\/lettera-aperta-al-sindaco\/","og_site_name":"Noi di Qua Testata giornalistica e di attualit\u00e0 di Agliana, Montale e Quarrata.","article_publisher":"https:\/\/www.facebook.com\/noidiqua.trimestrale\/","article_published_time":"2019-06-12T08:43:48+00:00","article_modified_time":"2022-01-13T11:38:04+00:00","og_image":[{"url":"https:\/\/www.noidiqua.it\/Agliana\/wp-content\/uploads\/2019\/06\/LETTERA-APERTA-5.png","type":"","width":"","height":""}],"author":"Piera Salvi","twitter_misc":{"Scritto da":"Piera Salvi","Tempo di lettura stimato":"4 minuti"},"schema":{"@context":"https:\/\/schema.org","@graph":[{"@type":"WebPage","@id":"https:\/\/www.noidiqua.it\/Agliana\/lettera-aperta-al-sindaco\/","url":"https:\/\/www.noidiqua.it\/Agliana\/lettera-aperta-al-sindaco\/","name":"Lettera aperta al nuovo sindaco - Noi di Qua Testata giornalistica e di attualit\u00e0 di Agliana, Montale e Quarrata.","isPartOf":{"@id":"https:\/\/www.noidiqua.it\/Agliana\/#website"},"primaryImageOfPage":{"@id":"https:\/\/www.noidiqua.it\/Agliana\/lettera-aperta-al-sindaco\/#primaryimage"},"image":{"@id":"https:\/\/www.noidiqua.it\/Agliana\/lettera-aperta-al-sindaco\/#primaryimage"},"thumbnailUrl":"https:\/\/www.noidiqua.it\/Agliana\/wp-content\/uploads\/2019\/06\/LETTERA-APERTA-5.png","datePublished":"2019-06-12T08:43:48+00:00","dateModified":"2022-01-13T11:38:04+00:00","author":{"@id":"https:\/\/www.noidiqua.it\/Agliana\/#\/schema\/person\/bb7515c2330bb1137f247276096fa7dc"},"breadcrumb":{"@id":"https:\/\/www.noidiqua.it\/Agliana\/lettera-aperta-al-sindaco\/#breadcrumb"},"inLanguage":"it-IT","potentialAction":[{"@type":"ReadAction","target":["https:\/\/www.noidiqua.it\/Agliana\/lettera-aperta-al-sindaco\/"]}]},{"@type":"ImageObject","inLanguage":"it-IT","@id":"https:\/\/www.noidiqua.it\/Agliana\/lettera-aperta-al-sindaco\/#primaryimage","url":"https:\/\/www.noidiqua.it\/Agliana\/wp-content\/uploads\/2019\/06\/LETTERA-APERTA-5.png","contentUrl":"https:\/\/www.noidiqua.it\/Agliana\/wp-content\/uploads\/2019\/06\/LETTERA-APERTA-5.png","width":450,"height":253},{"@type":"BreadcrumbList","@id":"https:\/\/www.noidiqua.it\/Agliana\/lettera-aperta-al-sindaco\/#breadcrumb","itemListElement":[{"@type":"ListItem","position":1,"name":"Home","item":"https:\/\/www.noidiqua.it\/Agliana\/"},{"@type":"ListItem","position":2,"name":"Lettera aperta al nuovo sindaco"}]},{"@type":"WebSite","@id":"https:\/\/www.noidiqua.it\/Agliana\/#website","url":"https:\/\/www.noidiqua.it\/Agliana\/","name":"Noi di Qua Testata giornalistica e di attualit\u00e0 di Agliana, Montale e Quarrata.","description":"Testata Giornalistica Quarrata Montale Agliana","potentialAction":[{"@type":"SearchAction","target":{"@type":"EntryPoint","urlTemplate":"https:\/\/www.noidiqua.it\/Agliana\/?s={search_term_string}"},"query-input":{"@type":"PropertyValueSpecification","valueRequired":true,"valueName":"search_term_string"}}],"inLanguage":"it-IT"},{"@type":"Person","@id":"https:\/\/www.noidiqua.it\/Agliana\/#\/schema\/person\/bb7515c2330bb1137f247276096fa7dc","name":"Piera Salvi","image":{"@type":"ImageObject","inLanguage":"it-IT","@id":"https:\/\/www.noidiqua.it\/Agliana\/#\/schema\/person\/image\/","url":"https:\/\/secure.gravatar.com\/avatar\/2f9b1fb6e13f3b3e63bde435d999a73be036e320f7a0f5f32f9ac21859d999cd?s=96&d=mm&r=g","contentUrl":"https:\/\/secure.gravatar.com\/avatar\/2f9b1fb6e13f3b3e63bde435d999a73be036e320f7a0f5f32f9ac21859d999cd?s=96&d=mm&r=g","caption":"Piera Salvi"},"url":"https:\/\/www.noidiqua.it\/Agliana\/author\/piera-salvi\/"}]}},"_links":{"self":[{"href":"https:\/\/www.noidiqua.it\/Agliana\/wp-json\/wp\/v2\/posts\/5594","targetHints":{"allow":["GET"]}}],"collection":[{"href":"https:\/\/www.noidiqua.it\/Agliana\/wp-json\/wp\/v2\/posts"}],"about":[{"href":"https:\/\/www.noidiqua.it\/Agliana\/wp-json\/wp\/v2\/types\/post"}],"author":[{"embeddable":true,"href":"https:\/\/www.noidiqua.it\/Agliana\/wp-json\/wp\/v2\/users\/13"}],"replies":[{"embeddable":true,"href":"https:\/\/www.noidiqua.it\/Agliana\/wp-json\/wp\/v2\/comments?post=5594"}],"version-history":[{"count":13,"href":"https:\/\/www.noidiqua.it\/Agliana\/wp-json\/wp\/v2\/posts\/5594\/revisions"}],"predecessor-version":[{"id":6580,"href":"https:\/\/www.noidiqua.it\/Agliana\/wp-json\/wp\/v2\/posts\/5594\/revisions\/6580"}],"wp:attachment":[{"href":"https:\/\/www.noidiqua.it\/Agliana\/wp-json\/wp\/v2\/media?parent=5594"}],"wp:term":[{"taxonomy":"category","embeddable":true,"href":"https:\/\/www.noidiqua.it\/Agliana\/wp-json\/wp\/v2\/categories?post=5594"},{"taxonomy":"post_tag","embeddable":true,"href":"https:\/\/www.noidiqua.it\/Agliana\/wp-json\/wp\/v2\/tags?post=5594"}],"curies":[{"name":"wp","href":"https:\/\/api.w.org\/{rel}","templated":true}]}}