{"id":5627,"date":"2019-06-12T12:17:10","date_gmt":"2019-06-12T10:17:10","guid":{"rendered":"https:\/\/www.noidiqua.it\/Agliana\/?p=5627"},"modified":"2022-01-13T12:52:54","modified_gmt":"2022-01-13T11:52:54","slug":"doni-aldo-impianti-tecnologici-70-anni-attivita","status":"publish","type":"post","link":"https:\/\/www.noidiqua.it\/Agliana\/doni-aldo-impianti-tecnologici-70-anni-attivita\/","title":{"rendered":"Doni Aldo impianti tecnologici &#8211; 70 anni di attivit\u00e0"},"content":{"rendered":"<p><em>di Piera Salvi<\/em><\/p>\n<p>giugno 2017<\/p>\n<p><a href=\"https:\/\/www.noidiqua.it\/Agliana\/wp-content\/uploads\/2019\/06\/DONI-ALDO-2.png\" rel=\"wp-prettyPhoto[5627]\"><img loading=\"lazy\" decoding=\"async\" class=\"aligncenter size-full wp-image-6592\" src=\"https:\/\/www.noidiqua.it\/Agliana\/wp-content\/uploads\/2019\/06\/DONI-ALDO-2.png\" alt=\"\" width=\"450\" height=\"324\" srcset=\"https:\/\/www.noidiqua.it\/Agliana\/wp-content\/uploads\/2019\/06\/DONI-ALDO-2.png 450w, https:\/\/www.noidiqua.it\/Agliana\/wp-content\/uploads\/2019\/06\/DONI-ALDO-2-300x216.png 300w\" sizes=\"auto, (max-width: 450px) 100vw, 450px\" \/><\/a><\/p>\n<p class=\"p1\" style=\"text-align: justify;\"><span class=\"s1\">In tempi difficili per le aziende fa piacere raccontare storie di famiglie che di generazione in generazione, si tramandano un mestiere rinnovandosi e specializzandosi per stare al passo con i tempi. <\/span><span class=\"s1\">Quella della ditta <strong>Doni Aldo<\/strong> \u00e8 una storia luminosa, non solo perch\u00e9 <strong>illuminare<\/strong> gli <strong>ambienti<\/strong> \u00e8 una professione, ma anche perch\u00e9 l\u2019azienda resiste da ben settant\u2019anni e oggi \u00e8 alla <strong>quarta generazione<\/strong>. <\/span><\/p>\n<p class=\"p1\" style=\"text-align: justify;\"><span class=\"s1\">Tutto cominci\u00f2 nel 1949, con <strong>Armeno Doni<\/strong> e i due giovani figli Aldo e Romano (gemelli), realizzando impianti elettrici e riavvolgimento di motori elettrici (era il compito di Aldo) e impianti idraulici (di cui si occupava Romano). Aldo e Romano avevano imparato il mestiere a Prato, dove andavano in due sulla bicicletta. Poi entrarono in azienda i figli di Aldo, Patrizia e Gianni e da qualche anno ci sono anche Francesco (27 anni, figlio di Gianni), Alessandro 33 anni e Veronica 34 (figli di Patrizia). Armeno, che stava in negozio e si occupava della vendita, mor\u00ec nel 1964. Successivamente Romano apr\u00ec un maglificio e l\u2019attivit\u00e0 prosegu\u00ec solo per il settore dell\u2019elettricit\u00e0. La moglie di Armeno, Tripolina, vissuta fino a 95 anni, \u00e8 stata presente in negozio fino agli ultimi giorni di vita, nel 2008. <i>\u00abIo ho cominciato giovanissima\u00bb<\/i> racconta Patrizia. <i>\u00abFu la nonna che mi volle accanto, diceva che lei era anziana. Dopo qualche anno entr\u00f2 anche Gianni\u00bb<\/i>.<\/span><\/p>\n<p><a href=\"https:\/\/www.noidiqua.it\/Agliana\/wp-content\/uploads\/2019\/06\/doni-aldo.png\" rel=\"wp-prettyPhoto[5627]\"><img loading=\"lazy\" decoding=\"async\" class=\"aligncenter size-full wp-image-6593\" src=\"https:\/\/www.noidiqua.it\/Agliana\/wp-content\/uploads\/2019\/06\/doni-aldo.png\" alt=\"\" width=\"488\" height=\"349\" srcset=\"https:\/\/www.noidiqua.it\/Agliana\/wp-content\/uploads\/2019\/06\/doni-aldo.png 488w, https:\/\/www.noidiqua.it\/Agliana\/wp-content\/uploads\/2019\/06\/doni-aldo-300x215.png 300w\" sizes=\"auto, (max-width: 488px) 100vw, 488px\" \/><\/a><\/p>\n<p>&nbsp;<\/p>\n<p class=\"p1\" style=\"text-align: justify;\"><span class=\"s1\">La ditta Doni inizi\u00f2 l\u2019attivit\u00e0 nella frazione della<strong> Catena<\/strong> di Agliana, dove abitava la famiglia, poi si trasfer\u00ec in via Matteotti. Il negozio, con vasto assortimento di lampadari, <strong>elettrodomestici<\/strong>, <strong>radio<\/strong> e Tv, venne rinnovato negli anni Settanta. Il settore nel tempo \u00e8 notevolmente cambiato. <i>\u00abE&#8217; diventato pi\u00f9 impegnativo rispetto al passato\u00bb<\/i> dicono Gianni e Patrizia. <i>\u00abCon l\u2019avvento della grande distribuzione e successivamente con le vendite tramite Internet, abbiamo gradualmente ridotto l\u2019attivit\u00e0 in negozio e ci siamo concentrati nella specializzazione di impianti tecnologici\u00bb<\/i>. <i>\u00abIo mi sono appassionato a questo lavoro stimolato dal nonno Aldo\u00bb<\/i> racconta Alessandro. L\u2019azienda progetta, realizza e gestisce la manutenzione d\u2019<strong>impianti illuminotecnici<\/strong> interni e esterni. <\/span><\/p>\n<p class=\"p1\" style=\"text-align: justify;\"><span class=\"s1\">Nella lunga storia della Doni Aldo 1949, ci sono anche diversi riconoscimenti, dall\u2019<strong>Aglio d\u2019argento<\/strong> (nel 2010) assegnato dal comune di Agliana e dalla Consulta dell\u2019economia e del lavoro alle aziende locali che si erano evidenziate per qualit\u00e0 e tradizione, a riconoscimenti della Camera di commercio e di Confcommercio. Sia Aldo che Gianni si sono distinti anche per l\u2019impegno a favore della categoria, come presidenti di zona di Confcommercio: Aldo per una ventina d\u2019anni, Gianni \u00e8 in carica da pochi mesi. Una famiglia dal <strong>cuore neroverde<\/strong>, poich\u00e9 il loro nome \u00e8 storicamente legato all\u2019Aglianese calcio. <a href=\"https:\/\/www.noidiqua.it\/Agliana\/osvaldo-tesi-aldo-doni-due-protagonisti-dellac-aglianese\/\">Aldo \u00e8 stato un pilastro della societ\u00e0<\/a>: entr\u00f2 fra i dirigenti dell\u2019Aglianese a 16 anni, in seguito divenne vice presidente e poi presidente negli anni Ottanta. Nei primi anni Duemila, con l\u2019Aglianese in serie C, venne nominato presidente onorario e ha frequentato lo stadio fino pochi mesi prima della morte, avvenuta nel 2017. Gianni \u00e8 stato un giocatore neroverde fino al 1987 e da qualche anno \u00e8 presidente della societ\u00e0. <\/span><\/p>\n<p class=\"p3\" style=\"text-align: justify;\"><span class=\"s2\"><b>Tornando al settantesimo compleanno dell\u2019azienda, cosa vi ha fatto resistere e quali sono le maggiori soddisfazioni?<\/b> <\/span><\/p>\n<p class=\"p1\" style=\"text-align: justify;\"><span class=\"s1\"><i>\u00abLa pi\u00f9 grande soddisfazione \u00e8 quella di essere ancora qui dopo settant\u2019anni\u00bb<\/i> risponde Patrizia, <i>\u00abavere resistito alla crisi economica, soprattutto dal 2008 in poi. La nostra forza, probabilmente \u00e8 data dall\u2019essere rimasti sempre uniti\u00bb.<\/i><\/span><\/p>","protected":false},"excerpt":{"rendered":"<p>di Piera Salvi giugno 2017 In tempi difficili per le aziende fa piacere raccontare storie di famiglie che di generazione in generazione, si tramandano un mestiere rinnovandosi e specializzandosi per stare al passo con i tempi. Quella della ditta Doni Aldo \u00e8 una storia luminosa, non solo [&hellip;]<\/p>","protected":false},"author":13,"featured_media":0,"comment_status":"open","ping_status":"open","sticky":false,"template":"","format":"standard","meta":{"footnotes":""},"categories":[1029],"tags":[39,2139,2141,455,2145,2137,2142,2138,2144,2140,2143],"class_list":["post-5627","post","type-post","status-publish","format-standard","hentry","category-una-bella-impresa","tag-aglio-dargento","tag-ambienti","tag-armeno-doni","tag-catena","tag-cuore-neroverde","tag-doni-aldo","tag-elettrodomestici","tag-illuminare","tag-impianti-illuminotecnici","tag-quarta-generazione","tag-radio"],"yoast_head":"<!-- This site is optimized with the Yoast SEO plugin v25.5 - https:\/\/yoast.com\/wordpress\/plugins\/seo\/ -->\n<title>Doni Aldo impianti tecnologici - 70 anni di attivit\u00e0 - Noi di Qua Testata giornalistica e di attualit\u00e0 di Agliana, Montale e Quarrata.<\/title>\n<meta name=\"robots\" content=\"index, follow, max-snippet:-1, max-image-preview:large, max-video-preview:-1\" \/>\n<link rel=\"canonical\" href=\"https:\/\/www.noidiqua.it\/Agliana\/doni-aldo-impianti-tecnologici-70-anni-attivita\/\" \/>\n<meta property=\"og:locale\" content=\"it_IT\" \/>\n<meta property=\"og:type\" content=\"article\" \/>\n<meta property=\"og:title\" content=\"Doni Aldo impianti tecnologici - 70 anni di attivit\u00e0 - Noi di Qua Testata giornalistica e di attualit\u00e0 di Agliana, Montale e Quarrata.\" \/>\n<meta property=\"og:description\" content=\"di Piera Salvi giugno 2017 In tempi difficili per le aziende fa piacere raccontare storie di famiglie che di generazione in generazione, si tramandano un mestiere rinnovandosi e specializzandosi per stare al passo con i tempi. Quella della ditta Doni Aldo \u00e8 una storia luminosa, non solo [&hellip;]\" \/>\n<meta property=\"og:url\" content=\"https:\/\/www.noidiqua.it\/Agliana\/doni-aldo-impianti-tecnologici-70-anni-attivita\/\" \/>\n<meta property=\"og:site_name\" content=\"Noi di Qua Testata giornalistica e di attualit\u00e0 di Agliana, Montale e Quarrata.\" \/>\n<meta property=\"article:publisher\" content=\"https:\/\/www.facebook.com\/noidiqua.trimestrale\/\" \/>\n<meta property=\"article:published_time\" content=\"2019-06-12T10:17:10+00:00\" \/>\n<meta property=\"article:modified_time\" content=\"2022-01-13T11:52:54+00:00\" \/>\n<meta property=\"og:image\" content=\"https:\/\/www.noidiqua.it\/Agliana\/wp-content\/uploads\/2019\/06\/DONI-ALDO-2.png\" \/>\n<meta name=\"author\" content=\"Piera Salvi\" \/>\n<meta name=\"twitter:label1\" content=\"Scritto da\" \/>\n\t<meta name=\"twitter:data1\" content=\"Piera Salvi\" \/>\n\t<meta name=\"twitter:label2\" content=\"Tempo di lettura stimato\" \/>\n\t<meta name=\"twitter:data2\" content=\"3 minuti\" \/>\n<script type=\"application\/ld+json\" class=\"yoast-schema-graph\">{\"@context\":\"https:\/\/schema.org\",\"@graph\":[{\"@type\":\"WebPage\",\"@id\":\"https:\/\/www.noidiqua.it\/Agliana\/doni-aldo-impianti-tecnologici-70-anni-attivita\/\",\"url\":\"https:\/\/www.noidiqua.it\/Agliana\/doni-aldo-impianti-tecnologici-70-anni-attivita\/\",\"name\":\"Doni Aldo impianti tecnologici - 70 anni di attivit\u00e0 - Noi di Qua Testata giornalistica e di attualit\u00e0 di Agliana, Montale e Quarrata.\",\"isPartOf\":{\"@id\":\"https:\/\/www.noidiqua.it\/Agliana\/#website\"},\"primaryImageOfPage\":{\"@id\":\"https:\/\/www.noidiqua.it\/Agliana\/doni-aldo-impianti-tecnologici-70-anni-attivita\/#primaryimage\"},\"image\":{\"@id\":\"https:\/\/www.noidiqua.it\/Agliana\/doni-aldo-impianti-tecnologici-70-anni-attivita\/#primaryimage\"},\"thumbnailUrl\":\"https:\/\/www.noidiqua.it\/Agliana\/wp-content\/uploads\/2019\/06\/DONI-ALDO-2.png\",\"datePublished\":\"2019-06-12T10:17:10+00:00\",\"dateModified\":\"2022-01-13T11:52:54+00:00\",\"author\":{\"@id\":\"https:\/\/www.noidiqua.it\/Agliana\/#\/schema\/person\/bb7515c2330bb1137f247276096fa7dc\"},\"breadcrumb\":{\"@id\":\"https:\/\/www.noidiqua.it\/Agliana\/doni-aldo-impianti-tecnologici-70-anni-attivita\/#breadcrumb\"},\"inLanguage\":\"it-IT\",\"potentialAction\":[{\"@type\":\"ReadAction\",\"target\":[\"https:\/\/www.noidiqua.it\/Agliana\/doni-aldo-impianti-tecnologici-70-anni-attivita\/\"]}]},{\"@type\":\"ImageObject\",\"inLanguage\":\"it-IT\",\"@id\":\"https:\/\/www.noidiqua.it\/Agliana\/doni-aldo-impianti-tecnologici-70-anni-attivita\/#primaryimage\",\"url\":\"https:\/\/www.noidiqua.it\/Agliana\/wp-content\/uploads\/2019\/06\/DONI-ALDO-2.png\",\"contentUrl\":\"https:\/\/www.noidiqua.it\/Agliana\/wp-content\/uploads\/2019\/06\/DONI-ALDO-2.png\",\"width\":450,\"height\":324},{\"@type\":\"BreadcrumbList\",\"@id\":\"https:\/\/www.noidiqua.it\/Agliana\/doni-aldo-impianti-tecnologici-70-anni-attivita\/#breadcrumb\",\"itemListElement\":[{\"@type\":\"ListItem\",\"position\":1,\"name\":\"Home\",\"item\":\"https:\/\/www.noidiqua.it\/Agliana\/\"},{\"@type\":\"ListItem\",\"position\":2,\"name\":\"Doni Aldo impianti tecnologici &#8211; 70 anni di attivit\u00e0\"}]},{\"@type\":\"WebSite\",\"@id\":\"https:\/\/www.noidiqua.it\/Agliana\/#website\",\"url\":\"https:\/\/www.noidiqua.it\/Agliana\/\",\"name\":\"Noi di Qua Testata giornalistica e di attualit\u00e0 di Agliana, Montale e Quarrata.\",\"description\":\"Testata Giornalistica Quarrata Montale Agliana\",\"potentialAction\":[{\"@type\":\"SearchAction\",\"target\":{\"@type\":\"EntryPoint\",\"urlTemplate\":\"https:\/\/www.noidiqua.it\/Agliana\/?s={search_term_string}\"},\"query-input\":{\"@type\":\"PropertyValueSpecification\",\"valueRequired\":true,\"valueName\":\"search_term_string\"}}],\"inLanguage\":\"it-IT\"},{\"@type\":\"Person\",\"@id\":\"https:\/\/www.noidiqua.it\/Agliana\/#\/schema\/person\/bb7515c2330bb1137f247276096fa7dc\",\"name\":\"Piera Salvi\",\"image\":{\"@type\":\"ImageObject\",\"inLanguage\":\"it-IT\",\"@id\":\"https:\/\/www.noidiqua.it\/Agliana\/#\/schema\/person\/image\/\",\"url\":\"https:\/\/secure.gravatar.com\/avatar\/2f9b1fb6e13f3b3e63bde435d999a73be036e320f7a0f5f32f9ac21859d999cd?s=96&d=mm&r=g\",\"contentUrl\":\"https:\/\/secure.gravatar.com\/avatar\/2f9b1fb6e13f3b3e63bde435d999a73be036e320f7a0f5f32f9ac21859d999cd?s=96&d=mm&r=g\",\"caption\":\"Piera Salvi\"},\"url\":\"https:\/\/www.noidiqua.it\/Agliana\/author\/piera-salvi\/\"}]}<\/script>\n<!-- \/ Yoast SEO plugin. -->","yoast_head_json":{"title":"Doni Aldo impianti tecnologici - 70 anni di attivit\u00e0 - Noi di Qua Testata giornalistica e di attualit\u00e0 di Agliana, Montale e Quarrata.","robots":{"index":"index","follow":"follow","max-snippet":"max-snippet:-1","max-image-preview":"max-image-preview:large","max-video-preview":"max-video-preview:-1"},"canonical":"https:\/\/www.noidiqua.it\/Agliana\/doni-aldo-impianti-tecnologici-70-anni-attivita\/","og_locale":"it_IT","og_type":"article","og_title":"Doni Aldo impianti tecnologici - 70 anni di attivit\u00e0 - Noi di Qua Testata giornalistica e di attualit\u00e0 di Agliana, Montale e Quarrata.","og_description":"di Piera Salvi giugno 2017 In tempi difficili per le aziende fa piacere raccontare storie di famiglie che di generazione in generazione, si tramandano un mestiere rinnovandosi e specializzandosi per stare al passo con i tempi. Quella della ditta Doni Aldo \u00e8 una storia luminosa, non solo [&hellip;]","og_url":"https:\/\/www.noidiqua.it\/Agliana\/doni-aldo-impianti-tecnologici-70-anni-attivita\/","og_site_name":"Noi di Qua Testata giornalistica e di attualit\u00e0 di Agliana, Montale e Quarrata.","article_publisher":"https:\/\/www.facebook.com\/noidiqua.trimestrale\/","article_published_time":"2019-06-12T10:17:10+00:00","article_modified_time":"2022-01-13T11:52:54+00:00","og_image":[{"url":"https:\/\/www.noidiqua.it\/Agliana\/wp-content\/uploads\/2019\/06\/DONI-ALDO-2.png","type":"","width":"","height":""}],"author":"Piera Salvi","twitter_misc":{"Scritto da":"Piera Salvi","Tempo di lettura stimato":"3 minuti"},"schema":{"@context":"https:\/\/schema.org","@graph":[{"@type":"WebPage","@id":"https:\/\/www.noidiqua.it\/Agliana\/doni-aldo-impianti-tecnologici-70-anni-attivita\/","url":"https:\/\/www.noidiqua.it\/Agliana\/doni-aldo-impianti-tecnologici-70-anni-attivita\/","name":"Doni Aldo impianti tecnologici - 70 anni di attivit\u00e0 - Noi di Qua Testata giornalistica e di attualit\u00e0 di Agliana, Montale e Quarrata.","isPartOf":{"@id":"https:\/\/www.noidiqua.it\/Agliana\/#website"},"primaryImageOfPage":{"@id":"https:\/\/www.noidiqua.it\/Agliana\/doni-aldo-impianti-tecnologici-70-anni-attivita\/#primaryimage"},"image":{"@id":"https:\/\/www.noidiqua.it\/Agliana\/doni-aldo-impianti-tecnologici-70-anni-attivita\/#primaryimage"},"thumbnailUrl":"https:\/\/www.noidiqua.it\/Agliana\/wp-content\/uploads\/2019\/06\/DONI-ALDO-2.png","datePublished":"2019-06-12T10:17:10+00:00","dateModified":"2022-01-13T11:52:54+00:00","author":{"@id":"https:\/\/www.noidiqua.it\/Agliana\/#\/schema\/person\/bb7515c2330bb1137f247276096fa7dc"},"breadcrumb":{"@id":"https:\/\/www.noidiqua.it\/Agliana\/doni-aldo-impianti-tecnologici-70-anni-attivita\/#breadcrumb"},"inLanguage":"it-IT","potentialAction":[{"@type":"ReadAction","target":["https:\/\/www.noidiqua.it\/Agliana\/doni-aldo-impianti-tecnologici-70-anni-attivita\/"]}]},{"@type":"ImageObject","inLanguage":"it-IT","@id":"https:\/\/www.noidiqua.it\/Agliana\/doni-aldo-impianti-tecnologici-70-anni-attivita\/#primaryimage","url":"https:\/\/www.noidiqua.it\/Agliana\/wp-content\/uploads\/2019\/06\/DONI-ALDO-2.png","contentUrl":"https:\/\/www.noidiqua.it\/Agliana\/wp-content\/uploads\/2019\/06\/DONI-ALDO-2.png","width":450,"height":324},{"@type":"BreadcrumbList","@id":"https:\/\/www.noidiqua.it\/Agliana\/doni-aldo-impianti-tecnologici-70-anni-attivita\/#breadcrumb","itemListElement":[{"@type":"ListItem","position":1,"name":"Home","item":"https:\/\/www.noidiqua.it\/Agliana\/"},{"@type":"ListItem","position":2,"name":"Doni Aldo impianti tecnologici &#8211; 70 anni di attivit\u00e0"}]},{"@type":"WebSite","@id":"https:\/\/www.noidiqua.it\/Agliana\/#website","url":"https:\/\/www.noidiqua.it\/Agliana\/","name":"Noi di Qua Testata giornalistica e di attualit\u00e0 di Agliana, Montale e Quarrata.","description":"Testata Giornalistica Quarrata Montale Agliana","potentialAction":[{"@type":"SearchAction","target":{"@type":"EntryPoint","urlTemplate":"https:\/\/www.noidiqua.it\/Agliana\/?s={search_term_string}"},"query-input":{"@type":"PropertyValueSpecification","valueRequired":true,"valueName":"search_term_string"}}],"inLanguage":"it-IT"},{"@type":"Person","@id":"https:\/\/www.noidiqua.it\/Agliana\/#\/schema\/person\/bb7515c2330bb1137f247276096fa7dc","name":"Piera Salvi","image":{"@type":"ImageObject","inLanguage":"it-IT","@id":"https:\/\/www.noidiqua.it\/Agliana\/#\/schema\/person\/image\/","url":"https:\/\/secure.gravatar.com\/avatar\/2f9b1fb6e13f3b3e63bde435d999a73be036e320f7a0f5f32f9ac21859d999cd?s=96&d=mm&r=g","contentUrl":"https:\/\/secure.gravatar.com\/avatar\/2f9b1fb6e13f3b3e63bde435d999a73be036e320f7a0f5f32f9ac21859d999cd?s=96&d=mm&r=g","caption":"Piera Salvi"},"url":"https:\/\/www.noidiqua.it\/Agliana\/author\/piera-salvi\/"}]}},"_links":{"self":[{"href":"https:\/\/www.noidiqua.it\/Agliana\/wp-json\/wp\/v2\/posts\/5627","targetHints":{"allow":["GET"]}}],"collection":[{"href":"https:\/\/www.noidiqua.it\/Agliana\/wp-json\/wp\/v2\/posts"}],"about":[{"href":"https:\/\/www.noidiqua.it\/Agliana\/wp-json\/wp\/v2\/types\/post"}],"author":[{"embeddable":true,"href":"https:\/\/www.noidiqua.it\/Agliana\/wp-json\/wp\/v2\/users\/13"}],"replies":[{"embeddable":true,"href":"https:\/\/www.noidiqua.it\/Agliana\/wp-json\/wp\/v2\/comments?post=5627"}],"version-history":[{"count":6,"href":"https:\/\/www.noidiqua.it\/Agliana\/wp-json\/wp\/v2\/posts\/5627\/revisions"}],"predecessor-version":[{"id":6595,"href":"https:\/\/www.noidiqua.it\/Agliana\/wp-json\/wp\/v2\/posts\/5627\/revisions\/6595"}],"wp:attachment":[{"href":"https:\/\/www.noidiqua.it\/Agliana\/wp-json\/wp\/v2\/media?parent=5627"}],"wp:term":[{"taxonomy":"category","embeddable":true,"href":"https:\/\/www.noidiqua.it\/Agliana\/wp-json\/wp\/v2\/categories?post=5627"},{"taxonomy":"post_tag","embeddable":true,"href":"https:\/\/www.noidiqua.it\/Agliana\/wp-json\/wp\/v2\/tags?post=5627"}],"curies":[{"name":"wp","href":"https:\/\/api.w.org\/{rel}","templated":true}]}}