{"id":5632,"date":"2019-06-12T12:27:46","date_gmt":"2019-06-12T10:27:46","guid":{"rendered":"https:\/\/www.noidiqua.it\/Agliana\/?p=5632"},"modified":"2022-01-13T12:56:00","modified_gmt":"2022-01-13T11:56:00","slug":"dario-salvini-ingegnere-marittimo","status":"publish","type":"post","link":"https:\/\/www.noidiqua.it\/Agliana\/dario-salvini-ingegnere-marittimo\/","title":{"rendered":"Dario Salvini &#8211; ingegnere marittimo"},"content":{"rendered":"<p><em>di Serena Michelozzi<br \/>\n<\/em><\/p>\n<p><em>giugno 2019<\/em><\/p>\n<p><a href=\"https:\/\/www.noidiqua.it\/Agliana\/wp-content\/uploads\/2019\/06\/DARIO-SALVINI-.png\" rel=\"wp-prettyPhoto[5632]\"><img loading=\"lazy\" decoding=\"async\" class=\"aligncenter  wp-image-6596\" src=\"https:\/\/www.noidiqua.it\/Agliana\/wp-content\/uploads\/2019\/06\/DARIO-SALVINI-.png\" alt=\"\" width=\"477\" height=\"336\" srcset=\"https:\/\/www.noidiqua.it\/Agliana\/wp-content\/uploads\/2019\/06\/DARIO-SALVINI-.png 940w, https:\/\/www.noidiqua.it\/Agliana\/wp-content\/uploads\/2019\/06\/DARIO-SALVINI--300x211.png 300w, https:\/\/www.noidiqua.it\/Agliana\/wp-content\/uploads\/2019\/06\/DARIO-SALVINI--768x541.png 768w, https:\/\/www.noidiqua.it\/Agliana\/wp-content\/uploads\/2019\/06\/DARIO-SALVINI--640x451.png 640w\" sizes=\"auto, (max-width: 477px) 100vw, 477px\" \/><\/a><\/p>\n<p>&nbsp;<\/p>\n<p class=\"p1\" style=\"text-align: justify;\"><span class=\"s1\">Agliana, come noto, \u00e8 una cittadina toscana situata nella piana pistoiese, e non \u00e8 certamente un posto di mare o di porti. Le principali \u201czone di acqua\u201d sono la \u201climpidissima\u201d Bure, oppure il lago del <strong>Parco Pertini<\/strong>\u2026 insomma per giungere alla zona di mare pi\u00f9 vicina si deve andare in Versilia!\u00a0<\/span><span class=\"s1\">Eppure, nonostante le sue tipiche caratteristiche di centro-terra, Agliana ha dato i natali all&#8217;<strong>ingegnere marittimo<\/strong> (per intendersi, <strong>ingegnere di porti<\/strong>), <strong>Dario Salvini<\/strong>.<\/span><\/p>\n<p class=\"p1\" style=\"text-align: justify;\"><span class=\"s1\">L\u2019Ing. Salvini, classe \u201989, \u00e8 un giovane ingegnere civile marittimo che, sin da ragazzo, ha dimostrato un forte interesse per una formazione di tipo tecnico: <i>\u00abLa mia passione per l\u2019ingegneria,\u00bb<\/i> ci racconta Dario<i> \u00abinizialmente, \u00e8 derivata dall\u2019influenza che su di me hanno avuto i mestieri esercitati dai miei zii, rispettivamente architetto e geometra. Alle superiori mi sono iscritto all\u2019Istituto Tecnico Statale per Geometri di Pistoia, e, gi\u00e0 a met\u00e0 percorso, sapevo che, successivamente, avrei studiato Ingegneria. Infatti, arrivato alla scelta dell\u2019indirizzo universitario, fra le varie alternative, ho optato per Ingegneria Civile, proiettandomi, negli ultimi anni di corso, sulla branca di \u201cTerritorio Geotecnico-Idraulico-Marittimo\u00bb<\/i>.\u00a0<\/span><span class=\"s1\">Durante la magistrale, Dario, ha avuto l\u2019occasione di poter collaborare con il Prof. <strong>Pierluigi Aminti<\/strong>, ingegnere marittimo molto conosciuto a livello nazionale, che gli ha fatto fare un&#8217;esperienza nel <strong>Laboratorio di ingegneria marittima<\/strong> a Firenze con il Prof. Lorenzo Cappietti. Dopo poco tempo gli \u00e8 stato proposto di effettuare uno stage presso la \u201cMarina di Punta Ala S.P.A.\u201d per un periodo di due mesi, dove poi \u00e8 stato assunto prima della Laurea, e dove, tutt\u2019oggi, svolge il proprio lavoro di ingegnere civile marittimo.<\/span><\/p>\n<p style=\"text-align: justify;\"><span class=\"s1\"><strong>Marina di Punta Ala<\/strong> S.P.A. \u00e8 la societ\u00e0 titolare e gestrice della concessione demaniale dell\u2019area marittima\/portuale del Comune di <strong>Castiglione della Pescaia<\/strong>, all\u2019interno della quale militano figure professionali importanti, come l\u2019amministratore delegato, nonch\u00e9 ingegnere nucleare Francesco Paolo Muzzi e il Direttore Generale, Dott. <strong>Marco Corti<\/strong>: <i>\u00abSono molto riconoscente e legato a entrambi, perch\u00e9 mi hanno permesso di crescere professionalmente all\u2019interno dell\u2019azienda e di migliorare la mia formazione\u00bb<\/i> ci spiega Dario. <i>\u00abIl lavoro di un ingegnere all\u2019interno di un porto solitamente\u00bb<\/i> prosegue <i>\u00abconsiste nella gestione dello stesso, nel senso che si interviene su vari tipi di situazioni: manutenzione dei corpi di ormeggio, delle illuminazioni, dei fari, delle torri di controllo, assistenza a chi naviga nelle nostre acque ed a chi possiede la barca all\u2019interno del porto. L\u2019attivit\u00e0 di cui ordinariamente mi occupo consiste dunque nell\u2019organizzare le squadre addette alle predette mansioni<\/i>\u00bb. Dario, sta anche lavorando ad alcuni progetti di costruzione, tra cui la realizzazione di un piccolo edificio che sar\u00e0 la nuova portineria del porto di Punta Ala.<\/span><\/p>\n<p><a href=\"https:\/\/www.noidiqua.it\/Agliana\/wp-content\/uploads\/2019\/06\/DARIO-SALVINI-4.png\" rel=\"wp-prettyPhoto[5632]\"><img loading=\"lazy\" decoding=\"async\" class=\"aligncenter size-full wp-image-6597\" src=\"https:\/\/www.noidiqua.it\/Agliana\/wp-content\/uploads\/2019\/06\/DARIO-SALVINI-4.png\" alt=\"\" width=\"285\" height=\"380\" srcset=\"https:\/\/www.noidiqua.it\/Agliana\/wp-content\/uploads\/2019\/06\/DARIO-SALVINI-4.png 285w, https:\/\/www.noidiqua.it\/Agliana\/wp-content\/uploads\/2019\/06\/DARIO-SALVINI-4-225x300.png 225w\" sizes=\"auto, (max-width: 285px) 100vw, 285px\" \/><\/a><\/p>\n<p class=\"p1\" style=\"text-align: justify;\"><span class=\"s1\">Quando si parla di ingegneri, di solito, ci immaginiamo tipi ostinatamente precisi e molto <strong>pragmatici<\/strong>\u2026 ma Dario non \u00e8 solo questo: il suo lato estroverso ed artistico lo ha portato in passato ad essere anche il <i>frontman<\/i> batterista di un gruppo musicale locale, ed oggi, ad essere \u201cPR\u201d della zona portuale di Punta Ala, in quanto la <strong>societ\u00e0<\/strong> gli ha affidato l\u2019incarico di gestione\/organizzazione di eventi: manifestazioni, inserti pubblicitari e magazine. Insomma un ingegnere marittimo dal lato sia pratico che artistico!<\/span><\/p>\n<p class=\"p1\" style=\"text-align: justify;\"><span class=\"s1\">Ma adesso, tornando al lato preciso tipico ingegneristico, \u00e8 importante far sapere che attualmente il Comune di Castiglione della Pescaia ha approvato il <strong>Piano Regolatore Portuale<\/strong> per l\u2019ampliamento e la riqualificazione del porto. L&#8217;obiettivo \u00e8 di adeguare l\u2019attuale struttura, risalente agli anni &#8217;70, alle nuove dimensioni dei posti barca, cos\u00ec che possano essere idonei a contenere imbarcazioni pi\u00f9 grandi dei 45 m arrivando fino ai 70 m. L\u2019ing. Salvini e tutto il team dell\u2019azienda (<i>come si evince dalla foto col plastico<\/i>) stanno dunque lavorando al predetto progetto ormai da due anni, in quanto Marina di Punta Ala S.P. A. \u00e8 il soggetto attuatore di tale Piano regolatore.\u00a0<\/span><span class=\"s1\"><i>\u00abMi piacerebbe far parte della direzione lavori di questo importante Progetto, continuando a crescere come professionista all\u2019interno dell\u2019ingegneria civile marittima\u00bb <\/i>conclude Dario Salvini.<\/span><\/p>\n<p>&nbsp;<\/p>","protected":false},"excerpt":{"rendered":"<p>di Serena Michelozzi giugno 2019 &nbsp; Agliana, come noto, \u00e8 una cittadina toscana situata nella piana pistoiese, e non \u00e8 certamente un posto di mare o di porti. Le principali \u201czone di acqua\u201d sono la \u201climpidissima\u201d Bure, oppure il lago del Parco Pertini\u2026 insomma per giungere alla [&hellip;]<\/p>","protected":false},"author":101011,"featured_media":0,"comment_status":"open","ping_status":"open","sticky":false,"template":"","format":"standard","meta":{"footnotes":""},"categories":[2,12,24,143],"tags":[2152,2148,2147,2146,2150,2153,2151,393,2156,2149,2154,2155],"class_list":["post-5632","post","type-post","status-publish","format-standard","hentry","category-ag","category-gente-di-qua-qt","category-personaggi-qt","category-persone-e-personaggi","tag-castiglione-della-pescaia","tag-dario-salvini","tag-ingegnere-di-porti","tag-ingegnere-marittimo","tag-laboratorio-di-ingegneria-marittima","tag-marco-corti","tag-marina-di-punta-ala","tag-parco-pertini","tag-piano-regolatore-portuale","tag-pierluigi-aminti","tag-pragmatici","tag-societa"],"yoast_head":"<!-- This site is optimized with the Yoast SEO plugin v25.5 - https:\/\/yoast.com\/wordpress\/plugins\/seo\/ -->\n<title>Dario Salvini - ingegnere marittimo - Noi di Qua Testata giornalistica e di attualit\u00e0 di Agliana, Montale e Quarrata.<\/title>\n<meta name=\"robots\" content=\"index, follow, max-snippet:-1, max-image-preview:large, max-video-preview:-1\" \/>\n<link rel=\"canonical\" href=\"https:\/\/www.noidiqua.it\/Agliana\/dario-salvini-ingegnere-marittimo\/\" \/>\n<meta property=\"og:locale\" content=\"it_IT\" \/>\n<meta property=\"og:type\" content=\"article\" \/>\n<meta property=\"og:title\" content=\"Dario Salvini - ingegnere marittimo - Noi di Qua Testata giornalistica e di attualit\u00e0 di Agliana, Montale e Quarrata.\" \/>\n<meta property=\"og:description\" content=\"di Serena Michelozzi giugno 2019 &nbsp; Agliana, come noto, \u00e8 una cittadina toscana situata nella piana pistoiese, e non \u00e8 certamente un posto di mare o di porti. Le principali \u201czone di acqua\u201d sono la \u201climpidissima\u201d Bure, oppure il lago del Parco Pertini\u2026 insomma per giungere alla [&hellip;]\" \/>\n<meta property=\"og:url\" content=\"https:\/\/www.noidiqua.it\/Agliana\/dario-salvini-ingegnere-marittimo\/\" \/>\n<meta property=\"og:site_name\" content=\"Noi di Qua Testata giornalistica e di attualit\u00e0 di Agliana, Montale e Quarrata.\" \/>\n<meta property=\"article:publisher\" content=\"https:\/\/www.facebook.com\/noidiqua.trimestrale\/\" \/>\n<meta property=\"article:published_time\" content=\"2019-06-12T10:27:46+00:00\" \/>\n<meta property=\"article:modified_time\" content=\"2022-01-13T11:56:00+00:00\" \/>\n<meta property=\"og:image\" content=\"https:\/\/www.noidiqua.it\/Agliana\/wp-content\/uploads\/2019\/06\/DARIO-SALVINI-.png\" \/>\n<meta name=\"author\" content=\"Serena Michelozzi\" \/>\n<meta name=\"twitter:label1\" content=\"Scritto da\" \/>\n\t<meta name=\"twitter:data1\" content=\"Serena Michelozzi\" \/>\n\t<meta name=\"twitter:label2\" content=\"Tempo di lettura stimato\" \/>\n\t<meta name=\"twitter:data2\" content=\"3 minuti\" \/>\n<script type=\"application\/ld+json\" class=\"yoast-schema-graph\">{\"@context\":\"https:\/\/schema.org\",\"@graph\":[{\"@type\":\"WebPage\",\"@id\":\"https:\/\/www.noidiqua.it\/Agliana\/dario-salvini-ingegnere-marittimo\/\",\"url\":\"https:\/\/www.noidiqua.it\/Agliana\/dario-salvini-ingegnere-marittimo\/\",\"name\":\"Dario Salvini - ingegnere marittimo - Noi di Qua Testata giornalistica e di attualit\u00e0 di Agliana, Montale e Quarrata.\",\"isPartOf\":{\"@id\":\"https:\/\/www.noidiqua.it\/Agliana\/#website\"},\"primaryImageOfPage\":{\"@id\":\"https:\/\/www.noidiqua.it\/Agliana\/dario-salvini-ingegnere-marittimo\/#primaryimage\"},\"image\":{\"@id\":\"https:\/\/www.noidiqua.it\/Agliana\/dario-salvini-ingegnere-marittimo\/#primaryimage\"},\"thumbnailUrl\":\"https:\/\/www.noidiqua.it\/Agliana\/wp-content\/uploads\/2019\/06\/DARIO-SALVINI-.png\",\"datePublished\":\"2019-06-12T10:27:46+00:00\",\"dateModified\":\"2022-01-13T11:56:00+00:00\",\"author\":{\"@id\":\"https:\/\/www.noidiqua.it\/Agliana\/#\/schema\/person\/4763a96f0bdf332cc8a55478dbeba163\"},\"breadcrumb\":{\"@id\":\"https:\/\/www.noidiqua.it\/Agliana\/dario-salvini-ingegnere-marittimo\/#breadcrumb\"},\"inLanguage\":\"it-IT\",\"potentialAction\":[{\"@type\":\"ReadAction\",\"target\":[\"https:\/\/www.noidiqua.it\/Agliana\/dario-salvini-ingegnere-marittimo\/\"]}]},{\"@type\":\"ImageObject\",\"inLanguage\":\"it-IT\",\"@id\":\"https:\/\/www.noidiqua.it\/Agliana\/dario-salvini-ingegnere-marittimo\/#primaryimage\",\"url\":\"https:\/\/www.noidiqua.it\/Agliana\/wp-content\/uploads\/2019\/06\/DARIO-SALVINI-.png\",\"contentUrl\":\"https:\/\/www.noidiqua.it\/Agliana\/wp-content\/uploads\/2019\/06\/DARIO-SALVINI-.png\",\"width\":940,\"height\":662},{\"@type\":\"BreadcrumbList\",\"@id\":\"https:\/\/www.noidiqua.it\/Agliana\/dario-salvini-ingegnere-marittimo\/#breadcrumb\",\"itemListElement\":[{\"@type\":\"ListItem\",\"position\":1,\"name\":\"Home\",\"item\":\"https:\/\/www.noidiqua.it\/Agliana\/\"},{\"@type\":\"ListItem\",\"position\":2,\"name\":\"Dario Salvini &#8211; ingegnere marittimo\"}]},{\"@type\":\"WebSite\",\"@id\":\"https:\/\/www.noidiqua.it\/Agliana\/#website\",\"url\":\"https:\/\/www.noidiqua.it\/Agliana\/\",\"name\":\"Noi di Qua Testata giornalistica e di attualit\u00e0 di Agliana, Montale e Quarrata.\",\"description\":\"Testata Giornalistica Quarrata Montale Agliana\",\"potentialAction\":[{\"@type\":\"SearchAction\",\"target\":{\"@type\":\"EntryPoint\",\"urlTemplate\":\"https:\/\/www.noidiqua.it\/Agliana\/?s={search_term_string}\"},\"query-input\":{\"@type\":\"PropertyValueSpecification\",\"valueRequired\":true,\"valueName\":\"search_term_string\"}}],\"inLanguage\":\"it-IT\"},{\"@type\":\"Person\",\"@id\":\"https:\/\/www.noidiqua.it\/Agliana\/#\/schema\/person\/4763a96f0bdf332cc8a55478dbeba163\",\"name\":\"Serena Michelozzi\",\"image\":{\"@type\":\"ImageObject\",\"inLanguage\":\"it-IT\",\"@id\":\"https:\/\/www.noidiqua.it\/Agliana\/#\/schema\/person\/image\/\",\"url\":\"https:\/\/secure.gravatar.com\/avatar\/a8efaab8953a1edb4943a89dbca993e803bf8bcf5221a8ff937a96a5b9914aab?s=96&d=mm&r=g\",\"contentUrl\":\"https:\/\/secure.gravatar.com\/avatar\/a8efaab8953a1edb4943a89dbca993e803bf8bcf5221a8ff937a96a5b9914aab?s=96&d=mm&r=g\",\"caption\":\"Serena Michelozzi\"},\"url\":\"https:\/\/www.noidiqua.it\/Agliana\/author\/serena-michelozzi\/\"}]}<\/script>\n<!-- \/ Yoast SEO plugin. -->","yoast_head_json":{"title":"Dario Salvini - ingegnere marittimo - Noi di Qua Testata giornalistica e di attualit\u00e0 di Agliana, Montale e Quarrata.","robots":{"index":"index","follow":"follow","max-snippet":"max-snippet:-1","max-image-preview":"max-image-preview:large","max-video-preview":"max-video-preview:-1"},"canonical":"https:\/\/www.noidiqua.it\/Agliana\/dario-salvini-ingegnere-marittimo\/","og_locale":"it_IT","og_type":"article","og_title":"Dario Salvini - ingegnere marittimo - Noi di Qua Testata giornalistica e di attualit\u00e0 di Agliana, Montale e Quarrata.","og_description":"di Serena Michelozzi giugno 2019 &nbsp; Agliana, come noto, \u00e8 una cittadina toscana situata nella piana pistoiese, e non \u00e8 certamente un posto di mare o di porti. Le principali \u201czone di acqua\u201d sono la \u201climpidissima\u201d Bure, oppure il lago del Parco Pertini\u2026 insomma per giungere alla [&hellip;]","og_url":"https:\/\/www.noidiqua.it\/Agliana\/dario-salvini-ingegnere-marittimo\/","og_site_name":"Noi di Qua Testata giornalistica e di attualit\u00e0 di Agliana, Montale e Quarrata.","article_publisher":"https:\/\/www.facebook.com\/noidiqua.trimestrale\/","article_published_time":"2019-06-12T10:27:46+00:00","article_modified_time":"2022-01-13T11:56:00+00:00","og_image":[{"url":"https:\/\/www.noidiqua.it\/Agliana\/wp-content\/uploads\/2019\/06\/DARIO-SALVINI-.png","type":"","width":"","height":""}],"author":"Serena Michelozzi","twitter_misc":{"Scritto da":"Serena Michelozzi","Tempo di lettura stimato":"3 minuti"},"schema":{"@context":"https:\/\/schema.org","@graph":[{"@type":"WebPage","@id":"https:\/\/www.noidiqua.it\/Agliana\/dario-salvini-ingegnere-marittimo\/","url":"https:\/\/www.noidiqua.it\/Agliana\/dario-salvini-ingegnere-marittimo\/","name":"Dario Salvini - ingegnere marittimo - Noi di Qua Testata giornalistica e di attualit\u00e0 di Agliana, Montale e Quarrata.","isPartOf":{"@id":"https:\/\/www.noidiqua.it\/Agliana\/#website"},"primaryImageOfPage":{"@id":"https:\/\/www.noidiqua.it\/Agliana\/dario-salvini-ingegnere-marittimo\/#primaryimage"},"image":{"@id":"https:\/\/www.noidiqua.it\/Agliana\/dario-salvini-ingegnere-marittimo\/#primaryimage"},"thumbnailUrl":"https:\/\/www.noidiqua.it\/Agliana\/wp-content\/uploads\/2019\/06\/DARIO-SALVINI-.png","datePublished":"2019-06-12T10:27:46+00:00","dateModified":"2022-01-13T11:56:00+00:00","author":{"@id":"https:\/\/www.noidiqua.it\/Agliana\/#\/schema\/person\/4763a96f0bdf332cc8a55478dbeba163"},"breadcrumb":{"@id":"https:\/\/www.noidiqua.it\/Agliana\/dario-salvini-ingegnere-marittimo\/#breadcrumb"},"inLanguage":"it-IT","potentialAction":[{"@type":"ReadAction","target":["https:\/\/www.noidiqua.it\/Agliana\/dario-salvini-ingegnere-marittimo\/"]}]},{"@type":"ImageObject","inLanguage":"it-IT","@id":"https:\/\/www.noidiqua.it\/Agliana\/dario-salvini-ingegnere-marittimo\/#primaryimage","url":"https:\/\/www.noidiqua.it\/Agliana\/wp-content\/uploads\/2019\/06\/DARIO-SALVINI-.png","contentUrl":"https:\/\/www.noidiqua.it\/Agliana\/wp-content\/uploads\/2019\/06\/DARIO-SALVINI-.png","width":940,"height":662},{"@type":"BreadcrumbList","@id":"https:\/\/www.noidiqua.it\/Agliana\/dario-salvini-ingegnere-marittimo\/#breadcrumb","itemListElement":[{"@type":"ListItem","position":1,"name":"Home","item":"https:\/\/www.noidiqua.it\/Agliana\/"},{"@type":"ListItem","position":2,"name":"Dario Salvini &#8211; ingegnere marittimo"}]},{"@type":"WebSite","@id":"https:\/\/www.noidiqua.it\/Agliana\/#website","url":"https:\/\/www.noidiqua.it\/Agliana\/","name":"Noi di Qua Testata giornalistica e di attualit\u00e0 di Agliana, Montale e Quarrata.","description":"Testata Giornalistica Quarrata Montale Agliana","potentialAction":[{"@type":"SearchAction","target":{"@type":"EntryPoint","urlTemplate":"https:\/\/www.noidiqua.it\/Agliana\/?s={search_term_string}"},"query-input":{"@type":"PropertyValueSpecification","valueRequired":true,"valueName":"search_term_string"}}],"inLanguage":"it-IT"},{"@type":"Person","@id":"https:\/\/www.noidiqua.it\/Agliana\/#\/schema\/person\/4763a96f0bdf332cc8a55478dbeba163","name":"Serena Michelozzi","image":{"@type":"ImageObject","inLanguage":"it-IT","@id":"https:\/\/www.noidiqua.it\/Agliana\/#\/schema\/person\/image\/","url":"https:\/\/secure.gravatar.com\/avatar\/a8efaab8953a1edb4943a89dbca993e803bf8bcf5221a8ff937a96a5b9914aab?s=96&d=mm&r=g","contentUrl":"https:\/\/secure.gravatar.com\/avatar\/a8efaab8953a1edb4943a89dbca993e803bf8bcf5221a8ff937a96a5b9914aab?s=96&d=mm&r=g","caption":"Serena Michelozzi"},"url":"https:\/\/www.noidiqua.it\/Agliana\/author\/serena-michelozzi\/"}]}},"_links":{"self":[{"href":"https:\/\/www.noidiqua.it\/Agliana\/wp-json\/wp\/v2\/posts\/5632","targetHints":{"allow":["GET"]}}],"collection":[{"href":"https:\/\/www.noidiqua.it\/Agliana\/wp-json\/wp\/v2\/posts"}],"about":[{"href":"https:\/\/www.noidiqua.it\/Agliana\/wp-json\/wp\/v2\/types\/post"}],"author":[{"embeddable":true,"href":"https:\/\/www.noidiqua.it\/Agliana\/wp-json\/wp\/v2\/users\/101011"}],"replies":[{"embeddable":true,"href":"https:\/\/www.noidiqua.it\/Agliana\/wp-json\/wp\/v2\/comments?post=5632"}],"version-history":[{"count":8,"href":"https:\/\/www.noidiqua.it\/Agliana\/wp-json\/wp\/v2\/posts\/5632\/revisions"}],"predecessor-version":[{"id":6598,"href":"https:\/\/www.noidiqua.it\/Agliana\/wp-json\/wp\/v2\/posts\/5632\/revisions\/6598"}],"wp:attachment":[{"href":"https:\/\/www.noidiqua.it\/Agliana\/wp-json\/wp\/v2\/media?parent=5632"}],"wp:term":[{"taxonomy":"category","embeddable":true,"href":"https:\/\/www.noidiqua.it\/Agliana\/wp-json\/wp\/v2\/categories?post=5632"},{"taxonomy":"post_tag","embeddable":true,"href":"https:\/\/www.noidiqua.it\/Agliana\/wp-json\/wp\/v2\/tags?post=5632"}],"curies":[{"name":"wp","href":"https:\/\/api.w.org\/{rel}","templated":true}]}}