{"id":5707,"date":"2021-03-13T11:58:48","date_gmt":"2021-03-13T10:58:48","guid":{"rendered":"https:\/\/www.noidiqua.it\/Agliana\/?p=5707"},"modified":"2021-07-28T10:15:54","modified_gmt":"2021-07-28T08:15:54","slug":"stefano-martini-mobilita-sostenibile-su-due-ruote","status":"publish","type":"post","link":"https:\/\/www.noidiqua.it\/Agliana\/stefano-martini-mobilita-sostenibile-su-due-ruote\/","title":{"rendered":"Stefano Martini &#8211; mobilit\u00e0 sostenibile su due ruote"},"content":{"rendered":"<p><em>di Piera Salvi. Foto: <a href=\"http:\/\/www.bellinigabriele.it\">Gabriele Bellini<\/a><\/em><\/p>\n\n\n\n<p><em>marzo 2021<\/em><\/p>\n\n\n<p><a href=\"https:\/\/www.noidiqua.it\/Agliana\/wp-content\/uploads\/2021\/04\/moto-3.png\" rel=\"wp-prettyPhoto[5707]\"><img loading=\"lazy\" decoding=\"async\" class=\"aligncenter size-full wp-image-5708\" src=\"https:\/\/www.noidiqua.it\/Agliana\/wp-content\/uploads\/2021\/04\/moto-3.png\" alt=\"\" width=\"479\" height=\"320\" srcset=\"https:\/\/www.noidiqua.it\/Agliana\/wp-content\/uploads\/2021\/04\/moto-3.png 479w, https:\/\/www.noidiqua.it\/Agliana\/wp-content\/uploads\/2021\/04\/moto-3-300x200.png 300w\" sizes=\"auto, (max-width: 479px) 100vw, 479px\" \/><\/a><\/p>\n\n\n<p>Stefano Martini, ovvero: quando una filosofia di vita diventa lavoro. <em>\u00abSette anni fa\u00bb <\/em>racconta<em> \u00absono stato folgorato dalla passione per green economy ed eco-sostenibilit\u00e0. L\u2019ho capito ristrutturando la mia casa, alla quale ho voluto dare un\u2019impronta ecologica, dall\u2019installazione di pannelli fotovoltaici a un sistema di drenaggio naturale attorno alla casa, con un deposito sotterraneo dove si accumula l\u2019acqua per il riutilizzo domestico. Cinque anni fa ho acquistato un\u2019auto elettrica\u00bb<\/em>. Se a questo aggiungiamo la passione per le moto (Martini ha corso con moto da enduro nella prima met\u00e0 degli anni Novanta: 1991-1994) l\u2019acquisto di una moto e di una bici elettrica \u00e8 una normale conseguenza. Oggi la sua passione per la mobilit\u00e0 sostenibile lo vede fondatore della Esse emme Service, concessionaria esclusiva per l\u2019area Pistoia-Prato-Firenze (con indicizzazione su Toscana, Emilia Romagna e Marche) per la prestigiosa casa californiana di moto elettriche Zero Motorcycles, fondata dall\u2019ingegnere Nasa, Neal Saiki.<\/p>\n\n\n\n<p><strong>Ma come \u00e8 arrivato Stefano ad aprire questa innovativa concessionaria di moto elettriche ad Agliana?<\/strong><\/p>\n\n\n\n<p><em>\u00abHo contattato l\u2019azienda e ho chiesto se era interessata ad avere una rappresentanza sul nostro territorio. La risposta \u00e8 stata affermativa. La mia \u00e8 una scelta dettata da motivi passionali\u00bb <\/em>spiega.<em> \u00abSentivo di dover dare un ulteriore contributo alla mia filosofia di vita. Guidare un veicolo elettrico mette pace. Una moto elettrica \u00e8 silenziosa e se vai nel bosco hai maggiori possibilit\u00e0 di godere la natura, di incontrare animali. Di solito chi si avvicina a questo mondo \u00e8 gi\u00e0 informato, ma per me \u00e8 importante essere di stimolo al cambiamento\u00bb<\/em>.<\/p>\n\n\n<p><a href=\"https:\/\/www.noidiqua.it\/Agliana\/wp-content\/uploads\/2021\/04\/moto-1.png\" rel=\"wp-prettyPhoto[5707]\"><img loading=\"lazy\" decoding=\"async\" class=\"aligncenter size-full wp-image-5709\" src=\"https:\/\/www.noidiqua.it\/Agliana\/wp-content\/uploads\/2021\/04\/moto-1.png\" alt=\"\" width=\"352\" height=\"397\" srcset=\"https:\/\/www.noidiqua.it\/Agliana\/wp-content\/uploads\/2021\/04\/moto-1.png 352w, https:\/\/www.noidiqua.it\/Agliana\/wp-content\/uploads\/2021\/04\/moto-1-266x300.png 266w\" sizes=\"auto, (max-width: 352px) 100vw, 352px\" \/><\/a><\/p>\n\n\n<p>Mentre parla, gli occhi di Martini si illuminano sopra la mascherina, si capisce che lo spirito naturalistico viene dal cuore. Il negozio in via Lavagnini \u00e8 gi\u00e0 allestito, per il 29 aprile \u00e8 in programma il D-Day, con una rappresentanza dell\u2019azienda californiana Zero Motorcycles nella concessionaria aglianese, mentre per il Primo maggio Martini ha organizzato un evento al Golf club Le Pavoniere di Prato. Ovviamente, disposizioni Covid permettendo. La sua intenzione \u00e8 organizzare eventi green anche ad Agliana, come stimolo alla mobilit\u00e0 sostenibile. Intanto ci incuriosiscono i veicoli in esposizione, tra cui una splendida moto elettrica da turismo e la Sem Motobyke, un mezzo ibrido, fusione tra mountain bike e moto da enduro, che va a propulsione elettrica e a pedalata. <em>\u00abQuesta viene presentata per la prima volta in Toscana\u00bb<\/em> ci svela Stefano.<em> \u00abE&#8217; prodotta da una ditta di Varese ed \u00e8 totalmente Made in Italy\u00bb<\/em>.<\/p>\n\n\n\n<p>Martini \u00e8 anche consulente per alcune concessionarie di autovetture per quanto riguarda la vendita di auto elettriche. Pratese, un diploma da ragioniere con esperienza maturata in importanti aziende del distretto tessile, poi socio nella storica ditta di famiglia, la Zaghe (azienda di sollevamento macchinari e logistica integrata), Martini ora si lancia in questa nuova sfida, tra l\u2019altro in un momento gi\u00e0 difficile per la pandemia.<\/p>\n\n\n<p><a href=\"https:\/\/www.noidiqua.it\/Agliana\/wp-content\/uploads\/2021\/04\/moto-2.png\" rel=\"wp-prettyPhoto[5707]\"><img loading=\"lazy\" decoding=\"async\" class=\"aligncenter size-full wp-image-5710\" src=\"https:\/\/www.noidiqua.it\/Agliana\/wp-content\/uploads\/2021\/04\/moto-2.png\" alt=\"\" width=\"497\" height=\"387\" srcset=\"https:\/\/www.noidiqua.it\/Agliana\/wp-content\/uploads\/2021\/04\/moto-2.png 497w, https:\/\/www.noidiqua.it\/Agliana\/wp-content\/uploads\/2021\/04\/moto-2-300x234.png 300w\" sizes=\"auto, (max-width: 497px) 100vw, 497px\" \/><\/a><\/p>\n\n\n<p><strong>Ci vuole coraggio?<\/strong><\/p>\n\n\n\n<p><em>\u00abS\u00ec. Una ditta \u00e8 un\u2019impresa. Ma c\u2019\u00e8 la vittoria sulla paura. Nei momenti di vuoto non dobbiamo piangerci addosso, ma fermarci, guardaci intorno e rimettere in moto l\u2019ingranaggio. Sto facendo semina perch\u00e9 credo che il futuro vada nella direzione di una maggiore sostenibilit\u00e0 ed \u00e8 questo il messaggio che voglio portare. Nel piazzale davanti alla concessionaria metter\u00f2 anche due colonnine per la ricarica gratuita dei veicoli elettrici per i clienti. Questa \u00e8 la mia mission ed \u00e8 per questo che sono sereno\u00bb<\/em>.<\/p>","protected":false},"excerpt":{"rendered":"<p>di Piera Salvi. Foto: Gabriele Bellini marzo 2021 Stefano Martini, ovvero: quando una filosofia di vita diventa lavoro. \u00abSette anni fa\u00bb racconta \u00absono stato folgorato dalla passione per green economy ed eco-sostenibilit\u00e0. L\u2019ho capito ristrutturando la mia casa, alla quale ho voluto dare un\u2019impronta ecologica, dall\u2019installazione di [&hellip;]<\/p>","protected":false},"author":13,"featured_media":0,"comment_status":"open","ping_status":"open","sticky":false,"template":"","format":"standard","meta":{"footnotes":""},"categories":[2,1029],"tags":[2196,2204,2198,2203,2201,2199,2200,2202,2197],"class_list":["post-5707","post","type-post","status-publish","format-standard","hentry","category-ag","category-una-bella-impresa","tag-azienda-californiana","tag-eco-sostenibilita","tag-eventi-green","tag-green-economy","tag-ibrido","tag-moto-elettrica","tag-sem-motobyke","tag-stefano-martini","tag-zero-motorcycles"],"yoast_head":"<!-- This site is optimized with the Yoast SEO plugin v25.5 - https:\/\/yoast.com\/wordpress\/plugins\/seo\/ -->\n<title>Stefano Martini - mobilit\u00e0 sostenibile su due ruote - Noi di Qua Testata giornalistica e di attualit\u00e0 di Agliana, Montale e Quarrata.<\/title>\n<meta name=\"robots\" content=\"index, follow, max-snippet:-1, max-image-preview:large, max-video-preview:-1\" \/>\n<link rel=\"canonical\" href=\"https:\/\/www.noidiqua.it\/Agliana\/stefano-martini-mobilita-sostenibile-su-due-ruote\/\" \/>\n<meta property=\"og:locale\" content=\"it_IT\" \/>\n<meta property=\"og:type\" content=\"article\" \/>\n<meta property=\"og:title\" content=\"Stefano Martini - mobilit\u00e0 sostenibile su due ruote - Noi di Qua Testata giornalistica e di attualit\u00e0 di Agliana, Montale e Quarrata.\" \/>\n<meta property=\"og:description\" content=\"di Piera Salvi. Foto: Gabriele Bellini marzo 2021 Stefano Martini, ovvero: quando una filosofia di vita diventa lavoro. \u00abSette anni fa\u00bb racconta \u00absono stato folgorato dalla passione per green economy ed eco-sostenibilit\u00e0. L\u2019ho capito ristrutturando la mia casa, alla quale ho voluto dare un\u2019impronta ecologica, dall\u2019installazione di [&hellip;]\" \/>\n<meta property=\"og:url\" content=\"https:\/\/www.noidiqua.it\/Agliana\/stefano-martini-mobilita-sostenibile-su-due-ruote\/\" \/>\n<meta property=\"og:site_name\" content=\"Noi di Qua Testata giornalistica e di attualit\u00e0 di Agliana, Montale e Quarrata.\" \/>\n<meta property=\"article:publisher\" content=\"https:\/\/www.facebook.com\/noidiqua.trimestrale\/\" \/>\n<meta property=\"article:published_time\" content=\"2021-03-13T10:58:48+00:00\" \/>\n<meta property=\"article:modified_time\" content=\"2021-07-28T08:15:54+00:00\" \/>\n<meta property=\"og:image\" content=\"https:\/\/www.noidiqua.it\/Agliana\/wp-content\/uploads\/2021\/04\/moto-3.png\" \/>\n<meta name=\"author\" content=\"Piera Salvi\" \/>\n<meta name=\"twitter:label1\" content=\"Scritto da\" \/>\n\t<meta name=\"twitter:data1\" content=\"Piera Salvi\" \/>\n\t<meta name=\"twitter:label2\" content=\"Tempo di lettura stimato\" \/>\n\t<meta name=\"twitter:data2\" content=\"3 minuti\" \/>\n<script type=\"application\/ld+json\" class=\"yoast-schema-graph\">{\"@context\":\"https:\/\/schema.org\",\"@graph\":[{\"@type\":\"WebPage\",\"@id\":\"https:\/\/www.noidiqua.it\/Agliana\/stefano-martini-mobilita-sostenibile-su-due-ruote\/\",\"url\":\"https:\/\/www.noidiqua.it\/Agliana\/stefano-martini-mobilita-sostenibile-su-due-ruote\/\",\"name\":\"Stefano Martini - mobilit\u00e0 sostenibile su due ruote - Noi di Qua Testata giornalistica e di attualit\u00e0 di Agliana, Montale e Quarrata.\",\"isPartOf\":{\"@id\":\"https:\/\/www.noidiqua.it\/Agliana\/#website\"},\"primaryImageOfPage\":{\"@id\":\"https:\/\/www.noidiqua.it\/Agliana\/stefano-martini-mobilita-sostenibile-su-due-ruote\/#primaryimage\"},\"image\":{\"@id\":\"https:\/\/www.noidiqua.it\/Agliana\/stefano-martini-mobilita-sostenibile-su-due-ruote\/#primaryimage\"},\"thumbnailUrl\":\"https:\/\/www.noidiqua.it\/Agliana\/wp-content\/uploads\/2021\/04\/moto-3.png\",\"datePublished\":\"2021-03-13T10:58:48+00:00\",\"dateModified\":\"2021-07-28T08:15:54+00:00\",\"author\":{\"@id\":\"https:\/\/www.noidiqua.it\/Agliana\/#\/schema\/person\/bb7515c2330bb1137f247276096fa7dc\"},\"breadcrumb\":{\"@id\":\"https:\/\/www.noidiqua.it\/Agliana\/stefano-martini-mobilita-sostenibile-su-due-ruote\/#breadcrumb\"},\"inLanguage\":\"it-IT\",\"potentialAction\":[{\"@type\":\"ReadAction\",\"target\":[\"https:\/\/www.noidiqua.it\/Agliana\/stefano-martini-mobilita-sostenibile-su-due-ruote\/\"]}]},{\"@type\":\"ImageObject\",\"inLanguage\":\"it-IT\",\"@id\":\"https:\/\/www.noidiqua.it\/Agliana\/stefano-martini-mobilita-sostenibile-su-due-ruote\/#primaryimage\",\"url\":\"https:\/\/www.noidiqua.it\/Agliana\/wp-content\/uploads\/2021\/04\/moto-3.png\",\"contentUrl\":\"https:\/\/www.noidiqua.it\/Agliana\/wp-content\/uploads\/2021\/04\/moto-3.png\",\"width\":479,\"height\":320},{\"@type\":\"BreadcrumbList\",\"@id\":\"https:\/\/www.noidiqua.it\/Agliana\/stefano-martini-mobilita-sostenibile-su-due-ruote\/#breadcrumb\",\"itemListElement\":[{\"@type\":\"ListItem\",\"position\":1,\"name\":\"Home\",\"item\":\"https:\/\/www.noidiqua.it\/Agliana\/\"},{\"@type\":\"ListItem\",\"position\":2,\"name\":\"Stefano Martini &#8211; mobilit\u00e0 sostenibile su due ruote\"}]},{\"@type\":\"WebSite\",\"@id\":\"https:\/\/www.noidiqua.it\/Agliana\/#website\",\"url\":\"https:\/\/www.noidiqua.it\/Agliana\/\",\"name\":\"Noi di Qua Testata giornalistica e di attualit\u00e0 di Agliana, Montale e Quarrata.\",\"description\":\"Testata Giornalistica Quarrata Montale Agliana\",\"potentialAction\":[{\"@type\":\"SearchAction\",\"target\":{\"@type\":\"EntryPoint\",\"urlTemplate\":\"https:\/\/www.noidiqua.it\/Agliana\/?s={search_term_string}\"},\"query-input\":{\"@type\":\"PropertyValueSpecification\",\"valueRequired\":true,\"valueName\":\"search_term_string\"}}],\"inLanguage\":\"it-IT\"},{\"@type\":\"Person\",\"@id\":\"https:\/\/www.noidiqua.it\/Agliana\/#\/schema\/person\/bb7515c2330bb1137f247276096fa7dc\",\"name\":\"Piera Salvi\",\"image\":{\"@type\":\"ImageObject\",\"inLanguage\":\"it-IT\",\"@id\":\"https:\/\/www.noidiqua.it\/Agliana\/#\/schema\/person\/image\/\",\"url\":\"https:\/\/secure.gravatar.com\/avatar\/2f9b1fb6e13f3b3e63bde435d999a73be036e320f7a0f5f32f9ac21859d999cd?s=96&d=mm&r=g\",\"contentUrl\":\"https:\/\/secure.gravatar.com\/avatar\/2f9b1fb6e13f3b3e63bde435d999a73be036e320f7a0f5f32f9ac21859d999cd?s=96&d=mm&r=g\",\"caption\":\"Piera Salvi\"},\"url\":\"https:\/\/www.noidiqua.it\/Agliana\/author\/piera-salvi\/\"}]}<\/script>\n<!-- \/ Yoast SEO plugin. -->","yoast_head_json":{"title":"Stefano Martini - mobilit\u00e0 sostenibile su due ruote - Noi di Qua Testata giornalistica e di attualit\u00e0 di Agliana, Montale e Quarrata.","robots":{"index":"index","follow":"follow","max-snippet":"max-snippet:-1","max-image-preview":"max-image-preview:large","max-video-preview":"max-video-preview:-1"},"canonical":"https:\/\/www.noidiqua.it\/Agliana\/stefano-martini-mobilita-sostenibile-su-due-ruote\/","og_locale":"it_IT","og_type":"article","og_title":"Stefano Martini - mobilit\u00e0 sostenibile su due ruote - Noi di Qua Testata giornalistica e di attualit\u00e0 di Agliana, Montale e Quarrata.","og_description":"di Piera Salvi. Foto: Gabriele Bellini marzo 2021 Stefano Martini, ovvero: quando una filosofia di vita diventa lavoro. \u00abSette anni fa\u00bb racconta \u00absono stato folgorato dalla passione per green economy ed eco-sostenibilit\u00e0. L\u2019ho capito ristrutturando la mia casa, alla quale ho voluto dare un\u2019impronta ecologica, dall\u2019installazione di [&hellip;]","og_url":"https:\/\/www.noidiqua.it\/Agliana\/stefano-martini-mobilita-sostenibile-su-due-ruote\/","og_site_name":"Noi di Qua Testata giornalistica e di attualit\u00e0 di Agliana, Montale e Quarrata.","article_publisher":"https:\/\/www.facebook.com\/noidiqua.trimestrale\/","article_published_time":"2021-03-13T10:58:48+00:00","article_modified_time":"2021-07-28T08:15:54+00:00","og_image":[{"url":"https:\/\/www.noidiqua.it\/Agliana\/wp-content\/uploads\/2021\/04\/moto-3.png","type":"","width":"","height":""}],"author":"Piera Salvi","twitter_misc":{"Scritto da":"Piera Salvi","Tempo di lettura stimato":"3 minuti"},"schema":{"@context":"https:\/\/schema.org","@graph":[{"@type":"WebPage","@id":"https:\/\/www.noidiqua.it\/Agliana\/stefano-martini-mobilita-sostenibile-su-due-ruote\/","url":"https:\/\/www.noidiqua.it\/Agliana\/stefano-martini-mobilita-sostenibile-su-due-ruote\/","name":"Stefano Martini - mobilit\u00e0 sostenibile su due ruote - Noi di Qua Testata giornalistica e di attualit\u00e0 di Agliana, Montale e Quarrata.","isPartOf":{"@id":"https:\/\/www.noidiqua.it\/Agliana\/#website"},"primaryImageOfPage":{"@id":"https:\/\/www.noidiqua.it\/Agliana\/stefano-martini-mobilita-sostenibile-su-due-ruote\/#primaryimage"},"image":{"@id":"https:\/\/www.noidiqua.it\/Agliana\/stefano-martini-mobilita-sostenibile-su-due-ruote\/#primaryimage"},"thumbnailUrl":"https:\/\/www.noidiqua.it\/Agliana\/wp-content\/uploads\/2021\/04\/moto-3.png","datePublished":"2021-03-13T10:58:48+00:00","dateModified":"2021-07-28T08:15:54+00:00","author":{"@id":"https:\/\/www.noidiqua.it\/Agliana\/#\/schema\/person\/bb7515c2330bb1137f247276096fa7dc"},"breadcrumb":{"@id":"https:\/\/www.noidiqua.it\/Agliana\/stefano-martini-mobilita-sostenibile-su-due-ruote\/#breadcrumb"},"inLanguage":"it-IT","potentialAction":[{"@type":"ReadAction","target":["https:\/\/www.noidiqua.it\/Agliana\/stefano-martini-mobilita-sostenibile-su-due-ruote\/"]}]},{"@type":"ImageObject","inLanguage":"it-IT","@id":"https:\/\/www.noidiqua.it\/Agliana\/stefano-martini-mobilita-sostenibile-su-due-ruote\/#primaryimage","url":"https:\/\/www.noidiqua.it\/Agliana\/wp-content\/uploads\/2021\/04\/moto-3.png","contentUrl":"https:\/\/www.noidiqua.it\/Agliana\/wp-content\/uploads\/2021\/04\/moto-3.png","width":479,"height":320},{"@type":"BreadcrumbList","@id":"https:\/\/www.noidiqua.it\/Agliana\/stefano-martini-mobilita-sostenibile-su-due-ruote\/#breadcrumb","itemListElement":[{"@type":"ListItem","position":1,"name":"Home","item":"https:\/\/www.noidiqua.it\/Agliana\/"},{"@type":"ListItem","position":2,"name":"Stefano Martini &#8211; mobilit\u00e0 sostenibile su due ruote"}]},{"@type":"WebSite","@id":"https:\/\/www.noidiqua.it\/Agliana\/#website","url":"https:\/\/www.noidiqua.it\/Agliana\/","name":"Noi di Qua Testata giornalistica e di attualit\u00e0 di Agliana, Montale e Quarrata.","description":"Testata Giornalistica Quarrata Montale Agliana","potentialAction":[{"@type":"SearchAction","target":{"@type":"EntryPoint","urlTemplate":"https:\/\/www.noidiqua.it\/Agliana\/?s={search_term_string}"},"query-input":{"@type":"PropertyValueSpecification","valueRequired":true,"valueName":"search_term_string"}}],"inLanguage":"it-IT"},{"@type":"Person","@id":"https:\/\/www.noidiqua.it\/Agliana\/#\/schema\/person\/bb7515c2330bb1137f247276096fa7dc","name":"Piera Salvi","image":{"@type":"ImageObject","inLanguage":"it-IT","@id":"https:\/\/www.noidiqua.it\/Agliana\/#\/schema\/person\/image\/","url":"https:\/\/secure.gravatar.com\/avatar\/2f9b1fb6e13f3b3e63bde435d999a73be036e320f7a0f5f32f9ac21859d999cd?s=96&d=mm&r=g","contentUrl":"https:\/\/secure.gravatar.com\/avatar\/2f9b1fb6e13f3b3e63bde435d999a73be036e320f7a0f5f32f9ac21859d999cd?s=96&d=mm&r=g","caption":"Piera Salvi"},"url":"https:\/\/www.noidiqua.it\/Agliana\/author\/piera-salvi\/"}]}},"_links":{"self":[{"href":"https:\/\/www.noidiqua.it\/Agliana\/wp-json\/wp\/v2\/posts\/5707","targetHints":{"allow":["GET"]}}],"collection":[{"href":"https:\/\/www.noidiqua.it\/Agliana\/wp-json\/wp\/v2\/posts"}],"about":[{"href":"https:\/\/www.noidiqua.it\/Agliana\/wp-json\/wp\/v2\/types\/post"}],"author":[{"embeddable":true,"href":"https:\/\/www.noidiqua.it\/Agliana\/wp-json\/wp\/v2\/users\/13"}],"replies":[{"embeddable":true,"href":"https:\/\/www.noidiqua.it\/Agliana\/wp-json\/wp\/v2\/comments?post=5707"}],"version-history":[{"count":1,"href":"https:\/\/www.noidiqua.it\/Agliana\/wp-json\/wp\/v2\/posts\/5707\/revisions"}],"predecessor-version":[{"id":5711,"href":"https:\/\/www.noidiqua.it\/Agliana\/wp-json\/wp\/v2\/posts\/5707\/revisions\/5711"}],"wp:attachment":[{"href":"https:\/\/www.noidiqua.it\/Agliana\/wp-json\/wp\/v2\/media?parent=5707"}],"wp:term":[{"taxonomy":"category","embeddable":true,"href":"https:\/\/www.noidiqua.it\/Agliana\/wp-json\/wp\/v2\/categories?post=5707"},{"taxonomy":"post_tag","embeddable":true,"href":"https:\/\/www.noidiqua.it\/Agliana\/wp-json\/wp\/v2\/tags?post=5707"}],"curies":[{"name":"wp","href":"https:\/\/api.w.org\/{rel}","templated":true}]}}