{"id":5914,"date":"2021-06-12T10:20:42","date_gmt":"2021-06-12T08:20:42","guid":{"rendered":"https:\/\/www.noidiqua.it\/Agliana\/?p=5914"},"modified":"2021-10-13T12:28:57","modified_gmt":"2021-10-13T10:28:57","slug":"i-brevi-di-ndq","status":"publish","type":"post","link":"https:\/\/www.noidiqua.it\/Agliana\/i-brevi-di-ndq\/","title":{"rendered":"I brevi di Noidiqua"},"content":{"rendered":"<p><em>di Piera Salvi<\/em><\/p>\n\n\n\n<p><em>giugno 2021<\/em><\/p>\n\n\n<p><a href=\"https:\/\/www.noidiqua.it\/Agliana\/wp-content\/uploads\/2021\/04\/brevi.png\" rel=\"wp-prettyPhoto[5914]\"><img loading=\"lazy\" decoding=\"async\" class=\"aligncenter size-full wp-image-5751\" src=\"https:\/\/www.noidiqua.it\/Agliana\/wp-content\/uploads\/2021\/04\/brevi.png\" alt=\"\" width=\"473\" height=\"291\" srcset=\"https:\/\/www.noidiqua.it\/Agliana\/wp-content\/uploads\/2021\/04\/brevi.png 473w, https:\/\/www.noidiqua.it\/Agliana\/wp-content\/uploads\/2021\/04\/brevi-300x185.png 300w\" sizes=\"auto, (max-width: 473px) 100vw, 473px\" \/><\/a><\/p>\n\n\n<p><strong>Martina Bechi, studentessa della quinta E turistico del Capitini di Agliana, \u00e8 nella top ten italiana dei \u201cCittadini consapevoli\u201d.<\/strong>&nbsp;<\/p>\n\n\n\n<p>Premiata da Assogiovani, Martina che abita a Quarrata, \u00e8 stata inserita tra i primi dieci studenti d\u2019Italia, su oltre duemila partecipanti, nella speciale classifica che ha premiato l\u2019impegno nell\u2019apprendimento della cittadinanza consapevole e nel rispetto dei valori della Costituzione. Risultato analogo per l\u2019istituto Capitini, che ha ottenuto il privilegio di essere presente fra le prime dieci scuole, a livello nazionale, che promuovono questi valori fra i giovani. Un riconoscimento pure al dirigente scolastico Carmine Gallo e alla docente Barbara Quattrocchi, per<em> \u201cl\u2019ottimo lavoro svolto a favore della crescita personale delle giovani generazioni, favorendo la conoscenza della Cittadinanza attiva e dei valori della Costituzione\u201d<\/em>. Esprime grande soddisfazione il professor Carmine Gallo, che rileva <em>\u201ccon orgoglio istituzionale e personale\u201d<\/em> l&#8217;impegno della comunit\u00e0 educante da lui guidata, nel mettere al centro dell&#8217;azione educativo-didattica le competenze di cittadinanza attiva e il rispetto dei valori costituzionali. Citando il famoso discorso di Piero Calamandrei agli studenti milanesi, nel 1955, il dirigente del Capitini ricorda: <em>\u00abLa Costituzione non \u00e8 una macchina che una volta messa in moto va avanti da s\u00e9, richiede un impegno e un rispetto quotidiano, da parte di tutti, affinch\u00e9 l&#8217;indifferenza non prenda il sopravvento e dia per scontate le conquiste di democrazia che essa tutela, prima fra tutte la libert\u00e0\u00bb<\/em> afferma ringraziando la professoressa Quattrocchi e complimentandosi con Martina: <em>\u00abStudentessa che ha dato lustro al Capitini\u00bb <\/em>conclude.\u00a0<strong>Il progetto \u00e8 stato promosso da Assogiovani, associazione no profit che fa parte del Forum nazionale giovani sotto l&#8217;egida del Dipartimento delle politiche giovanili della presidenza del Consiglio dei ministri<\/strong>.<\/p>\n\n\n\n<p><\/p>\n\n\n\n<p><\/p>\n\n\n\n<p><strong>Dal 3 giugno Catinari ha riaperto in piazzetta Enrico Caruso e ha chiuso lo storico negozio sulla vecchia Provinciale pratese ad Agliana, che apr\u00ec nel dicembre 1982.&nbsp;<\/strong><\/p>\n\n\n\n<p>L\u2019azienda Roberto Catinari &#8211; arte del cioccolato \u00e8 passata a Guido De Filippo, giovane imprenditore di Cascina (Pisa), ma tutti i dipendenti di Catinari restano al loro posto e hanno maturato accanto al re del cioccolato un\u2019esperienza che va dai dieci ai trent\u2019anni, quindi \u00e8 garantita la stessa qualit\u00e0 del prodotto. <em>\u00abSono contento\u00bb <\/em>afferma Roberto Catinari <em>\u00abperch\u00e9 lascio il mio marchio in buone mani. De Filippo \u00e8 una persona brava, tutti i dipendenti sono stati riassunti, i macchinari sono gli stessi e la qualit\u00e0 del prodotto \u00e8 garantita\u00bb<\/em>. Il negozio in piazzetta Caruso era stato aperto da Roberto Catinari nel 2009, come secondo punto vendita ad Agliana. Quel negozio per\u00f2 era chiuso da qualche anno, ma ora \u00e8 quello il nuovo luogo per deliziare olfatto, vista e gusto con le numerose variet\u00e0 di cioccolatini e creazioni artistiche del famoso marchio.<\/p>\n\n\n\n<p><\/p>\n\n\n\n<p><\/p>\n\n\n\n<p><strong>Dubbi sulla corretta differenziazione dei rifiuti? Ci aiuta \u201cJunker\u201d, la nuova applicazione attivata da Alia (gestore del servizio), che risponde a tutti i dubbi sulla raccolta differenziata, con l\u2019obiettivo migliorare e aumentare il sistema di differenziazione e raccolta dei rifiuti.&nbsp;<\/strong><\/p>\n\n\n\n<p>L\u2019App \u201cJunker\u201d, per smartphone Android o Apple, attivata da Alia servizi ambientali nei comuni delle province di Firenze, Pistoia e Prato, dove gestisce il servizio d\u2019igiene urbana, riconosce con un solo click i rifiuti da gettare e fornisce le informazioni corrette sul conferimento secondo la normativa vigente sul territorio. Il riconoscimento dei rifiuti funziona scansionando il codice a barre del prodotto o dell\u2019imballaggio. \u201cJunker\u201d lo riconosce grazie a un database interno di oltre un milione e mezzo di prodotti e ne indica la scomposizione nelle materie prime e i bidoni a cui sono destinati. Il database viene aggiornato anche grazie al contributo degli utenti: se il prodotto scansionato non viene riconosciuto, infatti, l\u2019utente pu\u00f2 trasmettere all\u2019App la foto del prodotto e ricevere la risposta in tempo reale e la referenza viene aggiunta a quelle esistenti.\u00a0\u201cJunker\u201d \u00e8 disponibile gratuitamente per tutti gli abitanti dei comuni gestiti da Alia e consultabile in dieci lingue. Gli utenti possono trovare tante altre informazioni sul sistema di raccolta e servizio, ubicazione degli ecocentri e ecofurgoni di Alia. Gi\u00e0 nel 2019 il consiglio comunale di Agliana aveva approvato all\u2019unanimit\u00e0 una mozione per l\u2019adesione a questa innovativa applicazione.<\/p>\n\n\n\n<p><\/p>\n\n\n\n<p><\/p>\n\n\n\n<p><strong>Occhio alla segnaletica stradale che indica la \u201cc\u201d in piazza Gramsci e alcune strade urbane: via Enrico Berlinguer dall\u2019intersezione con via Riccardo Lombardi, via Mallemort de Provence, via Roma dall\u2019intersezione con via Mallemort e via Giacomo Matteotti fino a via XXV Aprile.<\/strong><\/p>\n\n\n\n<p>\u00a0Il provvedimento adottato dal comune di Agliana rientra nel progetto di mobilit\u00e0 ciclabile e sostenibile in ambito urbano, finanziato dalla Regione con 40mila euro (altri diecimila sono stati stanziati dal Comune) per completare la pista ciclabile da via Mallemort a via Giovannella e favorire la mobilit\u00e0 urbana sostenibile, istituendo una \u201cZona 30\u201d, cio\u00e8 con un limite di velocit\u00e0 a trenta chilometri all\u2019ora per la maggiore sicurezza di ciclisti e pedoni. Il progetto, redatto dall\u2019ufficio tecnico del Comune, ha partecipato all\u2019apposito bando regionale ottenendo il contributo.\u00a0<\/p>\n\n\n\n<p><\/p>\n\n\n\n<p><\/p>\n\n\n\n<p><strong>Un improvviso malore il 20 maggio e per lui non c\u2019\u00e8 stato niente da fare. Si \u00e8 spento cos\u00ec a 85 anni, Giovanni Borri: mentre era a casa, nella sua normale quotidianit\u00e0.&nbsp;<\/strong><\/p>\n\n\n\n<p>Uomo conosciuto e amato da tutta la comunit\u00e0 aglianese, Borri era stato autista di scuolabus per il comune di Agliana: cordiale e simpatico, un mito per tanti bambini che lo portano nel cuore anche oggi che sono adulti.\u00a0Grandissimo \u00e8 stato l\u2019impegno di Giovanni nel volontariato. Socio della Misericordia di Agliana nonch\u00e9 volontario instancabile per oltre cinquant\u2019anni e, sempre per la Misericordia, si vestiva da Babbo Natale per consegnare i doni ai bambini. E&#8217; stato tra i donatori di sangue pi\u00f9 attivi del gruppo Fratres di Agliana, ricoprendo per diversi anni anche la carica di presidente ed era socio dell\u2019Associazione carabinieri in congedo. Giovanni era un uomo che si spendeva con semplicit\u00e0 ed entusiasmo per la sua comunit\u00e0. La notizia della sua scomparsa ha destato grande cordoglio, ma lui e il suo sorriso, che dispensava a tutti, continuano a vivere nel cuore di chi l\u2019ha conosciuto.\u00a0Per tanti \u00e8 una figura indimenticabile dell\u2019infanzia: l\u2019autista simpaticissimo che li accompagnava a scuola.\u00a0Chi gli \u00e8 stato vicino come volontario, oltre alla simpatia ricorda la bont\u00e0 di Giovanni, la dedizione alla famiglia, la massima onest\u00e0, la passione per la Misericordia. <em>\u00abRingraziamo di cuore\u00bb<\/em> dice la famiglia Borri <em>\u00abla Misericordia di Agliana, il gruppo Fratres, il parroco don Paolo Tofani, l\u2019Associazione carabinieri in congedo, tutti gli amici e quanti si sono ricordati di lui in questo momento cos\u00ec difficile per noi\u00bb<\/em>.\u00a0<\/p>","protected":false},"excerpt":{"rendered":"<p>di Piera Salvi giugno 2021 Martina Bechi, studentessa della quinta E turistico del Capitini di Agliana, \u00e8 nella top ten italiana dei \u201cCittadini consapevoli\u201d.&nbsp; Premiata da Assogiovani, Martina che abita a Quarrata, \u00e8 stata inserita tra i primi dieci studenti d\u2019Italia, su oltre duemila partecipanti, nella speciale [&hellip;]<\/p>","protected":false},"author":13,"featured_media":0,"comment_status":"open","ping_status":"open","sticky":false,"template":"","format":"standard","meta":{"footnotes":""},"categories":[2,14],"tags":[2427,2424,49,2425,590,988,2426,2423,1823,956],"class_list":["post-5914","post","type-post","status-publish","format-standard","hentry","category-ag","category-brevi-ndq-qt","tag-app","tag-assogiovani","tag-capitini","tag-catinari","tag-comune-di-agliana","tag-i-brevi-di-noidiqua","tag-junke","tag-martina-bechi","tag-rifiuti","tag-roberto-catinari"],"yoast_head":"<!-- This site is optimized with the Yoast SEO plugin v25.5 - https:\/\/yoast.com\/wordpress\/plugins\/seo\/ -->\n<title>I brevi di Noidiqua - Noi di Qua Testata giornalistica e di attualit\u00e0 di Agliana, Montale e Quarrata.<\/title>\n<meta name=\"robots\" content=\"index, follow, max-snippet:-1, max-image-preview:large, max-video-preview:-1\" \/>\n<link rel=\"canonical\" href=\"https:\/\/www.noidiqua.it\/Agliana\/i-brevi-di-ndq\/\" \/>\n<meta property=\"og:locale\" content=\"it_IT\" \/>\n<meta property=\"og:type\" content=\"article\" \/>\n<meta property=\"og:title\" content=\"I brevi di Noidiqua - Noi di Qua Testata giornalistica e di attualit\u00e0 di Agliana, Montale e Quarrata.\" \/>\n<meta property=\"og:description\" content=\"di Piera Salvi giugno 2021 Martina Bechi, studentessa della quinta E turistico del Capitini di Agliana, \u00e8 nella top ten italiana dei \u201cCittadini consapevoli\u201d.&nbsp; Premiata da Assogiovani, Martina che abita a Quarrata, \u00e8 stata inserita tra i primi dieci studenti d\u2019Italia, su oltre duemila partecipanti, nella speciale [&hellip;]\" \/>\n<meta property=\"og:url\" content=\"https:\/\/www.noidiqua.it\/Agliana\/i-brevi-di-ndq\/\" \/>\n<meta property=\"og:site_name\" content=\"Noi di Qua Testata giornalistica e di attualit\u00e0 di Agliana, Montale e Quarrata.\" \/>\n<meta property=\"article:publisher\" content=\"https:\/\/www.facebook.com\/noidiqua.trimestrale\/\" \/>\n<meta property=\"article:published_time\" content=\"2021-06-12T08:20:42+00:00\" \/>\n<meta property=\"article:modified_time\" content=\"2021-10-13T10:28:57+00:00\" \/>\n<meta property=\"og:image\" content=\"https:\/\/www.noidiqua.it\/Agliana\/wp-content\/uploads\/2021\/04\/brevi.png\" \/>\n<meta name=\"author\" content=\"Piera Salvi\" \/>\n<meta name=\"twitter:label1\" content=\"Scritto da\" \/>\n\t<meta name=\"twitter:data1\" content=\"Piera Salvi\" \/>\n\t<meta name=\"twitter:label2\" content=\"Tempo di lettura stimato\" \/>\n\t<meta name=\"twitter:data2\" content=\"5 minuti\" \/>\n<script type=\"application\/ld+json\" class=\"yoast-schema-graph\">{\"@context\":\"https:\/\/schema.org\",\"@graph\":[{\"@type\":\"WebPage\",\"@id\":\"https:\/\/www.noidiqua.it\/Agliana\/i-brevi-di-ndq\/\",\"url\":\"https:\/\/www.noidiqua.it\/Agliana\/i-brevi-di-ndq\/\",\"name\":\"I brevi di Noidiqua - Noi di Qua Testata giornalistica e di attualit\u00e0 di Agliana, Montale e Quarrata.\",\"isPartOf\":{\"@id\":\"https:\/\/www.noidiqua.it\/Agliana\/#website\"},\"primaryImageOfPage\":{\"@id\":\"https:\/\/www.noidiqua.it\/Agliana\/i-brevi-di-ndq\/#primaryimage\"},\"image\":{\"@id\":\"https:\/\/www.noidiqua.it\/Agliana\/i-brevi-di-ndq\/#primaryimage\"},\"thumbnailUrl\":\"https:\/\/www.noidiqua.it\/Agliana\/wp-content\/uploads\/2021\/04\/brevi.png\",\"datePublished\":\"2021-06-12T08:20:42+00:00\",\"dateModified\":\"2021-10-13T10:28:57+00:00\",\"author\":{\"@id\":\"https:\/\/www.noidiqua.it\/Agliana\/#\/schema\/person\/bb7515c2330bb1137f247276096fa7dc\"},\"breadcrumb\":{\"@id\":\"https:\/\/www.noidiqua.it\/Agliana\/i-brevi-di-ndq\/#breadcrumb\"},\"inLanguage\":\"it-IT\",\"potentialAction\":[{\"@type\":\"ReadAction\",\"target\":[\"https:\/\/www.noidiqua.it\/Agliana\/i-brevi-di-ndq\/\"]}]},{\"@type\":\"ImageObject\",\"inLanguage\":\"it-IT\",\"@id\":\"https:\/\/www.noidiqua.it\/Agliana\/i-brevi-di-ndq\/#primaryimage\",\"url\":\"https:\/\/www.noidiqua.it\/Agliana\/wp-content\/uploads\/2021\/04\/brevi.png\",\"contentUrl\":\"https:\/\/www.noidiqua.it\/Agliana\/wp-content\/uploads\/2021\/04\/brevi.png\",\"width\":473,\"height\":291},{\"@type\":\"BreadcrumbList\",\"@id\":\"https:\/\/www.noidiqua.it\/Agliana\/i-brevi-di-ndq\/#breadcrumb\",\"itemListElement\":[{\"@type\":\"ListItem\",\"position\":1,\"name\":\"Home\",\"item\":\"https:\/\/www.noidiqua.it\/Agliana\/\"},{\"@type\":\"ListItem\",\"position\":2,\"name\":\"I brevi di Noidiqua\"}]},{\"@type\":\"WebSite\",\"@id\":\"https:\/\/www.noidiqua.it\/Agliana\/#website\",\"url\":\"https:\/\/www.noidiqua.it\/Agliana\/\",\"name\":\"Noi di Qua Testata giornalistica e di attualit\u00e0 di Agliana, Montale e Quarrata.\",\"description\":\"Testata Giornalistica Quarrata Montale Agliana\",\"potentialAction\":[{\"@type\":\"SearchAction\",\"target\":{\"@type\":\"EntryPoint\",\"urlTemplate\":\"https:\/\/www.noidiqua.it\/Agliana\/?s={search_term_string}\"},\"query-input\":{\"@type\":\"PropertyValueSpecification\",\"valueRequired\":true,\"valueName\":\"search_term_string\"}}],\"inLanguage\":\"it-IT\"},{\"@type\":\"Person\",\"@id\":\"https:\/\/www.noidiqua.it\/Agliana\/#\/schema\/person\/bb7515c2330bb1137f247276096fa7dc\",\"name\":\"Piera Salvi\",\"image\":{\"@type\":\"ImageObject\",\"inLanguage\":\"it-IT\",\"@id\":\"https:\/\/www.noidiqua.it\/Agliana\/#\/schema\/person\/image\/\",\"url\":\"https:\/\/secure.gravatar.com\/avatar\/2f9b1fb6e13f3b3e63bde435d999a73be036e320f7a0f5f32f9ac21859d999cd?s=96&d=mm&r=g\",\"contentUrl\":\"https:\/\/secure.gravatar.com\/avatar\/2f9b1fb6e13f3b3e63bde435d999a73be036e320f7a0f5f32f9ac21859d999cd?s=96&d=mm&r=g\",\"caption\":\"Piera Salvi\"},\"url\":\"https:\/\/www.noidiqua.it\/Agliana\/author\/piera-salvi\/\"}]}<\/script>\n<!-- \/ Yoast SEO plugin. -->","yoast_head_json":{"title":"I brevi di Noidiqua - Noi di Qua Testata giornalistica e di attualit\u00e0 di Agliana, Montale e Quarrata.","robots":{"index":"index","follow":"follow","max-snippet":"max-snippet:-1","max-image-preview":"max-image-preview:large","max-video-preview":"max-video-preview:-1"},"canonical":"https:\/\/www.noidiqua.it\/Agliana\/i-brevi-di-ndq\/","og_locale":"it_IT","og_type":"article","og_title":"I brevi di Noidiqua - Noi di Qua Testata giornalistica e di attualit\u00e0 di Agliana, Montale e Quarrata.","og_description":"di Piera Salvi giugno 2021 Martina Bechi, studentessa della quinta E turistico del Capitini di Agliana, \u00e8 nella top ten italiana dei \u201cCittadini consapevoli\u201d.&nbsp; Premiata da Assogiovani, Martina che abita a Quarrata, \u00e8 stata inserita tra i primi dieci studenti d\u2019Italia, su oltre duemila partecipanti, nella speciale [&hellip;]","og_url":"https:\/\/www.noidiqua.it\/Agliana\/i-brevi-di-ndq\/","og_site_name":"Noi di Qua Testata giornalistica e di attualit\u00e0 di Agliana, Montale e Quarrata.","article_publisher":"https:\/\/www.facebook.com\/noidiqua.trimestrale\/","article_published_time":"2021-06-12T08:20:42+00:00","article_modified_time":"2021-10-13T10:28:57+00:00","og_image":[{"url":"https:\/\/www.noidiqua.it\/Agliana\/wp-content\/uploads\/2021\/04\/brevi.png","type":"","width":"","height":""}],"author":"Piera Salvi","twitter_misc":{"Scritto da":"Piera Salvi","Tempo di lettura stimato":"5 minuti"},"schema":{"@context":"https:\/\/schema.org","@graph":[{"@type":"WebPage","@id":"https:\/\/www.noidiqua.it\/Agliana\/i-brevi-di-ndq\/","url":"https:\/\/www.noidiqua.it\/Agliana\/i-brevi-di-ndq\/","name":"I brevi di Noidiqua - Noi di Qua Testata giornalistica e di attualit\u00e0 di Agliana, Montale e Quarrata.","isPartOf":{"@id":"https:\/\/www.noidiqua.it\/Agliana\/#website"},"primaryImageOfPage":{"@id":"https:\/\/www.noidiqua.it\/Agliana\/i-brevi-di-ndq\/#primaryimage"},"image":{"@id":"https:\/\/www.noidiqua.it\/Agliana\/i-brevi-di-ndq\/#primaryimage"},"thumbnailUrl":"https:\/\/www.noidiqua.it\/Agliana\/wp-content\/uploads\/2021\/04\/brevi.png","datePublished":"2021-06-12T08:20:42+00:00","dateModified":"2021-10-13T10:28:57+00:00","author":{"@id":"https:\/\/www.noidiqua.it\/Agliana\/#\/schema\/person\/bb7515c2330bb1137f247276096fa7dc"},"breadcrumb":{"@id":"https:\/\/www.noidiqua.it\/Agliana\/i-brevi-di-ndq\/#breadcrumb"},"inLanguage":"it-IT","potentialAction":[{"@type":"ReadAction","target":["https:\/\/www.noidiqua.it\/Agliana\/i-brevi-di-ndq\/"]}]},{"@type":"ImageObject","inLanguage":"it-IT","@id":"https:\/\/www.noidiqua.it\/Agliana\/i-brevi-di-ndq\/#primaryimage","url":"https:\/\/www.noidiqua.it\/Agliana\/wp-content\/uploads\/2021\/04\/brevi.png","contentUrl":"https:\/\/www.noidiqua.it\/Agliana\/wp-content\/uploads\/2021\/04\/brevi.png","width":473,"height":291},{"@type":"BreadcrumbList","@id":"https:\/\/www.noidiqua.it\/Agliana\/i-brevi-di-ndq\/#breadcrumb","itemListElement":[{"@type":"ListItem","position":1,"name":"Home","item":"https:\/\/www.noidiqua.it\/Agliana\/"},{"@type":"ListItem","position":2,"name":"I brevi di Noidiqua"}]},{"@type":"WebSite","@id":"https:\/\/www.noidiqua.it\/Agliana\/#website","url":"https:\/\/www.noidiqua.it\/Agliana\/","name":"Noi di Qua Testata giornalistica e di attualit\u00e0 di Agliana, Montale e Quarrata.","description":"Testata Giornalistica Quarrata Montale Agliana","potentialAction":[{"@type":"SearchAction","target":{"@type":"EntryPoint","urlTemplate":"https:\/\/www.noidiqua.it\/Agliana\/?s={search_term_string}"},"query-input":{"@type":"PropertyValueSpecification","valueRequired":true,"valueName":"search_term_string"}}],"inLanguage":"it-IT"},{"@type":"Person","@id":"https:\/\/www.noidiqua.it\/Agliana\/#\/schema\/person\/bb7515c2330bb1137f247276096fa7dc","name":"Piera Salvi","image":{"@type":"ImageObject","inLanguage":"it-IT","@id":"https:\/\/www.noidiqua.it\/Agliana\/#\/schema\/person\/image\/","url":"https:\/\/secure.gravatar.com\/avatar\/2f9b1fb6e13f3b3e63bde435d999a73be036e320f7a0f5f32f9ac21859d999cd?s=96&d=mm&r=g","contentUrl":"https:\/\/secure.gravatar.com\/avatar\/2f9b1fb6e13f3b3e63bde435d999a73be036e320f7a0f5f32f9ac21859d999cd?s=96&d=mm&r=g","caption":"Piera Salvi"},"url":"https:\/\/www.noidiqua.it\/Agliana\/author\/piera-salvi\/"}]}},"_links":{"self":[{"href":"https:\/\/www.noidiqua.it\/Agliana\/wp-json\/wp\/v2\/posts\/5914","targetHints":{"allow":["GET"]}}],"collection":[{"href":"https:\/\/www.noidiqua.it\/Agliana\/wp-json\/wp\/v2\/posts"}],"about":[{"href":"https:\/\/www.noidiqua.it\/Agliana\/wp-json\/wp\/v2\/types\/post"}],"author":[{"embeddable":true,"href":"https:\/\/www.noidiqua.it\/Agliana\/wp-json\/wp\/v2\/users\/13"}],"replies":[{"embeddable":true,"href":"https:\/\/www.noidiqua.it\/Agliana\/wp-json\/wp\/v2\/comments?post=5914"}],"version-history":[{"count":4,"href":"https:\/\/www.noidiqua.it\/Agliana\/wp-json\/wp\/v2\/posts\/5914\/revisions"}],"predecessor-version":[{"id":6290,"href":"https:\/\/www.noidiqua.it\/Agliana\/wp-json\/wp\/v2\/posts\/5914\/revisions\/6290"}],"wp:attachment":[{"href":"https:\/\/www.noidiqua.it\/Agliana\/wp-json\/wp\/v2\/media?parent=5914"}],"wp:term":[{"taxonomy":"category","embeddable":true,"href":"https:\/\/www.noidiqua.it\/Agliana\/wp-json\/wp\/v2\/categories?post=5914"},{"taxonomy":"post_tag","embeddable":true,"href":"https:\/\/www.noidiqua.it\/Agliana\/wp-json\/wp\/v2\/tags?post=5914"}],"curies":[{"name":"wp","href":"https:\/\/api.w.org\/{rel}","templated":true}]}}