{"id":6016,"date":"2020-09-05T12:44:31","date_gmt":"2020-09-05T10:44:31","guid":{"rendered":"https:\/\/www.noidiqua.it\/Agliana\/?p=6016"},"modified":"2021-08-26T12:44:56","modified_gmt":"2021-08-26T10:44:56","slug":"renato-risaliti-2","status":"publish","type":"post","link":"https:\/\/www.noidiqua.it\/Agliana\/renato-risaliti-2\/","title":{"rendered":"Renato Risaliti"},"content":{"rendered":"<p><em>di Piera Salvi<\/em><\/p>\n\n\n\n<p><em>settembre 2020<\/em><\/p>\n\n\n<p><a href=\"https:\/\/www.noidiqua.it\/Agliana\/wp-content\/uploads\/2021\/08\/Renato-Risaliti.png\" rel=\"wp-prettyPhoto[6016]\"><img loading=\"lazy\" decoding=\"async\" class=\"aligncenter  wp-image-6017\" src=\"https:\/\/www.noidiqua.it\/Agliana\/wp-content\/uploads\/2021\/08\/Renato-Risaliti.png\" alt=\"\" width=\"497\" height=\"340\" \/><\/a><\/p>\n\n\n<p>Alle 4:30 del mattino di mercoled\u00ec 16 settembre, si \u00e8 spento, nella sua casa a Pistoia, il <strong>professor<\/strong> <strong>Renato Risaliti<\/strong>. Ha accusato un malore e, purtroppo, sono stati vani i tentativi di rianimarlo a cura dei soccorritori, inviati dal 118. La cultura ha perso un pilastro, non solo a livello locale ma internazionale.\u00a0<\/p>\n\n\n\n<p>Renato Risaliti era nato ad Agliana, il 20 maggio 1935, nella frazione di San Michele. Si era diplomato all\u2019istituto Pacini di Pistoia. A 21 anni vol\u00f2 in <strong>Russia<\/strong>, dove soggiorn\u00f2 per diversi anni, studiando all\u2019Universit\u00e0 statale di Mosca, dove si laure\u00f2 in storia Moderna e collabor\u00f2 come speaker per Radio Mosca. Rientrato in Italia, si laurea in lingua, letteratura e istituzioni giuridiche dell\u2019<strong>Europa Orientale<\/strong> all\u2019Universit\u00e0 di Napoli. Dopo un breve periodo di insegnamento nelle scuole medie di Pistoia, Pescia e San Marcello, inizia la carriera universitaria, prima con un incarico a Pisa come docente di lingua e letteratura russa e poi a Firenze, dove insegna storia dell\u2019Europa Orientale, fino alla pensione. La vita del professor Risaliti \u00e8 stata intensa, dedita alle ricerche storiche non solo a livello locale e nazionale, ma anche internazionale, dalla Russia all\u2019America latina, ai Paesi orientali. Da giovane aveva collaborato con il quotidiano L\u2019<strong>Unit\u00e0<\/strong>, come corrispondente da Pistoia, ma per molti anni ha dato un fondamentale contributo alle pagine culturali de <strong>La Nazione<\/strong>, inviando numerosi articoli anche alla redazione di Pistoia. Era uno scrittore instancabile e vanta oltre mille pubblicazioni. E&#8217; stato attivissimo fino alla fine della sua vita. Negli ultimi sei mesi ha lavorato ad una raccolta di ben sei volumi su argomenti vari. L\u2019ultimo, dedicato ad una importante ricerca storico scientifica su Lev Mecnikov, genio russo che aveva viaggiato in quasi tutti i paesi del mondo, annotando usi, costumi, questioni politiche, economiche e territoriali. Mecnikov era stato anche in Toscana, tra Firenze e Siena.\u00a0<\/p>\n\n\n<p><a href=\"https:\/\/www.noidiqua.it\/Agliana\/wp-content\/uploads\/2021\/08\/Renato-Risaliti2.png\" rel=\"wp-prettyPhoto[6016]\"><img loading=\"lazy\" decoding=\"async\" class=\"aligncenter size-full wp-image-6018\" src=\"https:\/\/www.noidiqua.it\/Agliana\/wp-content\/uploads\/2021\/08\/Renato-Risaliti2.png\" alt=\"\" width=\"269\" height=\"380\" srcset=\"https:\/\/www.noidiqua.it\/Agliana\/wp-content\/uploads\/2021\/08\/Renato-Risaliti2.png 269w, https:\/\/www.noidiqua.it\/Agliana\/wp-content\/uploads\/2021\/08\/Renato-Risaliti2-212x300.png 212w\" sizes=\"auto, (max-width: 269px) 100vw, 269px\" \/><\/a><\/p>\n\n\n<p>L\u2019attivit\u00e0 di Risaliti nella politica aglianese inizi\u00f2 il 22 novembre 1964, quando venne eletto consigliere comunale, poi fu assessore e fu lui a dare un forte impulso per istituire la biblioteca comunale. Fu sindaco di Agliana dal 1975 al 1980, dando un fondamentale contributo non solo alla vita culturale ma anche allo sviluppo dei servizi sul territorio. Successivamente ricopr\u00ec l\u2019incarico di assessore provinciale. Giuliano Melani, che \u00e8 stato assessore con Risaliti dal 1970 al 1975, nella giunta guidata dal sindaco <strong>Dante Giuntoli<\/strong>, ricorda: <em>\u00abIn quel mandato fu dato un forte impulso alla cultura e allo sport e presero il via le iniziative del Giugno aglianese\u00bb<\/em>. Risaliti \u00e8 sempre rimasto molto legato ad Agliana, era sempre disponibile a collaborare a convegni e ricerche storiche e si riuniva spesso con i nipoti aglianesi.<\/p>\n\n\n\n<p>Fra i numerosi ricordi e attestati di cordoglio, quelli del sindaco di Agliana Luca Benesperi, dell\u2019ex sindaco Marco Giunti, l\u2019Istituto storico della Resistenza di cui era socio, il circolo Prc di Agliana, il sociologo <strong>Arnaldo Nesti<\/strong>, il giornalista Cesare Sartori, la scrittrice Dunia Sardi, che rievoca un episodio semplice ma significativo di quando lei era centralinista nel municipio aglianese. <em>\u00abEra una mattina, negli anni &#8217;70\u00bb<\/em>, ricorda Dunia Sardi, <em>\u00abil giorno prima si erano accesi i lampioni nelle strade del paese, fino ad allora al buio. Mi domandasti come era stato accolto l\u2019arrivo dell\u2019illuminazione. Risposi che la gente si chiamava ad alta voce da una porta all\u2019altra, la strada era illuminata quasi a giorno, i bambini correvano verso i giardini, c\u2019era perfino chi ballava nella strada. Rispondesti con un lieve cenno del capo e i tuoi occhi brillarono. Non c\u2019erano i social allora e per capire la comunit\u00e0 si doveva ascoltare. Furono molti i bisogni che i cittadini ti raccontarono e decidesti di realizzare tante opere e servizi\u00bb<\/em>.<\/p>","protected":false},"excerpt":{"rendered":"<p>di Piera Salvi settembre 2020 Alle 4:30 del mattino di mercoled\u00ec 16 settembre, si \u00e8 spento, nella sua casa a Pistoia, il professor Renato Risaliti. Ha accusato un malore e, purtroppo, sono stati vani i tentativi di rianimarlo a cura dei soccorritori, inviati dal 118. La cultura [&hellip;]<\/p>","protected":false},"author":13,"featured_media":0,"comment_status":"open","ping_status":"open","sticky":false,"template":"","format":"standard","meta":{"footnotes":""},"categories":[2,24,143],"tags":[2537,2051,2534,2536,2532,227,2533,2535],"class_list":["post-6016","post","type-post","status-publish","format-standard","hentry","category-ag","category-personaggi-qt","category-persone-e-personaggi","tag-arnaldo-nesti","tag-dante-giuntoli","tag-europa-orientale","tag-la-nazione","tag-professor","tag-renato-risaliti","tag-russia","tag-unita"],"yoast_head":"<!-- This site is optimized with the Yoast SEO plugin v25.5 - https:\/\/yoast.com\/wordpress\/plugins\/seo\/ -->\n<title>Renato Risaliti - Noi di Qua Testata giornalistica e di attualit\u00e0 di Agliana, Montale e Quarrata.<\/title>\n<meta name=\"robots\" content=\"index, follow, max-snippet:-1, max-image-preview:large, max-video-preview:-1\" \/>\n<link rel=\"canonical\" href=\"https:\/\/www.noidiqua.it\/Agliana\/renato-risaliti-2\/\" \/>\n<meta property=\"og:locale\" content=\"it_IT\" \/>\n<meta property=\"og:type\" content=\"article\" \/>\n<meta property=\"og:title\" content=\"Renato Risaliti - Noi di Qua Testata giornalistica e di attualit\u00e0 di Agliana, Montale e Quarrata.\" \/>\n<meta property=\"og:description\" content=\"di Piera Salvi settembre 2020 Alle 4:30 del mattino di mercoled\u00ec 16 settembre, si \u00e8 spento, nella sua casa a Pistoia, il professor Renato Risaliti. Ha accusato un malore e, purtroppo, sono stati vani i tentativi di rianimarlo a cura dei soccorritori, inviati dal 118. La cultura [&hellip;]\" \/>\n<meta property=\"og:url\" content=\"https:\/\/www.noidiqua.it\/Agliana\/renato-risaliti-2\/\" \/>\n<meta property=\"og:site_name\" content=\"Noi di Qua Testata giornalistica e di attualit\u00e0 di Agliana, Montale e Quarrata.\" \/>\n<meta property=\"article:publisher\" content=\"https:\/\/www.facebook.com\/noidiqua.trimestrale\/\" \/>\n<meta property=\"article:published_time\" content=\"2020-09-05T10:44:31+00:00\" \/>\n<meta property=\"article:modified_time\" content=\"2021-08-26T10:44:56+00:00\" \/>\n<meta property=\"og:image\" content=\"https:\/\/www.noidiqua.it\/Agliana\/wp-content\/uploads\/2021\/08\/Renato-Risaliti.png\" \/>\n<meta name=\"author\" content=\"Piera Salvi\" \/>\n<meta name=\"twitter:label1\" content=\"Scritto da\" \/>\n\t<meta name=\"twitter:data1\" content=\"Piera Salvi\" \/>\n\t<meta name=\"twitter:label2\" content=\"Tempo di lettura stimato\" \/>\n\t<meta name=\"twitter:data2\" content=\"3 minuti\" \/>\n<script type=\"application\/ld+json\" class=\"yoast-schema-graph\">{\"@context\":\"https:\/\/schema.org\",\"@graph\":[{\"@type\":\"WebPage\",\"@id\":\"https:\/\/www.noidiqua.it\/Agliana\/renato-risaliti-2\/\",\"url\":\"https:\/\/www.noidiqua.it\/Agliana\/renato-risaliti-2\/\",\"name\":\"Renato Risaliti - Noi di Qua Testata giornalistica e di attualit\u00e0 di Agliana, Montale e Quarrata.\",\"isPartOf\":{\"@id\":\"https:\/\/www.noidiqua.it\/Agliana\/#website\"},\"primaryImageOfPage\":{\"@id\":\"https:\/\/www.noidiqua.it\/Agliana\/renato-risaliti-2\/#primaryimage\"},\"image\":{\"@id\":\"https:\/\/www.noidiqua.it\/Agliana\/renato-risaliti-2\/#primaryimage\"},\"thumbnailUrl\":\"https:\/\/www.noidiqua.it\/Agliana\/wp-content\/uploads\/2021\/08\/Renato-Risaliti.png\",\"datePublished\":\"2020-09-05T10:44:31+00:00\",\"dateModified\":\"2021-08-26T10:44:56+00:00\",\"author\":{\"@id\":\"https:\/\/www.noidiqua.it\/Agliana\/#\/schema\/person\/bb7515c2330bb1137f247276096fa7dc\"},\"breadcrumb\":{\"@id\":\"https:\/\/www.noidiqua.it\/Agliana\/renato-risaliti-2\/#breadcrumb\"},\"inLanguage\":\"it-IT\",\"potentialAction\":[{\"@type\":\"ReadAction\",\"target\":[\"https:\/\/www.noidiqua.it\/Agliana\/renato-risaliti-2\/\"]}]},{\"@type\":\"ImageObject\",\"inLanguage\":\"it-IT\",\"@id\":\"https:\/\/www.noidiqua.it\/Agliana\/renato-risaliti-2\/#primaryimage\",\"url\":\"https:\/\/www.noidiqua.it\/Agliana\/wp-content\/uploads\/2021\/08\/Renato-Risaliti.png\",\"contentUrl\":\"https:\/\/www.noidiqua.it\/Agliana\/wp-content\/uploads\/2021\/08\/Renato-Risaliti.png\",\"width\":802,\"height\":560},{\"@type\":\"BreadcrumbList\",\"@id\":\"https:\/\/www.noidiqua.it\/Agliana\/renato-risaliti-2\/#breadcrumb\",\"itemListElement\":[{\"@type\":\"ListItem\",\"position\":1,\"name\":\"Home\",\"item\":\"https:\/\/www.noidiqua.it\/Agliana\/\"},{\"@type\":\"ListItem\",\"position\":2,\"name\":\"Renato Risaliti\"}]},{\"@type\":\"WebSite\",\"@id\":\"https:\/\/www.noidiqua.it\/Agliana\/#website\",\"url\":\"https:\/\/www.noidiqua.it\/Agliana\/\",\"name\":\"Noi di Qua Testata giornalistica e di attualit\u00e0 di Agliana, Montale e Quarrata.\",\"description\":\"Testata Giornalistica Quarrata Montale Agliana\",\"potentialAction\":[{\"@type\":\"SearchAction\",\"target\":{\"@type\":\"EntryPoint\",\"urlTemplate\":\"https:\/\/www.noidiqua.it\/Agliana\/?s={search_term_string}\"},\"query-input\":{\"@type\":\"PropertyValueSpecification\",\"valueRequired\":true,\"valueName\":\"search_term_string\"}}],\"inLanguage\":\"it-IT\"},{\"@type\":\"Person\",\"@id\":\"https:\/\/www.noidiqua.it\/Agliana\/#\/schema\/person\/bb7515c2330bb1137f247276096fa7dc\",\"name\":\"Piera Salvi\",\"image\":{\"@type\":\"ImageObject\",\"inLanguage\":\"it-IT\",\"@id\":\"https:\/\/www.noidiqua.it\/Agliana\/#\/schema\/person\/image\/\",\"url\":\"https:\/\/secure.gravatar.com\/avatar\/2f9b1fb6e13f3b3e63bde435d999a73be036e320f7a0f5f32f9ac21859d999cd?s=96&d=mm&r=g\",\"contentUrl\":\"https:\/\/secure.gravatar.com\/avatar\/2f9b1fb6e13f3b3e63bde435d999a73be036e320f7a0f5f32f9ac21859d999cd?s=96&d=mm&r=g\",\"caption\":\"Piera Salvi\"},\"url\":\"https:\/\/www.noidiqua.it\/Agliana\/author\/piera-salvi\/\"}]}<\/script>\n<!-- \/ Yoast SEO plugin. -->","yoast_head_json":{"title":"Renato Risaliti - Noi di Qua Testata giornalistica e di attualit\u00e0 di Agliana, Montale e Quarrata.","robots":{"index":"index","follow":"follow","max-snippet":"max-snippet:-1","max-image-preview":"max-image-preview:large","max-video-preview":"max-video-preview:-1"},"canonical":"https:\/\/www.noidiqua.it\/Agliana\/renato-risaliti-2\/","og_locale":"it_IT","og_type":"article","og_title":"Renato Risaliti - Noi di Qua Testata giornalistica e di attualit\u00e0 di Agliana, Montale e Quarrata.","og_description":"di Piera Salvi settembre 2020 Alle 4:30 del mattino di mercoled\u00ec 16 settembre, si \u00e8 spento, nella sua casa a Pistoia, il professor Renato Risaliti. Ha accusato un malore e, purtroppo, sono stati vani i tentativi di rianimarlo a cura dei soccorritori, inviati dal 118. La cultura [&hellip;]","og_url":"https:\/\/www.noidiqua.it\/Agliana\/renato-risaliti-2\/","og_site_name":"Noi di Qua Testata giornalistica e di attualit\u00e0 di Agliana, Montale e Quarrata.","article_publisher":"https:\/\/www.facebook.com\/noidiqua.trimestrale\/","article_published_time":"2020-09-05T10:44:31+00:00","article_modified_time":"2021-08-26T10:44:56+00:00","og_image":[{"url":"https:\/\/www.noidiqua.it\/Agliana\/wp-content\/uploads\/2021\/08\/Renato-Risaliti.png","type":"","width":"","height":""}],"author":"Piera Salvi","twitter_misc":{"Scritto da":"Piera Salvi","Tempo di lettura stimato":"3 minuti"},"schema":{"@context":"https:\/\/schema.org","@graph":[{"@type":"WebPage","@id":"https:\/\/www.noidiqua.it\/Agliana\/renato-risaliti-2\/","url":"https:\/\/www.noidiqua.it\/Agliana\/renato-risaliti-2\/","name":"Renato Risaliti - Noi di Qua Testata giornalistica e di attualit\u00e0 di Agliana, Montale e Quarrata.","isPartOf":{"@id":"https:\/\/www.noidiqua.it\/Agliana\/#website"},"primaryImageOfPage":{"@id":"https:\/\/www.noidiqua.it\/Agliana\/renato-risaliti-2\/#primaryimage"},"image":{"@id":"https:\/\/www.noidiqua.it\/Agliana\/renato-risaliti-2\/#primaryimage"},"thumbnailUrl":"https:\/\/www.noidiqua.it\/Agliana\/wp-content\/uploads\/2021\/08\/Renato-Risaliti.png","datePublished":"2020-09-05T10:44:31+00:00","dateModified":"2021-08-26T10:44:56+00:00","author":{"@id":"https:\/\/www.noidiqua.it\/Agliana\/#\/schema\/person\/bb7515c2330bb1137f247276096fa7dc"},"breadcrumb":{"@id":"https:\/\/www.noidiqua.it\/Agliana\/renato-risaliti-2\/#breadcrumb"},"inLanguage":"it-IT","potentialAction":[{"@type":"ReadAction","target":["https:\/\/www.noidiqua.it\/Agliana\/renato-risaliti-2\/"]}]},{"@type":"ImageObject","inLanguage":"it-IT","@id":"https:\/\/www.noidiqua.it\/Agliana\/renato-risaliti-2\/#primaryimage","url":"https:\/\/www.noidiqua.it\/Agliana\/wp-content\/uploads\/2021\/08\/Renato-Risaliti.png","contentUrl":"https:\/\/www.noidiqua.it\/Agliana\/wp-content\/uploads\/2021\/08\/Renato-Risaliti.png","width":802,"height":560},{"@type":"BreadcrumbList","@id":"https:\/\/www.noidiqua.it\/Agliana\/renato-risaliti-2\/#breadcrumb","itemListElement":[{"@type":"ListItem","position":1,"name":"Home","item":"https:\/\/www.noidiqua.it\/Agliana\/"},{"@type":"ListItem","position":2,"name":"Renato Risaliti"}]},{"@type":"WebSite","@id":"https:\/\/www.noidiqua.it\/Agliana\/#website","url":"https:\/\/www.noidiqua.it\/Agliana\/","name":"Noi di Qua Testata giornalistica e di attualit\u00e0 di Agliana, Montale e Quarrata.","description":"Testata Giornalistica Quarrata Montale Agliana","potentialAction":[{"@type":"SearchAction","target":{"@type":"EntryPoint","urlTemplate":"https:\/\/www.noidiqua.it\/Agliana\/?s={search_term_string}"},"query-input":{"@type":"PropertyValueSpecification","valueRequired":true,"valueName":"search_term_string"}}],"inLanguage":"it-IT"},{"@type":"Person","@id":"https:\/\/www.noidiqua.it\/Agliana\/#\/schema\/person\/bb7515c2330bb1137f247276096fa7dc","name":"Piera Salvi","image":{"@type":"ImageObject","inLanguage":"it-IT","@id":"https:\/\/www.noidiqua.it\/Agliana\/#\/schema\/person\/image\/","url":"https:\/\/secure.gravatar.com\/avatar\/2f9b1fb6e13f3b3e63bde435d999a73be036e320f7a0f5f32f9ac21859d999cd?s=96&d=mm&r=g","contentUrl":"https:\/\/secure.gravatar.com\/avatar\/2f9b1fb6e13f3b3e63bde435d999a73be036e320f7a0f5f32f9ac21859d999cd?s=96&d=mm&r=g","caption":"Piera Salvi"},"url":"https:\/\/www.noidiqua.it\/Agliana\/author\/piera-salvi\/"}]}},"_links":{"self":[{"href":"https:\/\/www.noidiqua.it\/Agliana\/wp-json\/wp\/v2\/posts\/6016","targetHints":{"allow":["GET"]}}],"collection":[{"href":"https:\/\/www.noidiqua.it\/Agliana\/wp-json\/wp\/v2\/posts"}],"about":[{"href":"https:\/\/www.noidiqua.it\/Agliana\/wp-json\/wp\/v2\/types\/post"}],"author":[{"embeddable":true,"href":"https:\/\/www.noidiqua.it\/Agliana\/wp-json\/wp\/v2\/users\/13"}],"replies":[{"embeddable":true,"href":"https:\/\/www.noidiqua.it\/Agliana\/wp-json\/wp\/v2\/comments?post=6016"}],"version-history":[{"count":1,"href":"https:\/\/www.noidiqua.it\/Agliana\/wp-json\/wp\/v2\/posts\/6016\/revisions"}],"predecessor-version":[{"id":6019,"href":"https:\/\/www.noidiqua.it\/Agliana\/wp-json\/wp\/v2\/posts\/6016\/revisions\/6019"}],"wp:attachment":[{"href":"https:\/\/www.noidiqua.it\/Agliana\/wp-json\/wp\/v2\/media?parent=6016"}],"wp:term":[{"taxonomy":"category","embeddable":true,"href":"https:\/\/www.noidiqua.it\/Agliana\/wp-json\/wp\/v2\/categories?post=6016"},{"taxonomy":"post_tag","embeddable":true,"href":"https:\/\/www.noidiqua.it\/Agliana\/wp-json\/wp\/v2\/tags?post=6016"}],"curies":[{"name":"wp","href":"https:\/\/api.w.org\/{rel}","templated":true}]}}