{"id":6119,"date":"2020-09-05T09:57:30","date_gmt":"2020-09-05T07:57:30","guid":{"rendered":"https:\/\/www.noidiqua.it\/Agliana\/?p=6119"},"modified":"2021-08-27T17:09:58","modified_gmt":"2021-08-27T15:09:58","slug":"non-io-ma-noi","status":"publish","type":"post","link":"https:\/\/www.noidiqua.it\/Agliana\/non-io-ma-noi\/","title":{"rendered":"Non \u201cio\u201d ma \u201cNoi\u201d"},"content":{"rendered":"<p><em>di Massimo Cappelli<\/em><\/p>\n\n\n\n<p><em>settembre 2020<\/em><\/p>\n\n\n<p><a href=\"https:\/\/www.noidiqua.it\/Agliana\/wp-content\/uploads\/2021\/08\/Concludendo.png\" rel=\"wp-prettyPhoto[6119]\"><img loading=\"lazy\" decoding=\"async\" class=\"aligncenter size-full wp-image-6120\" src=\"https:\/\/www.noidiqua.it\/Agliana\/wp-content\/uploads\/2021\/08\/Concludendo.png\" alt=\"\" width=\"384\" height=\"219\" srcset=\"https:\/\/www.noidiqua.it\/Agliana\/wp-content\/uploads\/2021\/08\/Concludendo.png 384w, https:\/\/www.noidiqua.it\/Agliana\/wp-content\/uploads\/2021\/08\/Concludendo-300x171.png 300w\" sizes=\"auto, (max-width: 384px) 100vw, 384px\" \/><\/a><\/p>\n\n\n<p>Ammesso che non abbiate fatto come gli islamici che sfogliano i giornali al contrario rispetto a noi occidentali, forse avete anche letto, all\u2019inizio, l\u2019editoriale del nostro direttore Giacomo Bini: <strong><a href=\"https:\/\/www.noidiqua.it\/il-doppio-di-sei\/\">\u201dIl doppio di sei\u2026\u201d<\/a><\/strong>. Vi confesso che per questo numero, pur essendo <em>\u201calle porte co\u2019 sassi\u201d<\/em> non avevo idea di cosa scrivere; leggendo quello che ha scritto Giacomo, per\u00f2 (perch\u00e9 io ho il privilegio di leggere prima di voi) mi \u00e8 venuta l\u2019ispirazione e voglio, pur non ritenendomi alla sua altezza, proseguire con i suoi concetti.<\/p>\n\n\n\n<p>Mi \u00e8 piaciuto molto che abbia chiamato la nostra rivista \u201c<strong>album di famiglia<\/strong>\u201d. Se andate sul portale <strong>noidiqua.it<\/strong> e fate una ricerca per esempio su un personaggio conosciuto della vostra citt\u00e0, \u00e8 quasi certo che lo troverete, perch\u00e9 in questi tredici anni abbiamo sicuramente parlato di lui. Le piccole comunit\u00e0 come la nostra sono vere e proprie \u201cgrandi famiglie\u201d e la funzione del nostro giornale \u00e8 proprio quella dell\u2019album. Ma non solo, NoiDiQua \u00e8 anche divulgatore e custode di storie, di persone, di curiosit\u00e0, di avvenimenti, e di quanto \u00e8 successo o succede nel nostro territorio. L\u2019intuizione del compianto direttore <strong>Giancarlo Zampini<\/strong>, al quale Giacomo fa riferimento e del quale ne \u00e8 degno erede, \u00e8 proprio questa: divulgare e approfondire le storie locali e dare spazio alle persone semplici, perch\u00e9 \u00e8 proprio nella semplicit\u00e0 che si trova la grandezza, e moltissime di queste persone meritano di essere raccontate per aver fatto qualcosa di buono.<\/p>\n\n\n\n<p>L\u2019essenza di ci\u00f2 che il direttore scrive credo riconduca alla \u201c<strong>condivisione<\/strong>\u201d. Ho compreso fin da bambino il significato di questa parola poich\u00e9 nelle nostre campagne era addirittura un metodo di lavoro. L\u2019usanza veniva dall\u2019immediato dopoguerra quando la mancanza di denaro diede origine ad una sorta di unione, una \u201c<strong>solidariet\u00e0 rurale<\/strong>\u201d fra i contadini (come ricordavamo giorni fa con la signora Dea Mantellassi) che per molto tempo si sono aiutati a vicenda negli eventi stagionali come la vendemmia o la battitura del grano; faticose giornate lavorative che per\u00f2 finivano sempre con una festa e un successivo banchetto per cena. Oggi tutto questo si \u00e8 perduto, prima di tutto perch\u00e9 non esistono pi\u00f9 i piccoli poderi a conduzione familiare, poi perch\u00e9 le grandi aziende agricole usano sempre maggiormente la tecnologia, e quando hanno bisogno di mano d\u2019opera, anche a causa di restrizioni di legge, sono costretti a contattare le agenzie interinali. Pare per\u00f2 che la star internazionale Sting, che ha una tenuta dalle parti di Incisa Valdarno, faccia pagare (dicono) centosessanta euro a persona a tutti coloro che vogliono andare da lui a vendemmiare. Ma come sar\u00e0 cambiato il mondo! Ma a parte Sting, che del resto vende un\u2019esperienza, questo inaridimento sociale credo sia dovuto in gran parte all\u2019arricchimento derivato dal boom economico iniziato qualche decennio fa: pi\u00f9 denaro uno possiede, pi\u00f9 \u00e8 in grado di cavarsela da solo, questa perlomeno \u00e8 la credenza. Oggi prevale il pronome personale singolare \u201cio\u201d rispetto al plurale \u201cnoi\u201d. Con la crisi dell\u2019ultimo decennio per\u00f2, ci stiamo ritrovando tutti, ahim\u00e8, pi\u00f9 poveri e pi\u00f9 soli, e con questa ultima emergenza <strong>Covid-19 <\/strong>\u00e8 piovuto sul bagnato. Speriamo quantomeno che questo riesca a far rinascere il senso di condivisione.<\/p>\n\n\n\n<p>Per cercare di esprimere il cambiamento degli ultimi decenni mi tocca a trovare un\u2019altra metafora che rappresenti la vita e la societ\u00e0 e forse devo cercarla nel teatro. Infatti, se prima ho descritto la comunit\u00e0 come una grande famiglia, questa potrebbe essere vista anche come una grande compagnia teatrale. Diciamocelo francamente, certi ambiti come per esempio le interrogazioni scolastiche, le relazioni di lavoro e anche la convivenza sociale (per esempio quando si ha a che fare con soggetti difficili) hanno bisogno, al fine di raggiungere buoni risultati, di una sorta di recitazione. Alcuni giorni fa, parlando con l\u2019amico e cliente <strong>Gilberto Ballerini<\/strong> ad un certo punto, proprio con l\u2019intenzione di paragonare il teatro alla vita, mi ha detto: <em>\u00abVedi, ci sono i teatri e i teatrini: i primi sono composti da persone, fatte di carne e sangue, che parlano e si muovono, agiscono, interpretano e interagiscono. Nei secondi invece ci sono solo marionette di legno o di cartapesta, queste, animate da qualcuno pi\u00f9 in alto che muove i loro fili e d\u00e0 loro la voce\u00bb<\/em>.&nbsp;<\/p>\n\n\n\n<p><em>\u00abSiamo tutti dei grandi attori sul palcoscenico della vita\u00bb<\/em>, diceva Pirandello (mi pare), massima sicuramente azzeccata ed evergreen. La vita \u00e8 un palcoscenico dove siamo tutti in scena ad interpretare commedie e drammi senza per\u00f2 conoscere il nostro regista, e il passaggio da \u201cteatro\u201d a \u201cteatrino\u201d \u00e8 quasi impercettibile. Siamo tutti protagonisti nello spettacolo della nostra vita, certo, ma siamo anche troppo influenzati dai mezzi di comunicazione di massa ai quali siamo costantemente connessi, che nell\u2019oblio ci fanno fare considerazioni, scelte e azioni, studiate e pianificate da qualche \u201cregista\u201d lontano, a discapito della razionalit\u00e0 e del libero pensiero. Proprio come delle marionette con la testa di legno. Ma il bello \u00e8 che i fili c\u2019\u00e8 li muoviamo da soli, magari condizionati da un influencer che indossa un abito, si mette un profumo, che guida un\u2019auto, o che va in vacanza in una determinata localit\u00e0.<\/p>\n\n\n<p><a href=\"https:\/\/www.noidiqua.it\/Agliana\/wp-content\/uploads\/2021\/08\/concludendo-2.png\" rel=\"wp-prettyPhoto[6119]\"><img loading=\"lazy\" decoding=\"async\" class=\"aligncenter size-full wp-image-6121\" src=\"https:\/\/www.noidiqua.it\/Agliana\/wp-content\/uploads\/2021\/08\/concludendo-2.png\" alt=\"\" width=\"450\" height=\"450\" srcset=\"https:\/\/www.noidiqua.it\/Agliana\/wp-content\/uploads\/2021\/08\/concludendo-2.png 450w, https:\/\/www.noidiqua.it\/Agliana\/wp-content\/uploads\/2021\/08\/concludendo-2-300x300.png 300w, https:\/\/www.noidiqua.it\/Agliana\/wp-content\/uploads\/2021\/08\/concludendo-2-150x150.png 150w\" sizes=\"auto, (max-width: 450px) 100vw, 450px\" \/><\/a><\/p>\n\n\n<p>Ma tornando al \u201cdoppio di sei\u201d, che come dice <strong>Snoopy<\/strong> \u00e8 \u201csiamo\u201d, prendendo esempio dalla missione di questa nostra piccola rivista che, come asserisce giustamente il suo direttore, divulga piccole storie individuali coltivando il senso di comunit\u00e0, io credo che al di l\u00e0 del proprio interesse individuale, ognuno dovrebbe usare di meno il singolare \u201cio\u201d e usare di pi\u00f9 il plurale \u201cnoi\u201d.<\/p>","protected":false},"excerpt":{"rendered":"<p>di Massimo Cappelli settembre 2020 Ammesso che non abbiate fatto come gli islamici che sfogliano i giornali al contrario rispetto a noi occidentali, forse avete anche letto, all\u2019inizio, l\u2019editoriale del nostro direttore Giacomo Bini: \u201dIl doppio di sei\u2026\u201d. Vi confesso che per questo numero, pur essendo \u201calle [&hellip;]<\/p>","protected":false},"author":7,"featured_media":0,"comment_status":"open","ping_status":"open","sticky":false,"template":"","format":"standard","meta":{"footnotes":""},"categories":[2,5],"tags":[2561,2563,2282,81,2565,2562,2566,2564],"class_list":["post-6119","post","type-post","status-publish","format-standard","hentry","category-ag","category-concludendo-qt","tag-album-di-famiglia","tag-condivisione-2","tag-covid-19-2","tag-giancarlo-zampini","tag-gilberto-ballerini","tag-noidiqua-it","tag-snoopy","tag-solidarieta-rurale"],"yoast_head":"<!-- This site is optimized with the Yoast SEO plugin v25.5 - https:\/\/yoast.com\/wordpress\/plugins\/seo\/ -->\n<title>Non \u201cio\u201d ma \u201cNoi\u201d - Noi di Qua Testata giornalistica e di attualit\u00e0 di Agliana, Montale e Quarrata.<\/title>\n<meta name=\"robots\" content=\"index, follow, max-snippet:-1, max-image-preview:large, max-video-preview:-1\" \/>\n<link rel=\"canonical\" href=\"https:\/\/www.noidiqua.it\/Agliana\/non-io-ma-noi\/\" \/>\n<meta property=\"og:locale\" content=\"it_IT\" \/>\n<meta property=\"og:type\" content=\"article\" \/>\n<meta property=\"og:title\" content=\"Non \u201cio\u201d ma \u201cNoi\u201d - Noi di Qua Testata giornalistica e di attualit\u00e0 di Agliana, Montale e Quarrata.\" \/>\n<meta property=\"og:description\" content=\"di Massimo Cappelli settembre 2020 Ammesso che non abbiate fatto come gli islamici che sfogliano i giornali al contrario rispetto a noi occidentali, forse avete anche letto, all\u2019inizio, l\u2019editoriale del nostro direttore Giacomo Bini: \u201dIl doppio di sei\u2026\u201d. Vi confesso che per questo numero, pur essendo \u201calle [&hellip;]\" \/>\n<meta property=\"og:url\" content=\"https:\/\/www.noidiqua.it\/Agliana\/non-io-ma-noi\/\" \/>\n<meta property=\"og:site_name\" content=\"Noi di Qua Testata giornalistica e di attualit\u00e0 di Agliana, Montale e Quarrata.\" \/>\n<meta property=\"article:publisher\" content=\"https:\/\/www.facebook.com\/noidiqua.trimestrale\/\" \/>\n<meta property=\"article:published_time\" content=\"2020-09-05T07:57:30+00:00\" \/>\n<meta property=\"article:modified_time\" content=\"2021-08-27T15:09:58+00:00\" \/>\n<meta property=\"og:image\" content=\"https:\/\/www.noidiqua.it\/Agliana\/wp-content\/uploads\/2021\/08\/Concludendo.png\" \/>\n<meta name=\"author\" content=\"Massimo Cappelli\" \/>\n<meta name=\"twitter:label1\" content=\"Scritto da\" \/>\n\t<meta name=\"twitter:data1\" content=\"Massimo Cappelli\" \/>\n\t<meta name=\"twitter:label2\" content=\"Tempo di lettura stimato\" \/>\n\t<meta name=\"twitter:data2\" content=\"5 minuti\" \/>\n<script type=\"application\/ld+json\" class=\"yoast-schema-graph\">{\"@context\":\"https:\/\/schema.org\",\"@graph\":[{\"@type\":\"WebPage\",\"@id\":\"https:\/\/www.noidiqua.it\/Agliana\/non-io-ma-noi\/\",\"url\":\"https:\/\/www.noidiqua.it\/Agliana\/non-io-ma-noi\/\",\"name\":\"Non \u201cio\u201d ma \u201cNoi\u201d - Noi di Qua Testata giornalistica e di attualit\u00e0 di Agliana, Montale e Quarrata.\",\"isPartOf\":{\"@id\":\"https:\/\/www.noidiqua.it\/Agliana\/#website\"},\"primaryImageOfPage\":{\"@id\":\"https:\/\/www.noidiqua.it\/Agliana\/non-io-ma-noi\/#primaryimage\"},\"image\":{\"@id\":\"https:\/\/www.noidiqua.it\/Agliana\/non-io-ma-noi\/#primaryimage\"},\"thumbnailUrl\":\"https:\/\/www.noidiqua.it\/Agliana\/wp-content\/uploads\/2021\/08\/Concludendo.png\",\"datePublished\":\"2020-09-05T07:57:30+00:00\",\"dateModified\":\"2021-08-27T15:09:58+00:00\",\"author\":{\"@id\":\"https:\/\/www.noidiqua.it\/Agliana\/#\/schema\/person\/858b1b9db61101126e5ded39f94daedb\"},\"breadcrumb\":{\"@id\":\"https:\/\/www.noidiqua.it\/Agliana\/non-io-ma-noi\/#breadcrumb\"},\"inLanguage\":\"it-IT\",\"potentialAction\":[{\"@type\":\"ReadAction\",\"target\":[\"https:\/\/www.noidiqua.it\/Agliana\/non-io-ma-noi\/\"]}]},{\"@type\":\"ImageObject\",\"inLanguage\":\"it-IT\",\"@id\":\"https:\/\/www.noidiqua.it\/Agliana\/non-io-ma-noi\/#primaryimage\",\"url\":\"https:\/\/www.noidiqua.it\/Agliana\/wp-content\/uploads\/2021\/08\/Concludendo.png\",\"contentUrl\":\"https:\/\/www.noidiqua.it\/Agliana\/wp-content\/uploads\/2021\/08\/Concludendo.png\",\"width\":384,\"height\":219},{\"@type\":\"BreadcrumbList\",\"@id\":\"https:\/\/www.noidiqua.it\/Agliana\/non-io-ma-noi\/#breadcrumb\",\"itemListElement\":[{\"@type\":\"ListItem\",\"position\":1,\"name\":\"Home\",\"item\":\"https:\/\/www.noidiqua.it\/Agliana\/\"},{\"@type\":\"ListItem\",\"position\":2,\"name\":\"Non \u201cio\u201d ma \u201cNoi\u201d\"}]},{\"@type\":\"WebSite\",\"@id\":\"https:\/\/www.noidiqua.it\/Agliana\/#website\",\"url\":\"https:\/\/www.noidiqua.it\/Agliana\/\",\"name\":\"Noi di Qua Testata giornalistica e di attualit\u00e0 di Agliana, Montale e Quarrata.\",\"description\":\"Testata Giornalistica Quarrata Montale Agliana\",\"potentialAction\":[{\"@type\":\"SearchAction\",\"target\":{\"@type\":\"EntryPoint\",\"urlTemplate\":\"https:\/\/www.noidiqua.it\/Agliana\/?s={search_term_string}\"},\"query-input\":{\"@type\":\"PropertyValueSpecification\",\"valueRequired\":true,\"valueName\":\"search_term_string\"}}],\"inLanguage\":\"it-IT\"},{\"@type\":\"Person\",\"@id\":\"https:\/\/www.noidiqua.it\/Agliana\/#\/schema\/person\/858b1b9db61101126e5ded39f94daedb\",\"name\":\"Massimo Cappelli\",\"image\":{\"@type\":\"ImageObject\",\"inLanguage\":\"it-IT\",\"@id\":\"https:\/\/www.noidiqua.it\/Agliana\/#\/schema\/person\/image\/\",\"url\":\"https:\/\/secure.gravatar.com\/avatar\/0e7261535228aa9bb0417ab8f42f3fadaf8ce23bdfde46c689c43410a676cfa9?s=96&d=mm&r=g\",\"contentUrl\":\"https:\/\/secure.gravatar.com\/avatar\/0e7261535228aa9bb0417ab8f42f3fadaf8ce23bdfde46c689c43410a676cfa9?s=96&d=mm&r=g\",\"caption\":\"Massimo Cappelli\"},\"url\":\"https:\/\/www.noidiqua.it\/Agliana\/author\/massimo-cappelli\/\"}]}<\/script>\n<!-- \/ Yoast SEO plugin. -->","yoast_head_json":{"title":"Non \u201cio\u201d ma \u201cNoi\u201d - Noi di Qua Testata giornalistica e di attualit\u00e0 di Agliana, Montale e Quarrata.","robots":{"index":"index","follow":"follow","max-snippet":"max-snippet:-1","max-image-preview":"max-image-preview:large","max-video-preview":"max-video-preview:-1"},"canonical":"https:\/\/www.noidiqua.it\/Agliana\/non-io-ma-noi\/","og_locale":"it_IT","og_type":"article","og_title":"Non \u201cio\u201d ma \u201cNoi\u201d - Noi di Qua Testata giornalistica e di attualit\u00e0 di Agliana, Montale e Quarrata.","og_description":"di Massimo Cappelli settembre 2020 Ammesso che non abbiate fatto come gli islamici che sfogliano i giornali al contrario rispetto a noi occidentali, forse avete anche letto, all\u2019inizio, l\u2019editoriale del nostro direttore Giacomo Bini: \u201dIl doppio di sei\u2026\u201d. Vi confesso che per questo numero, pur essendo \u201calle [&hellip;]","og_url":"https:\/\/www.noidiqua.it\/Agliana\/non-io-ma-noi\/","og_site_name":"Noi di Qua Testata giornalistica e di attualit\u00e0 di Agliana, Montale e Quarrata.","article_publisher":"https:\/\/www.facebook.com\/noidiqua.trimestrale\/","article_published_time":"2020-09-05T07:57:30+00:00","article_modified_time":"2021-08-27T15:09:58+00:00","og_image":[{"url":"https:\/\/www.noidiqua.it\/Agliana\/wp-content\/uploads\/2021\/08\/Concludendo.png","type":"","width":"","height":""}],"author":"Massimo Cappelli","twitter_misc":{"Scritto da":"Massimo Cappelli","Tempo di lettura stimato":"5 minuti"},"schema":{"@context":"https:\/\/schema.org","@graph":[{"@type":"WebPage","@id":"https:\/\/www.noidiqua.it\/Agliana\/non-io-ma-noi\/","url":"https:\/\/www.noidiqua.it\/Agliana\/non-io-ma-noi\/","name":"Non \u201cio\u201d ma \u201cNoi\u201d - Noi di Qua Testata giornalistica e di attualit\u00e0 di Agliana, Montale e Quarrata.","isPartOf":{"@id":"https:\/\/www.noidiqua.it\/Agliana\/#website"},"primaryImageOfPage":{"@id":"https:\/\/www.noidiqua.it\/Agliana\/non-io-ma-noi\/#primaryimage"},"image":{"@id":"https:\/\/www.noidiqua.it\/Agliana\/non-io-ma-noi\/#primaryimage"},"thumbnailUrl":"https:\/\/www.noidiqua.it\/Agliana\/wp-content\/uploads\/2021\/08\/Concludendo.png","datePublished":"2020-09-05T07:57:30+00:00","dateModified":"2021-08-27T15:09:58+00:00","author":{"@id":"https:\/\/www.noidiqua.it\/Agliana\/#\/schema\/person\/858b1b9db61101126e5ded39f94daedb"},"breadcrumb":{"@id":"https:\/\/www.noidiqua.it\/Agliana\/non-io-ma-noi\/#breadcrumb"},"inLanguage":"it-IT","potentialAction":[{"@type":"ReadAction","target":["https:\/\/www.noidiqua.it\/Agliana\/non-io-ma-noi\/"]}]},{"@type":"ImageObject","inLanguage":"it-IT","@id":"https:\/\/www.noidiqua.it\/Agliana\/non-io-ma-noi\/#primaryimage","url":"https:\/\/www.noidiqua.it\/Agliana\/wp-content\/uploads\/2021\/08\/Concludendo.png","contentUrl":"https:\/\/www.noidiqua.it\/Agliana\/wp-content\/uploads\/2021\/08\/Concludendo.png","width":384,"height":219},{"@type":"BreadcrumbList","@id":"https:\/\/www.noidiqua.it\/Agliana\/non-io-ma-noi\/#breadcrumb","itemListElement":[{"@type":"ListItem","position":1,"name":"Home","item":"https:\/\/www.noidiqua.it\/Agliana\/"},{"@type":"ListItem","position":2,"name":"Non \u201cio\u201d ma \u201cNoi\u201d"}]},{"@type":"WebSite","@id":"https:\/\/www.noidiqua.it\/Agliana\/#website","url":"https:\/\/www.noidiqua.it\/Agliana\/","name":"Noi di Qua Testata giornalistica e di attualit\u00e0 di Agliana, Montale e Quarrata.","description":"Testata Giornalistica Quarrata Montale Agliana","potentialAction":[{"@type":"SearchAction","target":{"@type":"EntryPoint","urlTemplate":"https:\/\/www.noidiqua.it\/Agliana\/?s={search_term_string}"},"query-input":{"@type":"PropertyValueSpecification","valueRequired":true,"valueName":"search_term_string"}}],"inLanguage":"it-IT"},{"@type":"Person","@id":"https:\/\/www.noidiqua.it\/Agliana\/#\/schema\/person\/858b1b9db61101126e5ded39f94daedb","name":"Massimo Cappelli","image":{"@type":"ImageObject","inLanguage":"it-IT","@id":"https:\/\/www.noidiqua.it\/Agliana\/#\/schema\/person\/image\/","url":"https:\/\/secure.gravatar.com\/avatar\/0e7261535228aa9bb0417ab8f42f3fadaf8ce23bdfde46c689c43410a676cfa9?s=96&d=mm&r=g","contentUrl":"https:\/\/secure.gravatar.com\/avatar\/0e7261535228aa9bb0417ab8f42f3fadaf8ce23bdfde46c689c43410a676cfa9?s=96&d=mm&r=g","caption":"Massimo Cappelli"},"url":"https:\/\/www.noidiqua.it\/Agliana\/author\/massimo-cappelli\/"}]}},"_links":{"self":[{"href":"https:\/\/www.noidiqua.it\/Agliana\/wp-json\/wp\/v2\/posts\/6119","targetHints":{"allow":["GET"]}}],"collection":[{"href":"https:\/\/www.noidiqua.it\/Agliana\/wp-json\/wp\/v2\/posts"}],"about":[{"href":"https:\/\/www.noidiqua.it\/Agliana\/wp-json\/wp\/v2\/types\/post"}],"author":[{"embeddable":true,"href":"https:\/\/www.noidiqua.it\/Agliana\/wp-json\/wp\/v2\/users\/7"}],"replies":[{"embeddable":true,"href":"https:\/\/www.noidiqua.it\/Agliana\/wp-json\/wp\/v2\/comments?post=6119"}],"version-history":[{"count":3,"href":"https:\/\/www.noidiqua.it\/Agliana\/wp-json\/wp\/v2\/posts\/6119\/revisions"}],"predecessor-version":[{"id":6126,"href":"https:\/\/www.noidiqua.it\/Agliana\/wp-json\/wp\/v2\/posts\/6119\/revisions\/6126"}],"wp:attachment":[{"href":"https:\/\/www.noidiqua.it\/Agliana\/wp-json\/wp\/v2\/media?parent=6119"}],"wp:term":[{"taxonomy":"category","embeddable":true,"href":"https:\/\/www.noidiqua.it\/Agliana\/wp-json\/wp\/v2\/categories?post=6119"},{"taxonomy":"post_tag","embeddable":true,"href":"https:\/\/www.noidiqua.it\/Agliana\/wp-json\/wp\/v2\/tags?post=6119"}],"curies":[{"name":"wp","href":"https:\/\/api.w.org\/{rel}","templated":true}]}}