{"id":6133,"date":"2020-06-12T12:57:00","date_gmt":"2020-06-12T10:57:00","guid":{"rendered":"https:\/\/www.noidiqua.it\/Agliana\/?p=6133"},"modified":"2021-09-02T10:37:01","modified_gmt":"2021-09-02T08:37:01","slug":"leonello-giusti-i-ricordi-di-un-militare-deportato-in-germania","status":"publish","type":"post","link":"https:\/\/www.noidiqua.it\/Agliana\/leonello-giusti-i-ricordi-di-un-militare-deportato-in-germania\/","title":{"rendered":"Leonello Giusti &#8211; i ricordi di un militare deportato in Germania"},"content":{"rendered":"<p><em>di Piera Salvi<\/em><\/p>\n\n\n\n<p>giugno\u00a0<em>2020<\/em><\/p>\n\n\n<p><a href=\"https:\/\/www.noidiqua.it\/Agliana\/wp-content\/uploads\/2021\/09\/LEONELLO-GIUSTI.png\" rel=\"wp-prettyPhoto[6133]\"><img loading=\"lazy\" decoding=\"async\" class=\"aligncenter  wp-image-6134\" src=\"https:\/\/www.noidiqua.it\/Agliana\/wp-content\/uploads\/2021\/09\/LEONELLO-GIUSTI.png\" alt=\"\" width=\"472\" height=\"324\"><\/a><\/p>\n\n\n<p><strong>Leonello Giusti<\/strong>, aglianese, ha 96 anni ed \u00e8 uno dei tanti ex <strong>Internati Militari Italiani <\/strong>(IMI) che furono catturati dai tedeschi dopo l\u2019armistizio dell\u2019Italia dell\u20198 settembre 1943, durante la seconda guerra mondiale. Racconta di essere nato a <strong>Ponte dei Bini<\/strong>, in una famiglia onesta ma numerosa, dove convivevano cinque figli, genitori e nonni. Nonostante le difficolt\u00e0 complet\u00f2 le scuole elementari: fino alla terza a Ponte dei Bini, la quarta dalla suore di San Michele e la quinta a San Niccol\u00f2, percorrendo quattro chilometri a piedi, con gli zoccoli e le strade spesso allagate. Poi cominci\u00f2 subito a lavorare. A 17 anni aveva finalmente trovato una fabbrica pratese del settore tessile che garantiva un lavoro sicuro, con assicurazione e versamento dei contributi.&nbsp;<\/p>\n\n\n\n<p>Ma quando arriv\u00f2 l\u2019et\u00e0 del servizio militare fu l\u2019inizio di anni durissimi. <em>\u00abIl 17 gennaio del 1943 fui richiamato alle armi, mi presentai alla stazione di Milano, c\u2019era la ronda, ci portarono in caserma e da l\u00ec fu una tragedia\u00bb<\/em> ricorda. L\u20198 settembre dello stesso anno, Giusti era <strong>bersagliere<\/strong> a Milano e durante un rastrellamento fu <strong>deportato<\/strong> a Kassel, nel lager numero 9. <em>\u00abMi fu assegnata la piastrina numero 79304\u00bb<\/em> racconta. <em>\u00abEravamo pi\u00f9 di mille uomini, tutti ammassati come animali, senza n\u00e9 cibo n\u00e9 acqua. Lavoravamo tutto il giorno. Kassel, a nord della Germania, era una citt\u00e0 bellica. La fabbrica Fisle produceva aerei caccia bombardieri, diecimila operai in tutto vi lavoravano, non solo prigionieri ma anche tedeschi. C\u2019era una guardia che aveva sempre un mitra puntato verso i prigionieri\u00bb<\/em>. Leonello di giorno lavorava in quella fabbrica, mentre la notte veniva mandato a scaricare vagoni di carbone. <em>\u00abCi davano solo un filone di pane al giorno\u00bb<\/em> ricorda.<em> \u00abNella mia baracca eravamo una decina di prigionieri. Avevamo i letti a castello. A turno ci dividevamo il filone di pane, chi tagliava era l\u2019ultimo a scegliere la razione. Ogni giorno la fame diventava sempre pi\u00f9 faticosa da sopportare\u00bb<\/em>.&nbsp;<\/p>\n\n\n\n<p>Leonello racconta toccanti episodi, soprattutto di come quei giovani internati rischiavano la vita, spesso per reperire patate per sfamarsi, come quando erano stati mandati a sgombrare delle macerie e videro in un cortile una caldaia dove cuocevano patate per i maiali. <em>\u00abUna notte\u00bb<\/em> rievoca, <em>\u00abcon altri tre prigionieri, uscimmo dalla baracca tagliando il reticolato e rubammo quelle patate per sfamarci. La sera successiva i miei amici decisero di tornare alla caldaia per prendere altre patate. Io non andai, non volli rischiare. Loro, purtroppo, vennero scoperti da una sentinella e non abbiamo saputo pi\u00f9 nulla. Di solito, questi comportamenti venivano puniti con il campo di disciplina e c\u2019era la morte\u00bb<\/em>. Un destino che ha lasciato nella mente di Giusti una domanda: Come mai quella sera non ero con loro?. <em>\u00abUn giorno un tedesco mi scopr\u00ec a mangiare bucce di patata dal cassonetto della spazzatura<\/em>\u00bb racconta ancora. <em>\u00abMi tir\u00f2 una pedata e mi disse che ero un maiale, gli risposi che avevo fame\u00bb<\/em>. Questo fa capire come la fame sfiniva i prigionieri.&nbsp; Vicino al lager c\u2019era una coltivazione di patate che i contadini coprivano con paglia e terra durante l\u2019inverno, poich\u00e9 non era possibile scavare le buche a causa del gelo. E Leonello, con un amico, una notte rub\u00f2 quelle patate. Il giorno dopo i contadini si accorsero del furto e reclamarono al comando. I generali <strong>tedeschi <\/strong>fecero controlli nelle baracche e scoprirono quintali di patate rubate. Furono trovate anche nella baracca di Giusti, nonostante fossero nascoste sotto il pavimento di legno, dove gli internati avevano creato una botola sotto una branda. Per fortuna dal settembre 1944 la situazione degli italiani internati pass\u00f2 dalla condizione di prigionieri a quella di civili, con punizioni meno aspre per quel tipo di furto.&nbsp;<\/p>\n\n\n<p><a href=\"https:\/\/www.noidiqua.it\/Agliana\/wp-content\/uploads\/2021\/09\/LEONELLO-GIUSTI-1-e1630493538472.png\" rel=\"wp-prettyPhoto[6133]\"><img loading=\"lazy\" decoding=\"async\" class=\"aligncenter size-full wp-image-6135\" src=\"https:\/\/www.noidiqua.it\/Agliana\/wp-content\/uploads\/2021\/09\/LEONELLO-GIUSTI-1-e1630493538472.png\" alt=\"\" width=\"450\" height=\"365\" srcset=\"https:\/\/www.noidiqua.it\/Agliana\/wp-content\/uploads\/2021\/09\/LEONELLO-GIUSTI-1-e1630493538472.png 450w, https:\/\/www.noidiqua.it\/Agliana\/wp-content\/uploads\/2021\/09\/LEONELLO-GIUSTI-1-e1630493538472-300x243.png 300w\" sizes=\"auto, (max-width: 450px) 100vw, 450px\" \/><\/a><\/p>\n<p><\/p>\n\n\n<p>Ma c\u2019\u00e8 anche il drammatico ricordo di un bombardamento alla <strong>Fisle<\/strong>. Era il 19 aprile 1944, alle 10, un giorno indimenticabile per Giusti.<em> \u00abRimasi sotto le macerie\u00bb<\/em> ricorda, <em>\u00abma anche quella volta il destino mi ha favorito. Un mio amico aveva sentito il bombardamento e corse alla fabbrica. Mi trov\u00f2 con un piede incastrato tra due travi di ferro, mi tolse la scarpa e mi liber\u00f2 il piede. Rischiavamo che il tetto ci crollasse in testa. Un bersagliere della mia compagnia chiedeva aiuto. Non potei aiutarlo perch\u00e9 mi stavano portando all\u2019ospedale. Poi venni a sapere che era morto. Da quel bombardamento il mio udito rimase molto compromesso a causa della rottura dei timpani\u00bb<\/em>.&nbsp;<\/p>\n\n\n\n<p>Nell\u2019aprile del 1945 fin\u00ec la guerra e Leonello aveva un solo pensiero: come tornare a casa? Fu un\u2019odissea, fino a luglio, infine un viaggio su un camion privato fino a Innsbruck, poi in treno fino a Prato e la gioia pi\u00f9 bella: <em>\u00abQuando arrivai sull\u2019argine del Calice mi venne incontro mia sorella Fiorella\u00bb<\/em>. Giusti ha raccontato quei tristi anni di prigionia agli studenti di terza media, della scuola Sestini di Agliana, nel Giorno della Memoria.<em> \u00abSe ripenso a tutto questo non mi sembra possibile, ma \u00e8 accaduto davvero\u00bb<\/em>, dice commosso.<\/p>","protected":false},"excerpt":{"rendered":"<p>di Piera Salvi giugno\u00a02020 Leonello Giusti, aglianese, ha 96 anni ed \u00e8 uno dei tanti ex Internati Militari Italiani (IMI) che furono catturati dai tedeschi dopo l\u2019armistizio dell\u2019Italia dell\u20198 settembre 1943, durante la seconda guerra mondiale. Racconta di essere nato a Ponte dei Bini, in una famiglia [&hellip;]<\/p>","protected":false},"author":13,"featured_media":0,"comment_status":"open","ping_status":"open","sticky":false,"template":"","format":"standard","meta":{"footnotes":""},"categories":[2,7],"tags":[2576,2577,2578,2575,2574,110,1783],"class_list":["post-6133","post","type-post","status-publish","format-standard","hentry","category-ag","category-notizie-dal-passato","tag-bersagliere","tag-deportato","tag-fisle","tag-internati-militari-italiani","tag-leonello-giusti","tag-ponte-dei-bini","tag-tedeschi"],"yoast_head":"<!-- This site is optimized with the Yoast SEO plugin v25.5 - https:\/\/yoast.com\/wordpress\/plugins\/seo\/ -->\n<title>Leonello Giusti - i ricordi di un militare deportato in Germania - Noi di Qua Testata giornalistica e di attualit\u00e0 di Agliana, Montale e Quarrata.<\/title>\n<meta name=\"robots\" content=\"index, follow, max-snippet:-1, max-image-preview:large, max-video-preview:-1\" \/>\n<link rel=\"canonical\" href=\"https:\/\/www.noidiqua.it\/Agliana\/leonello-giusti-i-ricordi-di-un-militare-deportato-in-germania\/\" \/>\n<meta property=\"og:locale\" content=\"it_IT\" \/>\n<meta property=\"og:type\" content=\"article\" \/>\n<meta property=\"og:title\" content=\"Leonello Giusti - i ricordi di un militare deportato in Germania - Noi di Qua Testata giornalistica e di attualit\u00e0 di Agliana, Montale e Quarrata.\" \/>\n<meta property=\"og:description\" content=\"di Piera Salvi giugno\u00a02020 Leonello Giusti, aglianese, ha 96 anni ed \u00e8 uno dei tanti ex Internati Militari Italiani (IMI) che furono catturati dai tedeschi dopo l\u2019armistizio dell\u2019Italia dell\u20198 settembre 1943, durante la seconda guerra mondiale. Racconta di essere nato a Ponte dei Bini, in una famiglia [&hellip;]\" \/>\n<meta property=\"og:url\" content=\"https:\/\/www.noidiqua.it\/Agliana\/leonello-giusti-i-ricordi-di-un-militare-deportato-in-germania\/\" \/>\n<meta property=\"og:site_name\" content=\"Noi di Qua Testata giornalistica e di attualit\u00e0 di Agliana, Montale e Quarrata.\" \/>\n<meta property=\"article:publisher\" content=\"https:\/\/www.facebook.com\/noidiqua.trimestrale\/\" \/>\n<meta property=\"article:published_time\" content=\"2020-06-12T10:57:00+00:00\" \/>\n<meta property=\"article:modified_time\" content=\"2021-09-02T08:37:01+00:00\" \/>\n<meta property=\"og:image\" content=\"https:\/\/www.noidiqua.it\/Agliana\/wp-content\/uploads\/2021\/09\/LEONELLO-GIUSTI.png\" \/>\n<meta name=\"author\" content=\"Piera Salvi\" \/>\n<meta name=\"twitter:label1\" content=\"Scritto da\" \/>\n\t<meta name=\"twitter:data1\" content=\"Piera Salvi\" \/>\n\t<meta name=\"twitter:label2\" content=\"Tempo di lettura stimato\" \/>\n\t<meta name=\"twitter:data2\" content=\"4 minuti\" \/>\n<script type=\"application\/ld+json\" class=\"yoast-schema-graph\">{\"@context\":\"https:\/\/schema.org\",\"@graph\":[{\"@type\":\"WebPage\",\"@id\":\"https:\/\/www.noidiqua.it\/Agliana\/leonello-giusti-i-ricordi-di-un-militare-deportato-in-germania\/\",\"url\":\"https:\/\/www.noidiqua.it\/Agliana\/leonello-giusti-i-ricordi-di-un-militare-deportato-in-germania\/\",\"name\":\"Leonello Giusti - i ricordi di un militare deportato in Germania - Noi di Qua Testata giornalistica e di attualit\u00e0 di Agliana, Montale e Quarrata.\",\"isPartOf\":{\"@id\":\"https:\/\/www.noidiqua.it\/Agliana\/#website\"},\"primaryImageOfPage\":{\"@id\":\"https:\/\/www.noidiqua.it\/Agliana\/leonello-giusti-i-ricordi-di-un-militare-deportato-in-germania\/#primaryimage\"},\"image\":{\"@id\":\"https:\/\/www.noidiqua.it\/Agliana\/leonello-giusti-i-ricordi-di-un-militare-deportato-in-germania\/#primaryimage\"},\"thumbnailUrl\":\"https:\/\/www.noidiqua.it\/Agliana\/wp-content\/uploads\/2021\/09\/LEONELLO-GIUSTI.png\",\"datePublished\":\"2020-06-12T10:57:00+00:00\",\"dateModified\":\"2021-09-02T08:37:01+00:00\",\"author\":{\"@id\":\"https:\/\/www.noidiqua.it\/Agliana\/#\/schema\/person\/bb7515c2330bb1137f247276096fa7dc\"},\"breadcrumb\":{\"@id\":\"https:\/\/www.noidiqua.it\/Agliana\/leonello-giusti-i-ricordi-di-un-militare-deportato-in-germania\/#breadcrumb\"},\"inLanguage\":\"it-IT\",\"potentialAction\":[{\"@type\":\"ReadAction\",\"target\":[\"https:\/\/www.noidiqua.it\/Agliana\/leonello-giusti-i-ricordi-di-un-militare-deportato-in-germania\/\"]}]},{\"@type\":\"ImageObject\",\"inLanguage\":\"it-IT\",\"@id\":\"https:\/\/www.noidiqua.it\/Agliana\/leonello-giusti-i-ricordi-di-un-militare-deportato-in-germania\/#primaryimage\",\"url\":\"https:\/\/www.noidiqua.it\/Agliana\/wp-content\/uploads\/2021\/09\/LEONELLO-GIUSTI.png\",\"contentUrl\":\"https:\/\/www.noidiqua.it\/Agliana\/wp-content\/uploads\/2021\/09\/LEONELLO-GIUSTI.png\",\"width\":940,\"height\":650},{\"@type\":\"BreadcrumbList\",\"@id\":\"https:\/\/www.noidiqua.it\/Agliana\/leonello-giusti-i-ricordi-di-un-militare-deportato-in-germania\/#breadcrumb\",\"itemListElement\":[{\"@type\":\"ListItem\",\"position\":1,\"name\":\"Home\",\"item\":\"https:\/\/www.noidiqua.it\/Agliana\/\"},{\"@type\":\"ListItem\",\"position\":2,\"name\":\"Leonello Giusti &#8211; i ricordi di un militare deportato in Germania\"}]},{\"@type\":\"WebSite\",\"@id\":\"https:\/\/www.noidiqua.it\/Agliana\/#website\",\"url\":\"https:\/\/www.noidiqua.it\/Agliana\/\",\"name\":\"Noi di Qua Testata giornalistica e di attualit\u00e0 di Agliana, Montale e Quarrata.\",\"description\":\"Testata Giornalistica Quarrata Montale Agliana\",\"potentialAction\":[{\"@type\":\"SearchAction\",\"target\":{\"@type\":\"EntryPoint\",\"urlTemplate\":\"https:\/\/www.noidiqua.it\/Agliana\/?s={search_term_string}\"},\"query-input\":{\"@type\":\"PropertyValueSpecification\",\"valueRequired\":true,\"valueName\":\"search_term_string\"}}],\"inLanguage\":\"it-IT\"},{\"@type\":\"Person\",\"@id\":\"https:\/\/www.noidiqua.it\/Agliana\/#\/schema\/person\/bb7515c2330bb1137f247276096fa7dc\",\"name\":\"Piera Salvi\",\"image\":{\"@type\":\"ImageObject\",\"inLanguage\":\"it-IT\",\"@id\":\"https:\/\/www.noidiqua.it\/Agliana\/#\/schema\/person\/image\/\",\"url\":\"https:\/\/secure.gravatar.com\/avatar\/2f9b1fb6e13f3b3e63bde435d999a73be036e320f7a0f5f32f9ac21859d999cd?s=96&d=mm&r=g\",\"contentUrl\":\"https:\/\/secure.gravatar.com\/avatar\/2f9b1fb6e13f3b3e63bde435d999a73be036e320f7a0f5f32f9ac21859d999cd?s=96&d=mm&r=g\",\"caption\":\"Piera Salvi\"},\"url\":\"https:\/\/www.noidiqua.it\/Agliana\/author\/piera-salvi\/\"}]}<\/script>\n<!-- \/ Yoast SEO plugin. -->","yoast_head_json":{"title":"Leonello Giusti - i ricordi di un militare deportato in Germania - Noi di Qua Testata giornalistica e di attualit\u00e0 di Agliana, Montale e Quarrata.","robots":{"index":"index","follow":"follow","max-snippet":"max-snippet:-1","max-image-preview":"max-image-preview:large","max-video-preview":"max-video-preview:-1"},"canonical":"https:\/\/www.noidiqua.it\/Agliana\/leonello-giusti-i-ricordi-di-un-militare-deportato-in-germania\/","og_locale":"it_IT","og_type":"article","og_title":"Leonello Giusti - i ricordi di un militare deportato in Germania - Noi di Qua Testata giornalistica e di attualit\u00e0 di Agliana, Montale e Quarrata.","og_description":"di Piera Salvi giugno\u00a02020 Leonello Giusti, aglianese, ha 96 anni ed \u00e8 uno dei tanti ex Internati Militari Italiani (IMI) che furono catturati dai tedeschi dopo l\u2019armistizio dell\u2019Italia dell\u20198 settembre 1943, durante la seconda guerra mondiale. Racconta di essere nato a Ponte dei Bini, in una famiglia [&hellip;]","og_url":"https:\/\/www.noidiqua.it\/Agliana\/leonello-giusti-i-ricordi-di-un-militare-deportato-in-germania\/","og_site_name":"Noi di Qua Testata giornalistica e di attualit\u00e0 di Agliana, Montale e Quarrata.","article_publisher":"https:\/\/www.facebook.com\/noidiqua.trimestrale\/","article_published_time":"2020-06-12T10:57:00+00:00","article_modified_time":"2021-09-02T08:37:01+00:00","og_image":[{"url":"https:\/\/www.noidiqua.it\/Agliana\/wp-content\/uploads\/2021\/09\/LEONELLO-GIUSTI.png","type":"","width":"","height":""}],"author":"Piera Salvi","twitter_misc":{"Scritto da":"Piera Salvi","Tempo di lettura stimato":"4 minuti"},"schema":{"@context":"https:\/\/schema.org","@graph":[{"@type":"WebPage","@id":"https:\/\/www.noidiqua.it\/Agliana\/leonello-giusti-i-ricordi-di-un-militare-deportato-in-germania\/","url":"https:\/\/www.noidiqua.it\/Agliana\/leonello-giusti-i-ricordi-di-un-militare-deportato-in-germania\/","name":"Leonello Giusti - i ricordi di un militare deportato in Germania - Noi di Qua Testata giornalistica e di attualit\u00e0 di Agliana, Montale e Quarrata.","isPartOf":{"@id":"https:\/\/www.noidiqua.it\/Agliana\/#website"},"primaryImageOfPage":{"@id":"https:\/\/www.noidiqua.it\/Agliana\/leonello-giusti-i-ricordi-di-un-militare-deportato-in-germania\/#primaryimage"},"image":{"@id":"https:\/\/www.noidiqua.it\/Agliana\/leonello-giusti-i-ricordi-di-un-militare-deportato-in-germania\/#primaryimage"},"thumbnailUrl":"https:\/\/www.noidiqua.it\/Agliana\/wp-content\/uploads\/2021\/09\/LEONELLO-GIUSTI.png","datePublished":"2020-06-12T10:57:00+00:00","dateModified":"2021-09-02T08:37:01+00:00","author":{"@id":"https:\/\/www.noidiqua.it\/Agliana\/#\/schema\/person\/bb7515c2330bb1137f247276096fa7dc"},"breadcrumb":{"@id":"https:\/\/www.noidiqua.it\/Agliana\/leonello-giusti-i-ricordi-di-un-militare-deportato-in-germania\/#breadcrumb"},"inLanguage":"it-IT","potentialAction":[{"@type":"ReadAction","target":["https:\/\/www.noidiqua.it\/Agliana\/leonello-giusti-i-ricordi-di-un-militare-deportato-in-germania\/"]}]},{"@type":"ImageObject","inLanguage":"it-IT","@id":"https:\/\/www.noidiqua.it\/Agliana\/leonello-giusti-i-ricordi-di-un-militare-deportato-in-germania\/#primaryimage","url":"https:\/\/www.noidiqua.it\/Agliana\/wp-content\/uploads\/2021\/09\/LEONELLO-GIUSTI.png","contentUrl":"https:\/\/www.noidiqua.it\/Agliana\/wp-content\/uploads\/2021\/09\/LEONELLO-GIUSTI.png","width":940,"height":650},{"@type":"BreadcrumbList","@id":"https:\/\/www.noidiqua.it\/Agliana\/leonello-giusti-i-ricordi-di-un-militare-deportato-in-germania\/#breadcrumb","itemListElement":[{"@type":"ListItem","position":1,"name":"Home","item":"https:\/\/www.noidiqua.it\/Agliana\/"},{"@type":"ListItem","position":2,"name":"Leonello Giusti &#8211; i ricordi di un militare deportato in Germania"}]},{"@type":"WebSite","@id":"https:\/\/www.noidiqua.it\/Agliana\/#website","url":"https:\/\/www.noidiqua.it\/Agliana\/","name":"Noi di Qua Testata giornalistica e di attualit\u00e0 di Agliana, Montale e Quarrata.","description":"Testata Giornalistica Quarrata Montale Agliana","potentialAction":[{"@type":"SearchAction","target":{"@type":"EntryPoint","urlTemplate":"https:\/\/www.noidiqua.it\/Agliana\/?s={search_term_string}"},"query-input":{"@type":"PropertyValueSpecification","valueRequired":true,"valueName":"search_term_string"}}],"inLanguage":"it-IT"},{"@type":"Person","@id":"https:\/\/www.noidiqua.it\/Agliana\/#\/schema\/person\/bb7515c2330bb1137f247276096fa7dc","name":"Piera Salvi","image":{"@type":"ImageObject","inLanguage":"it-IT","@id":"https:\/\/www.noidiqua.it\/Agliana\/#\/schema\/person\/image\/","url":"https:\/\/secure.gravatar.com\/avatar\/2f9b1fb6e13f3b3e63bde435d999a73be036e320f7a0f5f32f9ac21859d999cd?s=96&d=mm&r=g","contentUrl":"https:\/\/secure.gravatar.com\/avatar\/2f9b1fb6e13f3b3e63bde435d999a73be036e320f7a0f5f32f9ac21859d999cd?s=96&d=mm&r=g","caption":"Piera Salvi"},"url":"https:\/\/www.noidiqua.it\/Agliana\/author\/piera-salvi\/"}]}},"_links":{"self":[{"href":"https:\/\/www.noidiqua.it\/Agliana\/wp-json\/wp\/v2\/posts\/6133","targetHints":{"allow":["GET"]}}],"collection":[{"href":"https:\/\/www.noidiqua.it\/Agliana\/wp-json\/wp\/v2\/posts"}],"about":[{"href":"https:\/\/www.noidiqua.it\/Agliana\/wp-json\/wp\/v2\/types\/post"}],"author":[{"embeddable":true,"href":"https:\/\/www.noidiqua.it\/Agliana\/wp-json\/wp\/v2\/users\/13"}],"replies":[{"embeddable":true,"href":"https:\/\/www.noidiqua.it\/Agliana\/wp-json\/wp\/v2\/comments?post=6133"}],"version-history":[{"count":3,"href":"https:\/\/www.noidiqua.it\/Agliana\/wp-json\/wp\/v2\/posts\/6133\/revisions"}],"predecessor-version":[{"id":6193,"href":"https:\/\/www.noidiqua.it\/Agliana\/wp-json\/wp\/v2\/posts\/6133\/revisions\/6193"}],"wp:attachment":[{"href":"https:\/\/www.noidiqua.it\/Agliana\/wp-json\/wp\/v2\/media?parent=6133"}],"wp:term":[{"taxonomy":"category","embeddable":true,"href":"https:\/\/www.noidiqua.it\/Agliana\/wp-json\/wp\/v2\/categories?post=6133"},{"taxonomy":"post_tag","embeddable":true,"href":"https:\/\/www.noidiqua.it\/Agliana\/wp-json\/wp\/v2\/tags?post=6133"}],"curies":[{"name":"wp","href":"https:\/\/api.w.org\/{rel}","templated":true}]}}