{"id":6141,"date":"2020-06-12T15:51:00","date_gmt":"2020-06-12T13:51:00","guid":{"rendered":"https:\/\/www.noidiqua.it\/Agliana\/?p=6141"},"modified":"2021-09-02T10:03:24","modified_gmt":"2021-09-02T08:03:24","slug":"filippo-gatto-nero-cantante-e-compositore","status":"publish","type":"post","link":"https:\/\/www.noidiqua.it\/Agliana\/filippo-gatto-nero-cantante-e-compositore\/","title":{"rendered":"Filippo \u201cGatto nero\u201d &#8211; cantante e compositore"},"content":{"rendered":"<p><em>di Marco Bagnoli<\/em><\/p>\n\n\n\n<p>giugno\u00a0<em>2020<\/em><\/p>\n\n\n<p><a href=\"https:\/\/www.noidiqua.it\/Agliana\/wp-content\/uploads\/2021\/09\/GATTO-NERO-1.png\" rel=\"wp-prettyPhoto[6141]\"><img loading=\"lazy\" decoding=\"async\" class=\"aligncenter  wp-image-6144\" src=\"https:\/\/www.noidiqua.it\/Agliana\/wp-content\/uploads\/2021\/09\/GATTO-NERO-1.png\" alt=\"\" width=\"450\" height=\"303\"><\/a><\/p>\n\n\n<p><strong>Filippo Immordino<\/strong> \u00e8 originario di Caltanissetta, ma sono pi\u00f9 di quarant\u2019anni ormai che vive qua in Toscana, prima ad Agliana, dal 1986, e poi, dal 2000, a Quarrata. Nella vita ha lavorato nella sua ferramenta, ma non ha mai mancato di accompagnarsi con la immancabile <strong>chitarra<\/strong>, a partire dalla prima che si costru\u00ec da solo in quinta elementare. \u00c8 proprio intorno ai dieci anni che un uomo del paese suo gli trov\u00f2 un soprannome, in apparenza uno dei tanti soprannomi che tutti quanti si portavano dietro, ma che nel suo caso divenne un vero e proprio marchio di fabbrica, ossia \u201c<strong>Gatto Nero<\/strong>\u201d. Da allora e per tutti Filippo Immordino \u00e8 diventato \u201c<strong>Filippo Gatto Nero<\/strong>\u201d.&nbsp;<\/p>\n\n\n\n<p>Cantare ha sempre cantato, e per quel che ne sappiamo continuer\u00e0 a farlo per tutta la vita, ma dal 2012 ha deciso di dedicarcisi a tempo pieno, forte dell\u2019amicizia e della valida collaborazione di una serie di altri musicisti e impresari che non lo lasciano mai a casa. A casa in realt\u00e0 ci resta eccome, tanto per cominciare per studiare quotidianamente il suo strumento, e poi per dare lezione di chitarra ai suoi allievi, o a casa sua, o a casa loro, o magari addirittura in un bar o in un altro locale pubblico, per fare abituare i suoi ragazzi al contatto della gente. E poi via, in lungo e in largo per tutta l\u2019Italia, per una media di tre serate alla settimana.&nbsp;<\/p>\n\n\n\n<p>Detta cos\u00ec la storia di Filippo sarebbe gi\u00e0 straordinaria, una delle tante meravigliose storie dei tanti <strong>musicisti amatoriali<\/strong> che riescono a fare della loro passione un\u2019occupazione vera e propria. Ma c\u2019\u00e8 di pi\u00f9. Filippo ha infatti scritto oltre duecento canzoni sue, sessantotto delle quali sono debitamente registrate alla Siae e fruttano al suo autore \u2013 e interprete \u2013 le sue bravi royalties. E il pubblico gradisce sempre e non lesina applausi. Molto del suo successo lo si deve senza dubbio alla variet\u00e0 di tematiche trattate nei suoi testi, che spaziano dalla aulica religiosit\u00e0 di un San Giuseppe per arrivare ai versi pi\u00f9 spicci di una canzone \u201cper soli adulti\u201d, dalle pi\u00f9 squisitamente popolari alle pi\u00f9 sentimentali. Inutile dire che non si lascia mancare anche un po\u2019 del classico repertorio della canzone italiana, partendo da Celentano fino a Carosone, Little Tony e i Nomadi. I suoi <strong>palchi<\/strong> si affacciano sul pubblico assiepato nelle arene di mezza Italia, mentre l\u2019altra met\u00e0 aspetta ansioso la propria spettanza di musica, ma Filippo \u00e8 stato a <strong>suonare <\/strong>anche in Slovenia, in Spagna e in Belgio. Molte volte poi il palco non gli serve nemmeno, perch\u00e9 si esibisce da solo tra i tavoli della gente.<\/p>\n\n\n<p><a href=\"https:\/\/www.noidiqua.it\/Agliana\/wp-content\/uploads\/2021\/09\/GATTO-NERO-.png\" rel=\"wp-prettyPhoto[6141]\"><img loading=\"lazy\" decoding=\"async\" class=\"aligncenter  wp-image-6145\" src=\"https:\/\/www.noidiqua.it\/Agliana\/wp-content\/uploads\/2021\/09\/GATTO-NERO-.png\" alt=\"\" width=\"346\" height=\"351\"><\/a><\/p>\n\n\n<p>Quando pu\u00f2 non disdegna certo l\u2019accompagnamento dei suoi amici musicisti, sparsi un po\u2019 ovunque lungo il suo cammino, e la formazione pu\u00f2 variare dalle tre chitarre al gruppo completo con basso e batteria. Dei suoi tre figli nessuno si \u00e8 avventurato sul ramo generoso della musica, mentre il nipotino Francesco suona gi\u00e0 la chitarra all\u2019et\u00e0 di appena tre anni. La moglie di Filippo, Emiliana, \u00e8 l\u2019altra grande compagna della sua vita, che a differenza della chitarra offre il raro vantaggio di essere sempre accordata alla sua particolare indole creativa: la vediamo infatti spesso fare capolino dalle copertine dei tredici cd fin qui realizzati da Filippo, magari ripresa insieme al consorte in un suggestivo scatto d\u2019epoca. Filippo registra le sue canzoni per<strong> Regno Unito Edizioni Musicali<\/strong> e si avvale del prezioso aiuto del produttore David Bertini. E grazie a internet Gatto Nero \u00e8 gi\u00e0 nelle vostre case a far le fusa; buon ascolto.<\/p>","protected":false},"excerpt":{"rendered":"<p>di Marco Bagnoli giugno\u00a02020 Filippo Immordino \u00e8 originario di Caltanissetta, ma sono pi\u00f9 di quarant\u2019anni ormai che vive qua in Toscana, prima ad Agliana, dal 1986, e poi, dal 2000, a Quarrata. Nella vita ha lavorato nella sua ferramenta, ma non ha mai mancato di accompagnarsi con [&hellip;]<\/p>","protected":false},"author":3,"featured_media":0,"comment_status":"open","ping_status":"open","sticky":false,"template":"","format":"standard","meta":{"footnotes":""},"categories":[2,145],"tags":[2586,2588,2585,2587,2589,2590,2592,2591],"class_list":["post-6141","post","type-post","status-publish","format-standard","hentry","category-ag","category-che-spettacolo-ag","tag-chitarra","tag-filippo-gatto-nero","tag-filippo-immordino","tag-gatto-nero","tag-musicisti-amatoriali","tag-palchi","tag-regno-unito-edizioni-musicali","tag-suonare"],"yoast_head":"<!-- This site is optimized with the Yoast SEO plugin v25.5 - https:\/\/yoast.com\/wordpress\/plugins\/seo\/ -->\n<title>Filippo \u201cGatto nero\u201d - cantante e compositore - Noi di Qua Testata giornalistica e di attualit\u00e0 di Agliana, Montale e Quarrata.<\/title>\n<meta name=\"robots\" content=\"index, follow, max-snippet:-1, max-image-preview:large, max-video-preview:-1\" \/>\n<link rel=\"canonical\" href=\"https:\/\/www.noidiqua.it\/Agliana\/filippo-gatto-nero-cantante-e-compositore\/\" \/>\n<meta property=\"og:locale\" content=\"it_IT\" \/>\n<meta property=\"og:type\" content=\"article\" \/>\n<meta property=\"og:title\" content=\"Filippo \u201cGatto nero\u201d - cantante e compositore - Noi di Qua Testata giornalistica e di attualit\u00e0 di Agliana, Montale e Quarrata.\" \/>\n<meta property=\"og:description\" content=\"di Marco Bagnoli giugno\u00a02020 Filippo Immordino \u00e8 originario di Caltanissetta, ma sono pi\u00f9 di quarant\u2019anni ormai che vive qua in Toscana, prima ad Agliana, dal 1986, e poi, dal 2000, a Quarrata. Nella vita ha lavorato nella sua ferramenta, ma non ha mai mancato di accompagnarsi con [&hellip;]\" \/>\n<meta property=\"og:url\" content=\"https:\/\/www.noidiqua.it\/Agliana\/filippo-gatto-nero-cantante-e-compositore\/\" \/>\n<meta property=\"og:site_name\" content=\"Noi di Qua Testata giornalistica e di attualit\u00e0 di Agliana, Montale e Quarrata.\" \/>\n<meta property=\"article:publisher\" content=\"https:\/\/www.facebook.com\/noidiqua.trimestrale\/\" \/>\n<meta property=\"article:published_time\" content=\"2020-06-12T13:51:00+00:00\" \/>\n<meta property=\"article:modified_time\" content=\"2021-09-02T08:03:24+00:00\" \/>\n<meta property=\"og:image\" content=\"https:\/\/www.noidiqua.it\/Agliana\/wp-content\/uploads\/2021\/09\/GATTO-NERO-1.png\" \/>\n<meta name=\"author\" content=\"Marco Bagnoli\" \/>\n<meta name=\"twitter:label1\" content=\"Scritto da\" \/>\n\t<meta name=\"twitter:data1\" content=\"Marco Bagnoli\" \/>\n\t<meta name=\"twitter:label2\" content=\"Tempo di lettura stimato\" \/>\n\t<meta name=\"twitter:data2\" content=\"3 minuti\" \/>\n<script type=\"application\/ld+json\" class=\"yoast-schema-graph\">{\"@context\":\"https:\/\/schema.org\",\"@graph\":[{\"@type\":\"WebPage\",\"@id\":\"https:\/\/www.noidiqua.it\/Agliana\/filippo-gatto-nero-cantante-e-compositore\/\",\"url\":\"https:\/\/www.noidiqua.it\/Agliana\/filippo-gatto-nero-cantante-e-compositore\/\",\"name\":\"Filippo \u201cGatto nero\u201d - cantante e compositore - Noi di Qua Testata giornalistica e di attualit\u00e0 di Agliana, Montale e Quarrata.\",\"isPartOf\":{\"@id\":\"https:\/\/www.noidiqua.it\/Agliana\/#website\"},\"primaryImageOfPage\":{\"@id\":\"https:\/\/www.noidiqua.it\/Agliana\/filippo-gatto-nero-cantante-e-compositore\/#primaryimage\"},\"image\":{\"@id\":\"https:\/\/www.noidiqua.it\/Agliana\/filippo-gatto-nero-cantante-e-compositore\/#primaryimage\"},\"thumbnailUrl\":\"https:\/\/www.noidiqua.it\/Agliana\/wp-content\/uploads\/2021\/09\/GATTO-NERO-1.png\",\"datePublished\":\"2020-06-12T13:51:00+00:00\",\"dateModified\":\"2021-09-02T08:03:24+00:00\",\"author\":{\"@id\":\"https:\/\/www.noidiqua.it\/Agliana\/#\/schema\/person\/4e183cb0c6d7951e716a876aa702e1a2\"},\"breadcrumb\":{\"@id\":\"https:\/\/www.noidiqua.it\/Agliana\/filippo-gatto-nero-cantante-e-compositore\/#breadcrumb\"},\"inLanguage\":\"it-IT\",\"potentialAction\":[{\"@type\":\"ReadAction\",\"target\":[\"https:\/\/www.noidiqua.it\/Agliana\/filippo-gatto-nero-cantante-e-compositore\/\"]}]},{\"@type\":\"ImageObject\",\"inLanguage\":\"it-IT\",\"@id\":\"https:\/\/www.noidiqua.it\/Agliana\/filippo-gatto-nero-cantante-e-compositore\/#primaryimage\",\"url\":\"https:\/\/www.noidiqua.it\/Agliana\/wp-content\/uploads\/2021\/09\/GATTO-NERO-1.png\",\"contentUrl\":\"https:\/\/www.noidiqua.it\/Agliana\/wp-content\/uploads\/2021\/09\/GATTO-NERO-1.png\",\"width\":940,\"height\":625},{\"@type\":\"BreadcrumbList\",\"@id\":\"https:\/\/www.noidiqua.it\/Agliana\/filippo-gatto-nero-cantante-e-compositore\/#breadcrumb\",\"itemListElement\":[{\"@type\":\"ListItem\",\"position\":1,\"name\":\"Home\",\"item\":\"https:\/\/www.noidiqua.it\/Agliana\/\"},{\"@type\":\"ListItem\",\"position\":2,\"name\":\"Filippo \u201cGatto nero\u201d &#8211; cantante e compositore\"}]},{\"@type\":\"WebSite\",\"@id\":\"https:\/\/www.noidiqua.it\/Agliana\/#website\",\"url\":\"https:\/\/www.noidiqua.it\/Agliana\/\",\"name\":\"Noi di Qua Testata giornalistica e di attualit\u00e0 di Agliana, Montale e Quarrata.\",\"description\":\"Testata Giornalistica Quarrata Montale Agliana\",\"potentialAction\":[{\"@type\":\"SearchAction\",\"target\":{\"@type\":\"EntryPoint\",\"urlTemplate\":\"https:\/\/www.noidiqua.it\/Agliana\/?s={search_term_string}\"},\"query-input\":{\"@type\":\"PropertyValueSpecification\",\"valueRequired\":true,\"valueName\":\"search_term_string\"}}],\"inLanguage\":\"it-IT\"},{\"@type\":\"Person\",\"@id\":\"https:\/\/www.noidiqua.it\/Agliana\/#\/schema\/person\/4e183cb0c6d7951e716a876aa702e1a2\",\"name\":\"Marco Bagnoli\",\"image\":{\"@type\":\"ImageObject\",\"inLanguage\":\"it-IT\",\"@id\":\"https:\/\/www.noidiqua.it\/Agliana\/#\/schema\/person\/image\/\",\"url\":\"https:\/\/secure.gravatar.com\/avatar\/73ace53724c50db9c48af54756f17b7cdb015a9d8d2c08c7e04e480539a94eee?s=96&d=mm&r=g\",\"contentUrl\":\"https:\/\/secure.gravatar.com\/avatar\/73ace53724c50db9c48af54756f17b7cdb015a9d8d2c08c7e04e480539a94eee?s=96&d=mm&r=g\",\"caption\":\"Marco Bagnoli\"},\"url\":\"https:\/\/www.noidiqua.it\/Agliana\/author\/marco-bagnoli\/\"}]}<\/script>\n<!-- \/ Yoast SEO plugin. -->","yoast_head_json":{"title":"Filippo \u201cGatto nero\u201d - cantante e compositore - Noi di Qua Testata giornalistica e di attualit\u00e0 di Agliana, Montale e Quarrata.","robots":{"index":"index","follow":"follow","max-snippet":"max-snippet:-1","max-image-preview":"max-image-preview:large","max-video-preview":"max-video-preview:-1"},"canonical":"https:\/\/www.noidiqua.it\/Agliana\/filippo-gatto-nero-cantante-e-compositore\/","og_locale":"it_IT","og_type":"article","og_title":"Filippo \u201cGatto nero\u201d - cantante e compositore - Noi di Qua Testata giornalistica e di attualit\u00e0 di Agliana, Montale e Quarrata.","og_description":"di Marco Bagnoli giugno\u00a02020 Filippo Immordino \u00e8 originario di Caltanissetta, ma sono pi\u00f9 di quarant\u2019anni ormai che vive qua in Toscana, prima ad Agliana, dal 1986, e poi, dal 2000, a Quarrata. Nella vita ha lavorato nella sua ferramenta, ma non ha mai mancato di accompagnarsi con [&hellip;]","og_url":"https:\/\/www.noidiqua.it\/Agliana\/filippo-gatto-nero-cantante-e-compositore\/","og_site_name":"Noi di Qua Testata giornalistica e di attualit\u00e0 di Agliana, Montale e Quarrata.","article_publisher":"https:\/\/www.facebook.com\/noidiqua.trimestrale\/","article_published_time":"2020-06-12T13:51:00+00:00","article_modified_time":"2021-09-02T08:03:24+00:00","og_image":[{"url":"https:\/\/www.noidiqua.it\/Agliana\/wp-content\/uploads\/2021\/09\/GATTO-NERO-1.png","type":"","width":"","height":""}],"author":"Marco Bagnoli","twitter_misc":{"Scritto da":"Marco Bagnoli","Tempo di lettura stimato":"3 minuti"},"schema":{"@context":"https:\/\/schema.org","@graph":[{"@type":"WebPage","@id":"https:\/\/www.noidiqua.it\/Agliana\/filippo-gatto-nero-cantante-e-compositore\/","url":"https:\/\/www.noidiqua.it\/Agliana\/filippo-gatto-nero-cantante-e-compositore\/","name":"Filippo \u201cGatto nero\u201d - cantante e compositore - Noi di Qua Testata giornalistica e di attualit\u00e0 di Agliana, Montale e Quarrata.","isPartOf":{"@id":"https:\/\/www.noidiqua.it\/Agliana\/#website"},"primaryImageOfPage":{"@id":"https:\/\/www.noidiqua.it\/Agliana\/filippo-gatto-nero-cantante-e-compositore\/#primaryimage"},"image":{"@id":"https:\/\/www.noidiqua.it\/Agliana\/filippo-gatto-nero-cantante-e-compositore\/#primaryimage"},"thumbnailUrl":"https:\/\/www.noidiqua.it\/Agliana\/wp-content\/uploads\/2021\/09\/GATTO-NERO-1.png","datePublished":"2020-06-12T13:51:00+00:00","dateModified":"2021-09-02T08:03:24+00:00","author":{"@id":"https:\/\/www.noidiqua.it\/Agliana\/#\/schema\/person\/4e183cb0c6d7951e716a876aa702e1a2"},"breadcrumb":{"@id":"https:\/\/www.noidiqua.it\/Agliana\/filippo-gatto-nero-cantante-e-compositore\/#breadcrumb"},"inLanguage":"it-IT","potentialAction":[{"@type":"ReadAction","target":["https:\/\/www.noidiqua.it\/Agliana\/filippo-gatto-nero-cantante-e-compositore\/"]}]},{"@type":"ImageObject","inLanguage":"it-IT","@id":"https:\/\/www.noidiqua.it\/Agliana\/filippo-gatto-nero-cantante-e-compositore\/#primaryimage","url":"https:\/\/www.noidiqua.it\/Agliana\/wp-content\/uploads\/2021\/09\/GATTO-NERO-1.png","contentUrl":"https:\/\/www.noidiqua.it\/Agliana\/wp-content\/uploads\/2021\/09\/GATTO-NERO-1.png","width":940,"height":625},{"@type":"BreadcrumbList","@id":"https:\/\/www.noidiqua.it\/Agliana\/filippo-gatto-nero-cantante-e-compositore\/#breadcrumb","itemListElement":[{"@type":"ListItem","position":1,"name":"Home","item":"https:\/\/www.noidiqua.it\/Agliana\/"},{"@type":"ListItem","position":2,"name":"Filippo \u201cGatto nero\u201d &#8211; cantante e compositore"}]},{"@type":"WebSite","@id":"https:\/\/www.noidiqua.it\/Agliana\/#website","url":"https:\/\/www.noidiqua.it\/Agliana\/","name":"Noi di Qua Testata giornalistica e di attualit\u00e0 di Agliana, Montale e Quarrata.","description":"Testata Giornalistica Quarrata Montale Agliana","potentialAction":[{"@type":"SearchAction","target":{"@type":"EntryPoint","urlTemplate":"https:\/\/www.noidiqua.it\/Agliana\/?s={search_term_string}"},"query-input":{"@type":"PropertyValueSpecification","valueRequired":true,"valueName":"search_term_string"}}],"inLanguage":"it-IT"},{"@type":"Person","@id":"https:\/\/www.noidiqua.it\/Agliana\/#\/schema\/person\/4e183cb0c6d7951e716a876aa702e1a2","name":"Marco Bagnoli","image":{"@type":"ImageObject","inLanguage":"it-IT","@id":"https:\/\/www.noidiqua.it\/Agliana\/#\/schema\/person\/image\/","url":"https:\/\/secure.gravatar.com\/avatar\/73ace53724c50db9c48af54756f17b7cdb015a9d8d2c08c7e04e480539a94eee?s=96&d=mm&r=g","contentUrl":"https:\/\/secure.gravatar.com\/avatar\/73ace53724c50db9c48af54756f17b7cdb015a9d8d2c08c7e04e480539a94eee?s=96&d=mm&r=g","caption":"Marco Bagnoli"},"url":"https:\/\/www.noidiqua.it\/Agliana\/author\/marco-bagnoli\/"}]}},"_links":{"self":[{"href":"https:\/\/www.noidiqua.it\/Agliana\/wp-json\/wp\/v2\/posts\/6141","targetHints":{"allow":["GET"]}}],"collection":[{"href":"https:\/\/www.noidiqua.it\/Agliana\/wp-json\/wp\/v2\/posts"}],"about":[{"href":"https:\/\/www.noidiqua.it\/Agliana\/wp-json\/wp\/v2\/types\/post"}],"author":[{"embeddable":true,"href":"https:\/\/www.noidiqua.it\/Agliana\/wp-json\/wp\/v2\/users\/3"}],"replies":[{"embeddable":true,"href":"https:\/\/www.noidiqua.it\/Agliana\/wp-json\/wp\/v2\/comments?post=6141"}],"version-history":[{"count":4,"href":"https:\/\/www.noidiqua.it\/Agliana\/wp-json\/wp\/v2\/posts\/6141\/revisions"}],"predecessor-version":[{"id":6180,"href":"https:\/\/www.noidiqua.it\/Agliana\/wp-json\/wp\/v2\/posts\/6141\/revisions\/6180"}],"wp:attachment":[{"href":"https:\/\/www.noidiqua.it\/Agliana\/wp-json\/wp\/v2\/media?parent=6141"}],"wp:term":[{"taxonomy":"category","embeddable":true,"href":"https:\/\/www.noidiqua.it\/Agliana\/wp-json\/wp\/v2\/categories?post=6141"},{"taxonomy":"post_tag","embeddable":true,"href":"https:\/\/www.noidiqua.it\/Agliana\/wp-json\/wp\/v2\/tags?post=6141"}],"curies":[{"name":"wp","href":"https:\/\/api.w.org\/{rel}","templated":true}]}}