{"id":6194,"date":"2020-06-13T10:43:35","date_gmt":"2020-06-13T08:43:35","guid":{"rendered":"https:\/\/www.noidiqua.it\/Agliana\/?p=6194"},"modified":"2021-10-13T12:29:10","modified_gmt":"2021-10-13T10:29:10","slug":"i-brevi-di-ndq-2","status":"publish","type":"post","link":"https:\/\/www.noidiqua.it\/Agliana\/i-brevi-di-ndq-2\/","title":{"rendered":"I brevi di Noidiqua"},"content":{"rendered":"<p><em>di Piera Salvi<\/em><\/p>\n\n\n\n<p>giugno\u00a0<em>2020<\/em><\/p>\n\n\n<p><a href=\"https:\/\/www.noidiqua.it\/Agliana\/wp-content\/uploads\/2021\/04\/brevi.png\" rel=\"wp-prettyPhoto[6194]\"><img loading=\"lazy\" decoding=\"async\" class=\"aligncenter size-full wp-image-5751\" src=\"https:\/\/www.noidiqua.it\/Agliana\/wp-content\/uploads\/2021\/04\/brevi.png\" alt=\"\" width=\"473\" height=\"291\" srcset=\"https:\/\/www.noidiqua.it\/Agliana\/wp-content\/uploads\/2021\/04\/brevi.png 473w, https:\/\/www.noidiqua.it\/Agliana\/wp-content\/uploads\/2021\/04\/brevi-300x185.png 300w\" sizes=\"auto, (max-width: 473px) 100vw, 473px\" \/><\/a><\/p>\n\n\n<p><strong>Nel 2020 \u00e8 mancato il consueto appuntamento con \u201cAgliana Moonlight Cosplay\u201d manifestazione organizzata dall\u2019associazione culturale Brigata Otaku, di solito nel mese di maggio.&nbsp;<\/strong><\/p>\n\n\n\n<p>Un evento che richiamava migliaia di persone. In questo caso non \u00e8 a causa dell\u2019emergenza coronavirus, gli organizzatori avevano gi\u00e0 deciso alcuni mesi prima della pandemia che \u201cAgliana Moonlight Cosplay\u201d sarebbe terminata con la decima edizione: quella del 2019. <em>\u201cLe crescenti responsabilit\u00e0 e impegni personali di tutto lo staff non permettono pi\u00f9 di dedicare a questa realt\u00e0 l\u2019impegno che merita\u201d<\/em>.&nbsp; Queste le motivazioni, spiegano dall\u2019associazione. <em>\u201cPer ben dieci anni, Brigata Otaku ha dato il massimo allo scopo di realizzare una manifestazione in grado di appassionare al mondo della cultura pop giapponese (e non) grandi e piccini: Agliana Moonlight Cosplay.&nbsp; Una manifestazione ambientata dapprima nel centro di Agliana e trasferitasi in seguito al Lago Primo Maggio in pianta stabile, che ha saputo ritagliarsi col passare del tempo una fetta di pubblico sempre pi\u00f9 consistente, fino a diventare un appuntamento annuale consolidato per appassionati del settore e cosplayer, ma anche per neofiti e famiglie\u201d<\/em>.&nbsp; La Brigata Otaku ci tiene a ringraziare tutti gli enti e le persone che hanno contribuito attivamente alla realizzazione della manifestazione, in particolare il Comune di Agliana, la Lenza Aglianese, i tecnici dello Studio Mannelli, gli innumerevoli standisti, associazioni ed ospiti che hanno avuto il piacere di essere presenti in tutti questi anni.&nbsp;<\/p>\n\n\n\n<p><strong>L\u2019associazione culturale Brigata Otaku resta comunque attiva e auspica di organizzare appena possibile nuove attivit\u00e0 ed essere presente ad altre fiere del settore<\/strong>. A causa dell\u2019emergenza Covid-19, infatti, ha dovuto rinunciare ad alcuni impegni che avrebbero contribuito a far divertire e a far conoscere un mondo che ormai si fa sempre pi\u00f9 strada nella nostra vita di tutti i giorni.<\/p>\n\n\n\n<p><\/p>\n\n\n\n<p><\/p>\n\n\n\n<p><\/p>\n\n\n\n<p><strong>Pi\u00f9 di tremila controlli e oltre cento sanzioni, \u00e8 stato intenso il lavoro della polizia municipale di Agliana dall\u201911 marzo al 3 maggio, periodo che comprende la Fase 1 delle restrizioni previste dal Governo per contenere la diffusione del Covid-19.\u00a0<\/strong><\/p>\n\n\n\n<p>Sono state in totale 3120 le persone controllate, di cui 2253 conducenti di veicoli, 133 passeggeri e 734 pedoni. Dall&#8217;11 al 25 marzo sono state 18 le persone fermate e identificate dalle pattuglie per violazioni alle disposizioni circa le restrizioni alla mobilit\u00e0, 11 delle quali straniere. A queste si sono aggiunte quelle dal 25 marzo al 3 maggio: 93 le multe elevate in materia di Covid, di cui 5 riferite ad attivit\u00e0 economiche. Tra i singoli cittadini, sono stati 28 gli aglianesi sanzionati, 18 i residenti a Pistoia, 15 pratesi, 7 quarratini, 3 montalesi, 2 di Montemurlo, 20 residenti altrove. Alla municipale di Agliana sono pervenuti 5 ricorsi. <strong><em>\u00ab\u00e9 bene precisare\u00bb<\/em><\/strong> chiarisce la comandante Lara Turelli <strong><em>\u00abche i proventi in materia vanno tutti al Ministero dell&#8217;Interno, tranne per le violazioni riscontrate alle ordinanze del presidente Rossi che vanno alla Regione: una sola violazione elevata ad un negozio trovato aperto nella festivit\u00e0 del 25 aprile. Nessun provento \u00e8 destinato al Comune, quindi chi dice che lavoriamo per far cassa, si sbaglia, il lavoro \u00e8 stato duro e intenso perch\u00e9 si tratta di tutela della salute pubblica\u00bb<\/em><\/strong>.&nbsp;<\/p>\n\n\n\n<p>I vigili urbani aglianesi durante la Fase 1 hanno svolto anche otto servizi serali fino a mezzanotte e hanno proseguito la normale attivit\u00e0 d\u2019ufficio, dove sono arrivate 1835 telefonate per richiesta d\u2019informazioni su spostamenti dall&#8217;11 marzo al 3 maggio.<\/p>\n\n\n\n<p><\/p>\n\n\n\n<p><\/p>\n\n\n\n<p><\/p>\n\n\n\n<p><strong>Atleti e studenti modello. Lorenzo Bartolini e Lorenzo Baroncelli sono i vincitori delle borse di studio 2019 della Pallacanestro Agliana 2000. La societ\u00e0 da quattro anni premia i suoi giovanissimi atleti che si distinguono per risultati eccellenti a scuola e nello sport.<\/strong>\u00a0<\/p>\n\n\n\n<p>Lorenzo Baroncelli \u00e8 nella squadra under 13, frequenta la scuola media Bartolomeo Sestini di Agliana ed \u00e8 stato premiato con 200 euro, mentre \u00e8 di 300 euro l\u2019assegno consegnato a Lorenzo Bartolini, studente del liceo scientifico di Pistoia, che milita nella 18 Gold.&nbsp; Le due borse di studio erogate dalla Pallacanestro Agliana 2000 sono un incentivo di non poco conto, un aiuto concreto per le famiglie e un attestato di stima e fiducia per i giovani atleti-studenti, affinch\u00e9 proseguano sulla strada intrapresa. Il sistema per calcolare i vincitori \u00e8 molto dettagliato e pondera la media scolastica con i meriti sportivi: presenza agli allenamenti, lealt\u00e0 verso compagni e avversari, miglioramenti nel corso della stagione, parere dei rispettivi allenatori. I due ragazzi sono stati premiati nel dicembre scorso dalla societ\u00e0 e poi nella sala consiliare del comune di Agliana, dal sindaco Luca Benesperi e dall\u2019assessore alla scuola, Giulia Fondi, in presenza del presidente della Pallacanestro Agliana Simone Caramelli e del vice Romano Domini.&nbsp;<\/p>\n\n\n\n<p><em>\u00abSiamo giunti alla quarta edizione\u00bb<\/em> ha detto il presidente Simone Caramelli <em>\u00abe prometto che per la quinta proveremo a migliorarci ancora, facendo uno sforzo in pi\u00f9 a livello economico: sono questi i progetti che pi\u00f9 di tutti ci gratificano\u00bb.<\/em><\/p>","protected":false},"excerpt":{"rendered":"<p>di Piera Salvi giugno\u00a02020 Nel 2020 \u00e8 mancato il consueto appuntamento con \u201cAgliana Moonlight Cosplay\u201d manifestazione organizzata dall\u2019associazione culturale Brigata Otaku, di solito nel mese di maggio.&nbsp; Un evento che richiamava migliaia di persone. In questo caso non \u00e8 a causa dell\u2019emergenza coronavirus, gli organizzatori avevano gi\u00e0 [&hellip;]<\/p>","protected":false},"author":13,"featured_media":0,"comment_status":"open","ping_status":"open","sticky":false,"template":"","format":"standard","meta":{"footnotes":""},"categories":[2,14],"tags":[2645,2640,2641,988,2644,2642,2643],"class_list":["post-6194","post","type-post","status-publish","format-standard","hentry","category-ag","category-brevi-ndq-qt","tag-agliana-2000","tag-brigata-otaku","tag-controlli","tag-i-brevi-di-noidiqua","tag-lorenzo-baroncelli","tag-sanzioni","tag-vigili-urbani"],"yoast_head":"<!-- This site is optimized with the Yoast SEO plugin v25.5 - https:\/\/yoast.com\/wordpress\/plugins\/seo\/ -->\n<title>I brevi di Noidiqua - Noi di Qua Testata giornalistica e di attualit\u00e0 di Agliana, Montale e Quarrata.<\/title>\n<meta name=\"robots\" content=\"index, follow, max-snippet:-1, max-image-preview:large, max-video-preview:-1\" \/>\n<link rel=\"canonical\" href=\"https:\/\/www.noidiqua.it\/Agliana\/i-brevi-di-ndq-2\/\" \/>\n<meta property=\"og:locale\" content=\"it_IT\" \/>\n<meta property=\"og:type\" content=\"article\" \/>\n<meta property=\"og:title\" content=\"I brevi di Noidiqua - Noi di Qua Testata giornalistica e di attualit\u00e0 di Agliana, Montale e Quarrata.\" \/>\n<meta property=\"og:description\" content=\"di Piera Salvi giugno\u00a02020 Nel 2020 \u00e8 mancato il consueto appuntamento con \u201cAgliana Moonlight Cosplay\u201d manifestazione organizzata dall\u2019associazione culturale Brigata Otaku, di solito nel mese di maggio.&nbsp; Un evento che richiamava migliaia di persone. In questo caso non \u00e8 a causa dell\u2019emergenza coronavirus, gli organizzatori avevano gi\u00e0 [&hellip;]\" \/>\n<meta property=\"og:url\" content=\"https:\/\/www.noidiqua.it\/Agliana\/i-brevi-di-ndq-2\/\" \/>\n<meta property=\"og:site_name\" content=\"Noi di Qua Testata giornalistica e di attualit\u00e0 di Agliana, Montale e Quarrata.\" \/>\n<meta property=\"article:publisher\" content=\"https:\/\/www.facebook.com\/noidiqua.trimestrale\/\" \/>\n<meta property=\"article:published_time\" content=\"2020-06-13T08:43:35+00:00\" \/>\n<meta property=\"article:modified_time\" content=\"2021-10-13T10:29:10+00:00\" \/>\n<meta property=\"og:image\" content=\"https:\/\/www.noidiqua.it\/Agliana\/wp-content\/uploads\/2021\/04\/brevi.png\" \/>\n<meta name=\"author\" content=\"Piera Salvi\" \/>\n<meta name=\"twitter:label1\" content=\"Scritto da\" \/>\n\t<meta name=\"twitter:data1\" content=\"Piera Salvi\" \/>\n\t<meta name=\"twitter:label2\" content=\"Tempo di lettura stimato\" \/>\n\t<meta name=\"twitter:data2\" content=\"4 minuti\" \/>\n<script type=\"application\/ld+json\" class=\"yoast-schema-graph\">{\"@context\":\"https:\/\/schema.org\",\"@graph\":[{\"@type\":\"WebPage\",\"@id\":\"https:\/\/www.noidiqua.it\/Agliana\/i-brevi-di-ndq-2\/\",\"url\":\"https:\/\/www.noidiqua.it\/Agliana\/i-brevi-di-ndq-2\/\",\"name\":\"I brevi di Noidiqua - Noi di Qua Testata giornalistica e di attualit\u00e0 di Agliana, Montale e Quarrata.\",\"isPartOf\":{\"@id\":\"https:\/\/www.noidiqua.it\/Agliana\/#website\"},\"primaryImageOfPage\":{\"@id\":\"https:\/\/www.noidiqua.it\/Agliana\/i-brevi-di-ndq-2\/#primaryimage\"},\"image\":{\"@id\":\"https:\/\/www.noidiqua.it\/Agliana\/i-brevi-di-ndq-2\/#primaryimage\"},\"thumbnailUrl\":\"https:\/\/www.noidiqua.it\/Agliana\/wp-content\/uploads\/2021\/04\/brevi.png\",\"datePublished\":\"2020-06-13T08:43:35+00:00\",\"dateModified\":\"2021-10-13T10:29:10+00:00\",\"author\":{\"@id\":\"https:\/\/www.noidiqua.it\/Agliana\/#\/schema\/person\/bb7515c2330bb1137f247276096fa7dc\"},\"breadcrumb\":{\"@id\":\"https:\/\/www.noidiqua.it\/Agliana\/i-brevi-di-ndq-2\/#breadcrumb\"},\"inLanguage\":\"it-IT\",\"potentialAction\":[{\"@type\":\"ReadAction\",\"target\":[\"https:\/\/www.noidiqua.it\/Agliana\/i-brevi-di-ndq-2\/\"]}]},{\"@type\":\"ImageObject\",\"inLanguage\":\"it-IT\",\"@id\":\"https:\/\/www.noidiqua.it\/Agliana\/i-brevi-di-ndq-2\/#primaryimage\",\"url\":\"https:\/\/www.noidiqua.it\/Agliana\/wp-content\/uploads\/2021\/04\/brevi.png\",\"contentUrl\":\"https:\/\/www.noidiqua.it\/Agliana\/wp-content\/uploads\/2021\/04\/brevi.png\",\"width\":473,\"height\":291},{\"@type\":\"BreadcrumbList\",\"@id\":\"https:\/\/www.noidiqua.it\/Agliana\/i-brevi-di-ndq-2\/#breadcrumb\",\"itemListElement\":[{\"@type\":\"ListItem\",\"position\":1,\"name\":\"Home\",\"item\":\"https:\/\/www.noidiqua.it\/Agliana\/\"},{\"@type\":\"ListItem\",\"position\":2,\"name\":\"I brevi di Noidiqua\"}]},{\"@type\":\"WebSite\",\"@id\":\"https:\/\/www.noidiqua.it\/Agliana\/#website\",\"url\":\"https:\/\/www.noidiqua.it\/Agliana\/\",\"name\":\"Noi di Qua Testata giornalistica e di attualit\u00e0 di Agliana, Montale e Quarrata.\",\"description\":\"Testata Giornalistica Quarrata Montale Agliana\",\"potentialAction\":[{\"@type\":\"SearchAction\",\"target\":{\"@type\":\"EntryPoint\",\"urlTemplate\":\"https:\/\/www.noidiqua.it\/Agliana\/?s={search_term_string}\"},\"query-input\":{\"@type\":\"PropertyValueSpecification\",\"valueRequired\":true,\"valueName\":\"search_term_string\"}}],\"inLanguage\":\"it-IT\"},{\"@type\":\"Person\",\"@id\":\"https:\/\/www.noidiqua.it\/Agliana\/#\/schema\/person\/bb7515c2330bb1137f247276096fa7dc\",\"name\":\"Piera Salvi\",\"image\":{\"@type\":\"ImageObject\",\"inLanguage\":\"it-IT\",\"@id\":\"https:\/\/www.noidiqua.it\/Agliana\/#\/schema\/person\/image\/\",\"url\":\"https:\/\/secure.gravatar.com\/avatar\/2f9b1fb6e13f3b3e63bde435d999a73be036e320f7a0f5f32f9ac21859d999cd?s=96&d=mm&r=g\",\"contentUrl\":\"https:\/\/secure.gravatar.com\/avatar\/2f9b1fb6e13f3b3e63bde435d999a73be036e320f7a0f5f32f9ac21859d999cd?s=96&d=mm&r=g\",\"caption\":\"Piera Salvi\"},\"url\":\"https:\/\/www.noidiqua.it\/Agliana\/author\/piera-salvi\/\"}]}<\/script>\n<!-- \/ Yoast SEO plugin. -->","yoast_head_json":{"title":"I brevi di Noidiqua - Noi di Qua Testata giornalistica e di attualit\u00e0 di Agliana, Montale e Quarrata.","robots":{"index":"index","follow":"follow","max-snippet":"max-snippet:-1","max-image-preview":"max-image-preview:large","max-video-preview":"max-video-preview:-1"},"canonical":"https:\/\/www.noidiqua.it\/Agliana\/i-brevi-di-ndq-2\/","og_locale":"it_IT","og_type":"article","og_title":"I brevi di Noidiqua - Noi di Qua Testata giornalistica e di attualit\u00e0 di Agliana, Montale e Quarrata.","og_description":"di Piera Salvi giugno\u00a02020 Nel 2020 \u00e8 mancato il consueto appuntamento con \u201cAgliana Moonlight Cosplay\u201d manifestazione organizzata dall\u2019associazione culturale Brigata Otaku, di solito nel mese di maggio.&nbsp; Un evento che richiamava migliaia di persone. In questo caso non \u00e8 a causa dell\u2019emergenza coronavirus, gli organizzatori avevano gi\u00e0 [&hellip;]","og_url":"https:\/\/www.noidiqua.it\/Agliana\/i-brevi-di-ndq-2\/","og_site_name":"Noi di Qua Testata giornalistica e di attualit\u00e0 di Agliana, Montale e Quarrata.","article_publisher":"https:\/\/www.facebook.com\/noidiqua.trimestrale\/","article_published_time":"2020-06-13T08:43:35+00:00","article_modified_time":"2021-10-13T10:29:10+00:00","og_image":[{"url":"https:\/\/www.noidiqua.it\/Agliana\/wp-content\/uploads\/2021\/04\/brevi.png","type":"","width":"","height":""}],"author":"Piera Salvi","twitter_misc":{"Scritto da":"Piera Salvi","Tempo di lettura stimato":"4 minuti"},"schema":{"@context":"https:\/\/schema.org","@graph":[{"@type":"WebPage","@id":"https:\/\/www.noidiqua.it\/Agliana\/i-brevi-di-ndq-2\/","url":"https:\/\/www.noidiqua.it\/Agliana\/i-brevi-di-ndq-2\/","name":"I brevi di Noidiqua - Noi di Qua Testata giornalistica e di attualit\u00e0 di Agliana, Montale e Quarrata.","isPartOf":{"@id":"https:\/\/www.noidiqua.it\/Agliana\/#website"},"primaryImageOfPage":{"@id":"https:\/\/www.noidiqua.it\/Agliana\/i-brevi-di-ndq-2\/#primaryimage"},"image":{"@id":"https:\/\/www.noidiqua.it\/Agliana\/i-brevi-di-ndq-2\/#primaryimage"},"thumbnailUrl":"https:\/\/www.noidiqua.it\/Agliana\/wp-content\/uploads\/2021\/04\/brevi.png","datePublished":"2020-06-13T08:43:35+00:00","dateModified":"2021-10-13T10:29:10+00:00","author":{"@id":"https:\/\/www.noidiqua.it\/Agliana\/#\/schema\/person\/bb7515c2330bb1137f247276096fa7dc"},"breadcrumb":{"@id":"https:\/\/www.noidiqua.it\/Agliana\/i-brevi-di-ndq-2\/#breadcrumb"},"inLanguage":"it-IT","potentialAction":[{"@type":"ReadAction","target":["https:\/\/www.noidiqua.it\/Agliana\/i-brevi-di-ndq-2\/"]}]},{"@type":"ImageObject","inLanguage":"it-IT","@id":"https:\/\/www.noidiqua.it\/Agliana\/i-brevi-di-ndq-2\/#primaryimage","url":"https:\/\/www.noidiqua.it\/Agliana\/wp-content\/uploads\/2021\/04\/brevi.png","contentUrl":"https:\/\/www.noidiqua.it\/Agliana\/wp-content\/uploads\/2021\/04\/brevi.png","width":473,"height":291},{"@type":"BreadcrumbList","@id":"https:\/\/www.noidiqua.it\/Agliana\/i-brevi-di-ndq-2\/#breadcrumb","itemListElement":[{"@type":"ListItem","position":1,"name":"Home","item":"https:\/\/www.noidiqua.it\/Agliana\/"},{"@type":"ListItem","position":2,"name":"I brevi di Noidiqua"}]},{"@type":"WebSite","@id":"https:\/\/www.noidiqua.it\/Agliana\/#website","url":"https:\/\/www.noidiqua.it\/Agliana\/","name":"Noi di Qua Testata giornalistica e di attualit\u00e0 di Agliana, Montale e Quarrata.","description":"Testata Giornalistica Quarrata Montale Agliana","potentialAction":[{"@type":"SearchAction","target":{"@type":"EntryPoint","urlTemplate":"https:\/\/www.noidiqua.it\/Agliana\/?s={search_term_string}"},"query-input":{"@type":"PropertyValueSpecification","valueRequired":true,"valueName":"search_term_string"}}],"inLanguage":"it-IT"},{"@type":"Person","@id":"https:\/\/www.noidiqua.it\/Agliana\/#\/schema\/person\/bb7515c2330bb1137f247276096fa7dc","name":"Piera Salvi","image":{"@type":"ImageObject","inLanguage":"it-IT","@id":"https:\/\/www.noidiqua.it\/Agliana\/#\/schema\/person\/image\/","url":"https:\/\/secure.gravatar.com\/avatar\/2f9b1fb6e13f3b3e63bde435d999a73be036e320f7a0f5f32f9ac21859d999cd?s=96&d=mm&r=g","contentUrl":"https:\/\/secure.gravatar.com\/avatar\/2f9b1fb6e13f3b3e63bde435d999a73be036e320f7a0f5f32f9ac21859d999cd?s=96&d=mm&r=g","caption":"Piera Salvi"},"url":"https:\/\/www.noidiqua.it\/Agliana\/author\/piera-salvi\/"}]}},"_links":{"self":[{"href":"https:\/\/www.noidiqua.it\/Agliana\/wp-json\/wp\/v2\/posts\/6194","targetHints":{"allow":["GET"]}}],"collection":[{"href":"https:\/\/www.noidiqua.it\/Agliana\/wp-json\/wp\/v2\/posts"}],"about":[{"href":"https:\/\/www.noidiqua.it\/Agliana\/wp-json\/wp\/v2\/types\/post"}],"author":[{"embeddable":true,"href":"https:\/\/www.noidiqua.it\/Agliana\/wp-json\/wp\/v2\/users\/13"}],"replies":[{"embeddable":true,"href":"https:\/\/www.noidiqua.it\/Agliana\/wp-json\/wp\/v2\/comments?post=6194"}],"version-history":[{"count":3,"href":"https:\/\/www.noidiqua.it\/Agliana\/wp-json\/wp\/v2\/posts\/6194\/revisions"}],"predecessor-version":[{"id":6291,"href":"https:\/\/www.noidiqua.it\/Agliana\/wp-json\/wp\/v2\/posts\/6194\/revisions\/6291"}],"wp:attachment":[{"href":"https:\/\/www.noidiqua.it\/Agliana\/wp-json\/wp\/v2\/media?parent=6194"}],"wp:term":[{"taxonomy":"category","embeddable":true,"href":"https:\/\/www.noidiqua.it\/Agliana\/wp-json\/wp\/v2\/categories?post=6194"},{"taxonomy":"post_tag","embeddable":true,"href":"https:\/\/www.noidiqua.it\/Agliana\/wp-json\/wp\/v2\/tags?post=6194"}],"curies":[{"name":"wp","href":"https:\/\/api.w.org\/{rel}","templated":true}]}}