{"id":6209,"date":"2021-09-05T16:02:07","date_gmt":"2021-09-05T14:02:07","guid":{"rendered":"https:\/\/www.noidiqua.it\/Agliana\/?p=6209"},"modified":"2021-12-10T09:36:17","modified_gmt":"2021-12-10T08:36:17","slug":"sara-zinna-ballerina-professionista","status":"publish","type":"post","link":"https:\/\/www.noidiqua.it\/Agliana\/sara-zinna-ballerina-professionista\/","title":{"rendered":"Sara Zinna &#8211; ballerina professionista"},"content":{"rendered":"<p><em>di Piera Salvi<\/em><\/p>\n<p><em>settembre 2021<\/em><\/p>\n<p><a href=\"https:\/\/www.noidiqua.it\/Agliana\/wp-content\/uploads\/2021\/10\/zinna-1.png\" rel=\"wp-prettyPhoto[6209]\"><img loading=\"lazy\" decoding=\"async\" class=\"aligncenter size-full wp-image-6210\" src=\"https:\/\/www.noidiqua.it\/Agliana\/wp-content\/uploads\/2021\/10\/zinna-1.png\" alt=\"\" width=\"493\" height=\"287\" srcset=\"https:\/\/www.noidiqua.it\/Agliana\/wp-content\/uploads\/2021\/10\/zinna-1.png 493w, https:\/\/www.noidiqua.it\/Agliana\/wp-content\/uploads\/2021\/10\/zinna-1-300x175.png 300w\" sizes=\"auto, (max-width: 493px) 100vw, 493px\" \/><\/a><\/p>\n<p class=\"p1\">Premio nazionale \u201c<strong>Sfera d\u2019Oro per la danza\u201d<\/strong>a <strong>Sara Zinna<\/strong> ballerina professionista aglianese, da quasi dieci anni in Germania. La nostra concittadina \u00e8 stata premiata sabato 25 settembre al teatro Verdi di Padova, dove ha ricevuto il prestigioso riconoscimento assegnato a ballerine e ballerini italiani che lavorano in Italia e all\u2019estero. E&#8217; stata la terza edizione del \u201cPremio\u201d e Sara Zinna ha fatto onore ad Agliana e all\u2019Italia poich\u00e9 era tra i rappresentanti delle eccellenze italiane della danza nel mondo, in una serata tutta dedicata al balletto e alla danza contemporanea.<\/p>\n<p class=\"p1\">Sara si \u00e8 anche esibita in un passo a due con il collega <strong>Maxime Quiroga<\/strong>. <i>\u00abRingrazio Maxim per aver accettato di accompagnarmi e per aver coreografato il passo a due che abbiamo presentato alla serata della premiazione\u00bb<\/i> ha detto Sara che non nasconde l\u2019emozione e lo stupore per questo riconoscimento. <i>\u00abNon mi aspettavo di essere nominata per questo premio\u00bb<\/i> ha confessato Sara Zinna. <i>Ho ricevuto la telefonata da Alfio Agostini, critico di danza, direttore del giornale <strong>Ballet2000<\/strong>, che ringrazio tantissimo. \u00c8 difficile spiegare come mi sento, sono una persona molto umile, per\u00f2 \u00e8 davvero una sensazione bellissima, dedicare la propria vita a una cosa e vederne finalmente i frutti. E&#8217; un riconoscimento alla dedizione, alla costanza, ai risultati che si sono raggiunti negli anni. Sono emozioni che lasciano poco spazio alle parole\u00bb<\/i>.<\/p>\n<p class=\"p1\">Sara ha 28 anni ed \u00e8 in Germania dal 2012. Ha iniziato gli studi di danza classica alla scuola Danzarte di Agliana, diretta da <strong>Elisabetta Bresci<\/strong>, rivelando subito il suo talento. <i>\u00abHo continuato a studiare danza\u00bb<\/i> racconta, \u00ab<i>per tre anni all\u2019Accademia del teatro alla Scala e all\u2019Accademia Ucraina di balletto. Durante gli anni in Italia ho partecipato a vari concorsi di danza e vinto svariati premi, per\u00f2 si sa che alla danza in Italia non viene dato molto spazio. Allora ho deciso di continuare gli studi alla Staatliche Ballettschule di Berlino ed \u00e8 stata un ottima decisione. In Germania ci sono, per fortuna, tantissime compagnie di danza e automaticamente i giovani ballerini hanno molte pi\u00f9 possibilit\u00e0 di trovare un posto di lavoro nel settore. Durante il mio ultimo anno alla scuola di Berlino avevo gi\u00e0 trovato lavoro come apprendista nella compagnia del Musiktheater im Revier di Gelsenkirchen sotto la direzione di Bridget Breiner, dove ho lavorato dal 2015 al 2019 come ballerina solista. Da settembre 2019 mi sono trasferita a Karlsruhe e lavoro, sempre come ballerina solista, al <strong>Badisches Staatstheater<\/strong>\u00bb<\/i>.<\/p>\n<p><a href=\"https:\/\/www.noidiqua.it\/Agliana\/wp-content\/uploads\/2021\/10\/zinna-2.png\" rel=\"wp-prettyPhoto[6209]\"><img loading=\"lazy\" decoding=\"async\" class=\"aligncenter size-full wp-image-6212\" src=\"https:\/\/www.noidiqua.it\/Agliana\/wp-content\/uploads\/2021\/10\/zinna-2.png\" alt=\"\" width=\"287\" height=\"380\" srcset=\"https:\/\/www.noidiqua.it\/Agliana\/wp-content\/uploads\/2021\/10\/zinna-2.png 287w, https:\/\/www.noidiqua.it\/Agliana\/wp-content\/uploads\/2021\/10\/zinna-2-227x300.png 227w\" sizes=\"auto, (max-width: 287px) 100vw, 287px\" \/><\/a><\/p>\n<p class=\"p1\">La danza \u00e8 sempre stata sempre la passione di Sara Zinna, fino da quando aveva quattro anni e praticamente non ha mai smesso, eccetto una pausa di due anni. <i>\u00abQuando sono arrivata in Germania\u00bb<\/i> ricorda <i>\u00abnon parlavo una parola di tedesco ma alla scuola di Berlino facevamo lezioni di grammatica tutti i giorni. Ora mi dicono che lo parlo e scrivo piuttosto bene\u00bb<\/i>.<\/p>\n<p class=\"p1\"><b>La pandemia \u00e8 stata penalizzante?<\/b><\/p>\n<p class=\"p1\"><i>\u00abCi stiamo preparando per tornare in scena col primo spettacolo dopo la pausa estiva\u00bb <\/i>racconta, <i>\u00ablunghe prove e tanta costanza per rimettersi in forma. La cosa pi\u00f9 difficile della pandemia \u00e8 stata cercare di restare motivati e non perdere le speranze: il nostro \u00e8 un lavoro dove c\u2019\u00e8 molto contatto. Dovevo fare lezione in casa da sola, in cucina, in salotto o in camera, dove pavimento e spazio non sono adatti, senza potermi esibire in palco. Ora, per lavorare a contatto gli uni con gli altri, facciamo tre tamponi rapidi a settimana prima di entrare in teatro. Ma non mi lamento, pur di lavorare questo ed altro\u00bb<\/i>.<\/p>\n<p class=\"p1\"><b>Progetti per il futuro? <\/b><\/p>\n<p class=\"p1\"><i>\u00abProgetti chiari non ne ho, ma ho intenzione di ballare il pi\u00f9 a lungo possibile, condizioni fisiche permettendo. Per\u00f2 finita la carriera di ballerina, non escludo di dedicarmi ad un lavoro lontano dal mondo della danza per provare qualcosa di totalmente nuovo\u00bb<\/i>.<\/p>","protected":false},"excerpt":{"rendered":"<p>di Piera Salvi settembre 2021 Premio nazionale \u201cSfera d\u2019Oro per la danza\u201da Sara Zinna ballerina professionista aglianese, da quasi dieci anni in Germania. La nostra concittadina \u00e8 stata premiata sabato 25 settembre al teatro Verdi di Padova, dove ha ricevuto il prestigioso riconoscimento assegnato a ballerine e [&hellip;]<\/p>","protected":false},"author":13,"featured_media":0,"comment_status":"open","ping_status":"open","sticky":false,"template":"","format":"standard","meta":{"footnotes":""},"categories":[2,144],"tags":[2652,2651,199,2654,2653,2650,2649],"class_list":["post-6209","post","type-post","status-publish","format-standard","hentry","category-ag","category-lo-sport-di-qua","tag-badisches-staatstheater","tag-ballet2000","tag-elisabetta-bresci","tag-maxime-quiroga","tag-professionista","tag-sara-zinna","tag-sfera-doro-per-la-danza"],"yoast_head":"<!-- This site is optimized with the Yoast SEO plugin v25.5 - https:\/\/yoast.com\/wordpress\/plugins\/seo\/ -->\n<title>Sara Zinna - ballerina professionista - Noi di Qua Testata giornalistica e di attualit\u00e0 di Agliana, Montale e Quarrata.<\/title>\n<meta name=\"robots\" content=\"index, follow, max-snippet:-1, max-image-preview:large, max-video-preview:-1\" \/>\n<link rel=\"canonical\" href=\"https:\/\/www.noidiqua.it\/Agliana\/sara-zinna-ballerina-professionista\/\" \/>\n<meta property=\"og:locale\" content=\"it_IT\" \/>\n<meta property=\"og:type\" content=\"article\" \/>\n<meta property=\"og:title\" content=\"Sara Zinna - ballerina professionista - Noi di Qua Testata giornalistica e di attualit\u00e0 di Agliana, Montale e Quarrata.\" \/>\n<meta property=\"og:description\" content=\"di Piera Salvi settembre 2021 Premio nazionale \u201cSfera d\u2019Oro per la danza\u201da Sara Zinna ballerina professionista aglianese, da quasi dieci anni in Germania. La nostra concittadina \u00e8 stata premiata sabato 25 settembre al teatro Verdi di Padova, dove ha ricevuto il prestigioso riconoscimento assegnato a ballerine e [&hellip;]\" \/>\n<meta property=\"og:url\" content=\"https:\/\/www.noidiqua.it\/Agliana\/sara-zinna-ballerina-professionista\/\" \/>\n<meta property=\"og:site_name\" content=\"Noi di Qua Testata giornalistica e di attualit\u00e0 di Agliana, Montale e Quarrata.\" \/>\n<meta property=\"article:publisher\" content=\"https:\/\/www.facebook.com\/noidiqua.trimestrale\/\" \/>\n<meta property=\"article:published_time\" content=\"2021-09-05T14:02:07+00:00\" \/>\n<meta property=\"article:modified_time\" content=\"2021-12-10T08:36:17+00:00\" \/>\n<meta property=\"og:image\" content=\"https:\/\/www.noidiqua.it\/Agliana\/wp-content\/uploads\/2021\/10\/zinna-1.png\" \/>\n<meta name=\"author\" content=\"Piera Salvi\" \/>\n<meta name=\"twitter:label1\" content=\"Scritto da\" \/>\n\t<meta name=\"twitter:data1\" content=\"Piera Salvi\" \/>\n\t<meta name=\"twitter:label2\" content=\"Tempo di lettura stimato\" \/>\n\t<meta name=\"twitter:data2\" content=\"3 minuti\" \/>\n<script type=\"application\/ld+json\" class=\"yoast-schema-graph\">{\"@context\":\"https:\/\/schema.org\",\"@graph\":[{\"@type\":\"WebPage\",\"@id\":\"https:\/\/www.noidiqua.it\/Agliana\/sara-zinna-ballerina-professionista\/\",\"url\":\"https:\/\/www.noidiqua.it\/Agliana\/sara-zinna-ballerina-professionista\/\",\"name\":\"Sara Zinna - ballerina professionista - Noi di Qua Testata giornalistica e di attualit\u00e0 di Agliana, Montale e Quarrata.\",\"isPartOf\":{\"@id\":\"https:\/\/www.noidiqua.it\/Agliana\/#website\"},\"primaryImageOfPage\":{\"@id\":\"https:\/\/www.noidiqua.it\/Agliana\/sara-zinna-ballerina-professionista\/#primaryimage\"},\"image\":{\"@id\":\"https:\/\/www.noidiqua.it\/Agliana\/sara-zinna-ballerina-professionista\/#primaryimage\"},\"thumbnailUrl\":\"https:\/\/www.noidiqua.it\/Agliana\/wp-content\/uploads\/2021\/10\/zinna-1.png\",\"datePublished\":\"2021-09-05T14:02:07+00:00\",\"dateModified\":\"2021-12-10T08:36:17+00:00\",\"author\":{\"@id\":\"https:\/\/www.noidiqua.it\/Agliana\/#\/schema\/person\/bb7515c2330bb1137f247276096fa7dc\"},\"breadcrumb\":{\"@id\":\"https:\/\/www.noidiqua.it\/Agliana\/sara-zinna-ballerina-professionista\/#breadcrumb\"},\"inLanguage\":\"it-IT\",\"potentialAction\":[{\"@type\":\"ReadAction\",\"target\":[\"https:\/\/www.noidiqua.it\/Agliana\/sara-zinna-ballerina-professionista\/\"]}]},{\"@type\":\"ImageObject\",\"inLanguage\":\"it-IT\",\"@id\":\"https:\/\/www.noidiqua.it\/Agliana\/sara-zinna-ballerina-professionista\/#primaryimage\",\"url\":\"https:\/\/www.noidiqua.it\/Agliana\/wp-content\/uploads\/2021\/10\/zinna-1.png\",\"contentUrl\":\"https:\/\/www.noidiqua.it\/Agliana\/wp-content\/uploads\/2021\/10\/zinna-1.png\",\"width\":493,\"height\":287},{\"@type\":\"BreadcrumbList\",\"@id\":\"https:\/\/www.noidiqua.it\/Agliana\/sara-zinna-ballerina-professionista\/#breadcrumb\",\"itemListElement\":[{\"@type\":\"ListItem\",\"position\":1,\"name\":\"Home\",\"item\":\"https:\/\/www.noidiqua.it\/Agliana\/\"},{\"@type\":\"ListItem\",\"position\":2,\"name\":\"Sara Zinna &#8211; ballerina professionista\"}]},{\"@type\":\"WebSite\",\"@id\":\"https:\/\/www.noidiqua.it\/Agliana\/#website\",\"url\":\"https:\/\/www.noidiqua.it\/Agliana\/\",\"name\":\"Noi di Qua Testata giornalistica e di attualit\u00e0 di Agliana, Montale e Quarrata.\",\"description\":\"Testata Giornalistica Quarrata Montale Agliana\",\"potentialAction\":[{\"@type\":\"SearchAction\",\"target\":{\"@type\":\"EntryPoint\",\"urlTemplate\":\"https:\/\/www.noidiqua.it\/Agliana\/?s={search_term_string}\"},\"query-input\":{\"@type\":\"PropertyValueSpecification\",\"valueRequired\":true,\"valueName\":\"search_term_string\"}}],\"inLanguage\":\"it-IT\"},{\"@type\":\"Person\",\"@id\":\"https:\/\/www.noidiqua.it\/Agliana\/#\/schema\/person\/bb7515c2330bb1137f247276096fa7dc\",\"name\":\"Piera Salvi\",\"image\":{\"@type\":\"ImageObject\",\"inLanguage\":\"it-IT\",\"@id\":\"https:\/\/www.noidiqua.it\/Agliana\/#\/schema\/person\/image\/\",\"url\":\"https:\/\/secure.gravatar.com\/avatar\/2f9b1fb6e13f3b3e63bde435d999a73be036e320f7a0f5f32f9ac21859d999cd?s=96&d=mm&r=g\",\"contentUrl\":\"https:\/\/secure.gravatar.com\/avatar\/2f9b1fb6e13f3b3e63bde435d999a73be036e320f7a0f5f32f9ac21859d999cd?s=96&d=mm&r=g\",\"caption\":\"Piera Salvi\"},\"url\":\"https:\/\/www.noidiqua.it\/Agliana\/author\/piera-salvi\/\"}]}<\/script>\n<!-- \/ Yoast SEO plugin. -->","yoast_head_json":{"title":"Sara Zinna - ballerina professionista - Noi di Qua Testata giornalistica e di attualit\u00e0 di Agliana, Montale e Quarrata.","robots":{"index":"index","follow":"follow","max-snippet":"max-snippet:-1","max-image-preview":"max-image-preview:large","max-video-preview":"max-video-preview:-1"},"canonical":"https:\/\/www.noidiqua.it\/Agliana\/sara-zinna-ballerina-professionista\/","og_locale":"it_IT","og_type":"article","og_title":"Sara Zinna - ballerina professionista - Noi di Qua Testata giornalistica e di attualit\u00e0 di Agliana, Montale e Quarrata.","og_description":"di Piera Salvi settembre 2021 Premio nazionale \u201cSfera d\u2019Oro per la danza\u201da Sara Zinna ballerina professionista aglianese, da quasi dieci anni in Germania. La nostra concittadina \u00e8 stata premiata sabato 25 settembre al teatro Verdi di Padova, dove ha ricevuto il prestigioso riconoscimento assegnato a ballerine e [&hellip;]","og_url":"https:\/\/www.noidiqua.it\/Agliana\/sara-zinna-ballerina-professionista\/","og_site_name":"Noi di Qua Testata giornalistica e di attualit\u00e0 di Agliana, Montale e Quarrata.","article_publisher":"https:\/\/www.facebook.com\/noidiqua.trimestrale\/","article_published_time":"2021-09-05T14:02:07+00:00","article_modified_time":"2021-12-10T08:36:17+00:00","og_image":[{"url":"https:\/\/www.noidiqua.it\/Agliana\/wp-content\/uploads\/2021\/10\/zinna-1.png","type":"","width":"","height":""}],"author":"Piera Salvi","twitter_misc":{"Scritto da":"Piera Salvi","Tempo di lettura stimato":"3 minuti"},"schema":{"@context":"https:\/\/schema.org","@graph":[{"@type":"WebPage","@id":"https:\/\/www.noidiqua.it\/Agliana\/sara-zinna-ballerina-professionista\/","url":"https:\/\/www.noidiqua.it\/Agliana\/sara-zinna-ballerina-professionista\/","name":"Sara Zinna - ballerina professionista - Noi di Qua Testata giornalistica e di attualit\u00e0 di Agliana, Montale e Quarrata.","isPartOf":{"@id":"https:\/\/www.noidiqua.it\/Agliana\/#website"},"primaryImageOfPage":{"@id":"https:\/\/www.noidiqua.it\/Agliana\/sara-zinna-ballerina-professionista\/#primaryimage"},"image":{"@id":"https:\/\/www.noidiqua.it\/Agliana\/sara-zinna-ballerina-professionista\/#primaryimage"},"thumbnailUrl":"https:\/\/www.noidiqua.it\/Agliana\/wp-content\/uploads\/2021\/10\/zinna-1.png","datePublished":"2021-09-05T14:02:07+00:00","dateModified":"2021-12-10T08:36:17+00:00","author":{"@id":"https:\/\/www.noidiqua.it\/Agliana\/#\/schema\/person\/bb7515c2330bb1137f247276096fa7dc"},"breadcrumb":{"@id":"https:\/\/www.noidiqua.it\/Agliana\/sara-zinna-ballerina-professionista\/#breadcrumb"},"inLanguage":"it-IT","potentialAction":[{"@type":"ReadAction","target":["https:\/\/www.noidiqua.it\/Agliana\/sara-zinna-ballerina-professionista\/"]}]},{"@type":"ImageObject","inLanguage":"it-IT","@id":"https:\/\/www.noidiqua.it\/Agliana\/sara-zinna-ballerina-professionista\/#primaryimage","url":"https:\/\/www.noidiqua.it\/Agliana\/wp-content\/uploads\/2021\/10\/zinna-1.png","contentUrl":"https:\/\/www.noidiqua.it\/Agliana\/wp-content\/uploads\/2021\/10\/zinna-1.png","width":493,"height":287},{"@type":"BreadcrumbList","@id":"https:\/\/www.noidiqua.it\/Agliana\/sara-zinna-ballerina-professionista\/#breadcrumb","itemListElement":[{"@type":"ListItem","position":1,"name":"Home","item":"https:\/\/www.noidiqua.it\/Agliana\/"},{"@type":"ListItem","position":2,"name":"Sara Zinna &#8211; ballerina professionista"}]},{"@type":"WebSite","@id":"https:\/\/www.noidiqua.it\/Agliana\/#website","url":"https:\/\/www.noidiqua.it\/Agliana\/","name":"Noi di Qua Testata giornalistica e di attualit\u00e0 di Agliana, Montale e Quarrata.","description":"Testata Giornalistica Quarrata Montale Agliana","potentialAction":[{"@type":"SearchAction","target":{"@type":"EntryPoint","urlTemplate":"https:\/\/www.noidiqua.it\/Agliana\/?s={search_term_string}"},"query-input":{"@type":"PropertyValueSpecification","valueRequired":true,"valueName":"search_term_string"}}],"inLanguage":"it-IT"},{"@type":"Person","@id":"https:\/\/www.noidiqua.it\/Agliana\/#\/schema\/person\/bb7515c2330bb1137f247276096fa7dc","name":"Piera Salvi","image":{"@type":"ImageObject","inLanguage":"it-IT","@id":"https:\/\/www.noidiqua.it\/Agliana\/#\/schema\/person\/image\/","url":"https:\/\/secure.gravatar.com\/avatar\/2f9b1fb6e13f3b3e63bde435d999a73be036e320f7a0f5f32f9ac21859d999cd?s=96&d=mm&r=g","contentUrl":"https:\/\/secure.gravatar.com\/avatar\/2f9b1fb6e13f3b3e63bde435d999a73be036e320f7a0f5f32f9ac21859d999cd?s=96&d=mm&r=g","caption":"Piera Salvi"},"url":"https:\/\/www.noidiqua.it\/Agliana\/author\/piera-salvi\/"}]}},"_links":{"self":[{"href":"https:\/\/www.noidiqua.it\/Agliana\/wp-json\/wp\/v2\/posts\/6209","targetHints":{"allow":["GET"]}}],"collection":[{"href":"https:\/\/www.noidiqua.it\/Agliana\/wp-json\/wp\/v2\/posts"}],"about":[{"href":"https:\/\/www.noidiqua.it\/Agliana\/wp-json\/wp\/v2\/types\/post"}],"author":[{"embeddable":true,"href":"https:\/\/www.noidiqua.it\/Agliana\/wp-json\/wp\/v2\/users\/13"}],"replies":[{"embeddable":true,"href":"https:\/\/www.noidiqua.it\/Agliana\/wp-json\/wp\/v2\/comments?post=6209"}],"version-history":[{"count":4,"href":"https:\/\/www.noidiqua.it\/Agliana\/wp-json\/wp\/v2\/posts\/6209\/revisions"}],"predecessor-version":[{"id":6215,"href":"https:\/\/www.noidiqua.it\/Agliana\/wp-json\/wp\/v2\/posts\/6209\/revisions\/6215"}],"wp:attachment":[{"href":"https:\/\/www.noidiqua.it\/Agliana\/wp-json\/wp\/v2\/media?parent=6209"}],"wp:term":[{"taxonomy":"category","embeddable":true,"href":"https:\/\/www.noidiqua.it\/Agliana\/wp-json\/wp\/v2\/categories?post=6209"},{"taxonomy":"post_tag","embeddable":true,"href":"https:\/\/www.noidiqua.it\/Agliana\/wp-json\/wp\/v2\/tags?post=6209"}],"curies":[{"name":"wp","href":"https:\/\/api.w.org\/{rel}","templated":true}]}}