{"id":6216,"date":"2021-09-05T16:48:36","date_gmt":"2021-09-05T14:48:36","guid":{"rendered":"https:\/\/www.noidiqua.it\/Agliana\/?p=6216"},"modified":"2021-10-19T09:41:59","modified_gmt":"2021-10-19T07:41:59","slug":"edicole-presidi-civici","status":"publish","type":"post","link":"https:\/\/www.noidiqua.it\/Agliana\/edicole-presidi-civici\/","title":{"rendered":"Edicole: presidi civici"},"content":{"rendered":"<p><em>di Giacomo Bini<\/em><\/p>\n<p><em>settembre 2021<\/em><\/p>\n<p><a href=\"https:\/\/www.noidiqua.it\/Agliana\/wp-content\/uploads\/2021\/10\/appunti.png\" rel=\"wp-prettyPhoto[6216]\"><img loading=\"lazy\" decoding=\"async\" class=\"aligncenter size-full wp-image-6217\" src=\"https:\/\/www.noidiqua.it\/Agliana\/wp-content\/uploads\/2021\/10\/appunti.png\" alt=\"\" width=\"492\" height=\"321\" srcset=\"https:\/\/www.noidiqua.it\/Agliana\/wp-content\/uploads\/2021\/10\/appunti.png 492w, https:\/\/www.noidiqua.it\/Agliana\/wp-content\/uploads\/2021\/10\/appunti-300x196.png 300w\" sizes=\"auto, (max-width: 492px) 100vw, 492px\" \/><\/a><\/p>\n<p class=\"p1\"><span class=\"s1\">Ci capita spesso, nella nostra <strong>rivista<\/strong>, di valorizzare il piccolo commercio, l\u2019<strong>artigianato autentico<\/strong>, le associazioni di volontariato, tutte le organizzazioni che favoriscono il rapporto tra le persone, l\u2019incontro e il dialogo. Di questa rete di presidi della vita di relazione fanno parte a pieno titolo le edicole, esercizi che hanno subito una profonda trasformazione negli ultimi anni e anche una forte selezione, tanto che non poche sono state costrette a chiudere. Ma un paese o una citt\u00e0 <strong>senza edicole<\/strong> sono pi\u00f9 vuoti e anonimi, perch\u00e9 viene a mancare un punto di contatto tra le persone. Quindi \u00e8 giusto difendere le edicole perch\u00e9 significa tutelare un modo di vivere in cui la mattina per prima cosa ci si incontra, anzich\u00e9 restare chiusi nel rapporto col nostro <strong>smartphone<\/strong>. Le edicole che hanno resistito ai cambiamenti hanno saputo attrezzarsi per svolgere nuovi servizi, continuando a rappresentare un punto di riferimento per la collettivit\u00e0. E anche il giornale e la rivista di carta, che indubbiamente hanno subito la concorrenza potentissima di internet e dei social, mantengono tutt\u2019ora un ruolo fondamentale nell\u2019informazione locale e nell\u2019approfondimento dei fatti. Le edicole possono e debbono continuare a vivere cos\u00ec come i <strong>negozi<\/strong> di vicinato e i piccoli laboratori artigiani perch\u00e9 fanno parte di un modo di vivere fatto di relazioni e incontri che va tutelato. Il ruolo delle edicole \u00e8 stato riconosciuto pi\u00f9 volte dalle istituzioni di governo nazionali. <\/span><\/p>\n<p class=\"p1\"><span class=\"s1\">Ne sono un esempio le recenti dichiarazioni di Andrea Martella, sottosegretario alla Presidenza del Consiglio con delega all\u2019editoria nel secondo governo Conte:<i> \u00abLe edicole non sono solo un presidio fisico sul territorio. Sono anche e soprattutto un bene immateriale. Assicurando la distribuzione democratica dell\u2019informazione su base plurale e universale, le edicole svolgono innegabilmente una funzione di interesse pubblico, che merita di essere riconosciuta sia pure in un contesto profondamente mutato qual \u00e8 quello attuale\u00bb<\/i>. <\/span><\/p>\n<p class=\"p1\"><span class=\"s1\">I dati oggettivi fanno rilevare purtroppo una riduzione drastica del numero delle edicole. Nel 2001 le edicole vere e proprie (cio\u00e8 i chioschi e i negozi che vendevano esclusivamente giornali, riviste e altri prodotti editoriali) erano pi\u00f9 di 36.000 mentre alla fine dell\u2019anno 2018 quel numero era sceso a 15.000. <\/span><\/p>\n<p class=\"p1\"><span class=\"s1\">L\u2019ex direttore del Corriere della Sera e del Sole 24 Ore <strong>Ferruccio De Bortoli<\/strong> ha paragonato le edicole alle chiese: <i>\u00abLe edicole sono rimaste aperte anche durante la pandemia. Sono state considerate un servizio essenziale per i cittadini. Se ci pensiamo, sono presidi civici di cultura e informazione, ma anche di identit\u00e0 nei quartieri delle nostre citt\u00e0. Mi si lasci avanzare il paragone, che non vuole essere irrispettoso: sono come le chiese. Dunque immaginare di offrire servizi anche di altra qualit\u00e0 vuol dire sviluppare la loro funzione sociale. Impedire che vengano travolte dalla trasformazione urbanistica. Se muore un\u2019edicola non rinasce pi\u00f9, viene meno un momento di integrazione e insieme di identit\u00e0. Laddove le edicole, cambiando pelle, riescano invece a sopravvivere, sar\u00e0 garantita una qualit\u00e0 di presenza capillare sul territorio davvero preziosa per tutti\u00bb<\/i>. Aggiungiamo che le edicole sono anche luoghi in cui si trovano figure amichevoli come quelle di Iris Tronci e di Marco Torracchi alle quali \u00e8 difficile non restare affezionati e non essere grati del loro contributo alla vita sociale del paese. <\/span><\/p>","protected":false},"excerpt":{"rendered":"<p>di Giacomo Bini settembre 2021 Ci capita spesso, nella nostra rivista, di valorizzare il piccolo commercio, l\u2019artigianato autentico, le associazioni di volontariato, tutte le organizzazioni che favoriscono il rapporto tra le persone, l\u2019incontro e il dialogo. Di questa rete di presidi della vita di relazione fanno parte [&hellip;]<\/p>","protected":false},"author":12,"featured_media":0,"comment_status":"open","ping_status":"open","sticky":false,"template":"","format":"standard","meta":{"footnotes":""},"categories":[2,25],"tags":[1033,2656,2659,1082,2658,2655,2657,727],"class_list":["post-6216","post","type-post","status-publish","format-standard","hentry","category-ag","category-appuntired","tag-appunti-di-redazione","tag-artigianato-autentico","tag-ferruccio-de-bortoli","tag-giacomo-bini","tag-negozi","tag-rivista","tag-senza-edicole","tag-smartphone"],"yoast_head":"<!-- This site is optimized with the Yoast SEO plugin v25.5 - https:\/\/yoast.com\/wordpress\/plugins\/seo\/ -->\n<title>Edicole: presidi civici - Noi di Qua Testata giornalistica e di attualit\u00e0 di Agliana, Montale e Quarrata.<\/title>\n<meta name=\"robots\" content=\"index, follow, max-snippet:-1, max-image-preview:large, max-video-preview:-1\" \/>\n<link rel=\"canonical\" href=\"https:\/\/www.noidiqua.it\/Agliana\/edicole-presidi-civici\/\" \/>\n<meta property=\"og:locale\" content=\"it_IT\" \/>\n<meta property=\"og:type\" content=\"article\" \/>\n<meta property=\"og:title\" content=\"Edicole: presidi civici - Noi di Qua Testata giornalistica e di attualit\u00e0 di Agliana, Montale e Quarrata.\" \/>\n<meta property=\"og:description\" content=\"di Giacomo Bini settembre 2021 Ci capita spesso, nella nostra rivista, di valorizzare il piccolo commercio, l\u2019artigianato autentico, le associazioni di volontariato, tutte le organizzazioni che favoriscono il rapporto tra le persone, l\u2019incontro e il dialogo. Di questa rete di presidi della vita di relazione fanno parte [&hellip;]\" \/>\n<meta property=\"og:url\" content=\"https:\/\/www.noidiqua.it\/Agliana\/edicole-presidi-civici\/\" \/>\n<meta property=\"og:site_name\" content=\"Noi di Qua Testata giornalistica e di attualit\u00e0 di Agliana, Montale e Quarrata.\" \/>\n<meta property=\"article:publisher\" content=\"https:\/\/www.facebook.com\/noidiqua.trimestrale\/\" \/>\n<meta property=\"article:published_time\" content=\"2021-09-05T14:48:36+00:00\" \/>\n<meta property=\"article:modified_time\" content=\"2021-10-19T07:41:59+00:00\" \/>\n<meta property=\"og:image\" content=\"https:\/\/www.noidiqua.it\/Agliana\/wp-content\/uploads\/2021\/10\/appunti.png\" \/>\n<meta name=\"author\" content=\"Giacomo Bini\" \/>\n<meta name=\"twitter:label1\" content=\"Scritto da\" \/>\n\t<meta name=\"twitter:data1\" content=\"Giacomo Bini\" \/>\n\t<meta name=\"twitter:label2\" content=\"Tempo di lettura stimato\" \/>\n\t<meta name=\"twitter:data2\" content=\"3 minuti\" \/>\n<script type=\"application\/ld+json\" class=\"yoast-schema-graph\">{\"@context\":\"https:\/\/schema.org\",\"@graph\":[{\"@type\":\"WebPage\",\"@id\":\"https:\/\/www.noidiqua.it\/Agliana\/edicole-presidi-civici\/\",\"url\":\"https:\/\/www.noidiqua.it\/Agliana\/edicole-presidi-civici\/\",\"name\":\"Edicole: presidi civici - Noi di Qua Testata giornalistica e di attualit\u00e0 di Agliana, Montale e Quarrata.\",\"isPartOf\":{\"@id\":\"https:\/\/www.noidiqua.it\/Agliana\/#website\"},\"primaryImageOfPage\":{\"@id\":\"https:\/\/www.noidiqua.it\/Agliana\/edicole-presidi-civici\/#primaryimage\"},\"image\":{\"@id\":\"https:\/\/www.noidiqua.it\/Agliana\/edicole-presidi-civici\/#primaryimage\"},\"thumbnailUrl\":\"https:\/\/www.noidiqua.it\/Agliana\/wp-content\/uploads\/2021\/10\/appunti.png\",\"datePublished\":\"2021-09-05T14:48:36+00:00\",\"dateModified\":\"2021-10-19T07:41:59+00:00\",\"author\":{\"@id\":\"https:\/\/www.noidiqua.it\/Agliana\/#\/schema\/person\/e2e6f44da50af0dae9c90ad168e471a4\"},\"breadcrumb\":{\"@id\":\"https:\/\/www.noidiqua.it\/Agliana\/edicole-presidi-civici\/#breadcrumb\"},\"inLanguage\":\"it-IT\",\"potentialAction\":[{\"@type\":\"ReadAction\",\"target\":[\"https:\/\/www.noidiqua.it\/Agliana\/edicole-presidi-civici\/\"]}]},{\"@type\":\"ImageObject\",\"inLanguage\":\"it-IT\",\"@id\":\"https:\/\/www.noidiqua.it\/Agliana\/edicole-presidi-civici\/#primaryimage\",\"url\":\"https:\/\/www.noidiqua.it\/Agliana\/wp-content\/uploads\/2021\/10\/appunti.png\",\"contentUrl\":\"https:\/\/www.noidiqua.it\/Agliana\/wp-content\/uploads\/2021\/10\/appunti.png\",\"width\":492,\"height\":321},{\"@type\":\"BreadcrumbList\",\"@id\":\"https:\/\/www.noidiqua.it\/Agliana\/edicole-presidi-civici\/#breadcrumb\",\"itemListElement\":[{\"@type\":\"ListItem\",\"position\":1,\"name\":\"Home\",\"item\":\"https:\/\/www.noidiqua.it\/Agliana\/\"},{\"@type\":\"ListItem\",\"position\":2,\"name\":\"Edicole: presidi civici\"}]},{\"@type\":\"WebSite\",\"@id\":\"https:\/\/www.noidiqua.it\/Agliana\/#website\",\"url\":\"https:\/\/www.noidiqua.it\/Agliana\/\",\"name\":\"Noi di Qua Testata giornalistica e di attualit\u00e0 di Agliana, Montale e Quarrata.\",\"description\":\"Testata Giornalistica Quarrata Montale Agliana\",\"potentialAction\":[{\"@type\":\"SearchAction\",\"target\":{\"@type\":\"EntryPoint\",\"urlTemplate\":\"https:\/\/www.noidiqua.it\/Agliana\/?s={search_term_string}\"},\"query-input\":{\"@type\":\"PropertyValueSpecification\",\"valueRequired\":true,\"valueName\":\"search_term_string\"}}],\"inLanguage\":\"it-IT\"},{\"@type\":\"Person\",\"@id\":\"https:\/\/www.noidiqua.it\/Agliana\/#\/schema\/person\/e2e6f44da50af0dae9c90ad168e471a4\",\"name\":\"Giacomo Bini\",\"image\":{\"@type\":\"ImageObject\",\"inLanguage\":\"it-IT\",\"@id\":\"https:\/\/www.noidiqua.it\/Agliana\/#\/schema\/person\/image\/\",\"url\":\"https:\/\/secure.gravatar.com\/avatar\/e5c18ae41df5ae37397358f2c6046696187d51a120c5d0b8f0c49f7b606f46f4?s=96&d=mm&r=g\",\"contentUrl\":\"https:\/\/secure.gravatar.com\/avatar\/e5c18ae41df5ae37397358f2c6046696187d51a120c5d0b8f0c49f7b606f46f4?s=96&d=mm&r=g\",\"caption\":\"Giacomo Bini\"},\"url\":\"https:\/\/www.noidiqua.it\/Agliana\/author\/giacomo-bini\/\"}]}<\/script>\n<!-- \/ Yoast SEO plugin. -->","yoast_head_json":{"title":"Edicole: presidi civici - Noi di Qua Testata giornalistica e di attualit\u00e0 di Agliana, Montale e Quarrata.","robots":{"index":"index","follow":"follow","max-snippet":"max-snippet:-1","max-image-preview":"max-image-preview:large","max-video-preview":"max-video-preview:-1"},"canonical":"https:\/\/www.noidiqua.it\/Agliana\/edicole-presidi-civici\/","og_locale":"it_IT","og_type":"article","og_title":"Edicole: presidi civici - Noi di Qua Testata giornalistica e di attualit\u00e0 di Agliana, Montale e Quarrata.","og_description":"di Giacomo Bini settembre 2021 Ci capita spesso, nella nostra rivista, di valorizzare il piccolo commercio, l\u2019artigianato autentico, le associazioni di volontariato, tutte le organizzazioni che favoriscono il rapporto tra le persone, l\u2019incontro e il dialogo. Di questa rete di presidi della vita di relazione fanno parte [&hellip;]","og_url":"https:\/\/www.noidiqua.it\/Agliana\/edicole-presidi-civici\/","og_site_name":"Noi di Qua Testata giornalistica e di attualit\u00e0 di Agliana, Montale e Quarrata.","article_publisher":"https:\/\/www.facebook.com\/noidiqua.trimestrale\/","article_published_time":"2021-09-05T14:48:36+00:00","article_modified_time":"2021-10-19T07:41:59+00:00","og_image":[{"url":"https:\/\/www.noidiqua.it\/Agliana\/wp-content\/uploads\/2021\/10\/appunti.png","type":"","width":"","height":""}],"author":"Giacomo Bini","twitter_misc":{"Scritto da":"Giacomo Bini","Tempo di lettura stimato":"3 minuti"},"schema":{"@context":"https:\/\/schema.org","@graph":[{"@type":"WebPage","@id":"https:\/\/www.noidiqua.it\/Agliana\/edicole-presidi-civici\/","url":"https:\/\/www.noidiqua.it\/Agliana\/edicole-presidi-civici\/","name":"Edicole: presidi civici - Noi di Qua Testata giornalistica e di attualit\u00e0 di Agliana, Montale e Quarrata.","isPartOf":{"@id":"https:\/\/www.noidiqua.it\/Agliana\/#website"},"primaryImageOfPage":{"@id":"https:\/\/www.noidiqua.it\/Agliana\/edicole-presidi-civici\/#primaryimage"},"image":{"@id":"https:\/\/www.noidiqua.it\/Agliana\/edicole-presidi-civici\/#primaryimage"},"thumbnailUrl":"https:\/\/www.noidiqua.it\/Agliana\/wp-content\/uploads\/2021\/10\/appunti.png","datePublished":"2021-09-05T14:48:36+00:00","dateModified":"2021-10-19T07:41:59+00:00","author":{"@id":"https:\/\/www.noidiqua.it\/Agliana\/#\/schema\/person\/e2e6f44da50af0dae9c90ad168e471a4"},"breadcrumb":{"@id":"https:\/\/www.noidiqua.it\/Agliana\/edicole-presidi-civici\/#breadcrumb"},"inLanguage":"it-IT","potentialAction":[{"@type":"ReadAction","target":["https:\/\/www.noidiqua.it\/Agliana\/edicole-presidi-civici\/"]}]},{"@type":"ImageObject","inLanguage":"it-IT","@id":"https:\/\/www.noidiqua.it\/Agliana\/edicole-presidi-civici\/#primaryimage","url":"https:\/\/www.noidiqua.it\/Agliana\/wp-content\/uploads\/2021\/10\/appunti.png","contentUrl":"https:\/\/www.noidiqua.it\/Agliana\/wp-content\/uploads\/2021\/10\/appunti.png","width":492,"height":321},{"@type":"BreadcrumbList","@id":"https:\/\/www.noidiqua.it\/Agliana\/edicole-presidi-civici\/#breadcrumb","itemListElement":[{"@type":"ListItem","position":1,"name":"Home","item":"https:\/\/www.noidiqua.it\/Agliana\/"},{"@type":"ListItem","position":2,"name":"Edicole: presidi civici"}]},{"@type":"WebSite","@id":"https:\/\/www.noidiqua.it\/Agliana\/#website","url":"https:\/\/www.noidiqua.it\/Agliana\/","name":"Noi di Qua Testata giornalistica e di attualit\u00e0 di Agliana, Montale e Quarrata.","description":"Testata Giornalistica Quarrata Montale Agliana","potentialAction":[{"@type":"SearchAction","target":{"@type":"EntryPoint","urlTemplate":"https:\/\/www.noidiqua.it\/Agliana\/?s={search_term_string}"},"query-input":{"@type":"PropertyValueSpecification","valueRequired":true,"valueName":"search_term_string"}}],"inLanguage":"it-IT"},{"@type":"Person","@id":"https:\/\/www.noidiqua.it\/Agliana\/#\/schema\/person\/e2e6f44da50af0dae9c90ad168e471a4","name":"Giacomo Bini","image":{"@type":"ImageObject","inLanguage":"it-IT","@id":"https:\/\/www.noidiqua.it\/Agliana\/#\/schema\/person\/image\/","url":"https:\/\/secure.gravatar.com\/avatar\/e5c18ae41df5ae37397358f2c6046696187d51a120c5d0b8f0c49f7b606f46f4?s=96&d=mm&r=g","contentUrl":"https:\/\/secure.gravatar.com\/avatar\/e5c18ae41df5ae37397358f2c6046696187d51a120c5d0b8f0c49f7b606f46f4?s=96&d=mm&r=g","caption":"Giacomo Bini"},"url":"https:\/\/www.noidiqua.it\/Agliana\/author\/giacomo-bini\/"}]}},"_links":{"self":[{"href":"https:\/\/www.noidiqua.it\/Agliana\/wp-json\/wp\/v2\/posts\/6216","targetHints":{"allow":["GET"]}}],"collection":[{"href":"https:\/\/www.noidiqua.it\/Agliana\/wp-json\/wp\/v2\/posts"}],"about":[{"href":"https:\/\/www.noidiqua.it\/Agliana\/wp-json\/wp\/v2\/types\/post"}],"author":[{"embeddable":true,"href":"https:\/\/www.noidiqua.it\/Agliana\/wp-json\/wp\/v2\/users\/12"}],"replies":[{"embeddable":true,"href":"https:\/\/www.noidiqua.it\/Agliana\/wp-json\/wp\/v2\/comments?post=6216"}],"version-history":[{"count":1,"href":"https:\/\/www.noidiqua.it\/Agliana\/wp-json\/wp\/v2\/posts\/6216\/revisions"}],"predecessor-version":[{"id":6218,"href":"https:\/\/www.noidiqua.it\/Agliana\/wp-json\/wp\/v2\/posts\/6216\/revisions\/6218"}],"wp:attachment":[{"href":"https:\/\/www.noidiqua.it\/Agliana\/wp-json\/wp\/v2\/media?parent=6216"}],"wp:term":[{"taxonomy":"category","embeddable":true,"href":"https:\/\/www.noidiqua.it\/Agliana\/wp-json\/wp\/v2\/categories?post=6216"},{"taxonomy":"post_tag","embeddable":true,"href":"https:\/\/www.noidiqua.it\/Agliana\/wp-json\/wp\/v2\/tags?post=6216"}],"curies":[{"name":"wp","href":"https:\/\/api.w.org\/{rel}","templated":true}]}}