{"id":6226,"date":"2021-09-05T17:50:58","date_gmt":"2021-09-05T15:50:58","guid":{"rendered":"https:\/\/www.noidiqua.it\/Agliana\/?p=6226"},"modified":"2021-10-19T09:41:07","modified_gmt":"2021-10-19T07:41:07","slug":"la-bottega-della-pasta-fresca-30-anni-di-attivita","status":"publish","type":"post","link":"https:\/\/www.noidiqua.it\/Agliana\/la-bottega-della-pasta-fresca-30-anni-di-attivita\/","title":{"rendered":"La Bottega della Pasta Fresca &#8211; 30 anni di attivit\u00e0"},"content":{"rendered":"<p><em>di Marco Bagnoli<\/em><\/p>\n<p><em>settembre 2021<\/em><\/p>\n<p><a href=\"https:\/\/www.noidiqua.it\/Agliana\/wp-content\/uploads\/2021\/10\/bottega-1.png\" rel=\"wp-prettyPhoto[6226]\"><img loading=\"lazy\" decoding=\"async\" class=\"aligncenter size-full wp-image-6227\" src=\"https:\/\/www.noidiqua.it\/Agliana\/wp-content\/uploads\/2021\/10\/bottega-1.png\" alt=\"\" width=\"486\" height=\"343\" srcset=\"https:\/\/www.noidiqua.it\/Agliana\/wp-content\/uploads\/2021\/10\/bottega-1.png 486w, https:\/\/www.noidiqua.it\/Agliana\/wp-content\/uploads\/2021\/10\/bottega-1-300x212.png 300w\" sizes=\"auto, (max-width: 486px) 100vw, 486px\" \/><\/a><\/p>\n<p class=\"p1\"><span class=\"s1\">\u201c<strong>La Bottega della Pasta Fresca<\/strong>\u201d di Nicla e Antonio festeggia i trent\u2019anni di attivit\u00e0: congratulazioni! Doveva essere infatti all\u2019incirca il &#8217;90 o il &#8217;91 quando <strong>Nicla Magni<\/strong> dette inizio alle operazioni nei locali della macelleria del fratello Magnino, in via 24 settembre. Per il primo anno lavor\u00f2 da sola, mentre <strong>Antonio Di Dio<\/strong> era ancora impegnato coi telai, ma intorno al 1993 anche Antonio decise di mettersi alla prova, con tutta la sua buona volont\u00e0. <\/span><\/p>\n<p class=\"p1\"><span class=\"s1\">Fin dall\u2019inizio, e cos\u00ec ancora oggi, i due hanno sempre lavorato al dettaglio, nel senso che non hanno mai battuto pi\u00f9 di tanto la carta del servizio all\u2019ingrosso. In verit\u00e0, poi, quella della pasta fresca si \u00e8 su su rivelata un\u2019attivit\u00e0 sempre pi\u00f9 marginale, dal momento che la clientela chiedeva loro non tanto la pasta fresca, ma proprio qualcosa di pronto da portare a casa; ecco che allora hanno fatto il loro ingresso le lasagne e i polli. E da subito tutto \u00e8 sempre stato <strong>prodotto internamente<\/strong>, lavorando le carni direttamente a partire dalla materia prima, sia per gli arrosti che per i sughi e i ripieni. Nel 1996, o doveva essere il &#8217;97, ecco che Nicla e Antonio si trasferiscono in via Alessandrini. La clientela seguit\u00f2 come al solito ad accorrere fluida, dal vicinato, ma anche dalla Ferruccia, e da Prato e Pistoia. <\/span><\/p>\n<p class=\"p1\"><span class=\"s1\">Il trucco sta proprio nella cucina tipicamente <strong>casalinga<\/strong> \u2013 nel senso che anche loro a casa mangiano le stesse cose, mica si mettono a cucinare la sera. Certo che in questi trent\u2019anni ne hanno vista di pasta e di polli \u2013 e proprio questi li conoscono bene, anzi, sono loro che conoscono bene Nicla e Antonio! Per loro il rapporto col cliente \u00e8 diventato qualcosa di pi\u00f9 della stessa fiducia, \u00e8 come rivolgersi a qualcuno di famiglia.<\/span><\/p>\n<p><a href=\"https:\/\/www.noidiqua.it\/Agliana\/wp-content\/uploads\/2021\/10\/bottega-2.png\" rel=\"wp-prettyPhoto[6226]\"><img loading=\"lazy\" decoding=\"async\" class=\"aligncenter size-full wp-image-6228\" src=\"https:\/\/www.noidiqua.it\/Agliana\/wp-content\/uploads\/2021\/10\/bottega-2.png\" alt=\"\" width=\"480\" height=\"340\" srcset=\"https:\/\/www.noidiqua.it\/Agliana\/wp-content\/uploads\/2021\/10\/bottega-2.png 480w, https:\/\/www.noidiqua.it\/Agliana\/wp-content\/uploads\/2021\/10\/bottega-2-300x213.png 300w\" sizes=\"auto, (max-width: 480px) 100vw, 480px\" \/><\/a><\/p>\n<p class=\"p1\"><span class=\"s1\">Negli ultimi dieci anni ci sono state un po&#8217; di altalene, con la flessione nel lavoro, poi qualche ripresa, in particolare il cambio dell\u2019euro all\u2019epoca si \u00e8 rivelato poco opportuno. E poi c\u2019\u00e8 stato il Covid: durante il primo <strong>lockdown<\/strong> Nicla e Antonio sono rimasti chiusi, tanto tutti dovevano starsene in casa; nella seconda fase invece hanno svolto quel servizio portato avanti dai ristoranti, che per\u00f2 erano chiusi. Ecco, questo \u00e8 un concetto molto caro a loro due, il servizio: nel senso che un giorno, fra cento anni, i clienti rimpiangeranno come Nicla e Antonio li mettevano a tavola, come andare a tavola con qualcuno di <strong>famiglia<\/strong>. <\/span><\/p>\n<p class=\"p1\"><span class=\"s1\">E poi si ricordano indietro nel tempo, quando Agliana era piena di tessile, e la gente passava tutta la settimana per prendere da mangiare; coll\u2019andar del tempo questo \u00e8 un po\u2019 cambiato, adesso la gente si fa viva magari nel fine settimana, per il gusto di mangiare quello che le piace \u2013 e hai detto niente! Certo, come lavoro \u00e8 un lavoro duro, spesso cominci alle cinque di mattina e vai avanti fino a sera \u2013 e poi ci sono i sabati e le domeniche, e le feste comandate. Le figlie di Nicla e Antonio, Carolina e Camilla, nella vita fanno tutt\u2019altro, ma qui si entra nel capitolo delle scelte dei figli, quindi \u00e8 inutile discutere. E allora? Allora ci si mette a tavola, tutti insieme. Abbiamo lasagne, cannoli, ravioli, gnocchi di patate, e poi il girarrosto, i polli, gli spiedini di mare, i contorni \u2013 anche il pane e la schiacciata, li fanno sempre loro\u2026<\/span><\/p>","protected":false},"excerpt":{"rendered":"<p>di Marco Bagnoli settembre 2021 \u201cLa Bottega della Pasta Fresca\u201d di Nicla e Antonio festeggia i trent\u2019anni di attivit\u00e0: congratulazioni! Doveva essere infatti all\u2019incirca il &#8217;90 o il &#8217;91 quando Nicla Magni dette inizio alle operazioni nei locali della macelleria del fratello Magnino, in via 24 settembre. [&hellip;]<\/p>","protected":false},"author":3,"featured_media":0,"comment_status":"open","ping_status":"open","sticky":false,"template":"","format":"standard","meta":{"footnotes":""},"categories":[2,1029],"tags":[2668,2670,2671,2666,2192,2667,2669,2219],"class_list":["post-6226","post","type-post","status-publish","format-standard","hentry","category-ag","category-una-bella-impresa","tag-antonio-di-dio","tag-casalinga","tag-famiglia","tag-la-bottega-della-pasta-fresca","tag-lockdown","tag-nicla-magni","tag-prodotto-internamente","tag-una-bella-impresa"],"yoast_head":"<!-- This site is optimized with the Yoast SEO plugin v25.5 - https:\/\/yoast.com\/wordpress\/plugins\/seo\/ -->\n<title>La Bottega della Pasta Fresca - 30 anni di attivit\u00e0 - Noi di Qua Testata giornalistica e di attualit\u00e0 di Agliana, Montale e Quarrata.<\/title>\n<meta name=\"robots\" content=\"index, follow, max-snippet:-1, max-image-preview:large, max-video-preview:-1\" \/>\n<link rel=\"canonical\" href=\"https:\/\/www.noidiqua.it\/Agliana\/la-bottega-della-pasta-fresca-30-anni-di-attivita\/\" \/>\n<meta property=\"og:locale\" content=\"it_IT\" \/>\n<meta property=\"og:type\" content=\"article\" \/>\n<meta property=\"og:title\" content=\"La Bottega della Pasta Fresca - 30 anni di attivit\u00e0 - Noi di Qua Testata giornalistica e di attualit\u00e0 di Agliana, Montale e Quarrata.\" \/>\n<meta property=\"og:description\" content=\"di Marco Bagnoli settembre 2021 \u201cLa Bottega della Pasta Fresca\u201d di Nicla e Antonio festeggia i trent\u2019anni di attivit\u00e0: congratulazioni! Doveva essere infatti all\u2019incirca il &#8217;90 o il &#8217;91 quando Nicla Magni dette inizio alle operazioni nei locali della macelleria del fratello Magnino, in via 24 settembre. [&hellip;]\" \/>\n<meta property=\"og:url\" content=\"https:\/\/www.noidiqua.it\/Agliana\/la-bottega-della-pasta-fresca-30-anni-di-attivita\/\" \/>\n<meta property=\"og:site_name\" content=\"Noi di Qua Testata giornalistica e di attualit\u00e0 di Agliana, Montale e Quarrata.\" \/>\n<meta property=\"article:publisher\" content=\"https:\/\/www.facebook.com\/noidiqua.trimestrale\/\" \/>\n<meta property=\"article:published_time\" content=\"2021-09-05T15:50:58+00:00\" \/>\n<meta property=\"article:modified_time\" content=\"2021-10-19T07:41:07+00:00\" \/>\n<meta property=\"og:image\" content=\"https:\/\/www.noidiqua.it\/Agliana\/wp-content\/uploads\/2021\/10\/bottega-1.png\" \/>\n<meta name=\"author\" content=\"Marco Bagnoli\" \/>\n<meta name=\"twitter:label1\" content=\"Scritto da\" \/>\n\t<meta name=\"twitter:data1\" content=\"Marco Bagnoli\" \/>\n\t<meta name=\"twitter:label2\" content=\"Tempo di lettura stimato\" \/>\n\t<meta name=\"twitter:data2\" content=\"3 minuti\" \/>\n<script type=\"application\/ld+json\" class=\"yoast-schema-graph\">{\"@context\":\"https:\/\/schema.org\",\"@graph\":[{\"@type\":\"WebPage\",\"@id\":\"https:\/\/www.noidiqua.it\/Agliana\/la-bottega-della-pasta-fresca-30-anni-di-attivita\/\",\"url\":\"https:\/\/www.noidiqua.it\/Agliana\/la-bottega-della-pasta-fresca-30-anni-di-attivita\/\",\"name\":\"La Bottega della Pasta Fresca - 30 anni di attivit\u00e0 - Noi di Qua Testata giornalistica e di attualit\u00e0 di Agliana, Montale e Quarrata.\",\"isPartOf\":{\"@id\":\"https:\/\/www.noidiqua.it\/Agliana\/#website\"},\"primaryImageOfPage\":{\"@id\":\"https:\/\/www.noidiqua.it\/Agliana\/la-bottega-della-pasta-fresca-30-anni-di-attivita\/#primaryimage\"},\"image\":{\"@id\":\"https:\/\/www.noidiqua.it\/Agliana\/la-bottega-della-pasta-fresca-30-anni-di-attivita\/#primaryimage\"},\"thumbnailUrl\":\"https:\/\/www.noidiqua.it\/Agliana\/wp-content\/uploads\/2021\/10\/bottega-1.png\",\"datePublished\":\"2021-09-05T15:50:58+00:00\",\"dateModified\":\"2021-10-19T07:41:07+00:00\",\"author\":{\"@id\":\"https:\/\/www.noidiqua.it\/Agliana\/#\/schema\/person\/4e183cb0c6d7951e716a876aa702e1a2\"},\"breadcrumb\":{\"@id\":\"https:\/\/www.noidiqua.it\/Agliana\/la-bottega-della-pasta-fresca-30-anni-di-attivita\/#breadcrumb\"},\"inLanguage\":\"it-IT\",\"potentialAction\":[{\"@type\":\"ReadAction\",\"target\":[\"https:\/\/www.noidiqua.it\/Agliana\/la-bottega-della-pasta-fresca-30-anni-di-attivita\/\"]}]},{\"@type\":\"ImageObject\",\"inLanguage\":\"it-IT\",\"@id\":\"https:\/\/www.noidiqua.it\/Agliana\/la-bottega-della-pasta-fresca-30-anni-di-attivita\/#primaryimage\",\"url\":\"https:\/\/www.noidiqua.it\/Agliana\/wp-content\/uploads\/2021\/10\/bottega-1.png\",\"contentUrl\":\"https:\/\/www.noidiqua.it\/Agliana\/wp-content\/uploads\/2021\/10\/bottega-1.png\",\"width\":486,\"height\":343},{\"@type\":\"BreadcrumbList\",\"@id\":\"https:\/\/www.noidiqua.it\/Agliana\/la-bottega-della-pasta-fresca-30-anni-di-attivita\/#breadcrumb\",\"itemListElement\":[{\"@type\":\"ListItem\",\"position\":1,\"name\":\"Home\",\"item\":\"https:\/\/www.noidiqua.it\/Agliana\/\"},{\"@type\":\"ListItem\",\"position\":2,\"name\":\"La Bottega della Pasta Fresca &#8211; 30 anni di attivit\u00e0\"}]},{\"@type\":\"WebSite\",\"@id\":\"https:\/\/www.noidiqua.it\/Agliana\/#website\",\"url\":\"https:\/\/www.noidiqua.it\/Agliana\/\",\"name\":\"Noi di Qua Testata giornalistica e di attualit\u00e0 di Agliana, Montale e Quarrata.\",\"description\":\"Testata Giornalistica Quarrata Montale Agliana\",\"potentialAction\":[{\"@type\":\"SearchAction\",\"target\":{\"@type\":\"EntryPoint\",\"urlTemplate\":\"https:\/\/www.noidiqua.it\/Agliana\/?s={search_term_string}\"},\"query-input\":{\"@type\":\"PropertyValueSpecification\",\"valueRequired\":true,\"valueName\":\"search_term_string\"}}],\"inLanguage\":\"it-IT\"},{\"@type\":\"Person\",\"@id\":\"https:\/\/www.noidiqua.it\/Agliana\/#\/schema\/person\/4e183cb0c6d7951e716a876aa702e1a2\",\"name\":\"Marco Bagnoli\",\"image\":{\"@type\":\"ImageObject\",\"inLanguage\":\"it-IT\",\"@id\":\"https:\/\/www.noidiqua.it\/Agliana\/#\/schema\/person\/image\/\",\"url\":\"https:\/\/secure.gravatar.com\/avatar\/73ace53724c50db9c48af54756f17b7cdb015a9d8d2c08c7e04e480539a94eee?s=96&d=mm&r=g\",\"contentUrl\":\"https:\/\/secure.gravatar.com\/avatar\/73ace53724c50db9c48af54756f17b7cdb015a9d8d2c08c7e04e480539a94eee?s=96&d=mm&r=g\",\"caption\":\"Marco Bagnoli\"},\"url\":\"https:\/\/www.noidiqua.it\/Agliana\/author\/marco-bagnoli\/\"}]}<\/script>\n<!-- \/ Yoast SEO plugin. -->","yoast_head_json":{"title":"La Bottega della Pasta Fresca - 30 anni di attivit\u00e0 - Noi di Qua Testata giornalistica e di attualit\u00e0 di Agliana, Montale e Quarrata.","robots":{"index":"index","follow":"follow","max-snippet":"max-snippet:-1","max-image-preview":"max-image-preview:large","max-video-preview":"max-video-preview:-1"},"canonical":"https:\/\/www.noidiqua.it\/Agliana\/la-bottega-della-pasta-fresca-30-anni-di-attivita\/","og_locale":"it_IT","og_type":"article","og_title":"La Bottega della Pasta Fresca - 30 anni di attivit\u00e0 - Noi di Qua Testata giornalistica e di attualit\u00e0 di Agliana, Montale e Quarrata.","og_description":"di Marco Bagnoli settembre 2021 \u201cLa Bottega della Pasta Fresca\u201d di Nicla e Antonio festeggia i trent\u2019anni di attivit\u00e0: congratulazioni! Doveva essere infatti all\u2019incirca il &#8217;90 o il &#8217;91 quando Nicla Magni dette inizio alle operazioni nei locali della macelleria del fratello Magnino, in via 24 settembre. [&hellip;]","og_url":"https:\/\/www.noidiqua.it\/Agliana\/la-bottega-della-pasta-fresca-30-anni-di-attivita\/","og_site_name":"Noi di Qua Testata giornalistica e di attualit\u00e0 di Agliana, Montale e Quarrata.","article_publisher":"https:\/\/www.facebook.com\/noidiqua.trimestrale\/","article_published_time":"2021-09-05T15:50:58+00:00","article_modified_time":"2021-10-19T07:41:07+00:00","og_image":[{"url":"https:\/\/www.noidiqua.it\/Agliana\/wp-content\/uploads\/2021\/10\/bottega-1.png","type":"","width":"","height":""}],"author":"Marco Bagnoli","twitter_misc":{"Scritto da":"Marco Bagnoli","Tempo di lettura stimato":"3 minuti"},"schema":{"@context":"https:\/\/schema.org","@graph":[{"@type":"WebPage","@id":"https:\/\/www.noidiqua.it\/Agliana\/la-bottega-della-pasta-fresca-30-anni-di-attivita\/","url":"https:\/\/www.noidiqua.it\/Agliana\/la-bottega-della-pasta-fresca-30-anni-di-attivita\/","name":"La Bottega della Pasta Fresca - 30 anni di attivit\u00e0 - Noi di Qua Testata giornalistica e di attualit\u00e0 di Agliana, Montale e Quarrata.","isPartOf":{"@id":"https:\/\/www.noidiqua.it\/Agliana\/#website"},"primaryImageOfPage":{"@id":"https:\/\/www.noidiqua.it\/Agliana\/la-bottega-della-pasta-fresca-30-anni-di-attivita\/#primaryimage"},"image":{"@id":"https:\/\/www.noidiqua.it\/Agliana\/la-bottega-della-pasta-fresca-30-anni-di-attivita\/#primaryimage"},"thumbnailUrl":"https:\/\/www.noidiqua.it\/Agliana\/wp-content\/uploads\/2021\/10\/bottega-1.png","datePublished":"2021-09-05T15:50:58+00:00","dateModified":"2021-10-19T07:41:07+00:00","author":{"@id":"https:\/\/www.noidiqua.it\/Agliana\/#\/schema\/person\/4e183cb0c6d7951e716a876aa702e1a2"},"breadcrumb":{"@id":"https:\/\/www.noidiqua.it\/Agliana\/la-bottega-della-pasta-fresca-30-anni-di-attivita\/#breadcrumb"},"inLanguage":"it-IT","potentialAction":[{"@type":"ReadAction","target":["https:\/\/www.noidiqua.it\/Agliana\/la-bottega-della-pasta-fresca-30-anni-di-attivita\/"]}]},{"@type":"ImageObject","inLanguage":"it-IT","@id":"https:\/\/www.noidiqua.it\/Agliana\/la-bottega-della-pasta-fresca-30-anni-di-attivita\/#primaryimage","url":"https:\/\/www.noidiqua.it\/Agliana\/wp-content\/uploads\/2021\/10\/bottega-1.png","contentUrl":"https:\/\/www.noidiqua.it\/Agliana\/wp-content\/uploads\/2021\/10\/bottega-1.png","width":486,"height":343},{"@type":"BreadcrumbList","@id":"https:\/\/www.noidiqua.it\/Agliana\/la-bottega-della-pasta-fresca-30-anni-di-attivita\/#breadcrumb","itemListElement":[{"@type":"ListItem","position":1,"name":"Home","item":"https:\/\/www.noidiqua.it\/Agliana\/"},{"@type":"ListItem","position":2,"name":"La Bottega della Pasta Fresca &#8211; 30 anni di attivit\u00e0"}]},{"@type":"WebSite","@id":"https:\/\/www.noidiqua.it\/Agliana\/#website","url":"https:\/\/www.noidiqua.it\/Agliana\/","name":"Noi di Qua Testata giornalistica e di attualit\u00e0 di Agliana, Montale e Quarrata.","description":"Testata Giornalistica Quarrata Montale Agliana","potentialAction":[{"@type":"SearchAction","target":{"@type":"EntryPoint","urlTemplate":"https:\/\/www.noidiqua.it\/Agliana\/?s={search_term_string}"},"query-input":{"@type":"PropertyValueSpecification","valueRequired":true,"valueName":"search_term_string"}}],"inLanguage":"it-IT"},{"@type":"Person","@id":"https:\/\/www.noidiqua.it\/Agliana\/#\/schema\/person\/4e183cb0c6d7951e716a876aa702e1a2","name":"Marco Bagnoli","image":{"@type":"ImageObject","inLanguage":"it-IT","@id":"https:\/\/www.noidiqua.it\/Agliana\/#\/schema\/person\/image\/","url":"https:\/\/secure.gravatar.com\/avatar\/73ace53724c50db9c48af54756f17b7cdb015a9d8d2c08c7e04e480539a94eee?s=96&d=mm&r=g","contentUrl":"https:\/\/secure.gravatar.com\/avatar\/73ace53724c50db9c48af54756f17b7cdb015a9d8d2c08c7e04e480539a94eee?s=96&d=mm&r=g","caption":"Marco Bagnoli"},"url":"https:\/\/www.noidiqua.it\/Agliana\/author\/marco-bagnoli\/"}]}},"_links":{"self":[{"href":"https:\/\/www.noidiqua.it\/Agliana\/wp-json\/wp\/v2\/posts\/6226","targetHints":{"allow":["GET"]}}],"collection":[{"href":"https:\/\/www.noidiqua.it\/Agliana\/wp-json\/wp\/v2\/posts"}],"about":[{"href":"https:\/\/www.noidiqua.it\/Agliana\/wp-json\/wp\/v2\/types\/post"}],"author":[{"embeddable":true,"href":"https:\/\/www.noidiqua.it\/Agliana\/wp-json\/wp\/v2\/users\/3"}],"replies":[{"embeddable":true,"href":"https:\/\/www.noidiqua.it\/Agliana\/wp-json\/wp\/v2\/comments?post=6226"}],"version-history":[{"count":1,"href":"https:\/\/www.noidiqua.it\/Agliana\/wp-json\/wp\/v2\/posts\/6226\/revisions"}],"predecessor-version":[{"id":6229,"href":"https:\/\/www.noidiqua.it\/Agliana\/wp-json\/wp\/v2\/posts\/6226\/revisions\/6229"}],"wp:attachment":[{"href":"https:\/\/www.noidiqua.it\/Agliana\/wp-json\/wp\/v2\/media?parent=6226"}],"wp:term":[{"taxonomy":"category","embeddable":true,"href":"https:\/\/www.noidiqua.it\/Agliana\/wp-json\/wp\/v2\/categories?post=6226"},{"taxonomy":"post_tag","embeddable":true,"href":"https:\/\/www.noidiqua.it\/Agliana\/wp-json\/wp\/v2\/tags?post=6226"}],"curies":[{"name":"wp","href":"https:\/\/api.w.org\/{rel}","templated":true}]}}