{"id":6230,"date":"2021-09-05T09:17:50","date_gmt":"2021-09-05T07:17:50","guid":{"rendered":"https:\/\/www.noidiqua.it\/Agliana\/?p=6230"},"modified":"2021-12-10T09:36:00","modified_gmt":"2021-12-10T08:36:00","slug":"effemarket-la-foliana-una-storia-aglianese-dal-1946","status":"publish","type":"post","link":"https:\/\/www.noidiqua.it\/Agliana\/effemarket-la-foliana-una-storia-aglianese-dal-1946\/","title":{"rendered":"Effemarket \u201cla Foliana\u201d &#8211; una storia aglianese dal 1946"},"content":{"rendered":"<p><em>di Piera Salvi. Foto: <a href=\"http:\/\/www.bellinigabriele.it\">Gabriele Bellini<\/a><\/em><\/p>\n<p><em>settembre 2021<\/em><\/p>\n<p><a href=\"https:\/\/www.noidiqua.it\/Agliana\/wp-content\/uploads\/2021\/10\/foliana-1.png\" rel=\"wp-prettyPhoto[6230]\"><img loading=\"lazy\" decoding=\"async\" class=\"aligncenter wp-image-6231\" src=\"https:\/\/www.noidiqua.it\/Agliana\/wp-content\/uploads\/2021\/10\/foliana-1.png\" alt=\"\" width=\"433\" height=\"341\" \/><\/a><\/p>\n<p class=\"p1\"><span class=\"s1\">Una storia iniziata nel dopoguerra, servizi e staff rinnovati col passare degli anni e un obiettivo costante: offrire servizi di prossimit\u00e0 e di qualit\u00e0 alla popolazione. <\/span><\/p>\n<p class=\"p1\"><span class=\"s1\">La storia cominci\u00f2 nel 1946 quando i coniugi <strong>Romeo Giusti<\/strong> e <strong>Foliana Lombardi<\/strong> aprirono una <strong>bottega<\/strong> di ortofrutta a San Niccol\u00f2, su via Magni all\u2019angolo con via San Niccolao. Nei primi anni Cinquanta il primo rinnovamento: la bottega si spost\u00f2 su via San Niccolao aggiungendo alla vendita di <strong>ortofrutta<\/strong> anche i generi alimentari e nel 1959 la coppia di commercianti apr\u00ec anche un bar e fu una sorta di preludio di un piccolo centro commerciale. Il bar venne chiuso negli anni Ottanta, ma l\u2019anno 1976 aveva segnato l\u2019apertura di un vero supermercato, \u201c<strong>Effemarket<\/strong>\u201d, in locali pi\u00f9 ampi, con ingresso su via Colzi. All\u2019attivit\u00e0 commerciale di famiglia hanno collaborato fino dall\u2019adolescenza i figli di Romeo e Foliana:<strong> Silvano<\/strong>, Rodolfo e Fabrizio (quest\u2019ultimo fino agli anni Novanta, mentre Silvano \u00e8 rimasto fino al 2017). Dal 2001 al 2008 il supermercato \u00e8 stato portato avanti da Silvano Giusti con tre soci. Successivamente, fino al 2017, Silvano Giusti \u00e8 stato affiancato dai soci Tiziano Fondi e Angelo De Carlo.<\/span><\/p>\n<p><a href=\"https:\/\/www.noidiqua.it\/Agliana\/wp-content\/uploads\/2021\/10\/foliana-3.png\" rel=\"wp-prettyPhoto[6230]\"><img loading=\"lazy\" decoding=\"async\" class=\"aligncenter wp-image-6232\" src=\"https:\/\/www.noidiqua.it\/Agliana\/wp-content\/uploads\/2021\/10\/foliana-3.png\" alt=\"\" width=\"403\" height=\"306\" \/><\/a><\/p>\n<p class=\"p1\"><span class=\"s1\">Dopo quasi settant\u2019anni di lavoro, <strong>Silvano Giusti<\/strong> ha ceduto le sue quote e dal 2017 la societ\u00e0 \u00e8 composta da Tiziano Fondi, Angelo De Carlo, Cinzia Andreini e Alessandro Fondi (figlio di Tiziano e Cinzia). Inalterata la filosofia dello storico esercizio commerciale: essere prima di tutto un punto di riferimento nel cuore di Agliana e il desiderio di portare avanti una storia che da sempre \u00e8 nel cuore di tanti aglianesi e non solo. Come tutti ormai sanno, dal 2008 il supermercato \u201cEffemarket\u201d \u00e8 un \u201c<strong>Conad City<\/strong>\u201d, dove si possono trovare i prodotti e le promozioni legati a questa catena, ma per i clienti storici e affezionati quel luogo continua a essere \u201c<strong>la Foliana<\/strong>\u201d, come lo \u00e8 stato per i tanti anni in cui Foliana Lombardi accoglieva con il sorriso, gentilezza e professionalit\u00e0 chi si recava a fare la spesa. Questa \u00e8 la dimostrazione che il cambio di staff avvenuto nel tempo ha mantenuto inalterata l\u2019accoglienza e il servizio ai clienti. Con la pandemia, da marzo 2020 \u201cConad City\u201d fa anche consegne a domicilio tramite prenotazioni telefoniche o via Whatsapp, due volte alla settimana (mercoled\u00ec e venerd\u00ec, salvo richieste in altri giorni) un servizio di cui usufruiscono soprattutto le persone anziane e pi\u00f9 distanti dal punto vendita, molte infatti le richieste dagli abitanti della Ferruccia.<\/span><\/p>\n<p><a href=\"https:\/\/www.noidiqua.it\/Agliana\/wp-content\/uploads\/2021\/10\/foliana-2.png\" rel=\"wp-prettyPhoto[6230]\"><img loading=\"lazy\" decoding=\"async\" class=\"aligncenter wp-image-6233\" src=\"https:\/\/www.noidiqua.it\/Agliana\/wp-content\/uploads\/2021\/10\/foliana-2.png\" alt=\"\" width=\"347\" height=\"310\" \/><\/a><\/p>\n<p class=\"p1\"><span class=\"s1\">La diffusione del <strong>Covid-19<\/strong> ha riportato alla necessit\u00e0 di un servizio che veniva svolto negli anni Cinquanta. <i>\u00abIniziai a lavorare nell\u2019attivit\u00e0 di famiglia da ragazzo\u00bb <\/i>racconta Silvano Giusti. <i>\u00abEro adolescente quando facevo consegne a domicilio in bicicletta, alle famiglie e ai ristoranti, soprattutto nelle zone periferiche. Ho dedicato quasi settant\u2019anni a questa attivit\u00e0 commerciale, che mi ha dato tante soddisfazioni, anche se il lavoro nel bar era molto impegnativo. Ho avuto due genitori che mi hanno abituato a lavorare molto, anche la domenica, giorno che ai tempi del bar era dedicato a toast e migliacci. Per\u00f2 ho avuto tante soddisfazioni, anche nei rapporti umani e per il bene che ci hanno voluto le persone\u00bb<\/i>. <\/span><\/p>\n<p class=\"p1\"><span class=\"s1\">E da una quindicina di anni il supermercato \u00e8 tornato anche alle aperture domenicali e si pu\u00f2 fare la spesa pure a Ferragosto. <strong>Tiziano Fondi<\/strong> e <strong>Cinzia Andreini<\/strong> sono entrati come dipendenti del supermercato nel 1986, <strong>Angelo De Carlo<\/strong> nel 2006. <i>\u00abIl nostro obiettivo\u00bb <\/i>dicono Tiziano e Angelo <i>\u00ab\u00e8 dare continuit\u00e0 a questa attivit\u00e0 storica. Abbiamo tanta volont\u00e0 e passione e le persone continuano a dimostrarci fiducia e affetto\u00bb<\/i>.<\/span><\/p>","protected":false},"excerpt":{"rendered":"<p>di Piera Salvi. Foto: Gabriele Bellini settembre 2021 Una storia iniziata nel dopoguerra, servizi e staff rinnovati col passare degli anni e un obiettivo costante: offrire servizi di prossimit\u00e0 e di qualit\u00e0 alla popolazione. La storia cominci\u00f2 nel 1946 quando i coniugi Romeo Giusti e Foliana Lombardi [&hellip;]<\/p>","protected":false},"author":13,"featured_media":0,"comment_status":"open","ping_status":"open","sticky":false,"template":"","format":"standard","meta":{"footnotes":""},"categories":[2,1029],"tags":[2682,2420,2681,2678,2282,2675,2673,2679,2674,2672,2676,2677,2680],"class_list":["post-6230","post","type-post","status-publish","format-standard","hentry","category-ag","category-una-bella-impresa","tag-angelo-de-carlo","tag-bottega","tag-cinzia-andreini","tag-conad-city","tag-covid-19-2","tag-effemarket","tag-foliana-lombardi","tag-la-foliana","tag-ortofrutta","tag-romeo-giusti","tag-silvano","tag-silvano-giusti","tag-tiziano-fondi"],"yoast_head":"<!-- This site is optimized with the Yoast SEO plugin v25.5 - https:\/\/yoast.com\/wordpress\/plugins\/seo\/ -->\n<title>Effemarket \u201cla Foliana\u201d - una storia aglianese dal 1946 - Noi di Qua Testata giornalistica e di attualit\u00e0 di Agliana, Montale e Quarrata.<\/title>\n<meta name=\"robots\" content=\"index, follow, max-snippet:-1, max-image-preview:large, max-video-preview:-1\" \/>\n<link rel=\"canonical\" href=\"https:\/\/www.noidiqua.it\/Agliana\/effemarket-la-foliana-una-storia-aglianese-dal-1946\/\" \/>\n<meta property=\"og:locale\" content=\"it_IT\" \/>\n<meta property=\"og:type\" content=\"article\" \/>\n<meta property=\"og:title\" content=\"Effemarket \u201cla Foliana\u201d - una storia aglianese dal 1946 - Noi di Qua Testata giornalistica e di attualit\u00e0 di Agliana, Montale e Quarrata.\" \/>\n<meta property=\"og:description\" content=\"di Piera Salvi. Foto: Gabriele Bellini settembre 2021 Una storia iniziata nel dopoguerra, servizi e staff rinnovati col passare degli anni e un obiettivo costante: offrire servizi di prossimit\u00e0 e di qualit\u00e0 alla popolazione. La storia cominci\u00f2 nel 1946 quando i coniugi Romeo Giusti e Foliana Lombardi [&hellip;]\" \/>\n<meta property=\"og:url\" content=\"https:\/\/www.noidiqua.it\/Agliana\/effemarket-la-foliana-una-storia-aglianese-dal-1946\/\" \/>\n<meta property=\"og:site_name\" content=\"Noi di Qua Testata giornalistica e di attualit\u00e0 di Agliana, Montale e Quarrata.\" \/>\n<meta property=\"article:publisher\" content=\"https:\/\/www.facebook.com\/noidiqua.trimestrale\/\" \/>\n<meta property=\"article:published_time\" content=\"2021-09-05T07:17:50+00:00\" \/>\n<meta property=\"article:modified_time\" content=\"2021-12-10T08:36:00+00:00\" \/>\n<meta property=\"og:image\" content=\"https:\/\/www.noidiqua.it\/Agliana\/wp-content\/uploads\/2021\/10\/foliana-1.png\" \/>\n<meta name=\"author\" content=\"Piera Salvi\" \/>\n<meta name=\"twitter:label1\" content=\"Scritto da\" \/>\n\t<meta name=\"twitter:data1\" content=\"Piera Salvi\" \/>\n\t<meta name=\"twitter:label2\" content=\"Tempo di lettura stimato\" \/>\n\t<meta name=\"twitter:data2\" content=\"3 minuti\" \/>\n<script type=\"application\/ld+json\" class=\"yoast-schema-graph\">{\"@context\":\"https:\/\/schema.org\",\"@graph\":[{\"@type\":\"WebPage\",\"@id\":\"https:\/\/www.noidiqua.it\/Agliana\/effemarket-la-foliana-una-storia-aglianese-dal-1946\/\",\"url\":\"https:\/\/www.noidiqua.it\/Agliana\/effemarket-la-foliana-una-storia-aglianese-dal-1946\/\",\"name\":\"Effemarket \u201cla Foliana\u201d - una storia aglianese dal 1946 - Noi di Qua Testata giornalistica e di attualit\u00e0 di Agliana, Montale e Quarrata.\",\"isPartOf\":{\"@id\":\"https:\/\/www.noidiqua.it\/Agliana\/#website\"},\"primaryImageOfPage\":{\"@id\":\"https:\/\/www.noidiqua.it\/Agliana\/effemarket-la-foliana-una-storia-aglianese-dal-1946\/#primaryimage\"},\"image\":{\"@id\":\"https:\/\/www.noidiqua.it\/Agliana\/effemarket-la-foliana-una-storia-aglianese-dal-1946\/#primaryimage\"},\"thumbnailUrl\":\"https:\/\/www.noidiqua.it\/Agliana\/wp-content\/uploads\/2021\/10\/foliana-1.png\",\"datePublished\":\"2021-09-05T07:17:50+00:00\",\"dateModified\":\"2021-12-10T08:36:00+00:00\",\"author\":{\"@id\":\"https:\/\/www.noidiqua.it\/Agliana\/#\/schema\/person\/bb7515c2330bb1137f247276096fa7dc\"},\"breadcrumb\":{\"@id\":\"https:\/\/www.noidiqua.it\/Agliana\/effemarket-la-foliana-una-storia-aglianese-dal-1946\/#breadcrumb\"},\"inLanguage\":\"it-IT\",\"potentialAction\":[{\"@type\":\"ReadAction\",\"target\":[\"https:\/\/www.noidiqua.it\/Agliana\/effemarket-la-foliana-una-storia-aglianese-dal-1946\/\"]}]},{\"@type\":\"ImageObject\",\"inLanguage\":\"it-IT\",\"@id\":\"https:\/\/www.noidiqua.it\/Agliana\/effemarket-la-foliana-una-storia-aglianese-dal-1946\/#primaryimage\",\"url\":\"https:\/\/www.noidiqua.it\/Agliana\/wp-content\/uploads\/2021\/10\/foliana-1.png\",\"contentUrl\":\"https:\/\/www.noidiqua.it\/Agliana\/wp-content\/uploads\/2021\/10\/foliana-1.png\",\"width\":496,\"height\":398},{\"@type\":\"BreadcrumbList\",\"@id\":\"https:\/\/www.noidiqua.it\/Agliana\/effemarket-la-foliana-una-storia-aglianese-dal-1946\/#breadcrumb\",\"itemListElement\":[{\"@type\":\"ListItem\",\"position\":1,\"name\":\"Home\",\"item\":\"https:\/\/www.noidiqua.it\/Agliana\/\"},{\"@type\":\"ListItem\",\"position\":2,\"name\":\"Effemarket \u201cla Foliana\u201d &#8211; una storia aglianese dal 1946\"}]},{\"@type\":\"WebSite\",\"@id\":\"https:\/\/www.noidiqua.it\/Agliana\/#website\",\"url\":\"https:\/\/www.noidiqua.it\/Agliana\/\",\"name\":\"Noi di Qua Testata giornalistica e di attualit\u00e0 di Agliana, Montale e Quarrata.\",\"description\":\"Testata Giornalistica Quarrata Montale Agliana\",\"potentialAction\":[{\"@type\":\"SearchAction\",\"target\":{\"@type\":\"EntryPoint\",\"urlTemplate\":\"https:\/\/www.noidiqua.it\/Agliana\/?s={search_term_string}\"},\"query-input\":{\"@type\":\"PropertyValueSpecification\",\"valueRequired\":true,\"valueName\":\"search_term_string\"}}],\"inLanguage\":\"it-IT\"},{\"@type\":\"Person\",\"@id\":\"https:\/\/www.noidiqua.it\/Agliana\/#\/schema\/person\/bb7515c2330bb1137f247276096fa7dc\",\"name\":\"Piera Salvi\",\"image\":{\"@type\":\"ImageObject\",\"inLanguage\":\"it-IT\",\"@id\":\"https:\/\/www.noidiqua.it\/Agliana\/#\/schema\/person\/image\/\",\"url\":\"https:\/\/secure.gravatar.com\/avatar\/2f9b1fb6e13f3b3e63bde435d999a73be036e320f7a0f5f32f9ac21859d999cd?s=96&d=mm&r=g\",\"contentUrl\":\"https:\/\/secure.gravatar.com\/avatar\/2f9b1fb6e13f3b3e63bde435d999a73be036e320f7a0f5f32f9ac21859d999cd?s=96&d=mm&r=g\",\"caption\":\"Piera Salvi\"},\"url\":\"https:\/\/www.noidiqua.it\/Agliana\/author\/piera-salvi\/\"}]}<\/script>\n<!-- \/ Yoast SEO plugin. -->","yoast_head_json":{"title":"Effemarket \u201cla Foliana\u201d - una storia aglianese dal 1946 - Noi di Qua Testata giornalistica e di attualit\u00e0 di Agliana, Montale e Quarrata.","robots":{"index":"index","follow":"follow","max-snippet":"max-snippet:-1","max-image-preview":"max-image-preview:large","max-video-preview":"max-video-preview:-1"},"canonical":"https:\/\/www.noidiqua.it\/Agliana\/effemarket-la-foliana-una-storia-aglianese-dal-1946\/","og_locale":"it_IT","og_type":"article","og_title":"Effemarket \u201cla Foliana\u201d - una storia aglianese dal 1946 - Noi di Qua Testata giornalistica e di attualit\u00e0 di Agliana, Montale e Quarrata.","og_description":"di Piera Salvi. Foto: Gabriele Bellini settembre 2021 Una storia iniziata nel dopoguerra, servizi e staff rinnovati col passare degli anni e un obiettivo costante: offrire servizi di prossimit\u00e0 e di qualit\u00e0 alla popolazione. La storia cominci\u00f2 nel 1946 quando i coniugi Romeo Giusti e Foliana Lombardi [&hellip;]","og_url":"https:\/\/www.noidiqua.it\/Agliana\/effemarket-la-foliana-una-storia-aglianese-dal-1946\/","og_site_name":"Noi di Qua Testata giornalistica e di attualit\u00e0 di Agliana, Montale e Quarrata.","article_publisher":"https:\/\/www.facebook.com\/noidiqua.trimestrale\/","article_published_time":"2021-09-05T07:17:50+00:00","article_modified_time":"2021-12-10T08:36:00+00:00","og_image":[{"url":"https:\/\/www.noidiqua.it\/Agliana\/wp-content\/uploads\/2021\/10\/foliana-1.png","type":"","width":"","height":""}],"author":"Piera Salvi","twitter_misc":{"Scritto da":"Piera Salvi","Tempo di lettura stimato":"3 minuti"},"schema":{"@context":"https:\/\/schema.org","@graph":[{"@type":"WebPage","@id":"https:\/\/www.noidiqua.it\/Agliana\/effemarket-la-foliana-una-storia-aglianese-dal-1946\/","url":"https:\/\/www.noidiqua.it\/Agliana\/effemarket-la-foliana-una-storia-aglianese-dal-1946\/","name":"Effemarket \u201cla Foliana\u201d - una storia aglianese dal 1946 - Noi di Qua Testata giornalistica e di attualit\u00e0 di Agliana, Montale e Quarrata.","isPartOf":{"@id":"https:\/\/www.noidiqua.it\/Agliana\/#website"},"primaryImageOfPage":{"@id":"https:\/\/www.noidiqua.it\/Agliana\/effemarket-la-foliana-una-storia-aglianese-dal-1946\/#primaryimage"},"image":{"@id":"https:\/\/www.noidiqua.it\/Agliana\/effemarket-la-foliana-una-storia-aglianese-dal-1946\/#primaryimage"},"thumbnailUrl":"https:\/\/www.noidiqua.it\/Agliana\/wp-content\/uploads\/2021\/10\/foliana-1.png","datePublished":"2021-09-05T07:17:50+00:00","dateModified":"2021-12-10T08:36:00+00:00","author":{"@id":"https:\/\/www.noidiqua.it\/Agliana\/#\/schema\/person\/bb7515c2330bb1137f247276096fa7dc"},"breadcrumb":{"@id":"https:\/\/www.noidiqua.it\/Agliana\/effemarket-la-foliana-una-storia-aglianese-dal-1946\/#breadcrumb"},"inLanguage":"it-IT","potentialAction":[{"@type":"ReadAction","target":["https:\/\/www.noidiqua.it\/Agliana\/effemarket-la-foliana-una-storia-aglianese-dal-1946\/"]}]},{"@type":"ImageObject","inLanguage":"it-IT","@id":"https:\/\/www.noidiqua.it\/Agliana\/effemarket-la-foliana-una-storia-aglianese-dal-1946\/#primaryimage","url":"https:\/\/www.noidiqua.it\/Agliana\/wp-content\/uploads\/2021\/10\/foliana-1.png","contentUrl":"https:\/\/www.noidiqua.it\/Agliana\/wp-content\/uploads\/2021\/10\/foliana-1.png","width":496,"height":398},{"@type":"BreadcrumbList","@id":"https:\/\/www.noidiqua.it\/Agliana\/effemarket-la-foliana-una-storia-aglianese-dal-1946\/#breadcrumb","itemListElement":[{"@type":"ListItem","position":1,"name":"Home","item":"https:\/\/www.noidiqua.it\/Agliana\/"},{"@type":"ListItem","position":2,"name":"Effemarket \u201cla Foliana\u201d &#8211; una storia aglianese dal 1946"}]},{"@type":"WebSite","@id":"https:\/\/www.noidiqua.it\/Agliana\/#website","url":"https:\/\/www.noidiqua.it\/Agliana\/","name":"Noi di Qua Testata giornalistica e di attualit\u00e0 di Agliana, Montale e Quarrata.","description":"Testata Giornalistica Quarrata Montale Agliana","potentialAction":[{"@type":"SearchAction","target":{"@type":"EntryPoint","urlTemplate":"https:\/\/www.noidiqua.it\/Agliana\/?s={search_term_string}"},"query-input":{"@type":"PropertyValueSpecification","valueRequired":true,"valueName":"search_term_string"}}],"inLanguage":"it-IT"},{"@type":"Person","@id":"https:\/\/www.noidiqua.it\/Agliana\/#\/schema\/person\/bb7515c2330bb1137f247276096fa7dc","name":"Piera Salvi","image":{"@type":"ImageObject","inLanguage":"it-IT","@id":"https:\/\/www.noidiqua.it\/Agliana\/#\/schema\/person\/image\/","url":"https:\/\/secure.gravatar.com\/avatar\/2f9b1fb6e13f3b3e63bde435d999a73be036e320f7a0f5f32f9ac21859d999cd?s=96&d=mm&r=g","contentUrl":"https:\/\/secure.gravatar.com\/avatar\/2f9b1fb6e13f3b3e63bde435d999a73be036e320f7a0f5f32f9ac21859d999cd?s=96&d=mm&r=g","caption":"Piera Salvi"},"url":"https:\/\/www.noidiqua.it\/Agliana\/author\/piera-salvi\/"}]}},"_links":{"self":[{"href":"https:\/\/www.noidiqua.it\/Agliana\/wp-json\/wp\/v2\/posts\/6230","targetHints":{"allow":["GET"]}}],"collection":[{"href":"https:\/\/www.noidiqua.it\/Agliana\/wp-json\/wp\/v2\/posts"}],"about":[{"href":"https:\/\/www.noidiqua.it\/Agliana\/wp-json\/wp\/v2\/types\/post"}],"author":[{"embeddable":true,"href":"https:\/\/www.noidiqua.it\/Agliana\/wp-json\/wp\/v2\/users\/13"}],"replies":[{"embeddable":true,"href":"https:\/\/www.noidiqua.it\/Agliana\/wp-json\/wp\/v2\/comments?post=6230"}],"version-history":[{"count":3,"href":"https:\/\/www.noidiqua.it\/Agliana\/wp-json\/wp\/v2\/posts\/6230\/revisions"}],"predecessor-version":[{"id":6373,"href":"https:\/\/www.noidiqua.it\/Agliana\/wp-json\/wp\/v2\/posts\/6230\/revisions\/6373"}],"wp:attachment":[{"href":"https:\/\/www.noidiqua.it\/Agliana\/wp-json\/wp\/v2\/media?parent=6230"}],"wp:term":[{"taxonomy":"category","embeddable":true,"href":"https:\/\/www.noidiqua.it\/Agliana\/wp-json\/wp\/v2\/categories?post=6230"},{"taxonomy":"post_tag","embeddable":true,"href":"https:\/\/www.noidiqua.it\/Agliana\/wp-json\/wp\/v2\/tags?post=6230"}],"curies":[{"name":"wp","href":"https:\/\/api.w.org\/{rel}","templated":true}]}}