{"id":6318,"date":"2021-12-03T15:20:11","date_gmt":"2021-12-03T14:20:11","guid":{"rendered":"https:\/\/www.noidiqua.it\/Agliana\/?p=6318"},"modified":"2022-04-21T09:49:21","modified_gmt":"2022-04-21T07:49:21","slug":"mb-sport-dal-1989-abbigliamento-tecnico-sportivo","status":"publish","type":"post","link":"https:\/\/www.noidiqua.it\/Agliana\/mb-sport-dal-1989-abbigliamento-tecnico-sportivo\/","title":{"rendered":"MB sport &#8211; dal 1989, abbigliamento tecnico sportivo"},"content":{"rendered":"<p><em>di David Colzi<\/em><\/p>\n<p><em>dicembre 2021<\/em><\/p>\n<p><a href=\"https:\/\/www.noidiqua.it\/Agliana\/wp-content\/uploads\/2021\/12\/MB-1.png\" rel=\"wp-prettyPhoto[6318]\"><img loading=\"lazy\" decoding=\"async\" class=\"aligncenter size-full wp-image-6319\" src=\"https:\/\/www.noidiqua.it\/Agliana\/wp-content\/uploads\/2021\/12\/MB-1.png\" alt=\"\" width=\"489\" height=\"358\" srcset=\"https:\/\/www.noidiqua.it\/Agliana\/wp-content\/uploads\/2021\/12\/MB-1.png 489w, https:\/\/www.noidiqua.it\/Agliana\/wp-content\/uploads\/2021\/12\/MB-1-300x220.png 300w\" sizes=\"auto, (max-width: 489px) 100vw, 489px\" \/><\/a><\/p>\n<p class=\"p1\">La <strong>MB sport<\/strong> \u00e8 un&#8217;azienda dinamica e intraprendente che si occupa di <strong>abbigliamento tecnico<\/strong> sportivo <strong>personalizzato<\/strong>, principalmente per il settore del ciclismo non professionistico, ma non solo. Qui tutta produzione \u00e8 interna, dalla realizzazione grafica, fino al confezionamento. Il punto forte della MB, che gli permette di avere clienti in diverse regioni della nostra penisola, \u00e8 racchiuso nella scritta posta sotto il loro logo: \u201c<strong>produzione italiana<\/strong>\u201d. Queste due parole significano che l&#8217;intero ciclo produttivo, dalla realizzazione dei tessuti fino alla confezione dei capi, si compie in Italia da mano d&#8217;opera italiana. In pratica si cerca di competere con la grande distribuzione, puntando tutto sulla qualit\u00e0 anzich\u00e9 sul ribasso dei prezzi. Gli attuali titolari sono i fratelli <strong>Bargiacchi<\/strong>, Alessandro e Maila, e per loro lavorano direttamente 9 dipendenti.<\/p>\n<p class=\"p1\">Quest&#8217;avventura imprenditoriale per\u00f2 \u00e8 nata grazie alla loro mamma, <strong>Angela Mammoliti<\/strong>, nel 1989. Come esperienza lavorativa lei proveniva dalla maglieria, confezionando per conto terzi abbigliamento per bambini; <i>\u00abMa la sua ambizione era quella di realizzare qualcosa in proprio, da lasciare in eredit\u00e0 a noi figli\u00bb<\/i> ci dice Maila. Cos\u00ec, notando che gi\u00e0 all&#8217;epoca il settore maglieria era messo in crisi dalla concorrenza proveniente da Oriente, Angela decise di dedicarsi al settore sportivo, approfittando del fatto che suo marito Elio era appassionato di ciclismo, e quindi poteva aiutarla a trovare i contatti giusti. D&#8217;altronde, quello dei Bargiacchi \u00e8 un amore storico per le due ruote, basti pensare che lo zio di Elio, da cui quest&#8217;ultimo ha ereditato il nome, era considerato una giovane promessa del ciclismo italiano, ma purtroppo non pot\u00e9 mai affermarsi perch\u00e9 mor\u00ec durante la seconda guerra mondiale. A riguardo, sul sito <a href=\"http:\/\/www.mbsport.eu\/\">www.mbsport.eu<\/a>, si pu\u00f2 leggere una toccante lettera scritta da Alfredo Martini, dal titolo: \u201c<a href=\"http:\/\/www.mbsport.eu\/storia.php\">Ricordando Elio<\/a>\u201d. Angela, \u00e8 stata sempre grata a suo marito per i preziosi consigli, basti pensare che decise di chiamare la sua impresa cos\u00ec, unendo le iniziali dei loro cognomi, Mammoliti e Bargiacchi.<\/p>\n<p><a href=\"https:\/\/www.noidiqua.it\/Agliana\/wp-content\/uploads\/2021\/12\/MB-2.png\" rel=\"wp-prettyPhoto[6318]\"><img loading=\"lazy\" decoding=\"async\" class=\"aligncenter size-full wp-image-6320\" src=\"https:\/\/www.noidiqua.it\/Agliana\/wp-content\/uploads\/2021\/12\/MB-2.png\" alt=\"\" width=\"485\" height=\"349\" srcset=\"https:\/\/www.noidiqua.it\/Agliana\/wp-content\/uploads\/2021\/12\/MB-2.png 485w, https:\/\/www.noidiqua.it\/Agliana\/wp-content\/uploads\/2021\/12\/MB-2-300x216.png 300w\" sizes=\"auto, (max-width: 485px) 100vw, 485px\" \/><\/a><\/p>\n<p class=\"p1\">Trentuno anni fa, la ditta inizi\u00f2 a servire <strong>squadre<\/strong> di ciclismo e di calcio locali, ma poi quest&#8217;ultimo settore \u00e8 stato abbandonato, complice la famosa \u201cguerra dei prezzi\u201d. Comunque nel tempo sono arrivati altri team sportivi: il <strong>volley<\/strong>, l&#8217;<strong>atletica<\/strong>, il <strong>basket<\/strong> e il <strong>podismo<\/strong>, che anno dopo anno rinnovano la loro fiducia alla MB. Solo per citare qualche nome del mondo del ciclismo, ricordiamo la storica Mastromarco Sensi Nibali, oppure l&#8217;Agliana Ciclismo, o ancora Le Fiamme Oro, cio\u00e8 la squadra della Polizia di Stato. Sul versante degli altri sport invece rammentiamo: Blu Volley Quarrata, l&#8217;A.S.D. Volley Aglianese, Montemurlo Volley e Pallacanestro Agliana 2000.<\/p>\n<p class=\"p1\">Quindi, ieri come oggi, la maggior parte del lavoro \u00e8 svolto per soddisfare le squadre, ma una certa attenzione \u00e8 riservata anche allo sportivo amatore, o l&#8217;atleta professionista che cerca il secondo cambio per allenarsi; per loro \u00e8 stato creato marchio <strong>Think+<\/strong>. Ideato nel 2012, i prodotti con questo logo vengono venduti direttamente nel loro punto vendita di via Lombardi e in alcuni negozi della Toscana e in altre regioni, ma soprattutto nel webstore <a href=\"http:\/\/www.thinkpiu.com\">www.thinkpiu.com<\/a>. <i>\u00abIl concetto che sta alla base del nome\u00bb<\/i> dice Alessandro <i>\u00ab\u00e8 pensare positivo e non arrendersi mai di fronte alle difficolt\u00e0. Questo \u00e8 anche il pensiero che anima quotidianamente il lavoro mio, di mia sorella e di tutto lo staff MB\u00bb<\/i>.<\/p>","protected":false},"excerpt":{"rendered":"<p>di David Colzi dicembre 2021 La MB sport \u00e8 un&#8217;azienda dinamica e intraprendente che si occupa di abbigliamento tecnico sportivo personalizzato, principalmente per il settore del ciclismo non professionistico, ma non solo. Qui tutta produzione \u00e8 interna, dalla realizzazione grafica, fino al confezionamento. Il punto forte della [&hellip;]<\/p>","protected":false},"author":13,"featured_media":0,"comment_status":"open","ping_status":"open","sticky":false,"template":"","format":"standard","meta":{"footnotes":""},"categories":[2,1029],"tags":[2765,2769,2772,2768,46,2764,2766,928,2767,2770,2773,2771],"class_list":["post-6318","post","type-post","status-publish","format-standard","hentry","category-ag","category-una-bella-impresa","tag-abbigliamento-tecnico","tag-angela-mammoliti","tag-atletica","tag-bargiacchi","tag-basket","tag-mb-sport","tag-personalizzato","tag-podismo","tag-produzione-italiana","tag-squadre","tag-think","tag-volley"],"yoast_head":"<!-- This site is optimized with the Yoast SEO plugin v25.5 - https:\/\/yoast.com\/wordpress\/plugins\/seo\/ -->\n<title>MB sport - dal 1989, abbigliamento tecnico sportivo - Noi di Qua Testata giornalistica e di attualit\u00e0 di Agliana, Montale e Quarrata.<\/title>\n<meta name=\"robots\" content=\"index, follow, max-snippet:-1, max-image-preview:large, max-video-preview:-1\" \/>\n<link rel=\"canonical\" href=\"https:\/\/www.noidiqua.it\/Agliana\/mb-sport-dal-1989-abbigliamento-tecnico-sportivo\/\" \/>\n<meta property=\"og:locale\" content=\"it_IT\" \/>\n<meta property=\"og:type\" content=\"article\" \/>\n<meta property=\"og:title\" content=\"MB sport - dal 1989, abbigliamento tecnico sportivo - Noi di Qua Testata giornalistica e di attualit\u00e0 di Agliana, Montale e Quarrata.\" \/>\n<meta property=\"og:description\" content=\"di David Colzi dicembre 2021 La MB sport \u00e8 un&#8217;azienda dinamica e intraprendente che si occupa di abbigliamento tecnico sportivo personalizzato, principalmente per il settore del ciclismo non professionistico, ma non solo. Qui tutta produzione \u00e8 interna, dalla realizzazione grafica, fino al confezionamento. Il punto forte della [&hellip;]\" \/>\n<meta property=\"og:url\" content=\"https:\/\/www.noidiqua.it\/Agliana\/mb-sport-dal-1989-abbigliamento-tecnico-sportivo\/\" \/>\n<meta property=\"og:site_name\" content=\"Noi di Qua Testata giornalistica e di attualit\u00e0 di Agliana, Montale e Quarrata.\" \/>\n<meta property=\"article:publisher\" content=\"https:\/\/www.facebook.com\/noidiqua.trimestrale\/\" \/>\n<meta property=\"article:published_time\" content=\"2021-12-03T14:20:11+00:00\" \/>\n<meta property=\"article:modified_time\" content=\"2022-04-21T07:49:21+00:00\" \/>\n<meta property=\"og:image\" content=\"https:\/\/www.noidiqua.it\/Agliana\/wp-content\/uploads\/2021\/12\/MB-1.png\" \/>\n<meta name=\"author\" content=\"Piera Salvi\" \/>\n<meta name=\"twitter:label1\" content=\"Scritto da\" \/>\n\t<meta name=\"twitter:data1\" content=\"Piera Salvi\" \/>\n\t<meta name=\"twitter:label2\" content=\"Tempo di lettura stimato\" \/>\n\t<meta name=\"twitter:data2\" content=\"3 minuti\" \/>\n<script type=\"application\/ld+json\" class=\"yoast-schema-graph\">{\"@context\":\"https:\/\/schema.org\",\"@graph\":[{\"@type\":\"WebPage\",\"@id\":\"https:\/\/www.noidiqua.it\/Agliana\/mb-sport-dal-1989-abbigliamento-tecnico-sportivo\/\",\"url\":\"https:\/\/www.noidiqua.it\/Agliana\/mb-sport-dal-1989-abbigliamento-tecnico-sportivo\/\",\"name\":\"MB sport - dal 1989, abbigliamento tecnico sportivo - Noi di Qua Testata giornalistica e di attualit\u00e0 di Agliana, Montale e Quarrata.\",\"isPartOf\":{\"@id\":\"https:\/\/www.noidiqua.it\/Agliana\/#website\"},\"primaryImageOfPage\":{\"@id\":\"https:\/\/www.noidiqua.it\/Agliana\/mb-sport-dal-1989-abbigliamento-tecnico-sportivo\/#primaryimage\"},\"image\":{\"@id\":\"https:\/\/www.noidiqua.it\/Agliana\/mb-sport-dal-1989-abbigliamento-tecnico-sportivo\/#primaryimage\"},\"thumbnailUrl\":\"https:\/\/www.noidiqua.it\/Agliana\/wp-content\/uploads\/2021\/12\/MB-1.png\",\"datePublished\":\"2021-12-03T14:20:11+00:00\",\"dateModified\":\"2022-04-21T07:49:21+00:00\",\"author\":{\"@id\":\"https:\/\/www.noidiqua.it\/Agliana\/#\/schema\/person\/bb7515c2330bb1137f247276096fa7dc\"},\"breadcrumb\":{\"@id\":\"https:\/\/www.noidiqua.it\/Agliana\/mb-sport-dal-1989-abbigliamento-tecnico-sportivo\/#breadcrumb\"},\"inLanguage\":\"it-IT\",\"potentialAction\":[{\"@type\":\"ReadAction\",\"target\":[\"https:\/\/www.noidiqua.it\/Agliana\/mb-sport-dal-1989-abbigliamento-tecnico-sportivo\/\"]}]},{\"@type\":\"ImageObject\",\"inLanguage\":\"it-IT\",\"@id\":\"https:\/\/www.noidiqua.it\/Agliana\/mb-sport-dal-1989-abbigliamento-tecnico-sportivo\/#primaryimage\",\"url\":\"https:\/\/www.noidiqua.it\/Agliana\/wp-content\/uploads\/2021\/12\/MB-1.png\",\"contentUrl\":\"https:\/\/www.noidiqua.it\/Agliana\/wp-content\/uploads\/2021\/12\/MB-1.png\",\"width\":489,\"height\":358},{\"@type\":\"BreadcrumbList\",\"@id\":\"https:\/\/www.noidiqua.it\/Agliana\/mb-sport-dal-1989-abbigliamento-tecnico-sportivo\/#breadcrumb\",\"itemListElement\":[{\"@type\":\"ListItem\",\"position\":1,\"name\":\"Home\",\"item\":\"https:\/\/www.noidiqua.it\/Agliana\/\"},{\"@type\":\"ListItem\",\"position\":2,\"name\":\"MB sport &#8211; dal 1989, abbigliamento tecnico sportivo\"}]},{\"@type\":\"WebSite\",\"@id\":\"https:\/\/www.noidiqua.it\/Agliana\/#website\",\"url\":\"https:\/\/www.noidiqua.it\/Agliana\/\",\"name\":\"Noi di Qua Testata giornalistica e di attualit\u00e0 di Agliana, Montale e Quarrata.\",\"description\":\"Testata Giornalistica Quarrata Montale Agliana\",\"potentialAction\":[{\"@type\":\"SearchAction\",\"target\":{\"@type\":\"EntryPoint\",\"urlTemplate\":\"https:\/\/www.noidiqua.it\/Agliana\/?s={search_term_string}\"},\"query-input\":{\"@type\":\"PropertyValueSpecification\",\"valueRequired\":true,\"valueName\":\"search_term_string\"}}],\"inLanguage\":\"it-IT\"},{\"@type\":\"Person\",\"@id\":\"https:\/\/www.noidiqua.it\/Agliana\/#\/schema\/person\/bb7515c2330bb1137f247276096fa7dc\",\"name\":\"Piera Salvi\",\"image\":{\"@type\":\"ImageObject\",\"inLanguage\":\"it-IT\",\"@id\":\"https:\/\/www.noidiqua.it\/Agliana\/#\/schema\/person\/image\/\",\"url\":\"https:\/\/secure.gravatar.com\/avatar\/2f9b1fb6e13f3b3e63bde435d999a73be036e320f7a0f5f32f9ac21859d999cd?s=96&d=mm&r=g\",\"contentUrl\":\"https:\/\/secure.gravatar.com\/avatar\/2f9b1fb6e13f3b3e63bde435d999a73be036e320f7a0f5f32f9ac21859d999cd?s=96&d=mm&r=g\",\"caption\":\"Piera Salvi\"},\"url\":\"https:\/\/www.noidiqua.it\/Agliana\/author\/piera-salvi\/\"}]}<\/script>\n<!-- \/ Yoast SEO plugin. -->","yoast_head_json":{"title":"MB sport - dal 1989, abbigliamento tecnico sportivo - Noi di Qua Testata giornalistica e di attualit\u00e0 di Agliana, Montale e Quarrata.","robots":{"index":"index","follow":"follow","max-snippet":"max-snippet:-1","max-image-preview":"max-image-preview:large","max-video-preview":"max-video-preview:-1"},"canonical":"https:\/\/www.noidiqua.it\/Agliana\/mb-sport-dal-1989-abbigliamento-tecnico-sportivo\/","og_locale":"it_IT","og_type":"article","og_title":"MB sport - dal 1989, abbigliamento tecnico sportivo - Noi di Qua Testata giornalistica e di attualit\u00e0 di Agliana, Montale e Quarrata.","og_description":"di David Colzi dicembre 2021 La MB sport \u00e8 un&#8217;azienda dinamica e intraprendente che si occupa di abbigliamento tecnico sportivo personalizzato, principalmente per il settore del ciclismo non professionistico, ma non solo. Qui tutta produzione \u00e8 interna, dalla realizzazione grafica, fino al confezionamento. Il punto forte della [&hellip;]","og_url":"https:\/\/www.noidiqua.it\/Agliana\/mb-sport-dal-1989-abbigliamento-tecnico-sportivo\/","og_site_name":"Noi di Qua Testata giornalistica e di attualit\u00e0 di Agliana, Montale e Quarrata.","article_publisher":"https:\/\/www.facebook.com\/noidiqua.trimestrale\/","article_published_time":"2021-12-03T14:20:11+00:00","article_modified_time":"2022-04-21T07:49:21+00:00","og_image":[{"url":"https:\/\/www.noidiqua.it\/Agliana\/wp-content\/uploads\/2021\/12\/MB-1.png","type":"","width":"","height":""}],"author":"Piera Salvi","twitter_misc":{"Scritto da":"Piera Salvi","Tempo di lettura stimato":"3 minuti"},"schema":{"@context":"https:\/\/schema.org","@graph":[{"@type":"WebPage","@id":"https:\/\/www.noidiqua.it\/Agliana\/mb-sport-dal-1989-abbigliamento-tecnico-sportivo\/","url":"https:\/\/www.noidiqua.it\/Agliana\/mb-sport-dal-1989-abbigliamento-tecnico-sportivo\/","name":"MB sport - dal 1989, abbigliamento tecnico sportivo - Noi di Qua Testata giornalistica e di attualit\u00e0 di Agliana, Montale e Quarrata.","isPartOf":{"@id":"https:\/\/www.noidiqua.it\/Agliana\/#website"},"primaryImageOfPage":{"@id":"https:\/\/www.noidiqua.it\/Agliana\/mb-sport-dal-1989-abbigliamento-tecnico-sportivo\/#primaryimage"},"image":{"@id":"https:\/\/www.noidiqua.it\/Agliana\/mb-sport-dal-1989-abbigliamento-tecnico-sportivo\/#primaryimage"},"thumbnailUrl":"https:\/\/www.noidiqua.it\/Agliana\/wp-content\/uploads\/2021\/12\/MB-1.png","datePublished":"2021-12-03T14:20:11+00:00","dateModified":"2022-04-21T07:49:21+00:00","author":{"@id":"https:\/\/www.noidiqua.it\/Agliana\/#\/schema\/person\/bb7515c2330bb1137f247276096fa7dc"},"breadcrumb":{"@id":"https:\/\/www.noidiqua.it\/Agliana\/mb-sport-dal-1989-abbigliamento-tecnico-sportivo\/#breadcrumb"},"inLanguage":"it-IT","potentialAction":[{"@type":"ReadAction","target":["https:\/\/www.noidiqua.it\/Agliana\/mb-sport-dal-1989-abbigliamento-tecnico-sportivo\/"]}]},{"@type":"ImageObject","inLanguage":"it-IT","@id":"https:\/\/www.noidiqua.it\/Agliana\/mb-sport-dal-1989-abbigliamento-tecnico-sportivo\/#primaryimage","url":"https:\/\/www.noidiqua.it\/Agliana\/wp-content\/uploads\/2021\/12\/MB-1.png","contentUrl":"https:\/\/www.noidiqua.it\/Agliana\/wp-content\/uploads\/2021\/12\/MB-1.png","width":489,"height":358},{"@type":"BreadcrumbList","@id":"https:\/\/www.noidiqua.it\/Agliana\/mb-sport-dal-1989-abbigliamento-tecnico-sportivo\/#breadcrumb","itemListElement":[{"@type":"ListItem","position":1,"name":"Home","item":"https:\/\/www.noidiqua.it\/Agliana\/"},{"@type":"ListItem","position":2,"name":"MB sport &#8211; dal 1989, abbigliamento tecnico sportivo"}]},{"@type":"WebSite","@id":"https:\/\/www.noidiqua.it\/Agliana\/#website","url":"https:\/\/www.noidiqua.it\/Agliana\/","name":"Noi di Qua Testata giornalistica e di attualit\u00e0 di Agliana, Montale e Quarrata.","description":"Testata Giornalistica Quarrata Montale Agliana","potentialAction":[{"@type":"SearchAction","target":{"@type":"EntryPoint","urlTemplate":"https:\/\/www.noidiqua.it\/Agliana\/?s={search_term_string}"},"query-input":{"@type":"PropertyValueSpecification","valueRequired":true,"valueName":"search_term_string"}}],"inLanguage":"it-IT"},{"@type":"Person","@id":"https:\/\/www.noidiqua.it\/Agliana\/#\/schema\/person\/bb7515c2330bb1137f247276096fa7dc","name":"Piera Salvi","image":{"@type":"ImageObject","inLanguage":"it-IT","@id":"https:\/\/www.noidiqua.it\/Agliana\/#\/schema\/person\/image\/","url":"https:\/\/secure.gravatar.com\/avatar\/2f9b1fb6e13f3b3e63bde435d999a73be036e320f7a0f5f32f9ac21859d999cd?s=96&d=mm&r=g","contentUrl":"https:\/\/secure.gravatar.com\/avatar\/2f9b1fb6e13f3b3e63bde435d999a73be036e320f7a0f5f32f9ac21859d999cd?s=96&d=mm&r=g","caption":"Piera Salvi"},"url":"https:\/\/www.noidiqua.it\/Agliana\/author\/piera-salvi\/"}]}},"_links":{"self":[{"href":"https:\/\/www.noidiqua.it\/Agliana\/wp-json\/wp\/v2\/posts\/6318","targetHints":{"allow":["GET"]}}],"collection":[{"href":"https:\/\/www.noidiqua.it\/Agliana\/wp-json\/wp\/v2\/posts"}],"about":[{"href":"https:\/\/www.noidiqua.it\/Agliana\/wp-json\/wp\/v2\/types\/post"}],"author":[{"embeddable":true,"href":"https:\/\/www.noidiqua.it\/Agliana\/wp-json\/wp\/v2\/users\/13"}],"replies":[{"embeddable":true,"href":"https:\/\/www.noidiqua.it\/Agliana\/wp-json\/wp\/v2\/comments?post=6318"}],"version-history":[{"count":2,"href":"https:\/\/www.noidiqua.it\/Agliana\/wp-json\/wp\/v2\/posts\/6318\/revisions"}],"predecessor-version":[{"id":6322,"href":"https:\/\/www.noidiqua.it\/Agliana\/wp-json\/wp\/v2\/posts\/6318\/revisions\/6322"}],"wp:attachment":[{"href":"https:\/\/www.noidiqua.it\/Agliana\/wp-json\/wp\/v2\/media?parent=6318"}],"wp:term":[{"taxonomy":"category","embeddable":true,"href":"https:\/\/www.noidiqua.it\/Agliana\/wp-json\/wp\/v2\/categories?post=6318"},{"taxonomy":"post_tag","embeddable":true,"href":"https:\/\/www.noidiqua.it\/Agliana\/wp-json\/wp\/v2\/tags?post=6318"}],"curies":[{"name":"wp","href":"https:\/\/api.w.org\/{rel}","templated":true}]}}