{"id":6341,"date":"2021-12-03T17:44:19","date_gmt":"2021-12-03T16:44:19","guid":{"rendered":"https:\/\/www.noidiqua.it\/Agliana\/?p=6341"},"modified":"2022-04-21T09:42:35","modified_gmt":"2022-04-21T07:42:35","slug":"percorsi-ciclopedonali-a-che-punto-siamo","status":"publish","type":"post","link":"https:\/\/www.noidiqua.it\/Agliana\/percorsi-ciclopedonali-a-che-punto-siamo\/","title":{"rendered":"Percorsi ciclopedonali: a che punto siamo?"},"content":{"rendered":"<p><em>di Piera Salvi<\/em><\/p>\n<p><em>dicembre 2021<\/em><\/p>\n<p><a href=\"https:\/\/www.noidiqua.it\/Agliana\/wp-content\/uploads\/2021\/12\/percorsi-2.png\" rel=\"wp-prettyPhoto[6341]\"><img loading=\"lazy\" decoding=\"async\" class=\"size-full wp-image-6342 aligncenter\" src=\"https:\/\/www.noidiqua.it\/Agliana\/wp-content\/uploads\/2021\/12\/percorsi-2.png\" alt=\"\" width=\"481\" height=\"319\" srcset=\"https:\/\/www.noidiqua.it\/Agliana\/wp-content\/uploads\/2021\/12\/percorsi-2.png 481w, https:\/\/www.noidiqua.it\/Agliana\/wp-content\/uploads\/2021\/12\/percorsi-2-300x199.png 300w\" sizes=\"auto, (max-width: 481px) 100vw, 481px\" \/><\/a><\/p>\n<p class=\"p1\"><span class=\"s1\"><strong>Agliana<\/strong> \u00e8 un fazzoletto di terra pianeggiante di poco pi\u00f9 di 11 chilometri quadrati. Un territorio, quindi, da percorrere facilmente a <strong>piedi<\/strong> e in <strong>bicicletta<\/strong>, da nord a sud e da est a ovest. Pi\u00f9 volte, negli anni, si \u00e8 sentito parlare di possibilit\u00e0 di <strong>percorsi ciclopedonali<\/strong> che possano collegare tutte le frazioni aglianesi, consentendo alle persone di usare meno l\u2019auto e spostarsi a piedi o su due ruote in sicurezza. <\/span><\/p>\n<p class=\"p1\"><span class=\"s1\">Ci sono poi gli argini dei torrenti che, un tempo s\u00ec, quando le biciclette erano quasi l\u2019unico mezzo per spostarsi, venivano percorsi camminando o pedalando per accorciare le distanze (pi\u00f9 o meno fino agli anni Sessanta). I percorsi sugli argini sono stati rilanciati diversi anni fa dall\u2019amministrazione comunale, per incentivare salutari passeggiate in mezzo alla natura, che lungo i torrenti offre veramente un bel paesaggio da godere, tra numerosa variet\u00e0 di flora e fauna. Era stata installata anche una <strong>cartellonistica<\/strong> nelle frazioni per indicare i vari percorsi, anche se spesso erano impraticabili per l\u2019alta vegetazione. Qualche sbiadito cartello, ormai illeggibile c\u2019\u00e8 ancora. Nell\u2019anno scolastico 2007-2008, alcune classi delle scuole dell\u2019istituto comprensivo Bartolomeo Sestini, nell\u2019ambito del progetto di educazione ambientale <strong>Infea<\/strong> (Informazione, Formazione, Educazione Ambientale) avevano sperimentato i percorsi alla scoperta di Agliana e raccolti nella \u201c<strong>Carta dei sentieri di Agliana<\/strong>\u201d, tracciando sei itinerari che toccano tutte le frazioni. Un bel lavoro che venne anche diffuso dal Comune per incentivare la popolazione a scoprire il territorio a piedi o in bicicletta.<\/span><\/p>\n<p><a href=\"https:\/\/www.noidiqua.it\/Agliana\/wp-content\/uploads\/2021\/12\/percorsi-1.png\" rel=\"wp-prettyPhoto[6341]\"><img loading=\"lazy\" decoding=\"async\" class=\"aligncenter wp-image-6343\" src=\"https:\/\/www.noidiqua.it\/Agliana\/wp-content\/uploads\/2021\/12\/percorsi-1.png\" alt=\"\" width=\"374\" height=\"321\" \/><\/a><\/p>\n<p class=\"p1\"><span class=\"s1\">Il territorio aglianese per\u00f2, nonostante sia poco esteso e pianeggiante, offre poche possibilit\u00e0 di muoversi a piedi e in bicicletta in piena sicurezza. Di fatto, questa possibilit\u00e0 esiste da Spedalino al centro di Agliana, con la pista ciclopedonale che parte dal centro di Spedalino in via don Milani e poi da via don Marino Pratesi, via Arezzo, via Giovannella, via Mallemort de Provence, arriva al parco Pertini dove, volendo, si pu\u00f2 anche raggiungere via Serragliolo, poich\u00e9 la segnaletica all\u2019ingresso del parco informa: \u201cSi pu\u00f2 circolare in bicicletta a passo d\u2019uomo\u201d. Il percorso ciclopedonale da Spedalino al parco Pertini nel maggio 2018 \u00e8 stato intitolato a un grande campione del ciclismo, <strong>Gino Bartali<\/strong> (nel 18esimo anniversario della morte), con targhe che ricordano la vita non solo agonistica ma anche umana di \u201cGinettaccio\u201d, nato a Ponte a Ema &#8211; Firenze, il 18 luglio 1914 e morto a Firenze 5 maggio 2000. A settembre 2021 \u00e8 stato inaugurato il completamento di questo tratto ciclopedonale, con un nuovo percorso che da via Mallemort angolo via Giovannella, all\u2019altezza della zona sportiva, porta al parco di Carabattole. Questo tratto \u00e8 stato dedicato ad un campione del ciclismo a cui Agliana ha dato i natali, Fabrizio Fabbri (nato alla Ferruccia il 28 settembre 1948 e morto a Pisa il 6 giugno 2019). Anche lui un uomo esemplare nello sport e nella vita. <\/span><\/p>\n<p class=\"p1\"><span class=\"s1\">Anche via Roma ha un percorso ciclopedonale che consente di raggiungere la piazza Gramsci. Per il resto, girare a piedi o in bicicletta per Agliana pu\u00f2 essere spesso un percorso a ostacoli. Pensiamo alle vie Selva e Lavagnini, un importante collegamento tra nord e sud di Agliana e comuni limitrofi, con molto traffico e marciapiedi in qualche tratto impraticabili, oppure alla via Provinciale pratese, che attraversa tutto il territorio a nord.<\/span><\/p>\n<p><a href=\"https:\/\/www.noidiqua.it\/Agliana\/wp-content\/uploads\/2021\/12\/percorsi-3.png\" rel=\"wp-prettyPhoto[6341]\"><img loading=\"lazy\" decoding=\"async\" class=\"aligncenter size-full wp-image-6344\" src=\"https:\/\/www.noidiqua.it\/Agliana\/wp-content\/uploads\/2021\/12\/percorsi-3.png\" alt=\"\" width=\"270\" height=\"389\" srcset=\"https:\/\/www.noidiqua.it\/Agliana\/wp-content\/uploads\/2021\/12\/percorsi-3.png 270w, https:\/\/www.noidiqua.it\/Agliana\/wp-content\/uploads\/2021\/12\/percorsi-3-208x300.png 208w\" sizes=\"auto, (max-width: 270px) 100vw, 270px\" \/><\/a><\/p>\n<p class=\"p1\"><span class=\"s1\">Ma anche nelle strade di <strong>periferia<\/strong>, molto frequentate da ciclisti e da amanti del <strong>podismo<\/strong> e tranquille passeggiate in mezzo alla natura, ci sono carreggiate strette a doppio senso di circolazione e percorse da veicoli, talvolta anche a velocit\u00e0 sostenuta. Mettere tutto il territorio in sicurezza per ciclisti e pedoni non \u00e8 cosa semplice, sia per la conformazione del territorio che per gli investimenti che servirebbero. <\/span><\/p>\n<p class=\"p1\"><span class=\"s1\">Ci auguriamo che, comunque, qualcosa in pi\u00f9 venga realizzato, visto che da diversi anni si parla molto di ridurre l\u2019uso dei veicoli per limitare l\u2019<strong>inquinamento<\/strong>.<\/span><\/p>","protected":false},"excerpt":{"rendered":"<p>di Piera Salvi dicembre 2021 Agliana \u00e8 un fazzoletto di terra pianeggiante di poco pi\u00f9 di 11 chilometri quadrati. Un territorio, quindi, da percorrere facilmente a piedi e in bicicletta, da nord a sud e da est a ovest. Pi\u00f9 volte, negli anni, si \u00e8 sentito parlare [&hellip;]<\/p>","protected":false},"author":13,"featured_media":0,"comment_status":"open","ping_status":"open","sticky":false,"template":"","format":"standard","meta":{"footnotes":""},"categories":[2,16],"tags":[37,47,2795,2793,2796,2794,2798,2792,2797,2791,928],"class_list":["post-6341","post","type-post","status-publish","format-standard","hentry","category-ag","category-storia-qt","tag-ag-ag","tag-bicicletta","tag-carta-dei-sentieri-di-agliana","tag-cartellonistica","tag-gino-bartali","tag-infea","tag-inquinamento","tag-percorsi-ciclopedonali","tag-periferia","tag-piedi","tag-podismo"],"yoast_head":"<!-- This site is optimized with the Yoast SEO plugin v25.5 - https:\/\/yoast.com\/wordpress\/plugins\/seo\/ -->\n<title>Percorsi ciclopedonali: a che punto siamo? - Noi di Qua Testata giornalistica e di attualit\u00e0 di Agliana, Montale e Quarrata.<\/title>\n<meta name=\"robots\" content=\"index, follow, max-snippet:-1, max-image-preview:large, max-video-preview:-1\" \/>\n<link rel=\"canonical\" href=\"https:\/\/www.noidiqua.it\/Agliana\/percorsi-ciclopedonali-a-che-punto-siamo\/\" \/>\n<meta property=\"og:locale\" content=\"it_IT\" \/>\n<meta property=\"og:type\" content=\"article\" \/>\n<meta property=\"og:title\" content=\"Percorsi ciclopedonali: a che punto siamo? - Noi di Qua Testata giornalistica e di attualit\u00e0 di Agliana, Montale e Quarrata.\" \/>\n<meta property=\"og:description\" content=\"di Piera Salvi dicembre 2021 Agliana \u00e8 un fazzoletto di terra pianeggiante di poco pi\u00f9 di 11 chilometri quadrati. Un territorio, quindi, da percorrere facilmente a piedi e in bicicletta, da nord a sud e da est a ovest. Pi\u00f9 volte, negli anni, si \u00e8 sentito parlare [&hellip;]\" \/>\n<meta property=\"og:url\" content=\"https:\/\/www.noidiqua.it\/Agliana\/percorsi-ciclopedonali-a-che-punto-siamo\/\" \/>\n<meta property=\"og:site_name\" content=\"Noi di Qua Testata giornalistica e di attualit\u00e0 di Agliana, Montale e Quarrata.\" \/>\n<meta property=\"article:publisher\" content=\"https:\/\/www.facebook.com\/noidiqua.trimestrale\/\" \/>\n<meta property=\"article:published_time\" content=\"2021-12-03T16:44:19+00:00\" \/>\n<meta property=\"article:modified_time\" content=\"2022-04-21T07:42:35+00:00\" \/>\n<meta property=\"og:image\" content=\"https:\/\/www.noidiqua.it\/Agliana\/wp-content\/uploads\/2021\/12\/percorsi-2.png\" \/>\n<meta name=\"author\" content=\"Piera Salvi\" \/>\n<meta name=\"twitter:label1\" content=\"Scritto da\" \/>\n\t<meta name=\"twitter:data1\" content=\"Piera Salvi\" \/>\n\t<meta name=\"twitter:label2\" content=\"Tempo di lettura stimato\" \/>\n\t<meta name=\"twitter:data2\" content=\"3 minuti\" \/>\n<script type=\"application\/ld+json\" class=\"yoast-schema-graph\">{\"@context\":\"https:\/\/schema.org\",\"@graph\":[{\"@type\":\"WebPage\",\"@id\":\"https:\/\/www.noidiqua.it\/Agliana\/percorsi-ciclopedonali-a-che-punto-siamo\/\",\"url\":\"https:\/\/www.noidiqua.it\/Agliana\/percorsi-ciclopedonali-a-che-punto-siamo\/\",\"name\":\"Percorsi ciclopedonali: a che punto siamo? - Noi di Qua Testata giornalistica e di attualit\u00e0 di Agliana, Montale e Quarrata.\",\"isPartOf\":{\"@id\":\"https:\/\/www.noidiqua.it\/Agliana\/#website\"},\"primaryImageOfPage\":{\"@id\":\"https:\/\/www.noidiqua.it\/Agliana\/percorsi-ciclopedonali-a-che-punto-siamo\/#primaryimage\"},\"image\":{\"@id\":\"https:\/\/www.noidiqua.it\/Agliana\/percorsi-ciclopedonali-a-che-punto-siamo\/#primaryimage\"},\"thumbnailUrl\":\"https:\/\/www.noidiqua.it\/Agliana\/wp-content\/uploads\/2021\/12\/percorsi-2.png\",\"datePublished\":\"2021-12-03T16:44:19+00:00\",\"dateModified\":\"2022-04-21T07:42:35+00:00\",\"author\":{\"@id\":\"https:\/\/www.noidiqua.it\/Agliana\/#\/schema\/person\/bb7515c2330bb1137f247276096fa7dc\"},\"breadcrumb\":{\"@id\":\"https:\/\/www.noidiqua.it\/Agliana\/percorsi-ciclopedonali-a-che-punto-siamo\/#breadcrumb\"},\"inLanguage\":\"it-IT\",\"potentialAction\":[{\"@type\":\"ReadAction\",\"target\":[\"https:\/\/www.noidiqua.it\/Agliana\/percorsi-ciclopedonali-a-che-punto-siamo\/\"]}]},{\"@type\":\"ImageObject\",\"inLanguage\":\"it-IT\",\"@id\":\"https:\/\/www.noidiqua.it\/Agliana\/percorsi-ciclopedonali-a-che-punto-siamo\/#primaryimage\",\"url\":\"https:\/\/www.noidiqua.it\/Agliana\/wp-content\/uploads\/2021\/12\/percorsi-2.png\",\"contentUrl\":\"https:\/\/www.noidiqua.it\/Agliana\/wp-content\/uploads\/2021\/12\/percorsi-2.png\",\"width\":481,\"height\":319},{\"@type\":\"BreadcrumbList\",\"@id\":\"https:\/\/www.noidiqua.it\/Agliana\/percorsi-ciclopedonali-a-che-punto-siamo\/#breadcrumb\",\"itemListElement\":[{\"@type\":\"ListItem\",\"position\":1,\"name\":\"Home\",\"item\":\"https:\/\/www.noidiqua.it\/Agliana\/\"},{\"@type\":\"ListItem\",\"position\":2,\"name\":\"Percorsi ciclopedonali: a che punto siamo?\"}]},{\"@type\":\"WebSite\",\"@id\":\"https:\/\/www.noidiqua.it\/Agliana\/#website\",\"url\":\"https:\/\/www.noidiqua.it\/Agliana\/\",\"name\":\"Noi di Qua Testata giornalistica e di attualit\u00e0 di Agliana, Montale e Quarrata.\",\"description\":\"Testata Giornalistica Quarrata Montale Agliana\",\"potentialAction\":[{\"@type\":\"SearchAction\",\"target\":{\"@type\":\"EntryPoint\",\"urlTemplate\":\"https:\/\/www.noidiqua.it\/Agliana\/?s={search_term_string}\"},\"query-input\":{\"@type\":\"PropertyValueSpecification\",\"valueRequired\":true,\"valueName\":\"search_term_string\"}}],\"inLanguage\":\"it-IT\"},{\"@type\":\"Person\",\"@id\":\"https:\/\/www.noidiqua.it\/Agliana\/#\/schema\/person\/bb7515c2330bb1137f247276096fa7dc\",\"name\":\"Piera Salvi\",\"image\":{\"@type\":\"ImageObject\",\"inLanguage\":\"it-IT\",\"@id\":\"https:\/\/www.noidiqua.it\/Agliana\/#\/schema\/person\/image\/\",\"url\":\"https:\/\/secure.gravatar.com\/avatar\/2f9b1fb6e13f3b3e63bde435d999a73be036e320f7a0f5f32f9ac21859d999cd?s=96&d=mm&r=g\",\"contentUrl\":\"https:\/\/secure.gravatar.com\/avatar\/2f9b1fb6e13f3b3e63bde435d999a73be036e320f7a0f5f32f9ac21859d999cd?s=96&d=mm&r=g\",\"caption\":\"Piera Salvi\"},\"url\":\"https:\/\/www.noidiqua.it\/Agliana\/author\/piera-salvi\/\"}]}<\/script>\n<!-- \/ Yoast SEO plugin. -->","yoast_head_json":{"title":"Percorsi ciclopedonali: a che punto siamo? - Noi di Qua Testata giornalistica e di attualit\u00e0 di Agliana, Montale e Quarrata.","robots":{"index":"index","follow":"follow","max-snippet":"max-snippet:-1","max-image-preview":"max-image-preview:large","max-video-preview":"max-video-preview:-1"},"canonical":"https:\/\/www.noidiqua.it\/Agliana\/percorsi-ciclopedonali-a-che-punto-siamo\/","og_locale":"it_IT","og_type":"article","og_title":"Percorsi ciclopedonali: a che punto siamo? - Noi di Qua Testata giornalistica e di attualit\u00e0 di Agliana, Montale e Quarrata.","og_description":"di Piera Salvi dicembre 2021 Agliana \u00e8 un fazzoletto di terra pianeggiante di poco pi\u00f9 di 11 chilometri quadrati. Un territorio, quindi, da percorrere facilmente a piedi e in bicicletta, da nord a sud e da est a ovest. Pi\u00f9 volte, negli anni, si \u00e8 sentito parlare [&hellip;]","og_url":"https:\/\/www.noidiqua.it\/Agliana\/percorsi-ciclopedonali-a-che-punto-siamo\/","og_site_name":"Noi di Qua Testata giornalistica e di attualit\u00e0 di Agliana, Montale e Quarrata.","article_publisher":"https:\/\/www.facebook.com\/noidiqua.trimestrale\/","article_published_time":"2021-12-03T16:44:19+00:00","article_modified_time":"2022-04-21T07:42:35+00:00","og_image":[{"url":"https:\/\/www.noidiqua.it\/Agliana\/wp-content\/uploads\/2021\/12\/percorsi-2.png","type":"","width":"","height":""}],"author":"Piera Salvi","twitter_misc":{"Scritto da":"Piera Salvi","Tempo di lettura stimato":"3 minuti"},"schema":{"@context":"https:\/\/schema.org","@graph":[{"@type":"WebPage","@id":"https:\/\/www.noidiqua.it\/Agliana\/percorsi-ciclopedonali-a-che-punto-siamo\/","url":"https:\/\/www.noidiqua.it\/Agliana\/percorsi-ciclopedonali-a-che-punto-siamo\/","name":"Percorsi ciclopedonali: a che punto siamo? - Noi di Qua Testata giornalistica e di attualit\u00e0 di Agliana, Montale e Quarrata.","isPartOf":{"@id":"https:\/\/www.noidiqua.it\/Agliana\/#website"},"primaryImageOfPage":{"@id":"https:\/\/www.noidiqua.it\/Agliana\/percorsi-ciclopedonali-a-che-punto-siamo\/#primaryimage"},"image":{"@id":"https:\/\/www.noidiqua.it\/Agliana\/percorsi-ciclopedonali-a-che-punto-siamo\/#primaryimage"},"thumbnailUrl":"https:\/\/www.noidiqua.it\/Agliana\/wp-content\/uploads\/2021\/12\/percorsi-2.png","datePublished":"2021-12-03T16:44:19+00:00","dateModified":"2022-04-21T07:42:35+00:00","author":{"@id":"https:\/\/www.noidiqua.it\/Agliana\/#\/schema\/person\/bb7515c2330bb1137f247276096fa7dc"},"breadcrumb":{"@id":"https:\/\/www.noidiqua.it\/Agliana\/percorsi-ciclopedonali-a-che-punto-siamo\/#breadcrumb"},"inLanguage":"it-IT","potentialAction":[{"@type":"ReadAction","target":["https:\/\/www.noidiqua.it\/Agliana\/percorsi-ciclopedonali-a-che-punto-siamo\/"]}]},{"@type":"ImageObject","inLanguage":"it-IT","@id":"https:\/\/www.noidiqua.it\/Agliana\/percorsi-ciclopedonali-a-che-punto-siamo\/#primaryimage","url":"https:\/\/www.noidiqua.it\/Agliana\/wp-content\/uploads\/2021\/12\/percorsi-2.png","contentUrl":"https:\/\/www.noidiqua.it\/Agliana\/wp-content\/uploads\/2021\/12\/percorsi-2.png","width":481,"height":319},{"@type":"BreadcrumbList","@id":"https:\/\/www.noidiqua.it\/Agliana\/percorsi-ciclopedonali-a-che-punto-siamo\/#breadcrumb","itemListElement":[{"@type":"ListItem","position":1,"name":"Home","item":"https:\/\/www.noidiqua.it\/Agliana\/"},{"@type":"ListItem","position":2,"name":"Percorsi ciclopedonali: a che punto siamo?"}]},{"@type":"WebSite","@id":"https:\/\/www.noidiqua.it\/Agliana\/#website","url":"https:\/\/www.noidiqua.it\/Agliana\/","name":"Noi di Qua Testata giornalistica e di attualit\u00e0 di Agliana, Montale e Quarrata.","description":"Testata Giornalistica Quarrata Montale Agliana","potentialAction":[{"@type":"SearchAction","target":{"@type":"EntryPoint","urlTemplate":"https:\/\/www.noidiqua.it\/Agliana\/?s={search_term_string}"},"query-input":{"@type":"PropertyValueSpecification","valueRequired":true,"valueName":"search_term_string"}}],"inLanguage":"it-IT"},{"@type":"Person","@id":"https:\/\/www.noidiqua.it\/Agliana\/#\/schema\/person\/bb7515c2330bb1137f247276096fa7dc","name":"Piera Salvi","image":{"@type":"ImageObject","inLanguage":"it-IT","@id":"https:\/\/www.noidiqua.it\/Agliana\/#\/schema\/person\/image\/","url":"https:\/\/secure.gravatar.com\/avatar\/2f9b1fb6e13f3b3e63bde435d999a73be036e320f7a0f5f32f9ac21859d999cd?s=96&d=mm&r=g","contentUrl":"https:\/\/secure.gravatar.com\/avatar\/2f9b1fb6e13f3b3e63bde435d999a73be036e320f7a0f5f32f9ac21859d999cd?s=96&d=mm&r=g","caption":"Piera Salvi"},"url":"https:\/\/www.noidiqua.it\/Agliana\/author\/piera-salvi\/"}]}},"_links":{"self":[{"href":"https:\/\/www.noidiqua.it\/Agliana\/wp-json\/wp\/v2\/posts\/6341","targetHints":{"allow":["GET"]}}],"collection":[{"href":"https:\/\/www.noidiqua.it\/Agliana\/wp-json\/wp\/v2\/posts"}],"about":[{"href":"https:\/\/www.noidiqua.it\/Agliana\/wp-json\/wp\/v2\/types\/post"}],"author":[{"embeddable":true,"href":"https:\/\/www.noidiqua.it\/Agliana\/wp-json\/wp\/v2\/users\/13"}],"replies":[{"embeddable":true,"href":"https:\/\/www.noidiqua.it\/Agliana\/wp-json\/wp\/v2\/comments?post=6341"}],"version-history":[{"count":3,"href":"https:\/\/www.noidiqua.it\/Agliana\/wp-json\/wp\/v2\/posts\/6341\/revisions"}],"predecessor-version":[{"id":7171,"href":"https:\/\/www.noidiqua.it\/Agliana\/wp-json\/wp\/v2\/posts\/6341\/revisions\/7171"}],"wp:attachment":[{"href":"https:\/\/www.noidiqua.it\/Agliana\/wp-json\/wp\/v2\/media?parent=6341"}],"wp:term":[{"taxonomy":"category","embeddable":true,"href":"https:\/\/www.noidiqua.it\/Agliana\/wp-json\/wp\/v2\/categories?post=6341"},{"taxonomy":"post_tag","embeddable":true,"href":"https:\/\/www.noidiqua.it\/Agliana\/wp-json\/wp\/v2\/tags?post=6341"}],"curies":[{"name":"wp","href":"https:\/\/api.w.org\/{rel}","templated":true}]}}